{"id":160845,"date":"2025-09-08T08:27:33","date_gmt":"2025-09-08T08:27:33","guid":{"rendered":"https:\/\/www.nettali.com\/?p=160845"},"modified":"2025-09-13T09:00:58","modified_gmt":"2025-09-13T09:00:58","slug":"ledito-de-nettali-com-supreme-responsabilite","status":"publish","type":"post","link":"https:\/\/www.nettali.com\/2025\/09\/08\/ledito-de-nettali-com-supreme-responsabilite\/","title":{"rendered":"L'EDITO DE NETTALI.COM - Supr\u00eame responsabilit\u00e9"},"content":{"rendered":"<p><strong>NETTALI.COM -<\/strong> Alea jacta est ! Les minist\u00e8res de l\u2019Int\u00e9rieur et de la Justice tombent dans la besace d\u2019Ousmane Sonko. Le G\u00e9n\u00e9ral Jean- Baptiste Tine et Ousmane Diagne, pr\u00e9sent\u00e9s \u00e0 tort ou \u00e0 raison comme des emp\u00eacheurs de tourner en rond, sont \u00e9ject\u00e9s de leurs fauteuils, remplac\u00e9s respectivement par Me Bamba Ciss\u00e9 et Yacine Fall, des fid\u00e8les du Premier ministre. Faut-il en rire ou en pleurer ?<\/p>\n<p>Interdit d\u2019en rire car la mati\u00e8re concern\u00e9e n\u2019est pas banale. Il s\u2019agit de l\u2019Etat et de deux minist\u00e8res clefs dans l\u2019architecture gouvernementale. La S\u00e9curit\u00e9 et la Justice sont effectivement deux mamelles essentielles de l\u2019\u00e9tat de droit sans lesquelles la vie en soci\u00e9t\u00e9 est impossible. Il ne s\u2019agit pas non plus de s\u2019\u00e9mouvoir sur le fait que des ministres lib\u00e8rent leur fauteuil au profit d\u2019autres citoyens. Le G\u00e9n\u00e9ral Jean-Baptiste Tine est incontestablement un homme d\u2019honneur et de devoir et jamais l\u2019id\u00e9e de croire qu\u2019un portefeuille minist\u00e9riel, pour prestigieux qu\u2019il soit, lui est pr\u00e9destin\u00e9 ad vitam eternam, ne lui traverserait l\u2019esprit. Ousmane Diagne, homme exp\u00e9riment\u00e9, lucide et \u00e0 ne pas se laisser dicter sa conduite au point de faire pression sur des magistrats, \u00e9tait dans les dispositions de d\u00e9missionner de son poste depuis belle lurette.<\/p>\n<p>En v\u00e9rit\u00e9, d\u2019un point de vue principiel, il n\u2019y aurait pas de probl\u00e8me majeur \u00e0 relever, si le contexte dans lequel ces d\u00e9parts sont intervenus, n\u2019est pas aussi lourd de sens et bavard en signaux. Ils interviennent dans une s\u00e9quence historique faite d\u2019arrestations tous azimuts de journalistes, chroniqueurs et influenceurs. Des voix se font entendre pour s\u2019inqui\u00e9ter de s\u00e9rieuse menaces sur les libert\u00e9s. L\u2019ambiance du moment garde encore les stigmates du bras de fer entre les pouvoirs judiciaire et l\u00e9gislatif \u00e0 la suite de la modification du r\u00e8glement int\u00e9rieur de l\u2019Assembl\u00e9e nationale, pr\u00e9cis\u00e9ment dans le cadre de la loi organique N\u00b009\/2025 adopt\u00e9e le 27 juin dernier.<\/p>\n<p>Le Conseil constitutionnel qu\u2019on avait relativement oubli\u00e9 depuis la derni\u00e8re \u00e9lection pr\u00e9sidentielle, de revenir fortement \u00e0 la charge pour juger anti constitutionnels plusieurs articles, dont l\u2019alin\u00e9a 2 de l\u2019article 56 qui autorisait le Pr\u00e9sident de l\u2019Assembl\u00e9e nationale \u00e0 requ\u00e9rir la force publique pour contraindre toute personne, y compris les magistrats \u00e0 compara\u00eetre devant une commission d\u2019enqu\u00eate.<\/p>\n<p>Comment ne pas convoquer sur la place, le rejet de la requ\u00eate en rabat d\u2019arr\u00eat le 1Er juillet dernier, qui a retenti comme un vrai coup de tonnerre sur la place judiciaro-politique. Une d\u00e9cision qui confirme de fa\u00e7on d\u00e9finitive la condamnation initiale dans l\u2019affaire qui l\u2019oppose \u00e0 Mame Mbaye Niang et surtout qui hypoth\u00e8querait l\u2019\u00e9ligibilit\u00e9 d\u2019Ousmane Sonko.<\/p>\n<p>Impr\u00e9visible Justice qui, malgr\u00e9 tout le mal qu\u2019on dit d\u2019elle, a assez de cran pour casser les plans de l\u2019ancien Pr\u00e9sident Macky Sall et qui refuse de plier devant le tr\u00e8s sp\u00e9cial et super Premier ministre Ousmane Sonko. Ce dernier a beau se pr\u00e9valoir d\u2019une l\u00e9gitimit\u00e9 populaire sanctifi\u00e9e par l\u2019\u00e9lection de Bassirou Diomaye Faye \u00e0 la t\u00eate de l\u2019Etat, d\u2019une \u00e9crasante majorit\u00e9 \u00e0 l\u2019Assembl\u00e9e nationale, il reste encore impuissant face \u00e0 une justice qui tient \u00e0 ses pouvoirs.<\/p>\n<p>Surtout que l\u2019on attend toujours de l\u2019ex\u00e9cutif qu\u2019elle passe \u00e0 la vitesse sup\u00e9rieure quant \u00e0 l\u2019application des recommandations issues des Assises de la justice. Cette bien vieille dol\u00e9ance qu\u2019est l\u2019introduction d\u2019un juge des libert\u00e9s et de la d\u00e9tention, attend toujours d\u2019\u00eatre satisfaite pour enfin nous d\u00e9barrasser de ce poids qu\u2019est la tout puissance du procureur de la r\u00e9publique qui ne doit plus \u00eatre juge et partie aux proc\u00e8s. I<\/p>\n<p>Il ne serait pas tout aussi inutile de revisiter beaucoup d\u2019aspects li\u00e9s \u00e0 la justice, notamment la proc\u00e9dure p\u00e9nale, la restitution de leur pouvoir de nomination et disciplinaire sur leurs pairs, aux magistrats.<\/p>\n<p>Comme est attendue la r\u00e9vision des textes (code p\u00e9nal, code de proc\u00e9dure p\u00e9nale, statut des magistrats, loi sur le Conseil sup\u00e9rieur de la magistrature, loi sur la Cour supr\u00eame, loi sur le Conseil constitutionnel, code de la famille\u2026).<\/p>\n<p>Mais comment ne pas scruter \u00e0 la loupe, ces dispositions liberticides (article 56 \u00e0 100 du Code p\u00e9nal et l\u2019article 139 du Code de proc\u00e9dure p\u00e9nal) ainsi que l\u2019article 254 (offense au chef de l\u2019Etat) qui ne semblent \u00eatre guid\u00e9es que par une seule volont\u00e9, celle de prot\u00e9ger le pr\u00e9sident de la r\u00e9publique ou son gouvernement. Des lois d\u2019une autre \u00e9poque ! Surtout que les poursuites r\u00e9centes du parquet vont de plus en plus dans le sens de viser des d\u00e9lits d\u2019offense \u00e0 \u201cdes personnes d\u00e9l\u00e9gataires de pouvoirs du pr\u00e9sident de la r\u00e9publique\u201d pr\u00e9vus \u00e0 l\u2019alin\u00e9a 2 de l\u2019article 254 du Code p\u00e9nal. De quoi se poser davantage de questions sur l\u2019opportunit\u00e9 de telles poursuites, cette derni\u00e8re disposition devant \u00eatre subordonn\u00e9e \u00e0 l\u2019existence d\u2019un d\u00e9cret pr\u00e9sidentiel confiant tout ou partie des pr\u00e9rogatives du chef de l\u2019Etat au Premier ministre ou \u00e0 certains ministres. D\u00e9cret que personne n\u2019a jusqu'ici vu !!!<\/p>\n<p>Mais au-del\u00e0, l\u2019on peut par la m\u00eame occasion soulever l\u2019\u00e9quation de la d\u00e9tention pr\u00e9ventive et des mandats de d\u00e9p\u00f4ts syst\u00e9matiques qui engorgent les tribunaux et amplifient la surpopulation carc\u00e9rale ? Un vaste chantier qui attend toujours d\u2019\u00eatre entrepris.<\/p>\n<p>C\u2019est dire que le ciel s\u00e9n\u00e9galais est bien lourd de nuages qui sans doute explique toutes les crispations que nous constatons. Les pressions r\u00e9elles qui sont aujourd\u2019hui exerc\u00e9es sur la Justice et sur le minist\u00e8re de l\u2019Int\u00e9rieur, d\u00e9coulent de cette situation particuli\u00e8re. Situation davantage complexifi\u00e9e par l\u2019agenda politique d\u2019Ousmane Sonko qui ne peut pas \u00eatre insensible qui temps qui s\u2019envole... vers 2029. La question se pose donc de savoir si l\u2019appareil d\u2019Etat peut ne pas \u00eatre utilis\u00e9 pour servir de passerelle \u00e0 une remontada politique.<\/p>\n<p>L\u2019inqui\u00e9tude r\u00e9elle proc\u00e8de du fait que la nouvelle machine mise en place, pourrait politiquement \u00eatre utilis\u00e9e pour neutraliser des adversaires politiques g\u00eanants, exercer des pressions sur les acteurs de la soci\u00e9t\u00e9 civile qui ne consid\u00e8rent pas la \u201cPastefamania\u201d comme l\u2019alpha et l\u2019omega de toutes choses, brider et engager le regard dans la direction voulue. Ce serait en toute beaut\u00e9, pour parler comme l\u2019autre, le d\u00e9but de la dictature. Dieu nous en pr\u00e9serve !<\/p>\n<p>Le S\u00e9n\u00e9gal a toujours su dompter les d\u00e9mons de la servitude. Mais le premier d\u2019entre nous qui a cette responsabilit\u00e9 n\u2019est autre que le Pr\u00e9sident de la R\u00e9publique ou Chef de l\u2019Etat. Son nom : Bassirou Diomaye Faye. Qui a jur\u00e9 en ces termes : \u201c<em>Devant Dieu et devant la nation s\u00e9n\u00e9galaise, je jure de remplir fid\u00e8lement la charge de Pr\u00e9sident de la R\u00e9publique du S\u00e9n\u00e9gal, d\u2019observer et de faire observer scrupuleusement les dispositions de la Constitution et des lois, de consacrer toutes mes forces \u00e0 d\u00e9fendre les institutions constitutionnelles, l\u2019int\u00e9grit\u00e9 du Territoire et l\u2019ind\u00e9pendance nationale, de ne m\u00e9nager aucun effort pour la r\u00e9alisation de l\u2019unit\u00e9 africaine<\/em>\u201d.<\/p>\n<p>On peut bien comprendre les consid\u00e9rations morales li\u00e9es \u00e0 la parole donn\u00e9e, les discussions de salon r\u00e9elles ou fictives, les combinazione d\u2019avant pr\u00e9sidentielle et le poids du pass\u00e9, le souci du pays doit \u00eatre la priorit\u00e9 en toutes circonstances. Tous les Pr\u00e9sidents qui se sont succ\u00e9d\u00e9, ont b\u00e9n\u00e9fici\u00e9 d\u2019un coup de pouce du destin. Diouf avec la d\u00e9mission Senghor (donc sans passage aux urnes), Me Wade et ses Cocos, Macky avec Wade.<\/p>\n<p>Bien malin qui saura ce que Diomaye fera !<\/p>\n<div class='share-to-whatsapp-wrapper'><div class='share-on-whsp'>PARTAGER SUR : <\/div><a data-text='L'EDITO DE NETTALI.COM - Supr\u00eame responsabilit\u00e9' data-link='https:\/\/www.nettali.com\/2025\/09\/08\/ledito-de-nettali-com-supreme-responsabilite\/' class='whatsapp-button whatsapp-share'>WhatsApp<\/a><div class='clear '><\/div><\/div>","protected":false},"excerpt":{"rendered":"<p>NETTALI.COM - Alea jacta est ! Les minist\u00e8res de l\u2019Int\u00e9rieur et de la Justice tombent dans la besace d\u2019Ousmane Sonko. Le G\u00e9n\u00e9ral Jean- Baptiste Tine et Ousmane Diagne, pr\u00e9sent\u00e9s \u00e0 tort ou \u00e0 raison comme des emp\u00eacheurs de tourner en rond, sont \u00e9ject\u00e9s de leurs fauteuils, remplac\u00e9s respectivement par Me Bamba Ciss\u00e9 et Yacine Fall, [&hellip;]<\/p>\n","protected":false},"author":2,"featured_media":160865,"comment_status":"open","ping_status":"open","sticky":false,"template":"","format":"standard","meta":{"_et_pb_use_builder":"","_et_pb_old_content":""},"categories":[34931],"tags":[],"yoast_head":"<!-- This site is optimized with the Yoast SEO Premium plugin v17.8 (Yoast SEO v17.8) - https:\/\/yoast.com\/wordpress\/plugins\/seo\/ -->\n<title>L&#039;EDITO DE NETTALI.COM - Supr\u00eame responsabilit\u00e9 | Nettali.com<\/title>\n<meta name=\"robots\" content=\"index, follow, max-snippet:-1, max-image-preview:large, max-video-preview:-1\" \/>\n<link rel=\"canonical\" href=\"https:\/\/www.nettali.com\/2025\/09\/08\/ledito-de-nettali-com-supreme-responsabilite\/\" \/>\n<meta property=\"og:locale\" content=\"fr_FR\" \/>\n<meta property=\"og:type\" content=\"article\" \/>\n<meta property=\"og:title\" content=\"L&#039;EDITO DE NETTALI.COM - Supr\u00eame responsabilit\u00e9\" \/>\n<meta property=\"og:description\" content=\"NETTALI.COM - Alea jacta est ! Les minist\u00e8res de l\u2019Int\u00e9rieur et de la Justice tombent dans la besace d\u2019Ousmane Sonko. Le G\u00e9n\u00e9ral Jean- Baptiste Tine et Ousmane Diagne, pr\u00e9sent\u00e9s \u00e0 tort ou \u00e0 raison comme des emp\u00eacheurs de tourner en rond, sont \u00e9ject\u00e9s de leurs fauteuils, remplac\u00e9s respectivement par Me Bamba Ciss\u00e9 et Yacine Fall, [&hellip;]\" \/>\n<meta property=\"og:url\" content=\"https:\/\/www.nettali.com\/2025\/09\/08\/ledito-de-nettali-com-supreme-responsabilite\/\" \/>\n<meta property=\"og:site_name\" content=\"Nettali.com\" \/>\n<meta property=\"article:publisher\" content=\"https:\/\/www.facebook.com\/nettalicom\" \/>\n<meta property=\"article:published_time\" content=\"2025-09-08T08:27:33+00:00\" \/>\n<meta property=\"article:modified_time\" content=\"2025-09-13T09:00:58+00:00\" \/>\n<meta property=\"og:image\" content=\"https:\/\/www.nettali.com\/wp-content\/uploads\/2025\/09\/hq720-1.jpg\" \/>\n\t<meta property=\"og:image:width\" content=\"686\" \/>\n\t<meta property=\"og:image:height\" content=\"386\" \/>\n<meta name=\"twitter:card\" content=\"summary_large_image\" \/>\n<meta name=\"twitter:label1\" content=\"\u00c9crit par\" \/>\n\t<meta name=\"twitter:data1\" content=\"CK\" \/>\n\t<meta name=\"twitter:label2\" content=\"Dur\u00e9e de lecture estim\u00e9e\" \/>\n\t<meta name=\"twitter:data2\" content=\"6 minutes\" \/>\n<script type=\"application\/ld+json\" class=\"yoast-schema-graph\">{\"@context\":\"https:\/\/schema.org\",\"@graph\":[{\"@type\":\"WebSite\",\"@id\":\"https:\/\/www.nettali.com\/#website\",\"url\":\"https:\/\/www.nettali.com\/\",\"name\":\"Nettali.com\",\"description\":\"Le rendez-vous critique du Net\",\"potentialAction\":[{\"@type\":\"SearchAction\",\"target\":{\"@type\":\"EntryPoint\",\"urlTemplate\":\"https:\/\/www.nettali.com\/?s={search_term_string}\"},\"query-input\":\"required name=search_term_string\"}],\"inLanguage\":\"fr-FR\"},{\"@type\":\"ImageObject\",\"@id\":\"https:\/\/www.nettali.com\/2025\/09\/08\/ledito-de-nettali-com-supreme-responsabilite\/#primaryimage\",\"inLanguage\":\"fr-FR\",\"url\":\"https:\/\/www.nettali.com\/wp-content\/uploads\/2025\/09\/hq720-1.jpg\",\"contentUrl\":\"https:\/\/www.nettali.com\/wp-content\/uploads\/2025\/09\/hq720-1.jpg\",\"width\":686,\"height\":386},{\"@type\":\"WebPage\",\"@id\":\"https:\/\/www.nettali.com\/2025\/09\/08\/ledito-de-nettali-com-supreme-responsabilite\/#webpage\",\"url\":\"https:\/\/www.nettali.com\/2025\/09\/08\/ledito-de-nettali-com-supreme-responsabilite\/\",\"name\":\"L'EDITO DE NETTALI.COM - Supr\\u00eame responsabilit\\u00e9 | Nettali.com\",\"isPartOf\":{\"@id\":\"https:\/\/www.nettali.com\/#website\"},\"primaryImageOfPage\":{\"@id\":\"https:\/\/www.nettali.com\/2025\/09\/08\/ledito-de-nettali-com-supreme-responsabilite\/#primaryimage\"},\"datePublished\":\"2025-09-08T08:27:33+00:00\",\"dateModified\":\"2025-09-13T09:00:58+00:00\",\"author\":{\"@id\":\"https:\/\/www.nettali.com\/#\/schema\/person\/d8ac7b7e27ddad43f1c0d2ef090d7f71\"},\"breadcrumb\":{\"@id\":\"https:\/\/www.nettali.com\/2025\/09\/08\/ledito-de-nettali-com-supreme-responsabilite\/#breadcrumb\"},\"inLanguage\":\"fr-FR\",\"potentialAction\":[{\"@type\":\"ReadAction\",\"target\":[\"https:\/\/www.nettali.com\/2025\/09\/08\/ledito-de-nettali-com-supreme-responsabilite\/\"]}]},{\"@type\":\"BreadcrumbList\",\"@id\":\"https:\/\/www.nettali.com\/2025\/09\/08\/ledito-de-nettali-com-supreme-responsabilite\/#breadcrumb\",\"itemListElement\":[{\"@type\":\"ListItem\",\"position\":1,\"name\":\"Accueil\",\"item\":\"https:\/\/www.nettali.com\/\"},{\"@type\":\"ListItem\",\"position\":2,\"name\":\"L'EDITO DE NETTALI.COM - Supr\\u00eame responsabilit\\u00e9\"}]},{\"@type\":\"Person\",\"@id\":\"https:\/\/www.nettali.com\/#\/schema\/person\/d8ac7b7e27ddad43f1c0d2ef090d7f71\",\"name\":\"CK\",\"image\":{\"@type\":\"ImageObject\",\"@id\":\"https:\/\/www.nettali.com\/#personlogo\",\"inLanguage\":\"fr-FR\",\"url\":\"https:\/\/secure.gravatar.com\/avatar\/1d8d5118b9327d94da7cd4ce7f17fec2?s=96&d=mm&r=g\",\"contentUrl\":\"https:\/\/secure.gravatar.com\/avatar\/1d8d5118b9327d94da7cd4ce7f17fec2?s=96&d=mm&r=g\",\"caption\":\"CK\"},\"sameAs\":[\"https:\/\/www.nettali.com\"]}]}<\/script>\n<!-- \/ Yoast SEO Premium plugin. -->","yoast_head_json":{"title":"L'EDITO DE NETTALI.COM - Supr\u00eame responsabilit\u00e9 | Nettali.com","robots":{"index":"index","follow":"follow","max-snippet":"max-snippet:-1","max-image-preview":"max-image-preview:large","max-video-preview":"max-video-preview:-1"},"canonical":"https:\/\/www.nettali.com\/2025\/09\/08\/ledito-de-nettali-com-supreme-responsabilite\/","og_locale":"fr_FR","og_type":"article","og_title":"L'EDITO DE NETTALI.COM - Supr\u00eame responsabilit\u00e9","og_description":"NETTALI.COM - Alea jacta est ! Les minist\u00e8res de l\u2019Int\u00e9rieur et de la Justice tombent dans la besace d\u2019Ousmane Sonko. Le G\u00e9n\u00e9ral Jean- Baptiste Tine et Ousmane Diagne, pr\u00e9sent\u00e9s \u00e0 tort ou \u00e0 raison comme des emp\u00eacheurs de tourner en rond, sont \u00e9ject\u00e9s de leurs fauteuils, remplac\u00e9s respectivement par Me Bamba Ciss\u00e9 et Yacine Fall, [&hellip;]","og_url":"https:\/\/www.nettali.com\/2025\/09\/08\/ledito-de-nettali-com-supreme-responsabilite\/","og_site_name":"Nettali.com","article_publisher":"https:\/\/www.facebook.com\/nettalicom","article_published_time":"2025-09-08T08:27:33+00:00","article_modified_time":"2025-09-13T09:00:58+00:00","og_image":[{"width":686,"height":386,"url":"https:\/\/www.nettali.com\/wp-content\/uploads\/2025\/09\/hq720-1.jpg","type":"image\/jpeg"}],"twitter_card":"summary_large_image","twitter_misc":{"\u00c9crit par":"CK","Dur\u00e9e de lecture estim\u00e9e":"6 minutes"},"schema":{"@context":"https:\/\/schema.org","@graph":[{"@type":"WebSite","@id":"https:\/\/www.nettali.com\/#website","url":"https:\/\/www.nettali.com\/","name":"Nettali.com","description":"Le rendez-vous critique du Net","potentialAction":[{"@type":"SearchAction","target":{"@type":"EntryPoint","urlTemplate":"https:\/\/www.nettali.com\/?s={search_term_string}"},"query-input":"required name=search_term_string"}],"inLanguage":"fr-FR"},{"@type":"ImageObject","@id":"https:\/\/www.nettali.com\/2025\/09\/08\/ledito-de-nettali-com-supreme-responsabilite\/#primaryimage","inLanguage":"fr-FR","url":"https:\/\/www.nettali.com\/wp-content\/uploads\/2025\/09\/hq720-1.jpg","contentUrl":"https:\/\/www.nettali.com\/wp-content\/uploads\/2025\/09\/hq720-1.jpg","width":686,"height":386},{"@type":"WebPage","@id":"https:\/\/www.nettali.com\/2025\/09\/08\/ledito-de-nettali-com-supreme-responsabilite\/#webpage","url":"https:\/\/www.nettali.com\/2025\/09\/08\/ledito-de-nettali-com-supreme-responsabilite\/","name":"L'EDITO DE NETTALI.COM - Supr\u00eame responsabilit\u00e9 | Nettali.com","isPartOf":{"@id":"https:\/\/www.nettali.com\/#website"},"primaryImageOfPage":{"@id":"https:\/\/www.nettali.com\/2025\/09\/08\/ledito-de-nettali-com-supreme-responsabilite\/#primaryimage"},"datePublished":"2025-09-08T08:27:33+00:00","dateModified":"2025-09-13T09:00:58+00:00","author":{"@id":"https:\/\/www.nettali.com\/#\/schema\/person\/d8ac7b7e27ddad43f1c0d2ef090d7f71"},"breadcrumb":{"@id":"https:\/\/www.nettali.com\/2025\/09\/08\/ledito-de-nettali-com-supreme-responsabilite\/#breadcrumb"},"inLanguage":"fr-FR","potentialAction":[{"@type":"ReadAction","target":["https:\/\/www.nettali.com\/2025\/09\/08\/ledito-de-nettali-com-supreme-responsabilite\/"]}]},{"@type":"BreadcrumbList","@id":"https:\/\/www.nettali.com\/2025\/09\/08\/ledito-de-nettali-com-supreme-responsabilite\/#breadcrumb","itemListElement":[{"@type":"ListItem","position":1,"name":"Accueil","item":"https:\/\/www.nettali.com\/"},{"@type":"ListItem","position":2,"name":"L'EDITO DE NETTALI.COM - Supr\u00eame responsabilit\u00e9"}]},{"@type":"Person","@id":"https:\/\/www.nettali.com\/#\/schema\/person\/d8ac7b7e27ddad43f1c0d2ef090d7f71","name":"CK","image":{"@type":"ImageObject","@id":"https:\/\/www.nettali.com\/#personlogo","inLanguage":"fr-FR","url":"https:\/\/secure.gravatar.com\/avatar\/1d8d5118b9327d94da7cd4ce7f17fec2?s=96&d=mm&r=g","contentUrl":"https:\/\/secure.gravatar.com\/avatar\/1d8d5118b9327d94da7cd4ce7f17fec2?s=96&d=mm&r=g","caption":"CK"},"sameAs":["https:\/\/www.nettali.com"]}]}},"_links":{"self":[{"href":"https:\/\/www.nettali.com\/rest\/wp\/v2\/posts\/160845"}],"collection":[{"href":"https:\/\/www.nettali.com\/rest\/wp\/v2\/posts"}],"about":[{"href":"https:\/\/www.nettali.com\/rest\/wp\/v2\/types\/post"}],"author":[{"embeddable":true,"href":"https:\/\/www.nettali.com\/rest\/wp\/v2\/users\/2"}],"replies":[{"embeddable":true,"href":"https:\/\/www.nettali.com\/rest\/wp\/v2\/comments?post=160845"}],"version-history":[{"count":2,"href":"https:\/\/www.nettali.com\/rest\/wp\/v2\/posts\/160845\/revisions"}],"predecessor-version":[{"id":160851,"href":"https:\/\/www.nettali.com\/rest\/wp\/v2\/posts\/160845\/revisions\/160851"}],"wp:featuredmedia":[{"embeddable":true,"href":"https:\/\/www.nettali.com\/rest\/wp\/v2\/media\/160865"}],"wp:attachment":[{"href":"https:\/\/www.nettali.com\/rest\/wp\/v2\/media?parent=160845"}],"wp:term":[{"taxonomy":"category","embeddable":true,"href":"https:\/\/www.nettali.com\/rest\/wp\/v2\/categories?post=160845"},{"taxonomy":"post_tag","embeddable":true,"href":"https:\/\/www.nettali.com\/rest\/wp\/v2\/tags?post=160845"}],"curies":[{"name":"wp","href":"https:\/\/api.w.org\/{rel}","templated":true}]}}