{"id":160841,"date":"2025-09-08T08:17:12","date_gmt":"2025-09-08T08:17:12","guid":{"rendered":"https:\/\/www.nettali.com\/?p=160841"},"modified":"2025-09-08T08:17:12","modified_gmt":"2025-09-08T08:17:12","slug":"rdc-senegal-les-lions-bien-arrives-a-kinshasa","status":"publish","type":"post","link":"https:\/\/www.nettali.com\/2025\/09\/08\/rdc-senegal-les-lions-bien-arrives-a-kinshasa\/","title":{"rendered":"RDC-S\u00c9N\u00c9GAL - Les Lions bien arriv\u00e9s \u00e0 Kinshasa"},"content":{"rendered":"<p><strong>NETTALI.COM - L\u2019\u00e9quipe nationale du S\u00e9n\u00e9gal est bien arriv\u00e9e \u00e0 Kinshasa o\u00f9 elle affrontera la RD Congo, ce mardi dans le cadre de la 8e journ\u00e9e des \u00e9liminatoires de la Coupe du monde 2026.<\/strong><\/p>\n<p>Apr\u00e8s leur victoire contre le Soudan, la bande \u00e0 Sadio Man\u00e9 a touch\u00e9 le sol congolais, ce dimanche \u00e0 21 H (heure locale), (20H heure \u00e0 Dakar). Deuxi\u00e8mes de leur groupe avec un point derri\u00e8re la RDC, les Lions joueront quasiment leur qualification directe pour le mondial ce mardi au stade des Martyrs.<\/p>\n<p>A 17 heures, les Lions vont fouler la pelouse du stade des Martyrs \u00e0 travers leur premi\u00e8re s\u00e9ance d\u2019entra\u00eenement. Mais avant, Pape Bouna Thiaw sera en conf\u00e9rence de presse \u00e0 11 heures pour aborder ce match crucial.<\/p>\n<div class='share-to-whatsapp-wrapper'><div class='share-on-whsp'>PARTAGER SUR : <\/div><a data-text='RDC-S\u00c9N\u00c9GAL - Les Lions bien arriv\u00e9s \u00e0 Kinshasa' data-link='https:\/\/www.nettali.com\/2025\/09\/08\/rdc-senegal-les-lions-bien-arrives-a-kinshasa\/' class='whatsapp-button whatsapp-share'>WhatsApp<\/a><div class='clear '><\/div><\/div>","protected":false},"excerpt":{"rendered":"<p>NETTALI.COM - L\u2019\u00e9quipe nationale du S\u00e9n\u00e9gal est bien arriv\u00e9e \u00e0 Kinshasa o\u00f9 elle affrontera la RD Congo, ce mardi dans le cadre de la 8e journ\u00e9e des \u00e9liminatoires de la Coupe du monde 2026. Apr\u00e8s leur victoire contre le Soudan, la bande \u00e0 Sadio Man\u00e9 a touch\u00e9 le sol congolais, ce dimanche \u00e0 21 H [&hellip;]<\/p>\n","protected":false},"author":5,"featured_media":160842,"comment_status":"open","ping_status":"open","sticky":false,"template":"","format":"standard","meta":{"_et_pb_use_builder":"","_et_pb_old_content":""},"categories":[6],"tags":[],"yoast_head":"<!-- This site is optimized with the Yoast SEO Premium plugin v17.8 (Yoast SEO v17.8) - https:\/\/yoast.com\/wordpress\/plugins\/seo\/ -->\n<title>RDC-S\u00c9N\u00c9GAL - Les Lions bien arriv\u00e9s \u00e0 Kinshasa | Nettali.com<\/title>\n<meta name=\"robots\" content=\"index, follow, max-snippet:-1, max-image-preview:large, max-video-preview:-1\" \/>\n<link rel=\"canonical\" href=\"https:\/\/www.nettali.com\/2025\/09\/08\/rdc-senegal-les-lions-bien-arrives-a-kinshasa\/\" \/>\n<meta property=\"og:locale\" content=\"fr_FR\" \/>\n<meta property=\"og:type\" content=\"article\" \/>\n<meta property=\"og:title\" content=\"RDC-S\u00c9N\u00c9GAL - Les Lions bien arriv\u00e9s \u00e0 Kinshasa\" \/>\n<meta property=\"og:description\" content=\"NETTALI.COM - L\u2019\u00e9quipe nationale du S\u00e9n\u00e9gal est bien arriv\u00e9e \u00e0 Kinshasa o\u00f9 elle affrontera la RD Congo, ce mardi dans le cadre de la 8e journ\u00e9e des \u00e9liminatoires de la Coupe du monde 2026. Apr\u00e8s leur victoire contre le Soudan, la bande \u00e0 Sadio Man\u00e9 a touch\u00e9 le sol congolais, ce dimanche \u00e0 21 H [&hellip;]\" \/>\n<meta property=\"og:url\" content=\"https:\/\/www.nettali.com\/2025\/09\/08\/rdc-senegal-les-lions-bien-arrives-a-kinshasa\/\" \/>\n<meta property=\"og:site_name\" content=\"Nettali.com\" \/>\n<meta property=\"article:publisher\" content=\"https:\/\/www.facebook.com\/nettalicom\" \/>\n<meta property=\"article:published_time\" content=\"2025-09-08T08:17:12+00:00\" \/>\n<meta property=\"og:image\" content=\"https:\/\/www.nettali.com\/wp-content\/uploads\/2025\/09\/photo-arrivee.jpg\" \/>\n\t<meta property=\"og:image:width\" content=\"1280\" \/>\n\t<meta property=\"og:image:height\" content=\"848\" \/>\n<meta name=\"twitter:card\" content=\"summary_large_image\" \/>\n<meta name=\"twitter:label1\" content=\"\u00c9crit par\" \/>\n\t<meta name=\"twitter:data1\" content=\"Ibrahima\" \/>\n\t<meta name=\"twitter:label2\" content=\"Dur\u00e9e de lecture estim\u00e9e\" \/>\n\t<meta name=\"twitter:data2\" content=\"1 minute\" \/>\n<script type=\"application\/ld+json\" class=\"yoast-schema-graph\">{\"@context\":\"https:\/\/schema.org\",\"@graph\":[{\"@type\":\"WebSite\",\"@id\":\"https:\/\/www.nettali.com\/#website\",\"url\":\"https:\/\/www.nettali.com\/\",\"name\":\"Nettali.com\",\"description\":\"Le rendez-vous critique du Net\",\"potentialAction\":[{\"@type\":\"SearchAction\",\"target\":{\"@type\":\"EntryPoint\",\"urlTemplate\":\"https:\/\/www.nettali.com\/?s={search_term_string}\"},\"query-input\":\"required name=search_term_string\"}],\"inLanguage\":\"fr-FR\"},{\"@type\":\"ImageObject\",\"@id\":\"https:\/\/www.nettali.com\/2025\/09\/08\/rdc-senegal-les-lions-bien-arrives-a-kinshasa\/#primaryimage\",\"inLanguage\":\"fr-FR\",\"url\":\"https:\/\/www.nettali.com\/wp-content\/uploads\/2025\/09\/photo-arrivee.jpg\",\"contentUrl\":\"https:\/\/www.nettali.com\/wp-content\/uploads\/2025\/09\/photo-arrivee.jpg\",\"width\":1280,\"height\":848},{\"@type\":\"WebPage\",\"@id\":\"https:\/\/www.nettali.com\/2025\/09\/08\/rdc-senegal-les-lions-bien-arrives-a-kinshasa\/#webpage\",\"url\":\"https:\/\/www.nettali.com\/2025\/09\/08\/rdc-senegal-les-lions-bien-arrives-a-kinshasa\/\",\"name\":\"RDC-S\\u00c9N\\u00c9GAL - Les Lions bien arriv\\u00e9s \\u00e0 Kinshasa | Nettali.com\",\"isPartOf\":{\"@id\":\"https:\/\/www.nettali.com\/#website\"},\"primaryImageOfPage\":{\"@id\":\"https:\/\/www.nettali.com\/2025\/09\/08\/rdc-senegal-les-lions-bien-arrives-a-kinshasa\/#primaryimage\"},\"datePublished\":\"2025-09-08T08:17:12+00:00\",\"dateModified\":\"2025-09-08T08:17:12+00:00\",\"author\":{\"@id\":\"https:\/\/www.nettali.com\/#\/schema\/person\/bb147657c2986240405a608162b9bb23\"},\"breadcrumb\":{\"@id\":\"https:\/\/www.nettali.com\/2025\/09\/08\/rdc-senegal-les-lions-bien-arrives-a-kinshasa\/#breadcrumb\"},\"inLanguage\":\"fr-FR\",\"potentialAction\":[{\"@type\":\"ReadAction\",\"target\":[\"https:\/\/www.nettali.com\/2025\/09\/08\/rdc-senegal-les-lions-bien-arrives-a-kinshasa\/\"]}]},{\"@type\":\"BreadcrumbList\",\"@id\":\"https:\/\/www.nettali.com\/2025\/09\/08\/rdc-senegal-les-lions-bien-arrives-a-kinshasa\/#breadcrumb\",\"itemListElement\":[{\"@type\":\"ListItem\",\"position\":1,\"name\":\"Accueil\",\"item\":\"https:\/\/www.nettali.com\/\"},{\"@type\":\"ListItem\",\"position\":2,\"name\":\"RDC-S\\u00c9N\\u00c9GAL - Les Lions bien arriv\\u00e9s \\u00e0 Kinshasa\"}]},{\"@type\":\"Person\",\"@id\":\"https:\/\/www.nettali.com\/#\/schema\/person\/bb147657c2986240405a608162b9bb23\",\"name\":\"Ibrahima\",\"image\":{\"@type\":\"ImageObject\",\"@id\":\"https:\/\/www.nettali.com\/#personlogo\",\"inLanguage\":\"fr-FR\",\"url\":\"https:\/\/secure.gravatar.com\/avatar\/26a8a81f09f0dd7624c9d5c36c9ba3a2?s=96&d=mm&r=g\",\"contentUrl\":\"https:\/\/secure.gravatar.com\/avatar\/26a8a81f09f0dd7624c9d5c36c9ba3a2?s=96&d=mm&r=g\",\"caption\":\"Ibrahima\"},\"sameAs\":[\"https:\/\/www.nettali.com\"]}]}<\/script>\n<!-- \/ Yoast SEO Premium plugin. -->","yoast_head_json":{"title":"RDC-S\u00c9N\u00c9GAL - Les Lions bien arriv\u00e9s \u00e0 Kinshasa | Nettali.com","robots":{"index":"index","follow":"follow","max-snippet":"max-snippet:-1","max-image-preview":"max-image-preview:large","max-video-preview":"max-video-preview:-1"},"canonical":"https:\/\/www.nettali.com\/2025\/09\/08\/rdc-senegal-les-lions-bien-arrives-a-kinshasa\/","og_locale":"fr_FR","og_type":"article","og_title":"RDC-S\u00c9N\u00c9GAL - Les Lions bien arriv\u00e9s \u00e0 Kinshasa","og_description":"NETTALI.COM - L\u2019\u00e9quipe nationale du S\u00e9n\u00e9gal est bien arriv\u00e9e \u00e0 Kinshasa o\u00f9 elle affrontera la RD Congo, ce mardi dans le cadre de la 8e journ\u00e9e des \u00e9liminatoires de la Coupe du monde 2026. Apr\u00e8s leur victoire contre le Soudan, la bande \u00e0 Sadio Man\u00e9 a touch\u00e9 le sol congolais, ce dimanche \u00e0 21 H [&hellip;]","og_url":"https:\/\/www.nettali.com\/2025\/09\/08\/rdc-senegal-les-lions-bien-arrives-a-kinshasa\/","og_site_name":"Nettali.com","article_publisher":"https:\/\/www.facebook.com\/nettalicom","article_published_time":"2025-09-08T08:17:12+00:00","og_image":[{"width":1280,"height":848,"url":"https:\/\/www.nettali.com\/wp-content\/uploads\/2025\/09\/photo-arrivee.jpg","type":"image\/jpeg"}],"twitter_card":"summary_large_image","twitter_misc":{"\u00c9crit par":"Ibrahima","Dur\u00e9e de lecture estim\u00e9e":"1 minute"},"schema":{"@context":"https:\/\/schema.org","@graph":[{"@type":"WebSite","@id":"https:\/\/www.nettali.com\/#website","url":"https:\/\/www.nettali.com\/","name":"Nettali.com","description":"Le rendez-vous critique du Net","potentialAction":[{"@type":"SearchAction","target":{"@type":"EntryPoint","urlTemplate":"https:\/\/www.nettali.com\/?s={search_term_string}"},"query-input":"required name=search_term_string"}],"inLanguage":"fr-FR"},{"@type":"ImageObject","@id":"https:\/\/www.nettali.com\/2025\/09\/08\/rdc-senegal-les-lions-bien-arrives-a-kinshasa\/#primaryimage","inLanguage":"fr-FR","url":"https:\/\/www.nettali.com\/wp-content\/uploads\/2025\/09\/photo-arrivee.jpg","contentUrl":"https:\/\/www.nettali.com\/wp-content\/uploads\/2025\/09\/photo-arrivee.jpg","width":1280,"height":848},{"@type":"WebPage","@id":"https:\/\/www.nettali.com\/2025\/09\/08\/rdc-senegal-les-lions-bien-arrives-a-kinshasa\/#webpage","url":"https:\/\/www.nettali.com\/2025\/09\/08\/rdc-senegal-les-lions-bien-arrives-a-kinshasa\/","name":"RDC-S\u00c9N\u00c9GAL - Les Lions bien arriv\u00e9s \u00e0 Kinshasa | Nettali.com","isPartOf":{"@id":"https:\/\/www.nettali.com\/#website"},"primaryImageOfPage":{"@id":"https:\/\/www.nettali.com\/2025\/09\/08\/rdc-senegal-les-lions-bien-arrives-a-kinshasa\/#primaryimage"},"datePublished":"2025-09-08T08:17:12+00:00","dateModified":"2025-09-08T08:17:12+00:00","author":{"@id":"https:\/\/www.nettali.com\/#\/schema\/person\/bb147657c2986240405a608162b9bb23"},"breadcrumb":{"@id":"https:\/\/www.nettali.com\/2025\/09\/08\/rdc-senegal-les-lions-bien-arrives-a-kinshasa\/#breadcrumb"},"inLanguage":"fr-FR","potentialAction":[{"@type":"ReadAction","target":["https:\/\/www.nettali.com\/2025\/09\/08\/rdc-senegal-les-lions-bien-arrives-a-kinshasa\/"]}]},{"@type":"BreadcrumbList","@id":"https:\/\/www.nettali.com\/2025\/09\/08\/rdc-senegal-les-lions-bien-arrives-a-kinshasa\/#breadcrumb","itemListElement":[{"@type":"ListItem","position":1,"name":"Accueil","item":"https:\/\/www.nettali.com\/"},{"@type":"ListItem","position":2,"name":"RDC-S\u00c9N\u00c9GAL - Les Lions bien arriv\u00e9s \u00e0 Kinshasa"}]},{"@type":"Person","@id":"https:\/\/www.nettali.com\/#\/schema\/person\/bb147657c2986240405a608162b9bb23","name":"Ibrahima","image":{"@type":"ImageObject","@id":"https:\/\/www.nettali.com\/#personlogo","inLanguage":"fr-FR","url":"https:\/\/secure.gravatar.com\/avatar\/26a8a81f09f0dd7624c9d5c36c9ba3a2?s=96&d=mm&r=g","contentUrl":"https:\/\/secure.gravatar.com\/avatar\/26a8a81f09f0dd7624c9d5c36c9ba3a2?s=96&d=mm&r=g","caption":"Ibrahima"},"sameAs":["https:\/\/www.nettali.com"]}]}},"_links":{"self":[{"href":"https:\/\/www.nettali.com\/rest\/wp\/v2\/posts\/160841"}],"collection":[{"href":"https:\/\/www.nettali.com\/rest\/wp\/v2\/posts"}],"about":[{"href":"https:\/\/www.nettali.com\/rest\/wp\/v2\/types\/post"}],"author":[{"embeddable":true,"href":"https:\/\/www.nettali.com\/rest\/wp\/v2\/users\/5"}],"replies":[{"embeddable":true,"href":"https:\/\/www.nettali.com\/rest\/wp\/v2\/comments?post=160841"}],"version-history":[{"count":2,"href":"https:\/\/www.nettali.com\/rest\/wp\/v2\/posts\/160841\/revisions"}],"predecessor-version":[{"id":160848,"href":"https:\/\/www.nettali.com\/rest\/wp\/v2\/posts\/160841\/revisions\/160848"}],"wp:featuredmedia":[{"embeddable":true,"href":"https:\/\/www.nettali.com\/rest\/wp\/v2\/media\/160842"}],"wp:attachment":[{"href":"https:\/\/www.nettali.com\/rest\/wp\/v2\/media?parent=160841"}],"wp:term":[{"taxonomy":"category","embeddable":true,"href":"https:\/\/www.nettali.com\/rest\/wp\/v2\/categories?post=160841"},{"taxonomy":"post_tag","embeddable":true,"href":"https:\/\/www.nettali.com\/rest\/wp\/v2\/tags?post=160841"}],"curies":[{"name":"wp","href":"https:\/\/api.w.org\/{rel}","templated":true}]}}