{"id":160836,"date":"2025-09-08T14:13:21","date_gmt":"2025-09-08T14:13:21","guid":{"rendered":"https:\/\/www.nettali.com\/?p=160836"},"modified":"2025-09-08T10:13:50","modified_gmt":"2025-09-08T10:13:50","slug":"systeme-educatif-laseems-pose-le-debat-sur-les-valeurs-les-defis-et-reformes","status":"publish","type":"post","link":"https:\/\/www.nettali.com\/2025\/09\/08\/systeme-educatif-laseems-pose-le-debat-sur-les-valeurs-les-defis-et-reformes\/","title":{"rendered":"SYSTEME EDUCATIF- L'Aseems pose le d\u00e9bat sur les valeurs, les d\u00e9fis et r\u00e9formes\u00a0"},"content":{"rendered":"<p><strong>NETTALI.COM-\u00a0R\u00e9unis \u00e0 l\u2019invitation de l\u2019AEEMS, les professeurs Djiby Diakhat\u00e9, Papa Ibra Samb et Elhadj Malick Sy Camara ont livr\u00e9 des r\u00e9flexions crois\u00e9es sur l\u2019avenir de l\u2019\u00e9ducation nationale. Entre h\u00e9ritage colonial, massification universitaire et qu\u00eate de valeurs morales, chacun a esquiss\u00e9 des pistes pour une \u00e9cole s\u00e9n\u00e9galaise mieux ancr\u00e9e dans ses r\u00e9alit\u00e9s.<\/strong><\/p>\n<p>\u200eLa salle Amadou Aly Dieng de L\u2019Harmattan S\u00e9n\u00e9gal a servi de cadre \u00e0 un d\u00e9bat de haute facture sur l\u2019avenir du syst\u00e8me \u00e9ducatif s\u00e9n\u00e9galais. Trois universitaires de renom, les professeurs Djiby Diakhat\u00e9, Papa Ibra Samb et Elhadj Malick Sy Camara ,y ont confront\u00e9 leurs analyses et propositions.<\/p>\n<p>\u200ePour le sociologue Djiby Diakhat\u00e9, l\u2019un des enjeux majeurs reste la red\u00e9couverte d\u2019une \u00e9cole v\u00e9ritablement s\u00e9n\u00e9galaise. \u00ab <em>Nous n\u2019avons pas une \u00e9cole s\u00e9n\u00e9galaise, nous avons une \u00e9cole au S\u00e9n\u00e9gal, h\u00e9rit\u00e9e de la colonisation<\/em> \u00bb, a-t-il lanc\u00e9, avant de rappeler que l\u2019\u00e9ducation traditionnelle s\u2019enracinait dans la famille et le village. \u00c0 travers l\u2019exemple du repas pris autour du bol, il a montr\u00e9 comment \u00ab <em>on inculquait \u00e0 l\u2019enfant la discipline, le respect du bien commun et la responsabilit\u00e9 sociale<\/em> \u00bb. Selon lui, la crise actuelle de valeurs d\u00e9coule d\u2019un abandon progressif de ces pratiques.<\/p>\n<p>\u200eIl a d\u00e9nonc\u00e9 une \u00e9cole coloniale con\u00e7ue pour \u00ab <em>\u00e9loigner les enfants de leurs communaut\u00e9s<\/em> \u00bb et d\u00e9velopper un complexe d\u2019inf\u00e9riorit\u00e9 vis-\u00e0-vis de l\u2019Occident. Pour Djiby Diakhat\u00e9, il est urgent de \u00ab r\u00e9concilier l\u2019\u00e9cole avec elle-m\u00eame \u00bb en int\u00e9grant les valeurs locales et en transformant l\u2019\u00e9ducation en v\u00e9ritable levier de savoir-\u00eatre.<\/p>\n<p>\u200eAncien recteur de l\u2019Universit\u00e9 de Thi\u00e8s, Papa Ibra Samb a insist\u00e9 sur la r\u00e9currence des d\u00e9fis \u00e9ducatifs depuis l\u2019ind\u00e9pendance. \u00ab <em>Au S\u00e9n\u00e9gal, l\u2019\u00e9ducation est toujours proclam\u00e9e priorit\u00e9, mais elle reste un d\u00e9fi<\/em> \u00bb, a-t-il soulign\u00e9, fustigeant la \u00ab <em>course de vitesse<\/em> \u00bb entre r\u00e9gimes successifs. Chaque gouvernement veut faire plus que le pr\u00e9c\u00e9dent, multipliant \u00e9coles et universit\u00e9s sans r\u00e9soudre les probl\u00e8mes structurels.<\/p>\n<p>\u200eIl a rappel\u00e9 que \u00ab <em>tous les pr\u00e9sidents, de Senghor \u00e0 Diomaye Faye, ont mis l\u2019accent sur l\u2019\u00e9ducation<\/em> \u00bb, mais que les r\u00e9sultats restent en de\u00e7\u00e0 des attentes, avec des taux d\u2019\u00e9chec \u00e9lev\u00e9s et des d\u00e9s\u00e9quilibres persistants entre fili\u00e8res litt\u00e9raires et scientifiques. Selon lui, \u00ab <em>l\u2019\u00e9ducation ne doit pas \u00eatre une urgence, mais un antidote<\/em> \u00bb, n\u00e9cessitant continuit\u00e9 et rationalisation des choix, notamment \u00e0 travers une meilleure orientation des \u00e9l\u00e8ves d\u00e8s le coll\u00e8ge.<\/p>\n<p>\u200eQuant au sociologue Elhadj Malick Sy Camara, il a appel\u00e9 \u00e0 un \u00ab <em>renversement de paradigme<\/em> \u00bb. Pour lui, \u00ab <em>le march\u00e9 de l\u2019emploi ne doit pas dicter nos formations ; c\u2019est \u00e0 l\u2019universit\u00e9 d\u2019indiquer la voie \u00bb. Critique envers la surpopulation des universit\u00e9s et l\u2019empilement des r\u00e9formes, il a mis en garde contre un syst\u00e8me devenu \u00ab un animal pr\u00e9historique, victime de son poids et de sa routine<\/em> \u00bb, selon l\u2019expression du sociologue Fran\u00e7ois Dubet.<\/p>\n<p>\u200eIl a soulign\u00e9 les limites de la r\u00e9forme LMD et de la loi de 2015 sur les universit\u00e9s, notamment l\u2019absence de v\u00e9ritable implication des entreprises dans la formation. Il a plaid\u00e9 pour \u00ab <em>une \u00e9cole de la soci\u00e9t\u00e9<\/em> \u00bb, une osmose entre tous les niveaux \u00e9ducatifs, et des fili\u00e8res mieux ancr\u00e9es dans les r\u00e9alit\u00e9s locales.<\/p>\n<p>\u200eAu terme de ces interventions, un constat s\u2019impose : malgr\u00e9 la priorit\u00e9 affich\u00e9e depuis des d\u00e9cennies, l\u2019\u00e9ducation s\u00e9n\u00e9galaise reste en qu\u00eate d\u2019un mod\u00e8le adapt\u00e9 \u00e0 ses besoins et \u00e0 ses valeurs. Comme l\u2019a r\u00e9sum\u00e9 Papa Ibra Samb, \u00ab <em>il vaut mieux approfondir quelques bons r\u00e9sultats que d\u2019entrer dans une course de vitesse<\/em> \u00bb.<\/p>\n<div class='share-to-whatsapp-wrapper'><div class='share-on-whsp'>PARTAGER SUR : <\/div><a data-text='SYSTEME EDUCATIF- L'Aseems pose le d\u00e9bat sur les valeurs, les d\u00e9fis et r\u00e9formes\u00a0' data-link='https:\/\/www.nettali.com\/2025\/09\/08\/systeme-educatif-laseems-pose-le-debat-sur-les-valeurs-les-defis-et-reformes\/' class='whatsapp-button whatsapp-share'>WhatsApp<\/a><div class='clear '><\/div><\/div>","protected":false},"excerpt":{"rendered":"<p>NETTALI.COM-\u00a0R\u00e9unis \u00e0 l\u2019invitation de l\u2019AEEMS, les professeurs Djiby Diakhat\u00e9, Papa Ibra Samb et Elhadj Malick Sy Camara ont livr\u00e9 des r\u00e9flexions crois\u00e9es sur l\u2019avenir de l\u2019\u00e9ducation nationale. Entre h\u00e9ritage colonial, massification universitaire et qu\u00eate de valeurs morales, chacun a esquiss\u00e9 des pistes pour une \u00e9cole s\u00e9n\u00e9galaise mieux ancr\u00e9e dans ses r\u00e9alit\u00e9s. \u200eLa salle Amadou Aly [&hellip;]<\/p>\n","protected":false},"author":6,"featured_media":160840,"comment_status":"open","ping_status":"open","sticky":false,"template":"","format":"standard","meta":{"_et_pb_use_builder":"","_et_pb_old_content":""},"categories":[3],"tags":[],"yoast_head":"<!-- This site is optimized with the Yoast SEO Premium plugin v17.8 (Yoast SEO v17.8) - https:\/\/yoast.com\/wordpress\/plugins\/seo\/ -->\n<title>SYSTEME EDUCATIF- L&#039;Aseems pose le d\u00e9bat sur les valeurs, les d\u00e9fis et r\u00e9formes\u00a0 | Nettali.com<\/title>\n<meta name=\"robots\" content=\"index, follow, max-snippet:-1, max-image-preview:large, max-video-preview:-1\" \/>\n<link rel=\"canonical\" href=\"https:\/\/www.nettali.com\/2025\/09\/08\/systeme-educatif-laseems-pose-le-debat-sur-les-valeurs-les-defis-et-reformes\/\" \/>\n<meta property=\"og:locale\" content=\"fr_FR\" \/>\n<meta property=\"og:type\" content=\"article\" \/>\n<meta property=\"og:title\" content=\"SYSTEME EDUCATIF- L&#039;Aseems pose le d\u00e9bat sur les valeurs, les d\u00e9fis et r\u00e9formes\u00a0\" \/>\n<meta property=\"og:description\" content=\"NETTALI.COM-\u00a0R\u00e9unis \u00e0 l\u2019invitation de l\u2019AEEMS, les professeurs Djiby Diakhat\u00e9, Papa Ibra Samb et Elhadj Malick Sy Camara ont livr\u00e9 des r\u00e9flexions crois\u00e9es sur l\u2019avenir de l\u2019\u00e9ducation nationale. Entre h\u00e9ritage colonial, massification universitaire et qu\u00eate de valeurs morales, chacun a esquiss\u00e9 des pistes pour une \u00e9cole s\u00e9n\u00e9galaise mieux ancr\u00e9e dans ses r\u00e9alit\u00e9s. \u200eLa salle Amadou Aly [&hellip;]\" \/>\n<meta property=\"og:url\" content=\"https:\/\/www.nettali.com\/2025\/09\/08\/systeme-educatif-laseems-pose-le-debat-sur-les-valeurs-les-defis-et-reformes\/\" \/>\n<meta property=\"og:site_name\" content=\"Nettali.com\" \/>\n<meta property=\"article:publisher\" content=\"https:\/\/www.facebook.com\/nettalicom\" \/>\n<meta property=\"article:published_time\" content=\"2025-09-08T14:13:21+00:00\" \/>\n<meta property=\"article:modified_time\" content=\"2025-09-08T10:13:50+00:00\" \/>\n<meta property=\"og:image\" content=\"https:\/\/www.nettali.com\/wp-content\/uploads\/2025\/09\/Screenshot_20250907_225815_WhatsApp.jpg\" \/>\n\t<meta property=\"og:image:width\" content=\"904\" \/>\n\t<meta property=\"og:image:height\" content=\"1311\" \/>\n<meta name=\"twitter:card\" content=\"summary_large_image\" \/>\n<meta name=\"twitter:label1\" content=\"\u00c9crit par\" \/>\n\t<meta name=\"twitter:data1\" content=\"Fatou\" \/>\n\t<meta name=\"twitter:label2\" content=\"Dur\u00e9e de lecture estim\u00e9e\" \/>\n\t<meta name=\"twitter:data2\" content=\"3 minutes\" \/>\n<script type=\"application\/ld+json\" class=\"yoast-schema-graph\">{\"@context\":\"https:\/\/schema.org\",\"@graph\":[{\"@type\":\"WebSite\",\"@id\":\"https:\/\/www.nettali.com\/#website\",\"url\":\"https:\/\/www.nettali.com\/\",\"name\":\"Nettali.com\",\"description\":\"Le rendez-vous critique du Net\",\"potentialAction\":[{\"@type\":\"SearchAction\",\"target\":{\"@type\":\"EntryPoint\",\"urlTemplate\":\"https:\/\/www.nettali.com\/?s={search_term_string}\"},\"query-input\":\"required name=search_term_string\"}],\"inLanguage\":\"fr-FR\"},{\"@type\":\"ImageObject\",\"@id\":\"https:\/\/www.nettali.com\/2025\/09\/08\/systeme-educatif-laseems-pose-le-debat-sur-les-valeurs-les-defis-et-reformes\/#primaryimage\",\"inLanguage\":\"fr-FR\",\"url\":\"https:\/\/www.nettali.com\/wp-content\/uploads\/2025\/09\/Screenshot_20250907_225815_WhatsApp.jpg\",\"contentUrl\":\"https:\/\/www.nettali.com\/wp-content\/uploads\/2025\/09\/Screenshot_20250907_225815_WhatsApp.jpg\",\"width\":904,\"height\":1311},{\"@type\":\"WebPage\",\"@id\":\"https:\/\/www.nettali.com\/2025\/09\/08\/systeme-educatif-laseems-pose-le-debat-sur-les-valeurs-les-defis-et-reformes\/#webpage\",\"url\":\"https:\/\/www.nettali.com\/2025\/09\/08\/systeme-educatif-laseems-pose-le-debat-sur-les-valeurs-les-defis-et-reformes\/\",\"name\":\"SYSTEME EDUCATIF- L'Aseems pose le d\\u00e9bat sur les valeurs, les d\\u00e9fis et r\\u00e9formes\\u00a0 | Nettali.com\",\"isPartOf\":{\"@id\":\"https:\/\/www.nettali.com\/#website\"},\"primaryImageOfPage\":{\"@id\":\"https:\/\/www.nettali.com\/2025\/09\/08\/systeme-educatif-laseems-pose-le-debat-sur-les-valeurs-les-defis-et-reformes\/#primaryimage\"},\"datePublished\":\"2025-09-08T14:13:21+00:00\",\"dateModified\":\"2025-09-08T10:13:50+00:00\",\"author\":{\"@id\":\"https:\/\/www.nettali.com\/#\/schema\/person\/418274a86bdf87caff7a3ef476bd0bbf\"},\"breadcrumb\":{\"@id\":\"https:\/\/www.nettali.com\/2025\/09\/08\/systeme-educatif-laseems-pose-le-debat-sur-les-valeurs-les-defis-et-reformes\/#breadcrumb\"},\"inLanguage\":\"fr-FR\",\"potentialAction\":[{\"@type\":\"ReadAction\",\"target\":[\"https:\/\/www.nettali.com\/2025\/09\/08\/systeme-educatif-laseems-pose-le-debat-sur-les-valeurs-les-defis-et-reformes\/\"]}]},{\"@type\":\"BreadcrumbList\",\"@id\":\"https:\/\/www.nettali.com\/2025\/09\/08\/systeme-educatif-laseems-pose-le-debat-sur-les-valeurs-les-defis-et-reformes\/#breadcrumb\",\"itemListElement\":[{\"@type\":\"ListItem\",\"position\":1,\"name\":\"Accueil\",\"item\":\"https:\/\/www.nettali.com\/\"},{\"@type\":\"ListItem\",\"position\":2,\"name\":\"SYSTEME EDUCATIF- L'Aseems pose le d\\u00e9bat sur les valeurs, les d\\u00e9fis et r\\u00e9formes\\u00a0\"}]},{\"@type\":\"Person\",\"@id\":\"https:\/\/www.nettali.com\/#\/schema\/person\/418274a86bdf87caff7a3ef476bd0bbf\",\"name\":\"Fatou\",\"image\":{\"@type\":\"ImageObject\",\"@id\":\"https:\/\/www.nettali.com\/#personlogo\",\"inLanguage\":\"fr-FR\",\"url\":\"https:\/\/secure.gravatar.com\/avatar\/5a9442a2bee7b4dcf167cab035858e9a?s=96&d=mm&r=g\",\"contentUrl\":\"https:\/\/secure.gravatar.com\/avatar\/5a9442a2bee7b4dcf167cab035858e9a?s=96&d=mm&r=g\",\"caption\":\"Fatou\"},\"sameAs\":[\"https:\/\/www.nettali.com\"]}]}<\/script>\n<!-- \/ Yoast SEO Premium plugin. -->","yoast_head_json":{"title":"SYSTEME EDUCATIF- L'Aseems pose le d\u00e9bat sur les valeurs, les d\u00e9fis et r\u00e9formes\u00a0 | Nettali.com","robots":{"index":"index","follow":"follow","max-snippet":"max-snippet:-1","max-image-preview":"max-image-preview:large","max-video-preview":"max-video-preview:-1"},"canonical":"https:\/\/www.nettali.com\/2025\/09\/08\/systeme-educatif-laseems-pose-le-debat-sur-les-valeurs-les-defis-et-reformes\/","og_locale":"fr_FR","og_type":"article","og_title":"SYSTEME EDUCATIF- L'Aseems pose le d\u00e9bat sur les valeurs, les d\u00e9fis et r\u00e9formes\u00a0","og_description":"NETTALI.COM-\u00a0R\u00e9unis \u00e0 l\u2019invitation de l\u2019AEEMS, les professeurs Djiby Diakhat\u00e9, Papa Ibra Samb et Elhadj Malick Sy Camara ont livr\u00e9 des r\u00e9flexions crois\u00e9es sur l\u2019avenir de l\u2019\u00e9ducation nationale. Entre h\u00e9ritage colonial, massification universitaire et qu\u00eate de valeurs morales, chacun a esquiss\u00e9 des pistes pour une \u00e9cole s\u00e9n\u00e9galaise mieux ancr\u00e9e dans ses r\u00e9alit\u00e9s. \u200eLa salle Amadou Aly [&hellip;]","og_url":"https:\/\/www.nettali.com\/2025\/09\/08\/systeme-educatif-laseems-pose-le-debat-sur-les-valeurs-les-defis-et-reformes\/","og_site_name":"Nettali.com","article_publisher":"https:\/\/www.facebook.com\/nettalicom","article_published_time":"2025-09-08T14:13:21+00:00","article_modified_time":"2025-09-08T10:13:50+00:00","og_image":[{"width":904,"height":1311,"url":"https:\/\/www.nettali.com\/wp-content\/uploads\/2025\/09\/Screenshot_20250907_225815_WhatsApp.jpg","type":"image\/jpeg"}],"twitter_card":"summary_large_image","twitter_misc":{"\u00c9crit par":"Fatou","Dur\u00e9e de lecture estim\u00e9e":"3 minutes"},"schema":{"@context":"https:\/\/schema.org","@graph":[{"@type":"WebSite","@id":"https:\/\/www.nettali.com\/#website","url":"https:\/\/www.nettali.com\/","name":"Nettali.com","description":"Le rendez-vous critique du Net","potentialAction":[{"@type":"SearchAction","target":{"@type":"EntryPoint","urlTemplate":"https:\/\/www.nettali.com\/?s={search_term_string}"},"query-input":"required name=search_term_string"}],"inLanguage":"fr-FR"},{"@type":"ImageObject","@id":"https:\/\/www.nettali.com\/2025\/09\/08\/systeme-educatif-laseems-pose-le-debat-sur-les-valeurs-les-defis-et-reformes\/#primaryimage","inLanguage":"fr-FR","url":"https:\/\/www.nettali.com\/wp-content\/uploads\/2025\/09\/Screenshot_20250907_225815_WhatsApp.jpg","contentUrl":"https:\/\/www.nettali.com\/wp-content\/uploads\/2025\/09\/Screenshot_20250907_225815_WhatsApp.jpg","width":904,"height":1311},{"@type":"WebPage","@id":"https:\/\/www.nettali.com\/2025\/09\/08\/systeme-educatif-laseems-pose-le-debat-sur-les-valeurs-les-defis-et-reformes\/#webpage","url":"https:\/\/www.nettali.com\/2025\/09\/08\/systeme-educatif-laseems-pose-le-debat-sur-les-valeurs-les-defis-et-reformes\/","name":"SYSTEME EDUCATIF- L'Aseems pose le d\u00e9bat sur les valeurs, les d\u00e9fis et r\u00e9formes\u00a0 | Nettali.com","isPartOf":{"@id":"https:\/\/www.nettali.com\/#website"},"primaryImageOfPage":{"@id":"https:\/\/www.nettali.com\/2025\/09\/08\/systeme-educatif-laseems-pose-le-debat-sur-les-valeurs-les-defis-et-reformes\/#primaryimage"},"datePublished":"2025-09-08T14:13:21+00:00","dateModified":"2025-09-08T10:13:50+00:00","author":{"@id":"https:\/\/www.nettali.com\/#\/schema\/person\/418274a86bdf87caff7a3ef476bd0bbf"},"breadcrumb":{"@id":"https:\/\/www.nettali.com\/2025\/09\/08\/systeme-educatif-laseems-pose-le-debat-sur-les-valeurs-les-defis-et-reformes\/#breadcrumb"},"inLanguage":"fr-FR","potentialAction":[{"@type":"ReadAction","target":["https:\/\/www.nettali.com\/2025\/09\/08\/systeme-educatif-laseems-pose-le-debat-sur-les-valeurs-les-defis-et-reformes\/"]}]},{"@type":"BreadcrumbList","@id":"https:\/\/www.nettali.com\/2025\/09\/08\/systeme-educatif-laseems-pose-le-debat-sur-les-valeurs-les-defis-et-reformes\/#breadcrumb","itemListElement":[{"@type":"ListItem","position":1,"name":"Accueil","item":"https:\/\/www.nettali.com\/"},{"@type":"ListItem","position":2,"name":"SYSTEME EDUCATIF- L'Aseems pose le d\u00e9bat sur les valeurs, les d\u00e9fis et r\u00e9formes\u00a0"}]},{"@type":"Person","@id":"https:\/\/www.nettali.com\/#\/schema\/person\/418274a86bdf87caff7a3ef476bd0bbf","name":"Fatou","image":{"@type":"ImageObject","@id":"https:\/\/www.nettali.com\/#personlogo","inLanguage":"fr-FR","url":"https:\/\/secure.gravatar.com\/avatar\/5a9442a2bee7b4dcf167cab035858e9a?s=96&d=mm&r=g","contentUrl":"https:\/\/secure.gravatar.com\/avatar\/5a9442a2bee7b4dcf167cab035858e9a?s=96&d=mm&r=g","caption":"Fatou"},"sameAs":["https:\/\/www.nettali.com"]}]}},"_links":{"self":[{"href":"https:\/\/www.nettali.com\/rest\/wp\/v2\/posts\/160836"}],"collection":[{"href":"https:\/\/www.nettali.com\/rest\/wp\/v2\/posts"}],"about":[{"href":"https:\/\/www.nettali.com\/rest\/wp\/v2\/types\/post"}],"author":[{"embeddable":true,"href":"https:\/\/www.nettali.com\/rest\/wp\/v2\/users\/6"}],"replies":[{"embeddable":true,"href":"https:\/\/www.nettali.com\/rest\/wp\/v2\/comments?post=160836"}],"version-history":[{"count":2,"href":"https:\/\/www.nettali.com\/rest\/wp\/v2\/posts\/160836\/revisions"}],"predecessor-version":[{"id":160875,"href":"https:\/\/www.nettali.com\/rest\/wp\/v2\/posts\/160836\/revisions\/160875"}],"wp:featuredmedia":[{"embeddable":true,"href":"https:\/\/www.nettali.com\/rest\/wp\/v2\/media\/160840"}],"wp:attachment":[{"href":"https:\/\/www.nettali.com\/rest\/wp\/v2\/media?parent=160836"}],"wp:term":[{"taxonomy":"category","embeddable":true,"href":"https:\/\/www.nettali.com\/rest\/wp\/v2\/categories?post=160836"},{"taxonomy":"post_tag","embeddable":true,"href":"https:\/\/www.nettali.com\/rest\/wp\/v2\/tags?post=160836"}],"curies":[{"name":"wp","href":"https:\/\/api.w.org\/{rel}","templated":true}]}}