{"id":160818,"date":"2025-09-07T09:33:38","date_gmt":"2025-09-07T09:33:38","guid":{"rendered":"https:\/\/www.nettali.com\/?p=160818"},"modified":"2025-09-07T02:36:27","modified_gmt":"2025-09-07T02:36:27","slug":"ousmane-sonko-nous-veillerons-a-ce-que-la-justice-se-reconcilie-avec-les-senegalais","status":"publish","type":"post","link":"https:\/\/www.nettali.com\/2025\/09\/07\/ousmane-sonko-nous-veillerons-a-ce-que-la-justice-se-reconcilie-avec-les-senegalais\/","title":{"rendered":"OUSMANE SONKO -  \"Nous veillerons \u00e0 ce que la Justice se r\u00e9concilie avec les S\u00e9n\u00e9galais\""},"content":{"rendered":"<p data-start=\"132\" data-end=\"344\"><strong data-start=\"132\" data-end=\"342\">NETTALI.COM - Le Premier ministre met en avant la volont\u00e9 du gouvernement de replacer la Justice au c\u0153ur des priorit\u00e9s nationales. Selon lui, ce secteur doit se r\u00e9concilier avec les S\u00e9n\u00e9galais et regagner leur confiance.<\/strong><\/p>\n<p data-start=\"346\" data-end=\"624\">Ousmane Diagne n\u2019est plus ministre de la Justice. Il a \u00e9t\u00e9 remplac\u00e9 par l\u2019ancienne ministre des Affaires \u00e9trang\u00e8res et de l\u2019Int\u00e9gration africaine, Yassine Fall. Ce changement illustre, selon le Premier ministre, la volont\u00e9 du gouvernement de placer la Justice au premier plan.<\/p>\n<p data-start=\"626\" data-end=\"894\"><em>\u00ab Dans l\u2019ordre protocolaire, nous avons positionn\u00e9 la Justice juste derri\u00e8re le Premier ministre. Cela traduit l\u2019importance que nous accordons \u00e0 ce secteur, qui constitue une attente forte de l\u2019ensemble du peuple s\u00e9n\u00e9galais \u00bb<\/em>, a-t-il d\u00e9clar\u00e9 en marge du remaniement.<\/p>\n<p data-start=\"896\" data-end=\"1245\">Le chef du gouvernement a ajout\u00e9 : <em>\u00ab La Justice est aussi une pr\u00e9occupation majeure du Pr\u00e9sident de la R\u00e9publique, inscrite aussi bien dans son programme que dans la vision S\u00e9n\u00e9gal 2050. En mati\u00e8re de r\u00e9forme et de fonctionnement, nous veillerons \u00e0 ce que la Justice se r\u00e9concilie avec les S\u00e9n\u00e9galais et regagne la confiance de tout le peuple. \u00bb<\/em><\/p>\n<div class='share-to-whatsapp-wrapper'><div class='share-on-whsp'>PARTAGER SUR : <\/div><a data-text='OUSMANE SONKO -  \"Nous veillerons \u00e0 ce que la Justice se r\u00e9concilie avec les S\u00e9n\u00e9galais\"' data-link='https:\/\/www.nettali.com\/2025\/09\/07\/ousmane-sonko-nous-veillerons-a-ce-que-la-justice-se-reconcilie-avec-les-senegalais\/' class='whatsapp-button whatsapp-share'>WhatsApp<\/a><div class='clear '><\/div><\/div>","protected":false},"excerpt":{"rendered":"<p>NETTALI.COM - Le Premier ministre met en avant la volont\u00e9 du gouvernement de replacer la Justice au c\u0153ur des priorit\u00e9s nationales. Selon lui, ce secteur doit se r\u00e9concilier avec les S\u00e9n\u00e9galais et regagner leur confiance. Ousmane Diagne n\u2019est plus ministre de la Justice. Il a \u00e9t\u00e9 remplac\u00e9 par l\u2019ancienne ministre des Affaires \u00e9trang\u00e8res et de [&hellip;]<\/p>\n","protected":false},"author":4,"featured_media":131260,"comment_status":"open","ping_status":"open","sticky":false,"template":"","format":"standard","meta":{"_et_pb_use_builder":"","_et_pb_old_content":""},"categories":[2],"tags":[],"yoast_head":"<!-- This site is optimized with the Yoast SEO Premium plugin v17.8 (Yoast SEO v17.8) - https:\/\/yoast.com\/wordpress\/plugins\/seo\/ -->\n<title>OUSMANE SONKO - &quot;Nous veillerons \u00e0 ce que la Justice se r\u00e9concilie avec les S\u00e9n\u00e9galais&quot; | Nettali.com<\/title>\n<meta name=\"robots\" content=\"index, follow, max-snippet:-1, max-image-preview:large, max-video-preview:-1\" \/>\n<link rel=\"canonical\" href=\"https:\/\/www.nettali.com\/2025\/09\/07\/ousmane-sonko-nous-veillerons-a-ce-que-la-justice-se-reconcilie-avec-les-senegalais\/\" \/>\n<meta property=\"og:locale\" content=\"fr_FR\" \/>\n<meta property=\"og:type\" content=\"article\" \/>\n<meta property=\"og:title\" content=\"OUSMANE SONKO - &quot;Nous veillerons \u00e0 ce que la Justice se r\u00e9concilie avec les S\u00e9n\u00e9galais&quot;\" \/>\n<meta property=\"og:description\" content=\"NETTALI.COM - Le Premier ministre met en avant la volont\u00e9 du gouvernement de replacer la Justice au c\u0153ur des priorit\u00e9s nationales. Selon lui, ce secteur doit se r\u00e9concilier avec les S\u00e9n\u00e9galais et regagner leur confiance. Ousmane Diagne n\u2019est plus ministre de la Justice. Il a \u00e9t\u00e9 remplac\u00e9 par l\u2019ancienne ministre des Affaires \u00e9trang\u00e8res et de [&hellip;]\" \/>\n<meta property=\"og:url\" content=\"https:\/\/www.nettali.com\/2025\/09\/07\/ousmane-sonko-nous-veillerons-a-ce-que-la-justice-se-reconcilie-avec-les-senegalais\/\" \/>\n<meta property=\"og:site_name\" content=\"Nettali.com\" \/>\n<meta property=\"article:publisher\" content=\"https:\/\/www.facebook.com\/nettalicom\" \/>\n<meta property=\"article:published_time\" content=\"2025-09-07T09:33:38+00:00\" \/>\n<meta property=\"article:modified_time\" content=\"2025-09-07T02:36:27+00:00\" \/>\n<meta property=\"og:image\" content=\"https:\/\/www.nettali.com\/wp-content\/uploads\/2024\/04\/Sonko.jpeg\" \/>\n\t<meta property=\"og:image:width\" content=\"720\" \/>\n\t<meta property=\"og:image:height\" content=\"540\" \/>\n<meta name=\"twitter:card\" content=\"summary_large_image\" \/>\n<meta name=\"twitter:label1\" content=\"\u00c9crit par\" \/>\n\t<meta name=\"twitter:data1\" content=\"Daouda\" \/>\n\t<meta name=\"twitter:label2\" content=\"Dur\u00e9e de lecture estim\u00e9e\" \/>\n\t<meta name=\"twitter:data2\" content=\"1 minute\" \/>\n<script type=\"application\/ld+json\" class=\"yoast-schema-graph\">{\"@context\":\"https:\/\/schema.org\",\"@graph\":[{\"@type\":\"WebSite\",\"@id\":\"https:\/\/www.nettali.com\/#website\",\"url\":\"https:\/\/www.nettali.com\/\",\"name\":\"Nettali.com\",\"description\":\"Le rendez-vous critique du Net\",\"potentialAction\":[{\"@type\":\"SearchAction\",\"target\":{\"@type\":\"EntryPoint\",\"urlTemplate\":\"https:\/\/www.nettali.com\/?s={search_term_string}\"},\"query-input\":\"required name=search_term_string\"}],\"inLanguage\":\"fr-FR\"},{\"@type\":\"ImageObject\",\"@id\":\"https:\/\/www.nettali.com\/2025\/09\/07\/ousmane-sonko-nous-veillerons-a-ce-que-la-justice-se-reconcilie-avec-les-senegalais\/#primaryimage\",\"inLanguage\":\"fr-FR\",\"url\":\"https:\/\/www.nettali.com\/wp-content\/uploads\/2024\/04\/Sonko.jpeg\",\"contentUrl\":\"https:\/\/www.nettali.com\/wp-content\/uploads\/2024\/04\/Sonko.jpeg\",\"width\":720,\"height\":540},{\"@type\":\"WebPage\",\"@id\":\"https:\/\/www.nettali.com\/2025\/09\/07\/ousmane-sonko-nous-veillerons-a-ce-que-la-justice-se-reconcilie-avec-les-senegalais\/#webpage\",\"url\":\"https:\/\/www.nettali.com\/2025\/09\/07\/ousmane-sonko-nous-veillerons-a-ce-que-la-justice-se-reconcilie-avec-les-senegalais\/\",\"name\":\"OUSMANE SONKO - \\\"Nous veillerons \\u00e0 ce que la Justice se r\\u00e9concilie avec les S\\u00e9n\\u00e9galais\\\" | Nettali.com\",\"isPartOf\":{\"@id\":\"https:\/\/www.nettali.com\/#website\"},\"primaryImageOfPage\":{\"@id\":\"https:\/\/www.nettali.com\/2025\/09\/07\/ousmane-sonko-nous-veillerons-a-ce-que-la-justice-se-reconcilie-avec-les-senegalais\/#primaryimage\"},\"datePublished\":\"2025-09-07T09:33:38+00:00\",\"dateModified\":\"2025-09-07T02:36:27+00:00\",\"author\":{\"@id\":\"https:\/\/www.nettali.com\/#\/schema\/person\/3317e0bb3aa1da309fbf7b2780901bf4\"},\"breadcrumb\":{\"@id\":\"https:\/\/www.nettali.com\/2025\/09\/07\/ousmane-sonko-nous-veillerons-a-ce-que-la-justice-se-reconcilie-avec-les-senegalais\/#breadcrumb\"},\"inLanguage\":\"fr-FR\",\"potentialAction\":[{\"@type\":\"ReadAction\",\"target\":[\"https:\/\/www.nettali.com\/2025\/09\/07\/ousmane-sonko-nous-veillerons-a-ce-que-la-justice-se-reconcilie-avec-les-senegalais\/\"]}]},{\"@type\":\"BreadcrumbList\",\"@id\":\"https:\/\/www.nettali.com\/2025\/09\/07\/ousmane-sonko-nous-veillerons-a-ce-que-la-justice-se-reconcilie-avec-les-senegalais\/#breadcrumb\",\"itemListElement\":[{\"@type\":\"ListItem\",\"position\":1,\"name\":\"Accueil\",\"item\":\"https:\/\/www.nettali.com\/\"},{\"@type\":\"ListItem\",\"position\":2,\"name\":\"OUSMANE SONKO - \\\"Nous veillerons \\u00e0 ce que la Justice se r\\u00e9concilie avec les S\\u00e9n\\u00e9galais\\\"\"}]},{\"@type\":\"Person\",\"@id\":\"https:\/\/www.nettali.com\/#\/schema\/person\/3317e0bb3aa1da309fbf7b2780901bf4\",\"name\":\"Daouda\",\"image\":{\"@type\":\"ImageObject\",\"@id\":\"https:\/\/www.nettali.com\/#personlogo\",\"inLanguage\":\"fr-FR\",\"url\":\"https:\/\/secure.gravatar.com\/avatar\/8d143b5a49345098ddcfee1c49c2f47c?s=96&d=mm&r=g\",\"contentUrl\":\"https:\/\/secure.gravatar.com\/avatar\/8d143b5a49345098ddcfee1c49c2f47c?s=96&d=mm&r=g\",\"caption\":\"Daouda\"},\"sameAs\":[\"https:\/\/www.nettali.com\"]}]}<\/script>\n<!-- \/ Yoast SEO Premium plugin. -->","yoast_head_json":{"title":"OUSMANE SONKO - \"Nous veillerons \u00e0 ce que la Justice se r\u00e9concilie avec les S\u00e9n\u00e9galais\" | Nettali.com","robots":{"index":"index","follow":"follow","max-snippet":"max-snippet:-1","max-image-preview":"max-image-preview:large","max-video-preview":"max-video-preview:-1"},"canonical":"https:\/\/www.nettali.com\/2025\/09\/07\/ousmane-sonko-nous-veillerons-a-ce-que-la-justice-se-reconcilie-avec-les-senegalais\/","og_locale":"fr_FR","og_type":"article","og_title":"OUSMANE SONKO - \"Nous veillerons \u00e0 ce que la Justice se r\u00e9concilie avec les S\u00e9n\u00e9galais\"","og_description":"NETTALI.COM - Le Premier ministre met en avant la volont\u00e9 du gouvernement de replacer la Justice au c\u0153ur des priorit\u00e9s nationales. Selon lui, ce secteur doit se r\u00e9concilier avec les S\u00e9n\u00e9galais et regagner leur confiance. Ousmane Diagne n\u2019est plus ministre de la Justice. Il a \u00e9t\u00e9 remplac\u00e9 par l\u2019ancienne ministre des Affaires \u00e9trang\u00e8res et de [&hellip;]","og_url":"https:\/\/www.nettali.com\/2025\/09\/07\/ousmane-sonko-nous-veillerons-a-ce-que-la-justice-se-reconcilie-avec-les-senegalais\/","og_site_name":"Nettali.com","article_publisher":"https:\/\/www.facebook.com\/nettalicom","article_published_time":"2025-09-07T09:33:38+00:00","article_modified_time":"2025-09-07T02:36:27+00:00","og_image":[{"width":720,"height":540,"url":"https:\/\/www.nettali.com\/wp-content\/uploads\/2024\/04\/Sonko.jpeg","type":"image\/jpeg"}],"twitter_card":"summary_large_image","twitter_misc":{"\u00c9crit par":"Daouda","Dur\u00e9e de lecture estim\u00e9e":"1 minute"},"schema":{"@context":"https:\/\/schema.org","@graph":[{"@type":"WebSite","@id":"https:\/\/www.nettali.com\/#website","url":"https:\/\/www.nettali.com\/","name":"Nettali.com","description":"Le rendez-vous critique du Net","potentialAction":[{"@type":"SearchAction","target":{"@type":"EntryPoint","urlTemplate":"https:\/\/www.nettali.com\/?s={search_term_string}"},"query-input":"required name=search_term_string"}],"inLanguage":"fr-FR"},{"@type":"ImageObject","@id":"https:\/\/www.nettali.com\/2025\/09\/07\/ousmane-sonko-nous-veillerons-a-ce-que-la-justice-se-reconcilie-avec-les-senegalais\/#primaryimage","inLanguage":"fr-FR","url":"https:\/\/www.nettali.com\/wp-content\/uploads\/2024\/04\/Sonko.jpeg","contentUrl":"https:\/\/www.nettali.com\/wp-content\/uploads\/2024\/04\/Sonko.jpeg","width":720,"height":540},{"@type":"WebPage","@id":"https:\/\/www.nettali.com\/2025\/09\/07\/ousmane-sonko-nous-veillerons-a-ce-que-la-justice-se-reconcilie-avec-les-senegalais\/#webpage","url":"https:\/\/www.nettali.com\/2025\/09\/07\/ousmane-sonko-nous-veillerons-a-ce-que-la-justice-se-reconcilie-avec-les-senegalais\/","name":"OUSMANE SONKO - \"Nous veillerons \u00e0 ce que la Justice se r\u00e9concilie avec les S\u00e9n\u00e9galais\" | Nettali.com","isPartOf":{"@id":"https:\/\/www.nettali.com\/#website"},"primaryImageOfPage":{"@id":"https:\/\/www.nettali.com\/2025\/09\/07\/ousmane-sonko-nous-veillerons-a-ce-que-la-justice-se-reconcilie-avec-les-senegalais\/#primaryimage"},"datePublished":"2025-09-07T09:33:38+00:00","dateModified":"2025-09-07T02:36:27+00:00","author":{"@id":"https:\/\/www.nettali.com\/#\/schema\/person\/3317e0bb3aa1da309fbf7b2780901bf4"},"breadcrumb":{"@id":"https:\/\/www.nettali.com\/2025\/09\/07\/ousmane-sonko-nous-veillerons-a-ce-que-la-justice-se-reconcilie-avec-les-senegalais\/#breadcrumb"},"inLanguage":"fr-FR","potentialAction":[{"@type":"ReadAction","target":["https:\/\/www.nettali.com\/2025\/09\/07\/ousmane-sonko-nous-veillerons-a-ce-que-la-justice-se-reconcilie-avec-les-senegalais\/"]}]},{"@type":"BreadcrumbList","@id":"https:\/\/www.nettali.com\/2025\/09\/07\/ousmane-sonko-nous-veillerons-a-ce-que-la-justice-se-reconcilie-avec-les-senegalais\/#breadcrumb","itemListElement":[{"@type":"ListItem","position":1,"name":"Accueil","item":"https:\/\/www.nettali.com\/"},{"@type":"ListItem","position":2,"name":"OUSMANE SONKO - \"Nous veillerons \u00e0 ce que la Justice se r\u00e9concilie avec les S\u00e9n\u00e9galais\""}]},{"@type":"Person","@id":"https:\/\/www.nettali.com\/#\/schema\/person\/3317e0bb3aa1da309fbf7b2780901bf4","name":"Daouda","image":{"@type":"ImageObject","@id":"https:\/\/www.nettali.com\/#personlogo","inLanguage":"fr-FR","url":"https:\/\/secure.gravatar.com\/avatar\/8d143b5a49345098ddcfee1c49c2f47c?s=96&d=mm&r=g","contentUrl":"https:\/\/secure.gravatar.com\/avatar\/8d143b5a49345098ddcfee1c49c2f47c?s=96&d=mm&r=g","caption":"Daouda"},"sameAs":["https:\/\/www.nettali.com"]}]}},"_links":{"self":[{"href":"https:\/\/www.nettali.com\/rest\/wp\/v2\/posts\/160818"}],"collection":[{"href":"https:\/\/www.nettali.com\/rest\/wp\/v2\/posts"}],"about":[{"href":"https:\/\/www.nettali.com\/rest\/wp\/v2\/types\/post"}],"author":[{"embeddable":true,"href":"https:\/\/www.nettali.com\/rest\/wp\/v2\/users\/4"}],"replies":[{"embeddable":true,"href":"https:\/\/www.nettali.com\/rest\/wp\/v2\/comments?post=160818"}],"version-history":[{"count":1,"href":"https:\/\/www.nettali.com\/rest\/wp\/v2\/posts\/160818\/revisions"}],"predecessor-version":[{"id":160819,"href":"https:\/\/www.nettali.com\/rest\/wp\/v2\/posts\/160818\/revisions\/160819"}],"wp:featuredmedia":[{"embeddable":true,"href":"https:\/\/www.nettali.com\/rest\/wp\/v2\/media\/131260"}],"wp:attachment":[{"href":"https:\/\/www.nettali.com\/rest\/wp\/v2\/media?parent=160818"}],"wp:term":[{"taxonomy":"category","embeddable":true,"href":"https:\/\/www.nettali.com\/rest\/wp\/v2\/categories?post=160818"},{"taxonomy":"post_tag","embeddable":true,"href":"https:\/\/www.nettali.com\/rest\/wp\/v2\/tags?post=160818"}],"curies":[{"name":"wp","href":"https:\/\/api.w.org\/{rel}","templated":true}]}}