{"id":160811,"date":"2025-09-07T07:20:22","date_gmt":"2025-09-07T07:20:22","guid":{"rendered":"https:\/\/www.nettali.com\/?p=160811"},"modified":"2025-09-07T01:24:37","modified_gmt":"2025-09-07T01:24:37","slug":"assemblee-nationale-amadou-mbaye-dia-fait-son-entree","status":"publish","type":"post","link":"https:\/\/www.nettali.com\/2025\/09\/07\/assemblee-nationale-amadou-mbaye-dia-fait-son-entree\/","title":{"rendered":"ASSEMBLEE NATIONALE - Amadou Mbaye Dia fait son entr\u00e9e"},"content":{"rendered":"<p data-start=\"134\" data-end=\"408\">NETTALI.COM - Le coordonnateur de Pastef \u00e0 Thi\u00e8s-Ouest, Amadou Mbaye Dia, remplace d\u00e9sormais Amadou Ba \u00e0 l\u2019Assembl\u00e9e nationale. Il \u00e9tait son suppl\u00e9ant sur la liste d\u00e9partementale et va \u00eatre install\u00e9 lors de la prochaine session de l'Assembl\u00e9e nationale.<\/p>\n<p data-start=\"134\" data-end=\"408\">Ce remplacement intervient apr\u00e8s la d\u00e9signation de M. Ba au poste de ministre de la Culture et de l\u2019Artisanat dans le nouveau gouvernement.<\/p>\n<p data-start=\"410\" data-end=\"572\">Amadou Mbaye Dia rejoint ainsi l\u2019h\u00e9micycle en tant que d\u00e9put\u00e9, renfor\u00e7ant la repr\u00e9sentation de Pastef et de la r\u00e9gion de Thi\u00e8s dans l\u2019institution parlementaire.<\/p>\n<div class='share-to-whatsapp-wrapper'><div class='share-on-whsp'>PARTAGER SUR : <\/div><a data-text='ASSEMBLEE NATIONALE - Amadou Mbaye Dia fait son entr\u00e9e' data-link='https:\/\/www.nettali.com\/2025\/09\/07\/assemblee-nationale-amadou-mbaye-dia-fait-son-entree\/' class='whatsapp-button whatsapp-share'>WhatsApp<\/a><div class='clear '><\/div><\/div>","protected":false},"excerpt":{"rendered":"<p>NETTALI.COM - Le coordonnateur de Pastef \u00e0 Thi\u00e8s-Ouest, Amadou Mbaye Dia, remplace d\u00e9sormais Amadou Ba \u00e0 l\u2019Assembl\u00e9e nationale. Il \u00e9tait son suppl\u00e9ant sur la liste d\u00e9partementale et va \u00eatre install\u00e9 lors de la prochaine session de l'Assembl\u00e9e nationale. Ce remplacement intervient apr\u00e8s la d\u00e9signation de M. Ba au poste de ministre de la Culture et [&hellip;]<\/p>\n","protected":false},"author":4,"featured_media":160813,"comment_status":"open","ping_status":"open","sticky":false,"template":"","format":"standard","meta":{"_et_pb_use_builder":"","_et_pb_old_content":""},"categories":[2],"tags":[],"yoast_head":"<!-- This site is optimized with the Yoast SEO Premium plugin v17.8 (Yoast SEO v17.8) - https:\/\/yoast.com\/wordpress\/plugins\/seo\/ -->\n<title>ASSEMBLEE NATIONALE - Amadou Mbaye Dia fait son entr\u00e9e | Nettali.com<\/title>\n<meta name=\"robots\" content=\"index, follow, max-snippet:-1, max-image-preview:large, max-video-preview:-1\" \/>\n<link rel=\"canonical\" href=\"https:\/\/www.nettali.com\/2025\/09\/07\/assemblee-nationale-amadou-mbaye-dia-fait-son-entree\/\" \/>\n<meta property=\"og:locale\" content=\"fr_FR\" \/>\n<meta property=\"og:type\" content=\"article\" \/>\n<meta property=\"og:title\" content=\"ASSEMBLEE NATIONALE - Amadou Mbaye Dia fait son entr\u00e9e\" \/>\n<meta property=\"og:description\" content=\"NETTALI.COM - Le coordonnateur de Pastef \u00e0 Thi\u00e8s-Ouest, Amadou Mbaye Dia, remplace d\u00e9sormais Amadou Ba \u00e0 l\u2019Assembl\u00e9e nationale. Il \u00e9tait son suppl\u00e9ant sur la liste d\u00e9partementale et va \u00eatre install\u00e9 lors de la prochaine session de l&#039;Assembl\u00e9e nationale. Ce remplacement intervient apr\u00e8s la d\u00e9signation de M. Ba au poste de ministre de la Culture et [&hellip;]\" \/>\n<meta property=\"og:url\" content=\"https:\/\/www.nettali.com\/2025\/09\/07\/assemblee-nationale-amadou-mbaye-dia-fait-son-entree\/\" \/>\n<meta property=\"og:site_name\" content=\"Nettali.com\" \/>\n<meta property=\"article:publisher\" content=\"https:\/\/www.facebook.com\/nettalicom\" \/>\n<meta property=\"article:published_time\" content=\"2025-09-07T07:20:22+00:00\" \/>\n<meta property=\"article:modified_time\" content=\"2025-09-07T01:24:37+00:00\" \/>\n<meta property=\"og:image\" content=\"https:\/\/www.nettali.com\/wp-content\/uploads\/2025\/09\/Amadou-Mbaye-Dia-e1757208248360.jpg\" \/>\n\t<meta property=\"og:image:width\" content=\"1017\" \/>\n\t<meta property=\"og:image:height\" content=\"771\" \/>\n<meta name=\"twitter:card\" content=\"summary_large_image\" \/>\n<meta name=\"twitter:label1\" content=\"\u00c9crit par\" \/>\n\t<meta name=\"twitter:data1\" content=\"Daouda\" \/>\n\t<meta name=\"twitter:label2\" content=\"Dur\u00e9e de lecture estim\u00e9e\" \/>\n\t<meta name=\"twitter:data2\" content=\"1 minute\" \/>\n<script type=\"application\/ld+json\" class=\"yoast-schema-graph\">{\"@context\":\"https:\/\/schema.org\",\"@graph\":[{\"@type\":\"WebSite\",\"@id\":\"https:\/\/www.nettali.com\/#website\",\"url\":\"https:\/\/www.nettali.com\/\",\"name\":\"Nettali.com\",\"description\":\"Le rendez-vous critique du Net\",\"potentialAction\":[{\"@type\":\"SearchAction\",\"target\":{\"@type\":\"EntryPoint\",\"urlTemplate\":\"https:\/\/www.nettali.com\/?s={search_term_string}\"},\"query-input\":\"required name=search_term_string\"}],\"inLanguage\":\"fr-FR\"},{\"@type\":\"ImageObject\",\"@id\":\"https:\/\/www.nettali.com\/2025\/09\/07\/assemblee-nationale-amadou-mbaye-dia-fait-son-entree\/#primaryimage\",\"inLanguage\":\"fr-FR\",\"url\":\"https:\/\/www.nettali.com\/wp-content\/uploads\/2025\/09\/Amadou-Mbaye-Dia-e1757208248360.jpg\",\"contentUrl\":\"https:\/\/www.nettali.com\/wp-content\/uploads\/2025\/09\/Amadou-Mbaye-Dia-e1757208248360.jpg\",\"width\":1017,\"height\":771},{\"@type\":\"WebPage\",\"@id\":\"https:\/\/www.nettali.com\/2025\/09\/07\/assemblee-nationale-amadou-mbaye-dia-fait-son-entree\/#webpage\",\"url\":\"https:\/\/www.nettali.com\/2025\/09\/07\/assemblee-nationale-amadou-mbaye-dia-fait-son-entree\/\",\"name\":\"ASSEMBLEE NATIONALE - Amadou Mbaye Dia fait son entr\\u00e9e | Nettali.com\",\"isPartOf\":{\"@id\":\"https:\/\/www.nettali.com\/#website\"},\"primaryImageOfPage\":{\"@id\":\"https:\/\/www.nettali.com\/2025\/09\/07\/assemblee-nationale-amadou-mbaye-dia-fait-son-entree\/#primaryimage\"},\"datePublished\":\"2025-09-07T07:20:22+00:00\",\"dateModified\":\"2025-09-07T01:24:37+00:00\",\"author\":{\"@id\":\"https:\/\/www.nettali.com\/#\/schema\/person\/3317e0bb3aa1da309fbf7b2780901bf4\"},\"breadcrumb\":{\"@id\":\"https:\/\/www.nettali.com\/2025\/09\/07\/assemblee-nationale-amadou-mbaye-dia-fait-son-entree\/#breadcrumb\"},\"inLanguage\":\"fr-FR\",\"potentialAction\":[{\"@type\":\"ReadAction\",\"target\":[\"https:\/\/www.nettali.com\/2025\/09\/07\/assemblee-nationale-amadou-mbaye-dia-fait-son-entree\/\"]}]},{\"@type\":\"BreadcrumbList\",\"@id\":\"https:\/\/www.nettali.com\/2025\/09\/07\/assemblee-nationale-amadou-mbaye-dia-fait-son-entree\/#breadcrumb\",\"itemListElement\":[{\"@type\":\"ListItem\",\"position\":1,\"name\":\"Accueil\",\"item\":\"https:\/\/www.nettali.com\/\"},{\"@type\":\"ListItem\",\"position\":2,\"name\":\"ASSEMBLEE NATIONALE - Amadou Mbaye Dia fait son entr\\u00e9e\"}]},{\"@type\":\"Person\",\"@id\":\"https:\/\/www.nettali.com\/#\/schema\/person\/3317e0bb3aa1da309fbf7b2780901bf4\",\"name\":\"Daouda\",\"image\":{\"@type\":\"ImageObject\",\"@id\":\"https:\/\/www.nettali.com\/#personlogo\",\"inLanguage\":\"fr-FR\",\"url\":\"https:\/\/secure.gravatar.com\/avatar\/8d143b5a49345098ddcfee1c49c2f47c?s=96&d=mm&r=g\",\"contentUrl\":\"https:\/\/secure.gravatar.com\/avatar\/8d143b5a49345098ddcfee1c49c2f47c?s=96&d=mm&r=g\",\"caption\":\"Daouda\"},\"sameAs\":[\"https:\/\/www.nettali.com\"]}]}<\/script>\n<!-- \/ Yoast SEO Premium plugin. -->","yoast_head_json":{"title":"ASSEMBLEE NATIONALE - Amadou Mbaye Dia fait son entr\u00e9e | Nettali.com","robots":{"index":"index","follow":"follow","max-snippet":"max-snippet:-1","max-image-preview":"max-image-preview:large","max-video-preview":"max-video-preview:-1"},"canonical":"https:\/\/www.nettali.com\/2025\/09\/07\/assemblee-nationale-amadou-mbaye-dia-fait-son-entree\/","og_locale":"fr_FR","og_type":"article","og_title":"ASSEMBLEE NATIONALE - Amadou Mbaye Dia fait son entr\u00e9e","og_description":"NETTALI.COM - Le coordonnateur de Pastef \u00e0 Thi\u00e8s-Ouest, Amadou Mbaye Dia, remplace d\u00e9sormais Amadou Ba \u00e0 l\u2019Assembl\u00e9e nationale. Il \u00e9tait son suppl\u00e9ant sur la liste d\u00e9partementale et va \u00eatre install\u00e9 lors de la prochaine session de l'Assembl\u00e9e nationale. Ce remplacement intervient apr\u00e8s la d\u00e9signation de M. Ba au poste de ministre de la Culture et [&hellip;]","og_url":"https:\/\/www.nettali.com\/2025\/09\/07\/assemblee-nationale-amadou-mbaye-dia-fait-son-entree\/","og_site_name":"Nettali.com","article_publisher":"https:\/\/www.facebook.com\/nettalicom","article_published_time":"2025-09-07T07:20:22+00:00","article_modified_time":"2025-09-07T01:24:37+00:00","og_image":[{"width":1017,"height":771,"url":"https:\/\/www.nettali.com\/wp-content\/uploads\/2025\/09\/Amadou-Mbaye-Dia-e1757208248360.jpg","type":"image\/jpeg"}],"twitter_card":"summary_large_image","twitter_misc":{"\u00c9crit par":"Daouda","Dur\u00e9e de lecture estim\u00e9e":"1 minute"},"schema":{"@context":"https:\/\/schema.org","@graph":[{"@type":"WebSite","@id":"https:\/\/www.nettali.com\/#website","url":"https:\/\/www.nettali.com\/","name":"Nettali.com","description":"Le rendez-vous critique du Net","potentialAction":[{"@type":"SearchAction","target":{"@type":"EntryPoint","urlTemplate":"https:\/\/www.nettali.com\/?s={search_term_string}"},"query-input":"required name=search_term_string"}],"inLanguage":"fr-FR"},{"@type":"ImageObject","@id":"https:\/\/www.nettali.com\/2025\/09\/07\/assemblee-nationale-amadou-mbaye-dia-fait-son-entree\/#primaryimage","inLanguage":"fr-FR","url":"https:\/\/www.nettali.com\/wp-content\/uploads\/2025\/09\/Amadou-Mbaye-Dia-e1757208248360.jpg","contentUrl":"https:\/\/www.nettali.com\/wp-content\/uploads\/2025\/09\/Amadou-Mbaye-Dia-e1757208248360.jpg","width":1017,"height":771},{"@type":"WebPage","@id":"https:\/\/www.nettali.com\/2025\/09\/07\/assemblee-nationale-amadou-mbaye-dia-fait-son-entree\/#webpage","url":"https:\/\/www.nettali.com\/2025\/09\/07\/assemblee-nationale-amadou-mbaye-dia-fait-son-entree\/","name":"ASSEMBLEE NATIONALE - Amadou Mbaye Dia fait son entr\u00e9e | Nettali.com","isPartOf":{"@id":"https:\/\/www.nettali.com\/#website"},"primaryImageOfPage":{"@id":"https:\/\/www.nettali.com\/2025\/09\/07\/assemblee-nationale-amadou-mbaye-dia-fait-son-entree\/#primaryimage"},"datePublished":"2025-09-07T07:20:22+00:00","dateModified":"2025-09-07T01:24:37+00:00","author":{"@id":"https:\/\/www.nettali.com\/#\/schema\/person\/3317e0bb3aa1da309fbf7b2780901bf4"},"breadcrumb":{"@id":"https:\/\/www.nettali.com\/2025\/09\/07\/assemblee-nationale-amadou-mbaye-dia-fait-son-entree\/#breadcrumb"},"inLanguage":"fr-FR","potentialAction":[{"@type":"ReadAction","target":["https:\/\/www.nettali.com\/2025\/09\/07\/assemblee-nationale-amadou-mbaye-dia-fait-son-entree\/"]}]},{"@type":"BreadcrumbList","@id":"https:\/\/www.nettali.com\/2025\/09\/07\/assemblee-nationale-amadou-mbaye-dia-fait-son-entree\/#breadcrumb","itemListElement":[{"@type":"ListItem","position":1,"name":"Accueil","item":"https:\/\/www.nettali.com\/"},{"@type":"ListItem","position":2,"name":"ASSEMBLEE NATIONALE - Amadou Mbaye Dia fait son entr\u00e9e"}]},{"@type":"Person","@id":"https:\/\/www.nettali.com\/#\/schema\/person\/3317e0bb3aa1da309fbf7b2780901bf4","name":"Daouda","image":{"@type":"ImageObject","@id":"https:\/\/www.nettali.com\/#personlogo","inLanguage":"fr-FR","url":"https:\/\/secure.gravatar.com\/avatar\/8d143b5a49345098ddcfee1c49c2f47c?s=96&d=mm&r=g","contentUrl":"https:\/\/secure.gravatar.com\/avatar\/8d143b5a49345098ddcfee1c49c2f47c?s=96&d=mm&r=g","caption":"Daouda"},"sameAs":["https:\/\/www.nettali.com"]}]}},"_links":{"self":[{"href":"https:\/\/www.nettali.com\/rest\/wp\/v2\/posts\/160811"}],"collection":[{"href":"https:\/\/www.nettali.com\/rest\/wp\/v2\/posts"}],"about":[{"href":"https:\/\/www.nettali.com\/rest\/wp\/v2\/types\/post"}],"author":[{"embeddable":true,"href":"https:\/\/www.nettali.com\/rest\/wp\/v2\/users\/4"}],"replies":[{"embeddable":true,"href":"https:\/\/www.nettali.com\/rest\/wp\/v2\/comments?post=160811"}],"version-history":[{"count":1,"href":"https:\/\/www.nettali.com\/rest\/wp\/v2\/posts\/160811\/revisions"}],"predecessor-version":[{"id":160814,"href":"https:\/\/www.nettali.com\/rest\/wp\/v2\/posts\/160811\/revisions\/160814"}],"wp:featuredmedia":[{"embeddable":true,"href":"https:\/\/www.nettali.com\/rest\/wp\/v2\/media\/160813"}],"wp:attachment":[{"href":"https:\/\/www.nettali.com\/rest\/wp\/v2\/media?parent=160811"}],"wp:term":[{"taxonomy":"category","embeddable":true,"href":"https:\/\/www.nettali.com\/rest\/wp\/v2\/categories?post=160811"},{"taxonomy":"post_tag","embeddable":true,"href":"https:\/\/www.nettali.com\/rest\/wp\/v2\/tags?post=160811"}],"curies":[{"name":"wp","href":"https:\/\/api.w.org\/{rel}","templated":true}]}}