{"id":160810,"date":"2025-09-07T01:31:27","date_gmt":"2025-09-07T01:31:27","guid":{"rendered":"https:\/\/www.nettali.com\/?p=160810"},"modified":"2025-09-07T01:33:43","modified_gmt":"2025-09-07T01:33:43","slug":"reamenagement-du-gouvernement-%e2%80%8e-thierno-bocoum-entre-felicitations-regrets-et-vives-denonciations","status":"publish","type":"post","link":"https:\/\/www.nettali.com\/2025\/09\/07\/reamenagement-du-gouvernement-%e2%80%8e-thierno-bocoum-entre-felicitations-regrets-et-vives-denonciations\/","title":{"rendered":"REAMENAGEMENT DU GOUVERNEMENT-\u00a0 \u200e Thierno Bocoum entre f\u00e9licitations, regrets et vives d\u00e9nonciations"},"content":{"rendered":"<p><strong>NETTALI.COM - \u00c0 la suite du r\u00e9am\u00e9nagement minist\u00e9riel annonc\u00e9 par le pr\u00e9sident de la R\u00e9publique sur proposition du Premier ministre, le leader du mouvement AGIR-Les Leaders, Thierno Bocoum a r\u00e9agi en saluant l\u2019arriv\u00e9e des nouveaux ministres, tout en regrettant l\u2019absence de signaux de sobri\u00e9t\u00e9 et en d\u00e9non\u00e7ant des choix qu\u2019il juge dangereux pour la d\u00e9mocratie et l\u2019\u00c9tat de droit.<\/strong><br \/>\n\u200e<br \/>\n\u200eEntre f\u00e9licitations de courtoisie et critiques acerbes, Thierno Bocoum n\u2019a pas manqu\u00e9 de pointer les zones d\u2019ombre du remaniement gouvernemental.<\/p>\n<p>Dans une d\u00e9claration rendue publique, l\u2019ancien d\u00e9put\u00e9 a soulev\u00e9 des inqui\u00e9tudes majeures sur la gouvernance, la justice et la neutralit\u00e9 de l\u2019\u00c9tat, estimant que le nouveau visage de l\u2019ex\u00e9cutif risque de fragiliser davantage la d\u00e9mocratie s\u00e9n\u00e9galaise.<br \/>\n\u200e<br \/>\n\u200eTout en \u00ab f\u00e9licitant et encourageant les nouveaux ministres \u00bb, Thierno Bocoum a rappel\u00e9 que le r\u00e9gime a le droit de s\u2019auto\u00e9valuer et de r\u00e9am\u00e9nager son \u00e9quipe autant de fois qu\u2019il le juge n\u00e9cessaire. Mais pour lui, ce changement n\u2019aura de valeur que s\u2019il produit des r\u00e9sultats tangibles au b\u00e9n\u00e9fice des S\u00e9n\u00e9galais.<br \/>\n\u200e<br \/>\n\u200eL\u2019opposant regrette toutefois que ce remaniement n\u2019ait pas \u00e9t\u00e9 l\u2019occasion de r\u00e9duire le nombre de minist\u00e8res. Selon lui, le gouvernement aurait d\u00fb envoyer un \u00ab signal fort de sacrifice et de sobri\u00e9t\u00e9 \u00bb, surtout dans un contexte o\u00f9 l\u2019on demande aux populations de consentir \u00e0 toujours plus de charges. Or, d\u00e9plore-t-il, \u00ab <em>c\u2019est encore une fois le fonctionnement de l\u2019\u00c9tat qui est prioris\u00e9 au d\u00e9triment du quotidien des S\u00e9n\u00e9galais<\/em> \u00bb.<br \/>\n\u200e<br \/>\n\u200eLa d\u00e9mission du ministre Abass Fall qui a choisi de rester \u00e0 la t\u00eate de la mairie de Dakar, suscite \u00e9galement son interrogation. Cette d\u00e9cision intervient \u00e0 quelques jours du verdict de la Cour supr\u00eame sur l\u2019acte du pr\u00e9fet visant le maire Barth\u00e9l\u00e9my Dias.<\/p>\n<p>Pour Bocoum, anticiper ainsi une d\u00e9mission \u00e9quivaut \u00e0 envoyer un signal \u00e9quivoque et \u00e0 exercer, de mani\u00e8re voil\u00e9e, une pression sur la justice.<br \/>\n\u200e<br \/>\n\u200ePlus critique encore, il estime que le d\u00e9part du ministre de la Justice, Ousmane Diagne, \u00ab <em>ne peut passer sous silence<\/em> \u00bb. Selon lui, sa r\u00e9vocation, sur fond de pressions publiques, traduit une volont\u00e9 de \u00ab faire sauter le verrou \u00bb d\u2019une justice d\u00e9j\u00e0 fragilis\u00e9e pour la mettre au service \u00ab <em>des int\u00e9r\u00eats partisans du Premier ministre et de ses militants<\/em> \u00bb.<\/p>\n<p>Bocoum rappelle d\u2019ailleurs que ce dernier avait publiquement regrett\u00e9 qu\u2019il n\u2019y ait pas eu davantage d\u2019incarc\u00e9rations de journalistes, chroniqueurs et citoyens, une orientation qu\u2019il juge \u00ab intol\u00e9rable \u00bb.<br \/>\n\u200e<br \/>\n\u200eLe nouveau visage du minist\u00e8re de l\u2019Int\u00e9rieur n\u2019\u00e9chappe pas \u00e0 ses critiques. Si Bocoum reconna\u00eet le m\u00e9rite de Ma\u00eetre Bamba Ciss\u00e9, il d\u00e9nonce un choix \u00ab <em>aux antipodes des combats men\u00e9s jusque-l\u00e0<\/em> \u00bb pour sanctuariser ce portefeuille r\u00e9galien. \u00ab En<em> choisissant son propre avocat pour occuper ce minist\u00e8re, le Premier ministre donne le sentiment de vouloir garder la main sur l\u2019organisation des \u00e9lections et sur la politique de r\u00e9pression<\/em> \u00bb, s\u2019alarme-t-il.<\/p>\n<p>Pour lui, le minist\u00e8re de l\u2019Int\u00e9rieur, garant des libert\u00e9s publiques, ne peut souffrir d\u2019une telle partialit\u00e9 manifeste.<br \/>\n\u200e<br \/>\n\u200eEn d\u00e9finitive, Thierno Bocoum consid\u00e8re que ce r\u00e9am\u00e9nagement, loin d\u2019ouvrir une nouvelle \u00e8re de gouvernance responsable, fait planer \u00ab <em>le doute sur un agenda politique dangereux pour la d\u00e9mocratie, pour l\u2019\u00c9tat de droit et pour la libert\u00e9 des S\u00e9n\u00e9galais<\/em> \u00bb.<br \/>\n\u200e<\/p>\n<div class='share-to-whatsapp-wrapper'><div class='share-on-whsp'>PARTAGER SUR : <\/div><a data-text='REAMENAGEMENT DU GOUVERNEMENT-\u00a0 \u200e Thierno Bocoum entre f\u00e9licitations, regrets et vives d\u00e9nonciations' data-link='https:\/\/www.nettali.com\/2025\/09\/07\/reamenagement-du-gouvernement-%e2%80%8e-thierno-bocoum-entre-felicitations-regrets-et-vives-denonciations\/' class='whatsapp-button whatsapp-share'>WhatsApp<\/a><div class='clear '><\/div><\/div>","protected":false},"excerpt":{"rendered":"<p>NETTALI.COM - \u00c0 la suite du r\u00e9am\u00e9nagement minist\u00e9riel annonc\u00e9 par le pr\u00e9sident de la R\u00e9publique sur proposition du Premier ministre, le leader du mouvement AGIR-Les Leaders, Thierno Bocoum a r\u00e9agi en saluant l\u2019arriv\u00e9e des nouveaux ministres, tout en regrettant l\u2019absence de signaux de sobri\u00e9t\u00e9 et en d\u00e9non\u00e7ant des choix qu\u2019il juge dangereux pour la d\u00e9mocratie [&hellip;]<\/p>\n","protected":false},"author":6,"featured_media":160116,"comment_status":"open","ping_status":"open","sticky":false,"template":"","format":"standard","meta":{"_et_pb_use_builder":"","_et_pb_old_content":""},"categories":[2],"tags":[],"yoast_head":"<!-- This site is optimized with the Yoast SEO Premium plugin v17.8 (Yoast SEO v17.8) - https:\/\/yoast.com\/wordpress\/plugins\/seo\/ -->\n<title>REAMENAGEMENT DU GOUVERNEMENT-\u00a0 \u200e Thierno Bocoum entre f\u00e9licitations, regrets et vives d\u00e9nonciations | Nettali.com<\/title>\n<meta name=\"robots\" content=\"index, follow, max-snippet:-1, max-image-preview:large, max-video-preview:-1\" \/>\n<link rel=\"canonical\" href=\"https:\/\/www.nettali.com\/2025\/09\/07\/reamenagement-du-gouvernement-\u200e-thierno-bocoum-entre-felicitations-regrets-et-vives-denonciations\/\" \/>\n<meta property=\"og:locale\" content=\"fr_FR\" \/>\n<meta property=\"og:type\" content=\"article\" \/>\n<meta property=\"og:title\" content=\"REAMENAGEMENT DU GOUVERNEMENT-\u00a0 \u200e Thierno Bocoum entre f\u00e9licitations, regrets et vives d\u00e9nonciations\" \/>\n<meta property=\"og:description\" content=\"NETTALI.COM - \u00c0 la suite du r\u00e9am\u00e9nagement minist\u00e9riel annonc\u00e9 par le pr\u00e9sident de la R\u00e9publique sur proposition du Premier ministre, le leader du mouvement AGIR-Les Leaders, Thierno Bocoum a r\u00e9agi en saluant l\u2019arriv\u00e9e des nouveaux ministres, tout en regrettant l\u2019absence de signaux de sobri\u00e9t\u00e9 et en d\u00e9non\u00e7ant des choix qu\u2019il juge dangereux pour la d\u00e9mocratie [&hellip;]\" \/>\n<meta property=\"og:url\" content=\"https:\/\/www.nettali.com\/2025\/09\/07\/reamenagement-du-gouvernement-\u200e-thierno-bocoum-entre-felicitations-regrets-et-vives-denonciations\/\" \/>\n<meta property=\"og:site_name\" content=\"Nettali.com\" \/>\n<meta property=\"article:publisher\" content=\"https:\/\/www.facebook.com\/nettalicom\" \/>\n<meta property=\"article:published_time\" content=\"2025-09-07T01:31:27+00:00\" \/>\n<meta property=\"article:modified_time\" content=\"2025-09-07T01:33:43+00:00\" \/>\n<meta property=\"og:image\" content=\"https:\/\/www.nettali.com\/wp-content\/uploads\/2025\/08\/Thierno-Bocoum-ne-sera-pas-candidat-a-la-Presidentielle-de-2024-Pas-de-parodie-politique_thumbnail.jpg\" \/>\n\t<meta property=\"og:image:width\" content=\"650\" \/>\n\t<meta property=\"og:image:height\" content=\"391\" \/>\n<meta name=\"twitter:card\" content=\"summary_large_image\" \/>\n<meta name=\"twitter:label1\" content=\"\u00c9crit par\" \/>\n\t<meta name=\"twitter:data1\" content=\"Fatou\" \/>\n\t<meta name=\"twitter:label2\" content=\"Dur\u00e9e de lecture estim\u00e9e\" \/>\n\t<meta name=\"twitter:data2\" content=\"3 minutes\" \/>\n<script type=\"application\/ld+json\" class=\"yoast-schema-graph\">{\"@context\":\"https:\/\/schema.org\",\"@graph\":[{\"@type\":\"WebSite\",\"@id\":\"https:\/\/www.nettali.com\/#website\",\"url\":\"https:\/\/www.nettali.com\/\",\"name\":\"Nettali.com\",\"description\":\"Le rendez-vous critique du Net\",\"potentialAction\":[{\"@type\":\"SearchAction\",\"target\":{\"@type\":\"EntryPoint\",\"urlTemplate\":\"https:\/\/www.nettali.com\/?s={search_term_string}\"},\"query-input\":\"required name=search_term_string\"}],\"inLanguage\":\"fr-FR\"},{\"@type\":\"ImageObject\",\"@id\":\"https:\/\/www.nettali.com\/2025\/09\/07\/reamenagement-du-gouvernement-%e2%80%8e-thierno-bocoum-entre-felicitations-regrets-et-vives-denonciations\/#primaryimage\",\"inLanguage\":\"fr-FR\",\"url\":\"https:\/\/www.nettali.com\/wp-content\/uploads\/2025\/08\/Thierno-Bocoum-ne-sera-pas-candidat-a-la-Presidentielle-de-2024-Pas-de-parodie-politique_thumbnail.jpg\",\"contentUrl\":\"https:\/\/www.nettali.com\/wp-content\/uploads\/2025\/08\/Thierno-Bocoum-ne-sera-pas-candidat-a-la-Presidentielle-de-2024-Pas-de-parodie-politique_thumbnail.jpg\",\"width\":650,\"height\":391},{\"@type\":\"WebPage\",\"@id\":\"https:\/\/www.nettali.com\/2025\/09\/07\/reamenagement-du-gouvernement-%e2%80%8e-thierno-bocoum-entre-felicitations-regrets-et-vives-denonciations\/#webpage\",\"url\":\"https:\/\/www.nettali.com\/2025\/09\/07\/reamenagement-du-gouvernement-%e2%80%8e-thierno-bocoum-entre-felicitations-regrets-et-vives-denonciations\/\",\"name\":\"REAMENAGEMENT DU GOUVERNEMENT-\\u00a0 \\u200e Thierno Bocoum entre f\\u00e9licitations, regrets et vives d\\u00e9nonciations | Nettali.com\",\"isPartOf\":{\"@id\":\"https:\/\/www.nettali.com\/#website\"},\"primaryImageOfPage\":{\"@id\":\"https:\/\/www.nettali.com\/2025\/09\/07\/reamenagement-du-gouvernement-%e2%80%8e-thierno-bocoum-entre-felicitations-regrets-et-vives-denonciations\/#primaryimage\"},\"datePublished\":\"2025-09-07T01:31:27+00:00\",\"dateModified\":\"2025-09-07T01:33:43+00:00\",\"author\":{\"@id\":\"https:\/\/www.nettali.com\/#\/schema\/person\/418274a86bdf87caff7a3ef476bd0bbf\"},\"breadcrumb\":{\"@id\":\"https:\/\/www.nettali.com\/2025\/09\/07\/reamenagement-du-gouvernement-%e2%80%8e-thierno-bocoum-entre-felicitations-regrets-et-vives-denonciations\/#breadcrumb\"},\"inLanguage\":\"fr-FR\",\"potentialAction\":[{\"@type\":\"ReadAction\",\"target\":[\"https:\/\/www.nettali.com\/2025\/09\/07\/reamenagement-du-gouvernement-%e2%80%8e-thierno-bocoum-entre-felicitations-regrets-et-vives-denonciations\/\"]}]},{\"@type\":\"BreadcrumbList\",\"@id\":\"https:\/\/www.nettali.com\/2025\/09\/07\/reamenagement-du-gouvernement-%e2%80%8e-thierno-bocoum-entre-felicitations-regrets-et-vives-denonciations\/#breadcrumb\",\"itemListElement\":[{\"@type\":\"ListItem\",\"position\":1,\"name\":\"Accueil\",\"item\":\"https:\/\/www.nettali.com\/\"},{\"@type\":\"ListItem\",\"position\":2,\"name\":\"REAMENAGEMENT DU GOUVERNEMENT-\\u00a0 \\u200e Thierno Bocoum entre f\\u00e9licitations, regrets et vives d\\u00e9nonciations\"}]},{\"@type\":\"Person\",\"@id\":\"https:\/\/www.nettali.com\/#\/schema\/person\/418274a86bdf87caff7a3ef476bd0bbf\",\"name\":\"Fatou\",\"image\":{\"@type\":\"ImageObject\",\"@id\":\"https:\/\/www.nettali.com\/#personlogo\",\"inLanguage\":\"fr-FR\",\"url\":\"https:\/\/secure.gravatar.com\/avatar\/5a9442a2bee7b4dcf167cab035858e9a?s=96&d=mm&r=g\",\"contentUrl\":\"https:\/\/secure.gravatar.com\/avatar\/5a9442a2bee7b4dcf167cab035858e9a?s=96&d=mm&r=g\",\"caption\":\"Fatou\"},\"sameAs\":[\"https:\/\/www.nettali.com\"]}]}<\/script>\n<!-- \/ Yoast SEO Premium plugin. -->","yoast_head_json":{"title":"REAMENAGEMENT DU GOUVERNEMENT-\u00a0 \u200e Thierno Bocoum entre f\u00e9licitations, regrets et vives d\u00e9nonciations | Nettali.com","robots":{"index":"index","follow":"follow","max-snippet":"max-snippet:-1","max-image-preview":"max-image-preview:large","max-video-preview":"max-video-preview:-1"},"canonical":"https:\/\/www.nettali.com\/2025\/09\/07\/reamenagement-du-gouvernement-\u200e-thierno-bocoum-entre-felicitations-regrets-et-vives-denonciations\/","og_locale":"fr_FR","og_type":"article","og_title":"REAMENAGEMENT DU GOUVERNEMENT-\u00a0 \u200e Thierno Bocoum entre f\u00e9licitations, regrets et vives d\u00e9nonciations","og_description":"NETTALI.COM - \u00c0 la suite du r\u00e9am\u00e9nagement minist\u00e9riel annonc\u00e9 par le pr\u00e9sident de la R\u00e9publique sur proposition du Premier ministre, le leader du mouvement AGIR-Les Leaders, Thierno Bocoum a r\u00e9agi en saluant l\u2019arriv\u00e9e des nouveaux ministres, tout en regrettant l\u2019absence de signaux de sobri\u00e9t\u00e9 et en d\u00e9non\u00e7ant des choix qu\u2019il juge dangereux pour la d\u00e9mocratie [&hellip;]","og_url":"https:\/\/www.nettali.com\/2025\/09\/07\/reamenagement-du-gouvernement-\u200e-thierno-bocoum-entre-felicitations-regrets-et-vives-denonciations\/","og_site_name":"Nettali.com","article_publisher":"https:\/\/www.facebook.com\/nettalicom","article_published_time":"2025-09-07T01:31:27+00:00","article_modified_time":"2025-09-07T01:33:43+00:00","og_image":[{"width":650,"height":391,"url":"https:\/\/www.nettali.com\/wp-content\/uploads\/2025\/08\/Thierno-Bocoum-ne-sera-pas-candidat-a-la-Presidentielle-de-2024-Pas-de-parodie-politique_thumbnail.jpg","type":"image\/jpeg"}],"twitter_card":"summary_large_image","twitter_misc":{"\u00c9crit par":"Fatou","Dur\u00e9e de lecture estim\u00e9e":"3 minutes"},"schema":{"@context":"https:\/\/schema.org","@graph":[{"@type":"WebSite","@id":"https:\/\/www.nettali.com\/#website","url":"https:\/\/www.nettali.com\/","name":"Nettali.com","description":"Le rendez-vous critique du Net","potentialAction":[{"@type":"SearchAction","target":{"@type":"EntryPoint","urlTemplate":"https:\/\/www.nettali.com\/?s={search_term_string}"},"query-input":"required name=search_term_string"}],"inLanguage":"fr-FR"},{"@type":"ImageObject","@id":"https:\/\/www.nettali.com\/2025\/09\/07\/reamenagement-du-gouvernement-%e2%80%8e-thierno-bocoum-entre-felicitations-regrets-et-vives-denonciations\/#primaryimage","inLanguage":"fr-FR","url":"https:\/\/www.nettali.com\/wp-content\/uploads\/2025\/08\/Thierno-Bocoum-ne-sera-pas-candidat-a-la-Presidentielle-de-2024-Pas-de-parodie-politique_thumbnail.jpg","contentUrl":"https:\/\/www.nettali.com\/wp-content\/uploads\/2025\/08\/Thierno-Bocoum-ne-sera-pas-candidat-a-la-Presidentielle-de-2024-Pas-de-parodie-politique_thumbnail.jpg","width":650,"height":391},{"@type":"WebPage","@id":"https:\/\/www.nettali.com\/2025\/09\/07\/reamenagement-du-gouvernement-%e2%80%8e-thierno-bocoum-entre-felicitations-regrets-et-vives-denonciations\/#webpage","url":"https:\/\/www.nettali.com\/2025\/09\/07\/reamenagement-du-gouvernement-%e2%80%8e-thierno-bocoum-entre-felicitations-regrets-et-vives-denonciations\/","name":"REAMENAGEMENT DU GOUVERNEMENT-\u00a0 \u200e Thierno Bocoum entre f\u00e9licitations, regrets et vives d\u00e9nonciations | Nettali.com","isPartOf":{"@id":"https:\/\/www.nettali.com\/#website"},"primaryImageOfPage":{"@id":"https:\/\/www.nettali.com\/2025\/09\/07\/reamenagement-du-gouvernement-%e2%80%8e-thierno-bocoum-entre-felicitations-regrets-et-vives-denonciations\/#primaryimage"},"datePublished":"2025-09-07T01:31:27+00:00","dateModified":"2025-09-07T01:33:43+00:00","author":{"@id":"https:\/\/www.nettali.com\/#\/schema\/person\/418274a86bdf87caff7a3ef476bd0bbf"},"breadcrumb":{"@id":"https:\/\/www.nettali.com\/2025\/09\/07\/reamenagement-du-gouvernement-%e2%80%8e-thierno-bocoum-entre-felicitations-regrets-et-vives-denonciations\/#breadcrumb"},"inLanguage":"fr-FR","potentialAction":[{"@type":"ReadAction","target":["https:\/\/www.nettali.com\/2025\/09\/07\/reamenagement-du-gouvernement-%e2%80%8e-thierno-bocoum-entre-felicitations-regrets-et-vives-denonciations\/"]}]},{"@type":"BreadcrumbList","@id":"https:\/\/www.nettali.com\/2025\/09\/07\/reamenagement-du-gouvernement-%e2%80%8e-thierno-bocoum-entre-felicitations-regrets-et-vives-denonciations\/#breadcrumb","itemListElement":[{"@type":"ListItem","position":1,"name":"Accueil","item":"https:\/\/www.nettali.com\/"},{"@type":"ListItem","position":2,"name":"REAMENAGEMENT DU GOUVERNEMENT-\u00a0 \u200e Thierno Bocoum entre f\u00e9licitations, regrets et vives d\u00e9nonciations"}]},{"@type":"Person","@id":"https:\/\/www.nettali.com\/#\/schema\/person\/418274a86bdf87caff7a3ef476bd0bbf","name":"Fatou","image":{"@type":"ImageObject","@id":"https:\/\/www.nettali.com\/#personlogo","inLanguage":"fr-FR","url":"https:\/\/secure.gravatar.com\/avatar\/5a9442a2bee7b4dcf167cab035858e9a?s=96&d=mm&r=g","contentUrl":"https:\/\/secure.gravatar.com\/avatar\/5a9442a2bee7b4dcf167cab035858e9a?s=96&d=mm&r=g","caption":"Fatou"},"sameAs":["https:\/\/www.nettali.com"]}]}},"_links":{"self":[{"href":"https:\/\/www.nettali.com\/rest\/wp\/v2\/posts\/160810"}],"collection":[{"href":"https:\/\/www.nettali.com\/rest\/wp\/v2\/posts"}],"about":[{"href":"https:\/\/www.nettali.com\/rest\/wp\/v2\/types\/post"}],"author":[{"embeddable":true,"href":"https:\/\/www.nettali.com\/rest\/wp\/v2\/users\/6"}],"replies":[{"embeddable":true,"href":"https:\/\/www.nettali.com\/rest\/wp\/v2\/comments?post=160810"}],"version-history":[{"count":4,"href":"https:\/\/www.nettali.com\/rest\/wp\/v2\/posts\/160810\/revisions"}],"predecessor-version":[{"id":160817,"href":"https:\/\/www.nettali.com\/rest\/wp\/v2\/posts\/160810\/revisions\/160817"}],"wp:featuredmedia":[{"embeddable":true,"href":"https:\/\/www.nettali.com\/rest\/wp\/v2\/media\/160116"}],"wp:attachment":[{"href":"https:\/\/www.nettali.com\/rest\/wp\/v2\/media?parent=160810"}],"wp:term":[{"taxonomy":"category","embeddable":true,"href":"https:\/\/www.nettali.com\/rest\/wp\/v2\/categories?post=160810"},{"taxonomy":"post_tag","embeddable":true,"href":"https:\/\/www.nettali.com\/rest\/wp\/v2\/tags?post=160810"}],"curies":[{"name":"wp","href":"https:\/\/api.w.org\/{rel}","templated":true}]}}