{"id":160806,"date":"2025-09-07T06:53:46","date_gmt":"2025-09-07T06:53:46","guid":{"rendered":"https:\/\/www.nettali.com\/?p=160806"},"modified":"2025-09-07T00:58:09","modified_gmt":"2025-09-07T00:58:09","slug":"ces-ministres-qui-ont-quitte-le-gouvernement-sonko-un-reamenagement-sous-le-signe-des-ajustements-strategiques","status":"publish","type":"post","link":"https:\/\/www.nettali.com\/2025\/09\/07\/ces-ministres-qui-ont-quitte-le-gouvernement-sonko-un-reamenagement-sous-le-signe-des-ajustements-strategiques\/","title":{"rendered":"CES MINISTRES QUI ONT QUITT\u00c9 LE GOUVERNEMENT SONKO - Un r\u00e9am\u00e9nagement sous le signe des ajustements strat\u00e9giques"},"content":{"rendered":"<p><strong>NETTALI.COM - Le gouvernement de 31 membres, dont la nouvelle composition a \u00e9t\u00e9 d\u00e9voil\u00e9e samedi soir, marque une \u00e9tape importante dans la trajectoire du tandem Bassirou Diomaye Faye \u2013 Ousmane Sonko. Si le d\u00e9part de certains ministres s\u2019explique par des dynamiques politiques ou institutionnelles, l\u2019arriv\u00e9e de nouveaux profils t\u00e9moigne d\u2019une volont\u00e9 de consolider l\u2019action gouvernementale et de corriger ce qu\u2019ils consid\u00e8rent comme des fragilit\u00e9s.<\/strong><\/p>\n<p>Deux figures majeures quittent l\u2019\u00e9quipe :<\/p>\n<ul>\n<li>Ousmane Diagne, ministre de la Justice, dont la gestion a parfois suscit\u00e9 des d\u00e9bats houleux autour de la r\u00e9forme judiciaire et des dossiers sensibles li\u00e9s \u00e0 la reddition des comptes.<\/li>\n<li>Jean-Baptiste Tine, ministre de l\u2019Int\u00e9rieur, dont le d\u00e9part intervient alors que son d\u00e9partement \u00e9tait au c\u0153ur des enjeux s\u00e9curitaires et \u00e9lectoraux.<\/li>\n<\/ul>\n<p>Ces d\u00e9parts traduisent autant une redistribution des cartes qu\u2019un signal politique : le gouvernement Sonko ne s\u2019interdit pas de se s\u00e9parer de personnalit\u00e9s fortes si les r\u00e9sultats ou la coh\u00e9sion que le Premier ministre esp\u00e8re ne sont pas au rendez-vous.<\/p>\n<ul>\n<li>Yassine Fall, ex-ministre des Affaires \u00e9trang\u00e8res, prend le portefeuille de la Justice. Son profil diplomatique et sa r\u00e9putation d\u2019intransigeance pourraient donner le souffle voulu par Sonko \u00e0 un d\u00e9partement central dans l\u2019agenda du r\u00e9gime, marqu\u00e9 par la lutte contre l\u2019impunit\u00e9 et la r\u00e9forme des institutions.<\/li>\n<li>Mouhamadou Bamba Ciss\u00e9 h\u00e9rite du minist\u00e8re de l\u2019Int\u00e9rieur et de la S\u00e9curit\u00e9 publique. Il devra g\u00e9rer un portefeuille ultrasensible, entre s\u00e9curisation du territoire et organisation des scrutins.<\/li>\n<li>D\u00e9thi\u00e9 Fall, alli\u00e9 strat\u00e9gique du pr\u00e9sident et du Premier ministre, arrive aux Infrastructures, secteur cl\u00e9 pour l\u2019emploi et l\u2019am\u00e9nagement du territoire.<\/li>\n<li>Amadou Ba prend la Culture et l\u2019Artisanat, un champ \u00e0 fort potentiel \u00e9conomique et identitaire.<\/li>\n<li>Cheikh Niang, diplomate chevronn\u00e9, devient ministre de l\u2019Int\u00e9gration africaine, des Affaires \u00e9trang\u00e8res et des S\u00e9n\u00e9galais de l\u2019ext\u00e9rieur, preuve de l\u2019importance accord\u00e9e au rayonnement international du S\u00e9n\u00e9gal.<\/li>\n<li>Marie Rose Khady Fatou Faye est nomm\u00e9e secr\u00e9taire d\u2019\u00c9tat aupr\u00e8s du Premier ministre, charg\u00e9e des Relations avec les institutions, et devient de facto le nouveau visage de la communication gouvernementale.<\/li>\n<\/ul>\n<p>Le Premier ministre Ousmane Sonko a justifi\u00e9 ce r\u00e9am\u00e9nagement par deux \u00e9l\u00e9ments :<\/p>\n<ol>\n<li>La d\u00e9mission d\u2019Abbas Fall, \u00e9lu maire de Dakar, qui a oblig\u00e9 \u00e0 redistribuer les portefeuilles.<\/li>\n<li>L\u2019\u00e9valuation du travail gouvernemental, dont les \u00ab le\u00e7ons \u00bb et \u00ab conclusions \u00bb ont abouti \u00e0 une redistribution des responsabilit\u00e9s.<\/li>\n<\/ol>\n<p>Avec la nouvelle \u00e9quipe, le duo Sonko-Diomaye esp\u00e8re maintenir la coh\u00e9sion politique, en donnant des gages aux alli\u00e9s tout en sanctionnant ce qu\u2019il consid\u00e8re comme des contre-performances, acc\u00e9l\u00e9rer la mise en \u0153uvre des r\u00e9formes, notamment dans la justice, la s\u00e9curit\u00e9 et les infrastructures, rassurer \u00e0 l\u2019international, avec un nouveau leadership diplomatique confi\u00e9 \u00e0 Cheikh Niang et am\u00e9liorer la communication gouvernementale, en d\u00e9signant une porte-parole identifi\u00e9e, capable de canaliser les messages du pouvoir.<\/p>\n<p>En d\u00e9finitive, ce remaniement ne bouleverse pas l\u2019architecture du gouvernement, mais il traduit une volont\u00e9 claire : corriger le tir, affiner l\u2019\u00e9quipe et renforcer la cr\u00e9dibilit\u00e9 du projet Sonko-Faye, dans un contexte de fortes attentes sociales et \u00e9conomiques. Reste \u00e0 savoir si cette nouvelle \u00e9quipe pourra atteindre ces objectifs.<\/p>\n<p>&nbsp;<\/p>\n<div class='share-to-whatsapp-wrapper'><div class='share-on-whsp'>PARTAGER SUR : <\/div><a data-text='CES MINISTRES QUI ONT QUITT\u00c9 LE GOUVERNEMENT SONKO - Un r\u00e9am\u00e9nagement sous le signe des ajustements strat\u00e9giques' data-link='https:\/\/www.nettali.com\/2025\/09\/07\/ces-ministres-qui-ont-quitte-le-gouvernement-sonko-un-reamenagement-sous-le-signe-des-ajustements-strategiques\/' class='whatsapp-button whatsapp-share'>WhatsApp<\/a><div class='clear '><\/div><\/div>","protected":false},"excerpt":{"rendered":"<p>NETTALI.COM - Le gouvernement de 31 membres, dont la nouvelle composition a \u00e9t\u00e9 d\u00e9voil\u00e9e samedi soir, marque une \u00e9tape importante dans la trajectoire du tandem Bassirou Diomaye Faye \u2013 Ousmane Sonko. Si le d\u00e9part de certains ministres s\u2019explique par des dynamiques politiques ou institutionnelles, l\u2019arriv\u00e9e de nouveaux profils t\u00e9moigne d\u2019une volont\u00e9 de consolider l\u2019action gouvernementale [&hellip;]<\/p>\n","protected":false},"author":4,"featured_media":160808,"comment_status":"open","ping_status":"open","sticky":false,"template":"","format":"standard","meta":{"_et_pb_use_builder":"","_et_pb_old_content":""},"categories":[2],"tags":[],"yoast_head":"<!-- This site is optimized with the Yoast SEO Premium plugin v17.8 (Yoast SEO v17.8) - https:\/\/yoast.com\/wordpress\/plugins\/seo\/ -->\n<title>CES MINISTRES QUI ONT QUITT\u00c9 LE GOUVERNEMENT SONKO - Un r\u00e9am\u00e9nagement sous le signe des ajustements strat\u00e9giques | Nettali.com<\/title>\n<meta name=\"robots\" content=\"index, follow, max-snippet:-1, max-image-preview:large, max-video-preview:-1\" \/>\n<link rel=\"canonical\" href=\"https:\/\/www.nettali.com\/2025\/09\/07\/ces-ministres-qui-ont-quitte-le-gouvernement-sonko-un-reamenagement-sous-le-signe-des-ajustements-strategiques\/\" \/>\n<meta property=\"og:locale\" content=\"fr_FR\" \/>\n<meta property=\"og:type\" content=\"article\" \/>\n<meta property=\"og:title\" content=\"CES MINISTRES QUI ONT QUITT\u00c9 LE GOUVERNEMENT SONKO - Un r\u00e9am\u00e9nagement sous le signe des ajustements strat\u00e9giques\" \/>\n<meta property=\"og:description\" content=\"NETTALI.COM - Le gouvernement de 31 membres, dont la nouvelle composition a \u00e9t\u00e9 d\u00e9voil\u00e9e samedi soir, marque une \u00e9tape importante dans la trajectoire du tandem Bassirou Diomaye Faye \u2013 Ousmane Sonko. Si le d\u00e9part de certains ministres s\u2019explique par des dynamiques politiques ou institutionnelles, l\u2019arriv\u00e9e de nouveaux profils t\u00e9moigne d\u2019une volont\u00e9 de consolider l\u2019action gouvernementale [&hellip;]\" \/>\n<meta property=\"og:url\" content=\"https:\/\/www.nettali.com\/2025\/09\/07\/ces-ministres-qui-ont-quitte-le-gouvernement-sonko-un-reamenagement-sous-le-signe-des-ajustements-strategiques\/\" \/>\n<meta property=\"og:site_name\" content=\"Nettali.com\" \/>\n<meta property=\"article:publisher\" content=\"https:\/\/www.facebook.com\/nettalicom\" \/>\n<meta property=\"article:published_time\" content=\"2025-09-07T06:53:46+00:00\" \/>\n<meta property=\"article:modified_time\" content=\"2025-09-07T00:58:09+00:00\" \/>\n<meta property=\"og:image\" content=\"https:\/\/www.nettali.com\/wp-content\/uploads\/2025\/09\/Depart.jpg\" \/>\n\t<meta property=\"og:image:width\" content=\"1633\" \/>\n\t<meta property=\"og:image:height\" content=\"977\" \/>\n<meta name=\"twitter:card\" content=\"summary_large_image\" \/>\n<meta name=\"twitter:label1\" content=\"\u00c9crit par\" \/>\n\t<meta name=\"twitter:data1\" content=\"Daouda\" \/>\n\t<meta name=\"twitter:label2\" content=\"Dur\u00e9e de lecture estim\u00e9e\" \/>\n\t<meta name=\"twitter:data2\" content=\"3 minutes\" \/>\n<script type=\"application\/ld+json\" class=\"yoast-schema-graph\">{\"@context\":\"https:\/\/schema.org\",\"@graph\":[{\"@type\":\"WebSite\",\"@id\":\"https:\/\/www.nettali.com\/#website\",\"url\":\"https:\/\/www.nettali.com\/\",\"name\":\"Nettali.com\",\"description\":\"Le rendez-vous critique du Net\",\"potentialAction\":[{\"@type\":\"SearchAction\",\"target\":{\"@type\":\"EntryPoint\",\"urlTemplate\":\"https:\/\/www.nettali.com\/?s={search_term_string}\"},\"query-input\":\"required name=search_term_string\"}],\"inLanguage\":\"fr-FR\"},{\"@type\":\"ImageObject\",\"@id\":\"https:\/\/www.nettali.com\/2025\/09\/07\/ces-ministres-qui-ont-quitte-le-gouvernement-sonko-un-reamenagement-sous-le-signe-des-ajustements-strategiques\/#primaryimage\",\"inLanguage\":\"fr-FR\",\"url\":\"https:\/\/www.nettali.com\/wp-content\/uploads\/2025\/09\/Depart.jpg\",\"contentUrl\":\"https:\/\/www.nettali.com\/wp-content\/uploads\/2025\/09\/Depart.jpg\",\"width\":1633,\"height\":977},{\"@type\":\"WebPage\",\"@id\":\"https:\/\/www.nettali.com\/2025\/09\/07\/ces-ministres-qui-ont-quitte-le-gouvernement-sonko-un-reamenagement-sous-le-signe-des-ajustements-strategiques\/#webpage\",\"url\":\"https:\/\/www.nettali.com\/2025\/09\/07\/ces-ministres-qui-ont-quitte-le-gouvernement-sonko-un-reamenagement-sous-le-signe-des-ajustements-strategiques\/\",\"name\":\"CES MINISTRES QUI ONT QUITT\\u00c9 LE GOUVERNEMENT SONKO - Un r\\u00e9am\\u00e9nagement sous le signe des ajustements strat\\u00e9giques | Nettali.com\",\"isPartOf\":{\"@id\":\"https:\/\/www.nettali.com\/#website\"},\"primaryImageOfPage\":{\"@id\":\"https:\/\/www.nettali.com\/2025\/09\/07\/ces-ministres-qui-ont-quitte-le-gouvernement-sonko-un-reamenagement-sous-le-signe-des-ajustements-strategiques\/#primaryimage\"},\"datePublished\":\"2025-09-07T06:53:46+00:00\",\"dateModified\":\"2025-09-07T00:58:09+00:00\",\"author\":{\"@id\":\"https:\/\/www.nettali.com\/#\/schema\/person\/3317e0bb3aa1da309fbf7b2780901bf4\"},\"breadcrumb\":{\"@id\":\"https:\/\/www.nettali.com\/2025\/09\/07\/ces-ministres-qui-ont-quitte-le-gouvernement-sonko-un-reamenagement-sous-le-signe-des-ajustements-strategiques\/#breadcrumb\"},\"inLanguage\":\"fr-FR\",\"potentialAction\":[{\"@type\":\"ReadAction\",\"target\":[\"https:\/\/www.nettali.com\/2025\/09\/07\/ces-ministres-qui-ont-quitte-le-gouvernement-sonko-un-reamenagement-sous-le-signe-des-ajustements-strategiques\/\"]}]},{\"@type\":\"BreadcrumbList\",\"@id\":\"https:\/\/www.nettali.com\/2025\/09\/07\/ces-ministres-qui-ont-quitte-le-gouvernement-sonko-un-reamenagement-sous-le-signe-des-ajustements-strategiques\/#breadcrumb\",\"itemListElement\":[{\"@type\":\"ListItem\",\"position\":1,\"name\":\"Accueil\",\"item\":\"https:\/\/www.nettali.com\/\"},{\"@type\":\"ListItem\",\"position\":2,\"name\":\"CES MINISTRES QUI ONT QUITT\\u00c9 LE GOUVERNEMENT SONKO - Un r\\u00e9am\\u00e9nagement sous le signe des ajustements strat\\u00e9giques\"}]},{\"@type\":\"Person\",\"@id\":\"https:\/\/www.nettali.com\/#\/schema\/person\/3317e0bb3aa1da309fbf7b2780901bf4\",\"name\":\"Daouda\",\"image\":{\"@type\":\"ImageObject\",\"@id\":\"https:\/\/www.nettali.com\/#personlogo\",\"inLanguage\":\"fr-FR\",\"url\":\"https:\/\/secure.gravatar.com\/avatar\/8d143b5a49345098ddcfee1c49c2f47c?s=96&d=mm&r=g\",\"contentUrl\":\"https:\/\/secure.gravatar.com\/avatar\/8d143b5a49345098ddcfee1c49c2f47c?s=96&d=mm&r=g\",\"caption\":\"Daouda\"},\"sameAs\":[\"https:\/\/www.nettali.com\"]}]}<\/script>\n<!-- \/ Yoast SEO Premium plugin. -->","yoast_head_json":{"title":"CES MINISTRES QUI ONT QUITT\u00c9 LE GOUVERNEMENT SONKO - Un r\u00e9am\u00e9nagement sous le signe des ajustements strat\u00e9giques | Nettali.com","robots":{"index":"index","follow":"follow","max-snippet":"max-snippet:-1","max-image-preview":"max-image-preview:large","max-video-preview":"max-video-preview:-1"},"canonical":"https:\/\/www.nettali.com\/2025\/09\/07\/ces-ministres-qui-ont-quitte-le-gouvernement-sonko-un-reamenagement-sous-le-signe-des-ajustements-strategiques\/","og_locale":"fr_FR","og_type":"article","og_title":"CES MINISTRES QUI ONT QUITT\u00c9 LE GOUVERNEMENT SONKO - Un r\u00e9am\u00e9nagement sous le signe des ajustements strat\u00e9giques","og_description":"NETTALI.COM - Le gouvernement de 31 membres, dont la nouvelle composition a \u00e9t\u00e9 d\u00e9voil\u00e9e samedi soir, marque une \u00e9tape importante dans la trajectoire du tandem Bassirou Diomaye Faye \u2013 Ousmane Sonko. Si le d\u00e9part de certains ministres s\u2019explique par des dynamiques politiques ou institutionnelles, l\u2019arriv\u00e9e de nouveaux profils t\u00e9moigne d\u2019une volont\u00e9 de consolider l\u2019action gouvernementale [&hellip;]","og_url":"https:\/\/www.nettali.com\/2025\/09\/07\/ces-ministres-qui-ont-quitte-le-gouvernement-sonko-un-reamenagement-sous-le-signe-des-ajustements-strategiques\/","og_site_name":"Nettali.com","article_publisher":"https:\/\/www.facebook.com\/nettalicom","article_published_time":"2025-09-07T06:53:46+00:00","article_modified_time":"2025-09-07T00:58:09+00:00","og_image":[{"width":1633,"height":977,"url":"https:\/\/www.nettali.com\/wp-content\/uploads\/2025\/09\/Depart.jpg","type":"image\/jpeg"}],"twitter_card":"summary_large_image","twitter_misc":{"\u00c9crit par":"Daouda","Dur\u00e9e de lecture estim\u00e9e":"3 minutes"},"schema":{"@context":"https:\/\/schema.org","@graph":[{"@type":"WebSite","@id":"https:\/\/www.nettali.com\/#website","url":"https:\/\/www.nettali.com\/","name":"Nettali.com","description":"Le rendez-vous critique du Net","potentialAction":[{"@type":"SearchAction","target":{"@type":"EntryPoint","urlTemplate":"https:\/\/www.nettali.com\/?s={search_term_string}"},"query-input":"required name=search_term_string"}],"inLanguage":"fr-FR"},{"@type":"ImageObject","@id":"https:\/\/www.nettali.com\/2025\/09\/07\/ces-ministres-qui-ont-quitte-le-gouvernement-sonko-un-reamenagement-sous-le-signe-des-ajustements-strategiques\/#primaryimage","inLanguage":"fr-FR","url":"https:\/\/www.nettali.com\/wp-content\/uploads\/2025\/09\/Depart.jpg","contentUrl":"https:\/\/www.nettali.com\/wp-content\/uploads\/2025\/09\/Depart.jpg","width":1633,"height":977},{"@type":"WebPage","@id":"https:\/\/www.nettali.com\/2025\/09\/07\/ces-ministres-qui-ont-quitte-le-gouvernement-sonko-un-reamenagement-sous-le-signe-des-ajustements-strategiques\/#webpage","url":"https:\/\/www.nettali.com\/2025\/09\/07\/ces-ministres-qui-ont-quitte-le-gouvernement-sonko-un-reamenagement-sous-le-signe-des-ajustements-strategiques\/","name":"CES MINISTRES QUI ONT QUITT\u00c9 LE GOUVERNEMENT SONKO - Un r\u00e9am\u00e9nagement sous le signe des ajustements strat\u00e9giques | Nettali.com","isPartOf":{"@id":"https:\/\/www.nettali.com\/#website"},"primaryImageOfPage":{"@id":"https:\/\/www.nettali.com\/2025\/09\/07\/ces-ministres-qui-ont-quitte-le-gouvernement-sonko-un-reamenagement-sous-le-signe-des-ajustements-strategiques\/#primaryimage"},"datePublished":"2025-09-07T06:53:46+00:00","dateModified":"2025-09-07T00:58:09+00:00","author":{"@id":"https:\/\/www.nettali.com\/#\/schema\/person\/3317e0bb3aa1da309fbf7b2780901bf4"},"breadcrumb":{"@id":"https:\/\/www.nettali.com\/2025\/09\/07\/ces-ministres-qui-ont-quitte-le-gouvernement-sonko-un-reamenagement-sous-le-signe-des-ajustements-strategiques\/#breadcrumb"},"inLanguage":"fr-FR","potentialAction":[{"@type":"ReadAction","target":["https:\/\/www.nettali.com\/2025\/09\/07\/ces-ministres-qui-ont-quitte-le-gouvernement-sonko-un-reamenagement-sous-le-signe-des-ajustements-strategiques\/"]}]},{"@type":"BreadcrumbList","@id":"https:\/\/www.nettali.com\/2025\/09\/07\/ces-ministres-qui-ont-quitte-le-gouvernement-sonko-un-reamenagement-sous-le-signe-des-ajustements-strategiques\/#breadcrumb","itemListElement":[{"@type":"ListItem","position":1,"name":"Accueil","item":"https:\/\/www.nettali.com\/"},{"@type":"ListItem","position":2,"name":"CES MINISTRES QUI ONT QUITT\u00c9 LE GOUVERNEMENT SONKO - Un r\u00e9am\u00e9nagement sous le signe des ajustements strat\u00e9giques"}]},{"@type":"Person","@id":"https:\/\/www.nettali.com\/#\/schema\/person\/3317e0bb3aa1da309fbf7b2780901bf4","name":"Daouda","image":{"@type":"ImageObject","@id":"https:\/\/www.nettali.com\/#personlogo","inLanguage":"fr-FR","url":"https:\/\/secure.gravatar.com\/avatar\/8d143b5a49345098ddcfee1c49c2f47c?s=96&d=mm&r=g","contentUrl":"https:\/\/secure.gravatar.com\/avatar\/8d143b5a49345098ddcfee1c49c2f47c?s=96&d=mm&r=g","caption":"Daouda"},"sameAs":["https:\/\/www.nettali.com"]}]}},"_links":{"self":[{"href":"https:\/\/www.nettali.com\/rest\/wp\/v2\/posts\/160806"}],"collection":[{"href":"https:\/\/www.nettali.com\/rest\/wp\/v2\/posts"}],"about":[{"href":"https:\/\/www.nettali.com\/rest\/wp\/v2\/types\/post"}],"author":[{"embeddable":true,"href":"https:\/\/www.nettali.com\/rest\/wp\/v2\/users\/4"}],"replies":[{"embeddable":true,"href":"https:\/\/www.nettali.com\/rest\/wp\/v2\/comments?post=160806"}],"version-history":[{"count":1,"href":"https:\/\/www.nettali.com\/rest\/wp\/v2\/posts\/160806\/revisions"}],"predecessor-version":[{"id":160809,"href":"https:\/\/www.nettali.com\/rest\/wp\/v2\/posts\/160806\/revisions\/160809"}],"wp:featuredmedia":[{"embeddable":true,"href":"https:\/\/www.nettali.com\/rest\/wp\/v2\/media\/160808"}],"wp:attachment":[{"href":"https:\/\/www.nettali.com\/rest\/wp\/v2\/media?parent=160806"}],"wp:term":[{"taxonomy":"category","embeddable":true,"href":"https:\/\/www.nettali.com\/rest\/wp\/v2\/categories?post=160806"},{"taxonomy":"post_tag","embeddable":true,"href":"https:\/\/www.nettali.com\/rest\/wp\/v2\/tags?post=160806"}],"curies":[{"name":"wp","href":"https:\/\/api.w.org\/{rel}","templated":true}]}}