{"id":160791,"date":"2025-09-07T03:33:04","date_gmt":"2025-09-07T03:33:04","guid":{"rendered":"https:\/\/www.nettali.com\/?p=160791"},"modified":"2025-09-08T08:46:46","modified_gmt":"2025-09-08T08:46:46","slug":"polemiques-sur-les-accreditations-la-presse-sportive-tire-sur-la-fsf","status":"publish","type":"post","link":"https:\/\/www.nettali.com\/2025\/09\/07\/polemiques-sur-les-accreditations-la-presse-sportive-tire-sur-la-fsf\/","title":{"rendered":"POL\u00c9MIQUES SUR LES ACCR\u00c9DITATIONS - La presse sportive tire sur la F\u00e9d\u00e9ration de football"},"content":{"rendered":"<p><strong>NETTALI.COM - Ce qui devait \u00eatre une grande f\u00eate du football, s\u2019est transform\u00e9 en source de frustration pour de nombreux journalistes s\u00e9n\u00e9galais. \u00c0 l\u2019occasion du match S\u00e9n\u00e9gal vs Soudan, une vive pol\u00e9mique a \u00e9clat\u00e9 autour de la gestion des accr\u00e9ditations et de l\u2019acc\u00e8s \u00e0 la zone mixte. Plusieurs reporters se sont vu interdire l\u2019entr\u00e9e \u00e0 ces espaces cruciaux, malgr\u00e9 des badges en r\u00e8gle. Une situation que la presse juge injuste et discriminatoire.<\/strong><\/p>\n<p>Les journalistes sportifs n'ont pas leur col\u00e8re, ce vendredi au stade Abdoulaye Wade de Diamniadio. A la fin du match S\u00e9n\u00e9gal vs Soudan (2-0), plusieurs d'entre eux ont vivement d\u00e9nonc\u00e9 des pratiques jug\u00e9es arbitraires et opaques.<\/p>\n<p><strong>Des journalistes accr\u00e9dit\u00e9s refoul\u00e9s sans explication<\/strong><\/p>\n<p>De nombreux journalistes, pourtant d\u00e9tenteurs de badges valides, ont \u00e9t\u00e9 emp\u00each\u00e9s d\u2019acc\u00e9der \u00e0 la zone mixte apr\u00e8s le match. Parmi eux, Fatou Bintou, journaliste \u00e0 la RTS, disposait d\u2019un badge \"All Access\", cens\u00e9 donner acc\u00e8s \u00e0 tous les espaces m\u00e9dias. Malgr\u00e9 cela, elle s\u2019est vu refuser l\u2019entr\u00e9e sans la moindre justification.<\/p>\n<p>Ces professionnels d\u00e9noncent une organisation d\u00e9faillante, sans communication claire, ni crit\u00e8res transparents concernant les autorisations d\u2019acc\u00e8s aux diff\u00e9rentes zones.<\/p>\n<p><strong>Accr\u00e9ditations s\u00e9lectives : des professionnels \u00e9cart\u00e9s, des influenceurs privil\u00e9gi\u00e9s<\/strong><\/p>\n<p>Toujours selon\u00a0nos sources, certains journalistes de renom, comme\u00a0Abdoulaye Thiam, pr\u00e9sident de l\u2019Association nationale de la presse sportive (ANPS) et figure importante de l\u2019AIPS Afrique, n\u2019ont m\u00eame pas obtenu d\u2019accr\u00e9ditation. Une d\u00e9cision qualifi\u00e9e de scandaleuse dans les milieux professionnels.<\/p>\n<p>Pendant ce temps, des\u00a0influenceurs\u00a0ou profils non identifi\u00e9s, visiblement \u00e9trangers au milieu journalistique traditionnel, ont pu obtenir des badges num\u00e9riques ou physiques leur permettant un acc\u00e8s total aux zones sensibles. Ce traitement diff\u00e9renci\u00e9 a aliment\u00e9 les soup\u00e7ons de\u00a0copinage\u00a0et de\u00a0favoritisme.<\/p>\n<p><strong>Une gestion jug\u00e9e discriminatoire<\/strong><\/p>\n<p>Le filtrage \u00e0 l\u2019entr\u00e9e des zones presse a \u00e9t\u00e9 v\u00e9cu comme une humiliation. L\u2019article de Seneweb rapporte que Fama Ngom, responsable de l\u2019accueil presse ce jour-l\u00e0, demandait \u00e0 chaque journaliste : \"<em>Fo bok<\/em> ?\" (Tu es avec qui ?), comme pour v\u00e9rifier leur appartenance \u00e0 un groupe consid\u00e9r\u00e9 comme \"<em>autoris\u00e9<\/em>\". Une pratique v\u00e9cue comme une tentative d\u2019exclusion bas\u00e9e sur des affinit\u00e9s personnelles.<\/p>\n<p>En r\u00e9alit\u00e9, Fama Ngom aurait agi sur instruction de Fran\u00e7oise Seck, une responsable de la RTS, afin de limiter l\u2019acc\u00e8s \u00e0 certains journalistes, notamment ceux jug\u00e9s critiques.<\/p>\n<p><strong>Un sympt\u00f4me du recul de la libert\u00e9 de la presse au S\u00e9n\u00e9gal<\/strong><\/p>\n<p>Cet \u00e9pisode survient dans un contexte pr\u00e9occupant pour la presse s\u00e9n\u00e9galaise. Depuis 2021, le pays est pass\u00e9 de la 49e \u00e0 la 94e place au classement mondial de la libert\u00e9 de la presse \u00e9tabli par Reporters sans fronti\u00e8res (RSF), en raison d\u2019arrestations de journalistes, de suspensions de m\u00e9dias et d\u2019intimidations diverses.<\/p>\n<p>L\u2019affaire de Thi\u00e8s en est une nouvelle illustration, mettant en lumi\u00e8re une gestion peu professionnelle et politis\u00e9e des accr\u00e9ditations dans les \u00e9v\u00e9nements officiels.<\/p>\n<p><strong>Silence radio des autorit\u00e9s<\/strong><\/p>\n<p>Ni la F\u00e9d\u00e9ration s\u00e9n\u00e9galaise de football (FSF) ni le minist\u00e8re de la Communication n\u2019ont, pour l\u2019heure, r\u00e9agi \u00e0 la pol\u00e9mique. Les journalistes, eux, appellent \u00e0 une refonte des proc\u00e9dures d\u2019accr\u00e9ditation, plus justes, transparentes et respectueuses du travail des professionnels.<\/p>\n<div class='share-to-whatsapp-wrapper'><div class='share-on-whsp'>PARTAGER SUR : <\/div><a data-text='POL\u00c9MIQUES SUR LES ACCR\u00c9DITATIONS - La presse sportive tire sur la F\u00e9d\u00e9ration de football' data-link='https:\/\/www.nettali.com\/2025\/09\/07\/polemiques-sur-les-accreditations-la-presse-sportive-tire-sur-la-fsf\/' class='whatsapp-button whatsapp-share'>WhatsApp<\/a><div class='clear '><\/div><\/div>","protected":false},"excerpt":{"rendered":"<p>NETTALI.COM - Ce qui devait \u00eatre une grande f\u00eate du football, s\u2019est transform\u00e9 en source de frustration pour de nombreux journalistes s\u00e9n\u00e9galais. \u00c0 l\u2019occasion du match S\u00e9n\u00e9gal vs Soudan, une vive pol\u00e9mique a \u00e9clat\u00e9 autour de la gestion des accr\u00e9ditations et de l\u2019acc\u00e8s \u00e0 la zone mixte. Plusieurs reporters se sont vu interdire l\u2019entr\u00e9e \u00e0 [&hellip;]<\/p>\n","protected":false},"author":5,"featured_media":160787,"comment_status":"open","ping_status":"open","sticky":false,"template":"","format":"standard","meta":{"_et_pb_use_builder":"","_et_pb_old_content":""},"categories":[6],"tags":[],"yoast_head":"<!-- This site is optimized with the Yoast SEO Premium plugin v17.8 (Yoast SEO v17.8) - https:\/\/yoast.com\/wordpress\/plugins\/seo\/ -->\n<title>POL\u00c9MIQUES SUR LES ACCR\u00c9DITATIONS - La presse sportive tire sur la F\u00e9d\u00e9ration de football | Nettali.com<\/title>\n<meta name=\"robots\" content=\"index, follow, max-snippet:-1, max-image-preview:large, max-video-preview:-1\" \/>\n<link rel=\"canonical\" href=\"https:\/\/www.nettali.com\/2025\/09\/07\/polemiques-sur-les-accreditations-la-presse-sportive-tire-sur-la-fsf\/\" \/>\n<meta property=\"og:locale\" content=\"fr_FR\" \/>\n<meta property=\"og:type\" content=\"article\" \/>\n<meta property=\"og:title\" content=\"POL\u00c9MIQUES SUR LES ACCR\u00c9DITATIONS - La presse sportive tire sur la F\u00e9d\u00e9ration de football\" \/>\n<meta property=\"og:description\" content=\"NETTALI.COM - Ce qui devait \u00eatre une grande f\u00eate du football, s\u2019est transform\u00e9 en source de frustration pour de nombreux journalistes s\u00e9n\u00e9galais. \u00c0 l\u2019occasion du match S\u00e9n\u00e9gal vs Soudan, une vive pol\u00e9mique a \u00e9clat\u00e9 autour de la gestion des accr\u00e9ditations et de l\u2019acc\u00e8s \u00e0 la zone mixte. Plusieurs reporters se sont vu interdire l\u2019entr\u00e9e \u00e0 [&hellip;]\" \/>\n<meta property=\"og:url\" content=\"https:\/\/www.nettali.com\/2025\/09\/07\/polemiques-sur-les-accreditations-la-presse-sportive-tire-sur-la-fsf\/\" \/>\n<meta property=\"og:site_name\" content=\"Nettali.com\" \/>\n<meta property=\"article:publisher\" content=\"https:\/\/www.facebook.com\/nettalicom\" \/>\n<meta property=\"article:published_time\" content=\"2025-09-07T03:33:04+00:00\" \/>\n<meta property=\"article:modified_time\" content=\"2025-09-08T08:46:46+00:00\" \/>\n<meta property=\"og:image\" content=\"https:\/\/www.nettali.com\/wp-content\/uploads\/2025\/09\/Screenshot_20250906_135155_Samsung-Internet.jpg\" \/>\n\t<meta property=\"og:image:width\" content=\"1080\" \/>\n\t<meta property=\"og:image:height\" content=\"532\" \/>\n<meta name=\"twitter:card\" content=\"summary_large_image\" \/>\n<meta name=\"twitter:label1\" content=\"\u00c9crit par\" \/>\n\t<meta name=\"twitter:data1\" content=\"Ibrahima\" \/>\n\t<meta name=\"twitter:label2\" content=\"Dur\u00e9e de lecture estim\u00e9e\" \/>\n\t<meta name=\"twitter:data2\" content=\"3 minutes\" \/>\n<script type=\"application\/ld+json\" class=\"yoast-schema-graph\">{\"@context\":\"https:\/\/schema.org\",\"@graph\":[{\"@type\":\"WebSite\",\"@id\":\"https:\/\/www.nettali.com\/#website\",\"url\":\"https:\/\/www.nettali.com\/\",\"name\":\"Nettali.com\",\"description\":\"Le rendez-vous critique du Net\",\"potentialAction\":[{\"@type\":\"SearchAction\",\"target\":{\"@type\":\"EntryPoint\",\"urlTemplate\":\"https:\/\/www.nettali.com\/?s={search_term_string}\"},\"query-input\":\"required name=search_term_string\"}],\"inLanguage\":\"fr-FR\"},{\"@type\":\"ImageObject\",\"@id\":\"https:\/\/www.nettali.com\/2025\/09\/07\/polemiques-sur-les-accreditations-la-presse-sportive-tire-sur-la-fsf\/#primaryimage\",\"inLanguage\":\"fr-FR\",\"url\":\"https:\/\/www.nettali.com\/wp-content\/uploads\/2025\/09\/Screenshot_20250906_135155_Samsung-Internet.jpg\",\"contentUrl\":\"https:\/\/www.nettali.com\/wp-content\/uploads\/2025\/09\/Screenshot_20250906_135155_Samsung-Internet.jpg\",\"width\":1080,\"height\":532},{\"@type\":\"WebPage\",\"@id\":\"https:\/\/www.nettali.com\/2025\/09\/07\/polemiques-sur-les-accreditations-la-presse-sportive-tire-sur-la-fsf\/#webpage\",\"url\":\"https:\/\/www.nettali.com\/2025\/09\/07\/polemiques-sur-les-accreditations-la-presse-sportive-tire-sur-la-fsf\/\",\"name\":\"POL\\u00c9MIQUES SUR LES ACCR\\u00c9DITATIONS - La presse sportive tire sur la F\\u00e9d\\u00e9ration de football | Nettali.com\",\"isPartOf\":{\"@id\":\"https:\/\/www.nettali.com\/#website\"},\"primaryImageOfPage\":{\"@id\":\"https:\/\/www.nettali.com\/2025\/09\/07\/polemiques-sur-les-accreditations-la-presse-sportive-tire-sur-la-fsf\/#primaryimage\"},\"datePublished\":\"2025-09-07T03:33:04+00:00\",\"dateModified\":\"2025-09-08T08:46:46+00:00\",\"author\":{\"@id\":\"https:\/\/www.nettali.com\/#\/schema\/person\/bb147657c2986240405a608162b9bb23\"},\"breadcrumb\":{\"@id\":\"https:\/\/www.nettali.com\/2025\/09\/07\/polemiques-sur-les-accreditations-la-presse-sportive-tire-sur-la-fsf\/#breadcrumb\"},\"inLanguage\":\"fr-FR\",\"potentialAction\":[{\"@type\":\"ReadAction\",\"target\":[\"https:\/\/www.nettali.com\/2025\/09\/07\/polemiques-sur-les-accreditations-la-presse-sportive-tire-sur-la-fsf\/\"]}]},{\"@type\":\"BreadcrumbList\",\"@id\":\"https:\/\/www.nettali.com\/2025\/09\/07\/polemiques-sur-les-accreditations-la-presse-sportive-tire-sur-la-fsf\/#breadcrumb\",\"itemListElement\":[{\"@type\":\"ListItem\",\"position\":1,\"name\":\"Accueil\",\"item\":\"https:\/\/www.nettali.com\/\"},{\"@type\":\"ListItem\",\"position\":2,\"name\":\"POL\\u00c9MIQUES SUR LES ACCR\\u00c9DITATIONS - La presse sportive tire sur la F\\u00e9d\\u00e9ration de football\"}]},{\"@type\":\"Person\",\"@id\":\"https:\/\/www.nettali.com\/#\/schema\/person\/bb147657c2986240405a608162b9bb23\",\"name\":\"Ibrahima\",\"image\":{\"@type\":\"ImageObject\",\"@id\":\"https:\/\/www.nettali.com\/#personlogo\",\"inLanguage\":\"fr-FR\",\"url\":\"https:\/\/secure.gravatar.com\/avatar\/26a8a81f09f0dd7624c9d5c36c9ba3a2?s=96&d=mm&r=g\",\"contentUrl\":\"https:\/\/secure.gravatar.com\/avatar\/26a8a81f09f0dd7624c9d5c36c9ba3a2?s=96&d=mm&r=g\",\"caption\":\"Ibrahima\"},\"sameAs\":[\"https:\/\/www.nettali.com\"]}]}<\/script>\n<!-- \/ Yoast SEO Premium plugin. -->","yoast_head_json":{"title":"POL\u00c9MIQUES SUR LES ACCR\u00c9DITATIONS - La presse sportive tire sur la F\u00e9d\u00e9ration de football | Nettali.com","robots":{"index":"index","follow":"follow","max-snippet":"max-snippet:-1","max-image-preview":"max-image-preview:large","max-video-preview":"max-video-preview:-1"},"canonical":"https:\/\/www.nettali.com\/2025\/09\/07\/polemiques-sur-les-accreditations-la-presse-sportive-tire-sur-la-fsf\/","og_locale":"fr_FR","og_type":"article","og_title":"POL\u00c9MIQUES SUR LES ACCR\u00c9DITATIONS - La presse sportive tire sur la F\u00e9d\u00e9ration de football","og_description":"NETTALI.COM - Ce qui devait \u00eatre une grande f\u00eate du football, s\u2019est transform\u00e9 en source de frustration pour de nombreux journalistes s\u00e9n\u00e9galais. \u00c0 l\u2019occasion du match S\u00e9n\u00e9gal vs Soudan, une vive pol\u00e9mique a \u00e9clat\u00e9 autour de la gestion des accr\u00e9ditations et de l\u2019acc\u00e8s \u00e0 la zone mixte. Plusieurs reporters se sont vu interdire l\u2019entr\u00e9e \u00e0 [&hellip;]","og_url":"https:\/\/www.nettali.com\/2025\/09\/07\/polemiques-sur-les-accreditations-la-presse-sportive-tire-sur-la-fsf\/","og_site_name":"Nettali.com","article_publisher":"https:\/\/www.facebook.com\/nettalicom","article_published_time":"2025-09-07T03:33:04+00:00","article_modified_time":"2025-09-08T08:46:46+00:00","og_image":[{"width":1080,"height":532,"url":"https:\/\/www.nettali.com\/wp-content\/uploads\/2025\/09\/Screenshot_20250906_135155_Samsung-Internet.jpg","type":"image\/jpeg"}],"twitter_card":"summary_large_image","twitter_misc":{"\u00c9crit par":"Ibrahima","Dur\u00e9e de lecture estim\u00e9e":"3 minutes"},"schema":{"@context":"https:\/\/schema.org","@graph":[{"@type":"WebSite","@id":"https:\/\/www.nettali.com\/#website","url":"https:\/\/www.nettali.com\/","name":"Nettali.com","description":"Le rendez-vous critique du Net","potentialAction":[{"@type":"SearchAction","target":{"@type":"EntryPoint","urlTemplate":"https:\/\/www.nettali.com\/?s={search_term_string}"},"query-input":"required name=search_term_string"}],"inLanguage":"fr-FR"},{"@type":"ImageObject","@id":"https:\/\/www.nettali.com\/2025\/09\/07\/polemiques-sur-les-accreditations-la-presse-sportive-tire-sur-la-fsf\/#primaryimage","inLanguage":"fr-FR","url":"https:\/\/www.nettali.com\/wp-content\/uploads\/2025\/09\/Screenshot_20250906_135155_Samsung-Internet.jpg","contentUrl":"https:\/\/www.nettali.com\/wp-content\/uploads\/2025\/09\/Screenshot_20250906_135155_Samsung-Internet.jpg","width":1080,"height":532},{"@type":"WebPage","@id":"https:\/\/www.nettali.com\/2025\/09\/07\/polemiques-sur-les-accreditations-la-presse-sportive-tire-sur-la-fsf\/#webpage","url":"https:\/\/www.nettali.com\/2025\/09\/07\/polemiques-sur-les-accreditations-la-presse-sportive-tire-sur-la-fsf\/","name":"POL\u00c9MIQUES SUR LES ACCR\u00c9DITATIONS - La presse sportive tire sur la F\u00e9d\u00e9ration de football | Nettali.com","isPartOf":{"@id":"https:\/\/www.nettali.com\/#website"},"primaryImageOfPage":{"@id":"https:\/\/www.nettali.com\/2025\/09\/07\/polemiques-sur-les-accreditations-la-presse-sportive-tire-sur-la-fsf\/#primaryimage"},"datePublished":"2025-09-07T03:33:04+00:00","dateModified":"2025-09-08T08:46:46+00:00","author":{"@id":"https:\/\/www.nettali.com\/#\/schema\/person\/bb147657c2986240405a608162b9bb23"},"breadcrumb":{"@id":"https:\/\/www.nettali.com\/2025\/09\/07\/polemiques-sur-les-accreditations-la-presse-sportive-tire-sur-la-fsf\/#breadcrumb"},"inLanguage":"fr-FR","potentialAction":[{"@type":"ReadAction","target":["https:\/\/www.nettali.com\/2025\/09\/07\/polemiques-sur-les-accreditations-la-presse-sportive-tire-sur-la-fsf\/"]}]},{"@type":"BreadcrumbList","@id":"https:\/\/www.nettali.com\/2025\/09\/07\/polemiques-sur-les-accreditations-la-presse-sportive-tire-sur-la-fsf\/#breadcrumb","itemListElement":[{"@type":"ListItem","position":1,"name":"Accueil","item":"https:\/\/www.nettali.com\/"},{"@type":"ListItem","position":2,"name":"POL\u00c9MIQUES SUR LES ACCR\u00c9DITATIONS - La presse sportive tire sur la F\u00e9d\u00e9ration de football"}]},{"@type":"Person","@id":"https:\/\/www.nettali.com\/#\/schema\/person\/bb147657c2986240405a608162b9bb23","name":"Ibrahima","image":{"@type":"ImageObject","@id":"https:\/\/www.nettali.com\/#personlogo","inLanguage":"fr-FR","url":"https:\/\/secure.gravatar.com\/avatar\/26a8a81f09f0dd7624c9d5c36c9ba3a2?s=96&d=mm&r=g","contentUrl":"https:\/\/secure.gravatar.com\/avatar\/26a8a81f09f0dd7624c9d5c36c9ba3a2?s=96&d=mm&r=g","caption":"Ibrahima"},"sameAs":["https:\/\/www.nettali.com"]}]}},"_links":{"self":[{"href":"https:\/\/www.nettali.com\/rest\/wp\/v2\/posts\/160791"}],"collection":[{"href":"https:\/\/www.nettali.com\/rest\/wp\/v2\/posts"}],"about":[{"href":"https:\/\/www.nettali.com\/rest\/wp\/v2\/types\/post"}],"author":[{"embeddable":true,"href":"https:\/\/www.nettali.com\/rest\/wp\/v2\/users\/5"}],"replies":[{"embeddable":true,"href":"https:\/\/www.nettali.com\/rest\/wp\/v2\/comments?post=160791"}],"version-history":[{"count":4,"href":"https:\/\/www.nettali.com\/rest\/wp\/v2\/posts\/160791\/revisions"}],"predecessor-version":[{"id":160835,"href":"https:\/\/www.nettali.com\/rest\/wp\/v2\/posts\/160791\/revisions\/160835"}],"wp:featuredmedia":[{"embeddable":true,"href":"https:\/\/www.nettali.com\/rest\/wp\/v2\/media\/160787"}],"wp:attachment":[{"href":"https:\/\/www.nettali.com\/rest\/wp\/v2\/media?parent=160791"}],"wp:term":[{"taxonomy":"category","embeddable":true,"href":"https:\/\/www.nettali.com\/rest\/wp\/v2\/categories?post=160791"},{"taxonomy":"post_tag","embeddable":true,"href":"https:\/\/www.nettali.com\/rest\/wp\/v2\/tags?post=160791"}],"curies":[{"name":"wp","href":"https:\/\/api.w.org\/{rel}","templated":true}]}}