{"id":160790,"date":"2025-09-06T23:18:18","date_gmt":"2025-09-06T23:18:18","guid":{"rendered":"https:\/\/www.nettali.com\/?p=160790"},"modified":"2025-09-07T00:10:14","modified_gmt":"2025-09-07T00:10:14","slug":"ousmane-sonko-pourquoi-nous-avons-reamenage-le-gouvernement","status":"publish","type":"post","link":"https:\/\/www.nettali.com\/2025\/09\/06\/ousmane-sonko-pourquoi-nous-avons-reamenage-le-gouvernement\/","title":{"rendered":"OUSMANE SONKO : \"Pourquoi nous avons r\u00e9am\u00e9nag\u00e9 le gouvernement\""},"content":{"rendered":"<p><strong>NETTALI.COM - La liste du nouveau gouvernement vient d'\u00eatre publi\u00e9e. Fait important : Yassine Fall remplace Ousmane Diagne au minist\u00e8re de la Justice et l'avocat Ahmadou Bamba Ciss\u00e9 remplace Jean-Baptiste Tine \u00e0 l'Int\u00e9rieur. Le chef du gouvernement a expliqu\u00e9 pourquoi le r\u00e9am\u00e9nagement.\u00a0<\/strong><\/p>\n<p>Ahmadou Bamba Ciss\u00e9, ministre de l'Int\u00e9rieur, D\u00e9thi\u00e9 Fall, ministre des Infrastructures, Yassine Fall, ministre de la Justice, Amadou Ba au d\u00e9partement de la Culture,\u00a0 de l'Artisanat et du Tourisme... Ce sont les principales informations \u00e0 retenir de la liste du nouveau gouvernement. En annon\u00e7ant la composition du nouveau gouvernement, Ousmane Sonko a expliqu\u00e9 les raisons de ce <em>\"r\u00e9am\u00e9nagement\".<\/em><\/p>\n<p>\"<em>Ce r\u00e9am\u00e9nagement est rendu n\u00e9cessaire par la conjonction de deux faits<\/em>\", a expliqu\u00e9 le Premier ministre.<\/p>\n<p>Selon lui, ces deux faits sont li\u00e9s \u00e0 la d\u00e9mission d'Abass Fall \u00e9lu maire de Dakar, mais aussi \u00e0 l'\u00e9valuation faite du fonctionnement du gouvernement et de son organisation.<\/p>\n<p>\"<em>Les le\u00e7ons et les conclusions tir\u00e9es n\u00e9cessitent une r\u00e9organisation. Ce, conform\u00e9ment \u00e0 l'article 49 alin\u00e9a 2 de la Constitution<\/em>\", dit Ousmane Sonko. Qui conclut : \"<em>J'ai pr\u00e9sent\u00e9 un projet de r\u00e9organisation que le pr\u00e9sident de la R\u00e9publique a valid\u00e9<\/em>.\"<\/p>\n<div class='share-to-whatsapp-wrapper'><div class='share-on-whsp'>PARTAGER SUR : <\/div><a data-text='OUSMANE SONKO : \"Pourquoi nous avons r\u00e9am\u00e9nag\u00e9 le gouvernement\"' data-link='https:\/\/www.nettali.com\/2025\/09\/06\/ousmane-sonko-pourquoi-nous-avons-reamenage-le-gouvernement\/' class='whatsapp-button whatsapp-share'>WhatsApp<\/a><div class='clear '><\/div><\/div>","protected":false},"excerpt":{"rendered":"<p>NETTALI.COM - La liste du nouveau gouvernement vient d'\u00eatre publi\u00e9e. Fait important : Yassine Fall remplace Ousmane Diagne au minist\u00e8re de la Justice et l'avocat Ahmadou Bamba Ciss\u00e9 remplace Jean-Baptiste Tine \u00e0 l'Int\u00e9rieur. Le chef du gouvernement a expliqu\u00e9 pourquoi le r\u00e9am\u00e9nagement.\u00a0 Ahmadou Bamba Ciss\u00e9, ministre de l'Int\u00e9rieur, D\u00e9thi\u00e9 Fall, ministre des Infrastructures, Yassine Fall, [&hellip;]<\/p>\n","protected":false},"author":3,"featured_media":160564,"comment_status":"open","ping_status":"open","sticky":false,"template":"","format":"standard","meta":{"_et_pb_use_builder":"","_et_pb_old_content":""},"categories":[2],"tags":[],"yoast_head":"<!-- This site is optimized with the Yoast SEO Premium plugin v17.8 (Yoast SEO v17.8) - https:\/\/yoast.com\/wordpress\/plugins\/seo\/ -->\n<title>OUSMANE SONKO : &quot;Pourquoi nous avons r\u00e9am\u00e9nag\u00e9 le gouvernement&quot; | Nettali.com<\/title>\n<meta name=\"robots\" content=\"index, follow, max-snippet:-1, max-image-preview:large, max-video-preview:-1\" \/>\n<link rel=\"canonical\" href=\"https:\/\/www.nettali.com\/2025\/09\/06\/ousmane-sonko-pourquoi-nous-avons-reamenage-le-gouvernement\/\" \/>\n<meta property=\"og:locale\" content=\"fr_FR\" \/>\n<meta property=\"og:type\" content=\"article\" \/>\n<meta property=\"og:title\" content=\"OUSMANE SONKO : &quot;Pourquoi nous avons r\u00e9am\u00e9nag\u00e9 le gouvernement&quot;\" \/>\n<meta property=\"og:description\" content=\"NETTALI.COM - La liste du nouveau gouvernement vient d&#039;\u00eatre publi\u00e9e. Fait important : Yassine Fall remplace Ousmane Diagne au minist\u00e8re de la Justice et l&#039;avocat Ahmadou Bamba Ciss\u00e9 remplace Jean-Baptiste Tine \u00e0 l&#039;Int\u00e9rieur. Le chef du gouvernement a expliqu\u00e9 pourquoi le r\u00e9am\u00e9nagement.\u00a0 Ahmadou Bamba Ciss\u00e9, ministre de l&#039;Int\u00e9rieur, D\u00e9thi\u00e9 Fall, ministre des Infrastructures, Yassine Fall, [&hellip;]\" \/>\n<meta property=\"og:url\" content=\"https:\/\/www.nettali.com\/2025\/09\/06\/ousmane-sonko-pourquoi-nous-avons-reamenage-le-gouvernement\/\" \/>\n<meta property=\"og:site_name\" content=\"Nettali.com\" \/>\n<meta property=\"article:publisher\" content=\"https:\/\/www.facebook.com\/nettalicom\" \/>\n<meta property=\"article:published_time\" content=\"2025-09-06T23:18:18+00:00\" \/>\n<meta property=\"article:modified_time\" content=\"2025-09-07T00:10:14+00:00\" \/>\n<meta property=\"og:image\" content=\"https:\/\/www.nettali.com\/wp-content\/uploads\/2025\/09\/Ousmane-Sonko-Plan-de-redressement-economique-du-Senegal.jpg\" \/>\n\t<meta property=\"og:image:width\" content=\"2048\" \/>\n\t<meta property=\"og:image:height\" content=\"1364\" \/>\n<meta name=\"twitter:card\" content=\"summary_large_image\" \/>\n<meta name=\"twitter:label1\" content=\"\u00c9crit par\" \/>\n\t<meta name=\"twitter:data1\" content=\"Moustapha\" \/>\n\t<meta name=\"twitter:label2\" content=\"Dur\u00e9e de lecture estim\u00e9e\" \/>\n\t<meta name=\"twitter:data2\" content=\"1 minute\" \/>\n<script type=\"application\/ld+json\" class=\"yoast-schema-graph\">{\"@context\":\"https:\/\/schema.org\",\"@graph\":[{\"@type\":\"WebSite\",\"@id\":\"https:\/\/www.nettali.com\/#website\",\"url\":\"https:\/\/www.nettali.com\/\",\"name\":\"Nettali.com\",\"description\":\"Le rendez-vous critique du Net\",\"potentialAction\":[{\"@type\":\"SearchAction\",\"target\":{\"@type\":\"EntryPoint\",\"urlTemplate\":\"https:\/\/www.nettali.com\/?s={search_term_string}\"},\"query-input\":\"required name=search_term_string\"}],\"inLanguage\":\"fr-FR\"},{\"@type\":\"ImageObject\",\"@id\":\"https:\/\/www.nettali.com\/2025\/09\/06\/ousmane-sonko-pourquoi-nous-avons-reamenage-le-gouvernement\/#primaryimage\",\"inLanguage\":\"fr-FR\",\"url\":\"https:\/\/www.nettali.com\/wp-content\/uploads\/2025\/09\/Ousmane-Sonko-Plan-de-redressement-economique-du-Senegal.jpg\",\"contentUrl\":\"https:\/\/www.nettali.com\/wp-content\/uploads\/2025\/09\/Ousmane-Sonko-Plan-de-redressement-economique-du-Senegal.jpg\",\"width\":2048,\"height\":1364},{\"@type\":\"WebPage\",\"@id\":\"https:\/\/www.nettali.com\/2025\/09\/06\/ousmane-sonko-pourquoi-nous-avons-reamenage-le-gouvernement\/#webpage\",\"url\":\"https:\/\/www.nettali.com\/2025\/09\/06\/ousmane-sonko-pourquoi-nous-avons-reamenage-le-gouvernement\/\",\"name\":\"OUSMANE SONKO : \\\"Pourquoi nous avons r\\u00e9am\\u00e9nag\\u00e9 le gouvernement\\\" | Nettali.com\",\"isPartOf\":{\"@id\":\"https:\/\/www.nettali.com\/#website\"},\"primaryImageOfPage\":{\"@id\":\"https:\/\/www.nettali.com\/2025\/09\/06\/ousmane-sonko-pourquoi-nous-avons-reamenage-le-gouvernement\/#primaryimage\"},\"datePublished\":\"2025-09-06T23:18:18+00:00\",\"dateModified\":\"2025-09-07T00:10:14+00:00\",\"author\":{\"@id\":\"https:\/\/www.nettali.com\/#\/schema\/person\/7962a12a6e0267f88f0ffa544c36469a\"},\"breadcrumb\":{\"@id\":\"https:\/\/www.nettali.com\/2025\/09\/06\/ousmane-sonko-pourquoi-nous-avons-reamenage-le-gouvernement\/#breadcrumb\"},\"inLanguage\":\"fr-FR\",\"potentialAction\":[{\"@type\":\"ReadAction\",\"target\":[\"https:\/\/www.nettali.com\/2025\/09\/06\/ousmane-sonko-pourquoi-nous-avons-reamenage-le-gouvernement\/\"]}]},{\"@type\":\"BreadcrumbList\",\"@id\":\"https:\/\/www.nettali.com\/2025\/09\/06\/ousmane-sonko-pourquoi-nous-avons-reamenage-le-gouvernement\/#breadcrumb\",\"itemListElement\":[{\"@type\":\"ListItem\",\"position\":1,\"name\":\"Accueil\",\"item\":\"https:\/\/www.nettali.com\/\"},{\"@type\":\"ListItem\",\"position\":2,\"name\":\"OUSMANE SONKO : \\\"Pourquoi nous avons r\\u00e9am\\u00e9nag\\u00e9 le gouvernement\\\"\"}]},{\"@type\":\"Person\",\"@id\":\"https:\/\/www.nettali.com\/#\/schema\/person\/7962a12a6e0267f88f0ffa544c36469a\",\"name\":\"Moustapha\",\"image\":{\"@type\":\"ImageObject\",\"@id\":\"https:\/\/www.nettali.com\/#personlogo\",\"inLanguage\":\"fr-FR\",\"url\":\"https:\/\/secure.gravatar.com\/avatar\/10fdf6a071cccdcf374e3dbe45159590?s=96&d=mm&r=g\",\"contentUrl\":\"https:\/\/secure.gravatar.com\/avatar\/10fdf6a071cccdcf374e3dbe45159590?s=96&d=mm&r=g\",\"caption\":\"Moustapha\"},\"sameAs\":[\"https:\/\/www.nettali.com\"]}]}<\/script>\n<!-- \/ Yoast SEO Premium plugin. -->","yoast_head_json":{"title":"OUSMANE SONKO : \"Pourquoi nous avons r\u00e9am\u00e9nag\u00e9 le gouvernement\" | Nettali.com","robots":{"index":"index","follow":"follow","max-snippet":"max-snippet:-1","max-image-preview":"max-image-preview:large","max-video-preview":"max-video-preview:-1"},"canonical":"https:\/\/www.nettali.com\/2025\/09\/06\/ousmane-sonko-pourquoi-nous-avons-reamenage-le-gouvernement\/","og_locale":"fr_FR","og_type":"article","og_title":"OUSMANE SONKO : \"Pourquoi nous avons r\u00e9am\u00e9nag\u00e9 le gouvernement\"","og_description":"NETTALI.COM - La liste du nouveau gouvernement vient d'\u00eatre publi\u00e9e. Fait important : Yassine Fall remplace Ousmane Diagne au minist\u00e8re de la Justice et l'avocat Ahmadou Bamba Ciss\u00e9 remplace Jean-Baptiste Tine \u00e0 l'Int\u00e9rieur. Le chef du gouvernement a expliqu\u00e9 pourquoi le r\u00e9am\u00e9nagement.\u00a0 Ahmadou Bamba Ciss\u00e9, ministre de l'Int\u00e9rieur, D\u00e9thi\u00e9 Fall, ministre des Infrastructures, Yassine Fall, [&hellip;]","og_url":"https:\/\/www.nettali.com\/2025\/09\/06\/ousmane-sonko-pourquoi-nous-avons-reamenage-le-gouvernement\/","og_site_name":"Nettali.com","article_publisher":"https:\/\/www.facebook.com\/nettalicom","article_published_time":"2025-09-06T23:18:18+00:00","article_modified_time":"2025-09-07T00:10:14+00:00","og_image":[{"width":2048,"height":1364,"url":"https:\/\/www.nettali.com\/wp-content\/uploads\/2025\/09\/Ousmane-Sonko-Plan-de-redressement-economique-du-Senegal.jpg","type":"image\/jpeg"}],"twitter_card":"summary_large_image","twitter_misc":{"\u00c9crit par":"Moustapha","Dur\u00e9e de lecture estim\u00e9e":"1 minute"},"schema":{"@context":"https:\/\/schema.org","@graph":[{"@type":"WebSite","@id":"https:\/\/www.nettali.com\/#website","url":"https:\/\/www.nettali.com\/","name":"Nettali.com","description":"Le rendez-vous critique du Net","potentialAction":[{"@type":"SearchAction","target":{"@type":"EntryPoint","urlTemplate":"https:\/\/www.nettali.com\/?s={search_term_string}"},"query-input":"required name=search_term_string"}],"inLanguage":"fr-FR"},{"@type":"ImageObject","@id":"https:\/\/www.nettali.com\/2025\/09\/06\/ousmane-sonko-pourquoi-nous-avons-reamenage-le-gouvernement\/#primaryimage","inLanguage":"fr-FR","url":"https:\/\/www.nettali.com\/wp-content\/uploads\/2025\/09\/Ousmane-Sonko-Plan-de-redressement-economique-du-Senegal.jpg","contentUrl":"https:\/\/www.nettali.com\/wp-content\/uploads\/2025\/09\/Ousmane-Sonko-Plan-de-redressement-economique-du-Senegal.jpg","width":2048,"height":1364},{"@type":"WebPage","@id":"https:\/\/www.nettali.com\/2025\/09\/06\/ousmane-sonko-pourquoi-nous-avons-reamenage-le-gouvernement\/#webpage","url":"https:\/\/www.nettali.com\/2025\/09\/06\/ousmane-sonko-pourquoi-nous-avons-reamenage-le-gouvernement\/","name":"OUSMANE SONKO : \"Pourquoi nous avons r\u00e9am\u00e9nag\u00e9 le gouvernement\" | Nettali.com","isPartOf":{"@id":"https:\/\/www.nettali.com\/#website"},"primaryImageOfPage":{"@id":"https:\/\/www.nettali.com\/2025\/09\/06\/ousmane-sonko-pourquoi-nous-avons-reamenage-le-gouvernement\/#primaryimage"},"datePublished":"2025-09-06T23:18:18+00:00","dateModified":"2025-09-07T00:10:14+00:00","author":{"@id":"https:\/\/www.nettali.com\/#\/schema\/person\/7962a12a6e0267f88f0ffa544c36469a"},"breadcrumb":{"@id":"https:\/\/www.nettali.com\/2025\/09\/06\/ousmane-sonko-pourquoi-nous-avons-reamenage-le-gouvernement\/#breadcrumb"},"inLanguage":"fr-FR","potentialAction":[{"@type":"ReadAction","target":["https:\/\/www.nettali.com\/2025\/09\/06\/ousmane-sonko-pourquoi-nous-avons-reamenage-le-gouvernement\/"]}]},{"@type":"BreadcrumbList","@id":"https:\/\/www.nettali.com\/2025\/09\/06\/ousmane-sonko-pourquoi-nous-avons-reamenage-le-gouvernement\/#breadcrumb","itemListElement":[{"@type":"ListItem","position":1,"name":"Accueil","item":"https:\/\/www.nettali.com\/"},{"@type":"ListItem","position":2,"name":"OUSMANE SONKO : \"Pourquoi nous avons r\u00e9am\u00e9nag\u00e9 le gouvernement\""}]},{"@type":"Person","@id":"https:\/\/www.nettali.com\/#\/schema\/person\/7962a12a6e0267f88f0ffa544c36469a","name":"Moustapha","image":{"@type":"ImageObject","@id":"https:\/\/www.nettali.com\/#personlogo","inLanguage":"fr-FR","url":"https:\/\/secure.gravatar.com\/avatar\/10fdf6a071cccdcf374e3dbe45159590?s=96&d=mm&r=g","contentUrl":"https:\/\/secure.gravatar.com\/avatar\/10fdf6a071cccdcf374e3dbe45159590?s=96&d=mm&r=g","caption":"Moustapha"},"sameAs":["https:\/\/www.nettali.com"]}]}},"_links":{"self":[{"href":"https:\/\/www.nettali.com\/rest\/wp\/v2\/posts\/160790"}],"collection":[{"href":"https:\/\/www.nettali.com\/rest\/wp\/v2\/posts"}],"about":[{"href":"https:\/\/www.nettali.com\/rest\/wp\/v2\/types\/post"}],"author":[{"embeddable":true,"href":"https:\/\/www.nettali.com\/rest\/wp\/v2\/users\/3"}],"replies":[{"embeddable":true,"href":"https:\/\/www.nettali.com\/rest\/wp\/v2\/comments?post=160790"}],"version-history":[{"count":2,"href":"https:\/\/www.nettali.com\/rest\/wp\/v2\/posts\/160790\/revisions"}],"predecessor-version":[{"id":160801,"href":"https:\/\/www.nettali.com\/rest\/wp\/v2\/posts\/160790\/revisions\/160801"}],"wp:featuredmedia":[{"embeddable":true,"href":"https:\/\/www.nettali.com\/rest\/wp\/v2\/media\/160564"}],"wp:attachment":[{"href":"https:\/\/www.nettali.com\/rest\/wp\/v2\/media?parent=160790"}],"wp:term":[{"taxonomy":"category","embeddable":true,"href":"https:\/\/www.nettali.com\/rest\/wp\/v2\/categories?post=160790"},{"taxonomy":"post_tag","embeddable":true,"href":"https:\/\/www.nettali.com\/rest\/wp\/v2\/tags?post=160790"}],"curies":[{"name":"wp","href":"https:\/\/api.w.org\/{rel}","templated":true}]}}