{"id":160783,"date":"2025-09-06T22:49:44","date_gmt":"2025-09-06T22:49:44","guid":{"rendered":"https:\/\/www.nettali.com\/?p=160783"},"modified":"2025-09-07T00:57:23","modified_gmt":"2025-09-07T00:57:23","slug":"en-coulisses-sonko-est-dans-le-bureau-de-diomaye","status":"publish","type":"post","link":"https:\/\/www.nettali.com\/2025\/09\/06\/en-coulisses-sonko-est-dans-le-bureau-de-diomaye\/","title":{"rendered":"EN COULISSES - Sonko est dans le bureau de Diomaye"},"content":{"rendered":"<p><strong>NETTALI.COM - Le remaniement minist\u00e9riel est imminent. Ousmane Sonko est actuellement dans le bureau du Pr\u00e9sident Bassirou Diomaye Faye pour mettre la derni\u00e8re main sur la liste du nouveau gouvernement.\u00a0<\/strong><\/p>\n<p>Le Premier ministre Ousmane Sonko s'entretient actuellement avec le pr\u00e9sident de la R\u00e9publique. Les deux hommes sont en train de mettre la derni\u00e8re sur la liste des membres du nouveau gouvernement. Pour l'heure, aucune information n'a filtr\u00e9 sur le nouvel attelage gouvernemental. Toujours est-il que de nombreux d\u00e9parts sont annonc\u00e9s.<\/p>\n<p>Qui va sortir ? Qui va entrer? C'est sans doute autour de ces deux questions que le chef de l\u2019Etat et son Premier ministre discutent actuellement au palais de la R\u00e9publique.<\/p>\n<div class='share-to-whatsapp-wrapper'><div class='share-on-whsp'>PARTAGER SUR : <\/div><a data-text='EN COULISSES - Sonko est dans le bureau de Diomaye' data-link='https:\/\/www.nettali.com\/2025\/09\/06\/en-coulisses-sonko-est-dans-le-bureau-de-diomaye\/' class='whatsapp-button whatsapp-share'>WhatsApp<\/a><div class='clear '><\/div><\/div>","protected":false},"excerpt":{"rendered":"<p>NETTALI.COM - Le remaniement minist\u00e9riel est imminent. Ousmane Sonko est actuellement dans le bureau du Pr\u00e9sident Bassirou Diomaye Faye pour mettre la derni\u00e8re main sur la liste du nouveau gouvernement.\u00a0 Le Premier ministre Ousmane Sonko s'entretient actuellement avec le pr\u00e9sident de la R\u00e9publique. Les deux hommes sont en train de mettre la derni\u00e8re sur la [&hellip;]<\/p>\n","protected":false},"author":3,"featured_media":160807,"comment_status":"open","ping_status":"open","sticky":false,"template":"","format":"standard","meta":{"_et_pb_use_builder":"","_et_pb_old_content":""},"categories":[2],"tags":[],"yoast_head":"<!-- This site is optimized with the Yoast SEO Premium plugin v17.8 (Yoast SEO v17.8) - https:\/\/yoast.com\/wordpress\/plugins\/seo\/ -->\n<title>EN COULISSES - Sonko est dans le bureau de Diomaye | Nettali.com<\/title>\n<meta name=\"robots\" content=\"index, follow, max-snippet:-1, max-image-preview:large, max-video-preview:-1\" \/>\n<link rel=\"canonical\" href=\"https:\/\/www.nettali.com\/2025\/09\/06\/en-coulisses-sonko-est-dans-le-bureau-de-diomaye\/\" \/>\n<meta property=\"og:locale\" content=\"fr_FR\" \/>\n<meta property=\"og:type\" content=\"article\" \/>\n<meta property=\"og:title\" content=\"EN COULISSES - Sonko est dans le bureau de Diomaye\" \/>\n<meta property=\"og:description\" content=\"NETTALI.COM - Le remaniement minist\u00e9riel est imminent. Ousmane Sonko est actuellement dans le bureau du Pr\u00e9sident Bassirou Diomaye Faye pour mettre la derni\u00e8re main sur la liste du nouveau gouvernement.\u00a0 Le Premier ministre Ousmane Sonko s&#039;entretient actuellement avec le pr\u00e9sident de la R\u00e9publique. Les deux hommes sont en train de mettre la derni\u00e8re sur la [&hellip;]\" \/>\n<meta property=\"og:url\" content=\"https:\/\/www.nettali.com\/2025\/09\/06\/en-coulisses-sonko-est-dans-le-bureau-de-diomaye\/\" \/>\n<meta property=\"og:site_name\" content=\"Nettali.com\" \/>\n<meta property=\"article:publisher\" content=\"https:\/\/www.facebook.com\/nettalicom\" \/>\n<meta property=\"article:published_time\" content=\"2025-09-06T22:49:44+00:00\" \/>\n<meta property=\"article:modified_time\" content=\"2025-09-07T00:57:23+00:00\" \/>\n<meta property=\"og:image\" content=\"https:\/\/www.nettali.com\/wp-content\/uploads\/2025\/09\/1757206566032.jpg\" \/>\n\t<meta property=\"og:image:width\" content=\"1080\" \/>\n\t<meta property=\"og:image:height\" content=\"720\" \/>\n<meta name=\"twitter:card\" content=\"summary_large_image\" \/>\n<meta name=\"twitter:label1\" content=\"\u00c9crit par\" \/>\n\t<meta name=\"twitter:data1\" content=\"Moustapha\" \/>\n\t<meta name=\"twitter:label2\" content=\"Dur\u00e9e de lecture estim\u00e9e\" \/>\n\t<meta name=\"twitter:data2\" content=\"1 minute\" \/>\n<script type=\"application\/ld+json\" class=\"yoast-schema-graph\">{\"@context\":\"https:\/\/schema.org\",\"@graph\":[{\"@type\":\"WebSite\",\"@id\":\"https:\/\/www.nettali.com\/#website\",\"url\":\"https:\/\/www.nettali.com\/\",\"name\":\"Nettali.com\",\"description\":\"Le rendez-vous critique du Net\",\"potentialAction\":[{\"@type\":\"SearchAction\",\"target\":{\"@type\":\"EntryPoint\",\"urlTemplate\":\"https:\/\/www.nettali.com\/?s={search_term_string}\"},\"query-input\":\"required name=search_term_string\"}],\"inLanguage\":\"fr-FR\"},{\"@type\":\"ImageObject\",\"@id\":\"https:\/\/www.nettali.com\/2025\/09\/06\/en-coulisses-sonko-est-dans-le-bureau-de-diomaye\/#primaryimage\",\"inLanguage\":\"fr-FR\",\"url\":\"https:\/\/www.nettali.com\/wp-content\/uploads\/2025\/09\/1757206566032.jpg\",\"contentUrl\":\"https:\/\/www.nettali.com\/wp-content\/uploads\/2025\/09\/1757206566032.jpg\",\"width\":1080,\"height\":720},{\"@type\":\"WebPage\",\"@id\":\"https:\/\/www.nettali.com\/2025\/09\/06\/en-coulisses-sonko-est-dans-le-bureau-de-diomaye\/#webpage\",\"url\":\"https:\/\/www.nettali.com\/2025\/09\/06\/en-coulisses-sonko-est-dans-le-bureau-de-diomaye\/\",\"name\":\"EN COULISSES - Sonko est dans le bureau de Diomaye | Nettali.com\",\"isPartOf\":{\"@id\":\"https:\/\/www.nettali.com\/#website\"},\"primaryImageOfPage\":{\"@id\":\"https:\/\/www.nettali.com\/2025\/09\/06\/en-coulisses-sonko-est-dans-le-bureau-de-diomaye\/#primaryimage\"},\"datePublished\":\"2025-09-06T22:49:44+00:00\",\"dateModified\":\"2025-09-07T00:57:23+00:00\",\"author\":{\"@id\":\"https:\/\/www.nettali.com\/#\/schema\/person\/7962a12a6e0267f88f0ffa544c36469a\"},\"breadcrumb\":{\"@id\":\"https:\/\/www.nettali.com\/2025\/09\/06\/en-coulisses-sonko-est-dans-le-bureau-de-diomaye\/#breadcrumb\"},\"inLanguage\":\"fr-FR\",\"potentialAction\":[{\"@type\":\"ReadAction\",\"target\":[\"https:\/\/www.nettali.com\/2025\/09\/06\/en-coulisses-sonko-est-dans-le-bureau-de-diomaye\/\"]}]},{\"@type\":\"BreadcrumbList\",\"@id\":\"https:\/\/www.nettali.com\/2025\/09\/06\/en-coulisses-sonko-est-dans-le-bureau-de-diomaye\/#breadcrumb\",\"itemListElement\":[{\"@type\":\"ListItem\",\"position\":1,\"name\":\"Accueil\",\"item\":\"https:\/\/www.nettali.com\/\"},{\"@type\":\"ListItem\",\"position\":2,\"name\":\"EN COULISSES - Sonko est dans le bureau de Diomaye\"}]},{\"@type\":\"Person\",\"@id\":\"https:\/\/www.nettali.com\/#\/schema\/person\/7962a12a6e0267f88f0ffa544c36469a\",\"name\":\"Moustapha\",\"image\":{\"@type\":\"ImageObject\",\"@id\":\"https:\/\/www.nettali.com\/#personlogo\",\"inLanguage\":\"fr-FR\",\"url\":\"https:\/\/secure.gravatar.com\/avatar\/10fdf6a071cccdcf374e3dbe45159590?s=96&d=mm&r=g\",\"contentUrl\":\"https:\/\/secure.gravatar.com\/avatar\/10fdf6a071cccdcf374e3dbe45159590?s=96&d=mm&r=g\",\"caption\":\"Moustapha\"},\"sameAs\":[\"https:\/\/www.nettali.com\"]}]}<\/script>\n<!-- \/ Yoast SEO Premium plugin. -->","yoast_head_json":{"title":"EN COULISSES - Sonko est dans le bureau de Diomaye | Nettali.com","robots":{"index":"index","follow":"follow","max-snippet":"max-snippet:-1","max-image-preview":"max-image-preview:large","max-video-preview":"max-video-preview:-1"},"canonical":"https:\/\/www.nettali.com\/2025\/09\/06\/en-coulisses-sonko-est-dans-le-bureau-de-diomaye\/","og_locale":"fr_FR","og_type":"article","og_title":"EN COULISSES - Sonko est dans le bureau de Diomaye","og_description":"NETTALI.COM - Le remaniement minist\u00e9riel est imminent. Ousmane Sonko est actuellement dans le bureau du Pr\u00e9sident Bassirou Diomaye Faye pour mettre la derni\u00e8re main sur la liste du nouveau gouvernement.\u00a0 Le Premier ministre Ousmane Sonko s'entretient actuellement avec le pr\u00e9sident de la R\u00e9publique. Les deux hommes sont en train de mettre la derni\u00e8re sur la [&hellip;]","og_url":"https:\/\/www.nettali.com\/2025\/09\/06\/en-coulisses-sonko-est-dans-le-bureau-de-diomaye\/","og_site_name":"Nettali.com","article_publisher":"https:\/\/www.facebook.com\/nettalicom","article_published_time":"2025-09-06T22:49:44+00:00","article_modified_time":"2025-09-07T00:57:23+00:00","og_image":[{"width":1080,"height":720,"url":"https:\/\/www.nettali.com\/wp-content\/uploads\/2025\/09\/1757206566032.jpg","type":"image\/jpeg"}],"twitter_card":"summary_large_image","twitter_misc":{"\u00c9crit par":"Moustapha","Dur\u00e9e de lecture estim\u00e9e":"1 minute"},"schema":{"@context":"https:\/\/schema.org","@graph":[{"@type":"WebSite","@id":"https:\/\/www.nettali.com\/#website","url":"https:\/\/www.nettali.com\/","name":"Nettali.com","description":"Le rendez-vous critique du Net","potentialAction":[{"@type":"SearchAction","target":{"@type":"EntryPoint","urlTemplate":"https:\/\/www.nettali.com\/?s={search_term_string}"},"query-input":"required name=search_term_string"}],"inLanguage":"fr-FR"},{"@type":"ImageObject","@id":"https:\/\/www.nettali.com\/2025\/09\/06\/en-coulisses-sonko-est-dans-le-bureau-de-diomaye\/#primaryimage","inLanguage":"fr-FR","url":"https:\/\/www.nettali.com\/wp-content\/uploads\/2025\/09\/1757206566032.jpg","contentUrl":"https:\/\/www.nettali.com\/wp-content\/uploads\/2025\/09\/1757206566032.jpg","width":1080,"height":720},{"@type":"WebPage","@id":"https:\/\/www.nettali.com\/2025\/09\/06\/en-coulisses-sonko-est-dans-le-bureau-de-diomaye\/#webpage","url":"https:\/\/www.nettali.com\/2025\/09\/06\/en-coulisses-sonko-est-dans-le-bureau-de-diomaye\/","name":"EN COULISSES - Sonko est dans le bureau de Diomaye | Nettali.com","isPartOf":{"@id":"https:\/\/www.nettali.com\/#website"},"primaryImageOfPage":{"@id":"https:\/\/www.nettali.com\/2025\/09\/06\/en-coulisses-sonko-est-dans-le-bureau-de-diomaye\/#primaryimage"},"datePublished":"2025-09-06T22:49:44+00:00","dateModified":"2025-09-07T00:57:23+00:00","author":{"@id":"https:\/\/www.nettali.com\/#\/schema\/person\/7962a12a6e0267f88f0ffa544c36469a"},"breadcrumb":{"@id":"https:\/\/www.nettali.com\/2025\/09\/06\/en-coulisses-sonko-est-dans-le-bureau-de-diomaye\/#breadcrumb"},"inLanguage":"fr-FR","potentialAction":[{"@type":"ReadAction","target":["https:\/\/www.nettali.com\/2025\/09\/06\/en-coulisses-sonko-est-dans-le-bureau-de-diomaye\/"]}]},{"@type":"BreadcrumbList","@id":"https:\/\/www.nettali.com\/2025\/09\/06\/en-coulisses-sonko-est-dans-le-bureau-de-diomaye\/#breadcrumb","itemListElement":[{"@type":"ListItem","position":1,"name":"Accueil","item":"https:\/\/www.nettali.com\/"},{"@type":"ListItem","position":2,"name":"EN COULISSES - Sonko est dans le bureau de Diomaye"}]},{"@type":"Person","@id":"https:\/\/www.nettali.com\/#\/schema\/person\/7962a12a6e0267f88f0ffa544c36469a","name":"Moustapha","image":{"@type":"ImageObject","@id":"https:\/\/www.nettali.com\/#personlogo","inLanguage":"fr-FR","url":"https:\/\/secure.gravatar.com\/avatar\/10fdf6a071cccdcf374e3dbe45159590?s=96&d=mm&r=g","contentUrl":"https:\/\/secure.gravatar.com\/avatar\/10fdf6a071cccdcf374e3dbe45159590?s=96&d=mm&r=g","caption":"Moustapha"},"sameAs":["https:\/\/www.nettali.com"]}]}},"_links":{"self":[{"href":"https:\/\/www.nettali.com\/rest\/wp\/v2\/posts\/160783"}],"collection":[{"href":"https:\/\/www.nettali.com\/rest\/wp\/v2\/posts"}],"about":[{"href":"https:\/\/www.nettali.com\/rest\/wp\/v2\/types\/post"}],"author":[{"embeddable":true,"href":"https:\/\/www.nettali.com\/rest\/wp\/v2\/users\/3"}],"replies":[{"embeddable":true,"href":"https:\/\/www.nettali.com\/rest\/wp\/v2\/comments?post=160783"}],"version-history":[{"count":1,"href":"https:\/\/www.nettali.com\/rest\/wp\/v2\/posts\/160783\/revisions"}],"predecessor-version":[{"id":160785,"href":"https:\/\/www.nettali.com\/rest\/wp\/v2\/posts\/160783\/revisions\/160785"}],"wp:featuredmedia":[{"embeddable":true,"href":"https:\/\/www.nettali.com\/rest\/wp\/v2\/media\/160807"}],"wp:attachment":[{"href":"https:\/\/www.nettali.com\/rest\/wp\/v2\/media?parent=160783"}],"wp:term":[{"taxonomy":"category","embeddable":true,"href":"https:\/\/www.nettali.com\/rest\/wp\/v2\/categories?post=160783"},{"taxonomy":"post_tag","embeddable":true,"href":"https:\/\/www.nettali.com\/rest\/wp\/v2\/tags?post=160783"}],"curies":[{"name":"wp","href":"https:\/\/api.w.org\/{rel}","templated":true}]}}