{"id":160773,"date":"2025-09-06T21:34:16","date_gmt":"2025-09-06T21:34:16","guid":{"rendered":"https:\/\/www.nettali.com\/?p=160773"},"modified":"2025-09-07T00:04:03","modified_gmt":"2025-09-07T00:04:03","slug":"urgent-remaniement-imminent-du-gouvernement","status":"publish","type":"post","link":"https:\/\/www.nettali.com\/2025\/09\/06\/urgent-remaniement-imminent-du-gouvernement\/","title":{"rendered":"URGENT  - Remaniement imminent du gouvernement"},"content":{"rendered":"<p><strong>NETTALI.COM - C'\u00e9tait dans les tuyaux depuis quelques temps. Ce sera finalement ce samedi que Bassirou Diomaye Faye va proc\u00e9der au remaniement de son premier gouvernement. La liste de la nouvelle \u00e9quipe est attendue dans quelques instants.\u00a0<\/strong><\/p>\n<p>Form\u00e9e en avril 2024, l'\u00e9quipe gouvernementale dirig\u00e9e par Ousmane Sonko aura donc tenu 18 mois. Plusieurs r\u00e9clam\u00e9, le remaniement minist\u00e9riel va donc intervenir ce samedi. Information confirm\u00e9e par la RTS1 qui annonce une \"<em>une importante d\u00e9claration en direct du palais de la R\u00e9publique<\/em>\".<\/p>\n<p>Pour l'heure, pratiquement aucune information n'a filtr\u00e9 sur les \u00e9ventuels entrants ou sortants. Toutefois, Abass Fall, r\u00e9cemment \u00e9lu maire de Dakar, devrait quitter l'\u00e9quipe. Le nom de D\u00e9thi\u00e9 Fall est \u00e9voqu\u00e9 pour le remplacer.<\/p>\n<p>A SUIVRE...<\/p>\n<div class='share-to-whatsapp-wrapper'><div class='share-on-whsp'>PARTAGER SUR : <\/div><a data-text='URGENT  - Remaniement imminent du gouvernement' data-link='https:\/\/www.nettali.com\/2025\/09\/06\/urgent-remaniement-imminent-du-gouvernement\/' class='whatsapp-button whatsapp-share'>WhatsApp<\/a><div class='clear '><\/div><\/div>","protected":false},"excerpt":{"rendered":"<p>NETTALI.COM - C'\u00e9tait dans les tuyaux depuis quelques temps. Ce sera finalement ce samedi que Bassirou Diomaye Faye va proc\u00e9der au remaniement de son premier gouvernement. La liste de la nouvelle \u00e9quipe est attendue dans quelques instants.\u00a0 Form\u00e9e en avril 2024, l'\u00e9quipe gouvernementale dirig\u00e9e par Ousmane Sonko aura donc tenu 18 mois. Plusieurs r\u00e9clam\u00e9, le [&hellip;]<\/p>\n","protected":false},"author":3,"featured_media":160774,"comment_status":"open","ping_status":"open","sticky":false,"template":"","format":"standard","meta":{"_et_pb_use_builder":"","_et_pb_old_content":""},"categories":[2],"tags":[],"yoast_head":"<!-- This site is optimized with the Yoast SEO Premium plugin v17.8 (Yoast SEO v17.8) - https:\/\/yoast.com\/wordpress\/plugins\/seo\/ -->\n<title>URGENT - Remaniement imminent du gouvernement | Nettali.com<\/title>\n<meta name=\"robots\" content=\"index, follow, max-snippet:-1, max-image-preview:large, max-video-preview:-1\" \/>\n<link rel=\"canonical\" href=\"https:\/\/www.nettali.com\/2025\/09\/06\/urgent-remaniement-imminent-du-gouvernement\/\" \/>\n<meta property=\"og:locale\" content=\"fr_FR\" \/>\n<meta property=\"og:type\" content=\"article\" \/>\n<meta property=\"og:title\" content=\"URGENT - Remaniement imminent du gouvernement\" \/>\n<meta property=\"og:description\" content=\"NETTALI.COM - C&#039;\u00e9tait dans les tuyaux depuis quelques temps. Ce sera finalement ce samedi que Bassirou Diomaye Faye va proc\u00e9der au remaniement de son premier gouvernement. La liste de la nouvelle \u00e9quipe est attendue dans quelques instants.\u00a0 Form\u00e9e en avril 2024, l&#039;\u00e9quipe gouvernementale dirig\u00e9e par Ousmane Sonko aura donc tenu 18 mois. Plusieurs r\u00e9clam\u00e9, le [&hellip;]\" \/>\n<meta property=\"og:url\" content=\"https:\/\/www.nettali.com\/2025\/09\/06\/urgent-remaniement-imminent-du-gouvernement\/\" \/>\n<meta property=\"og:site_name\" content=\"Nettali.com\" \/>\n<meta property=\"article:publisher\" content=\"https:\/\/www.facebook.com\/nettalicom\" \/>\n<meta property=\"article:published_time\" content=\"2025-09-06T21:34:16+00:00\" \/>\n<meta property=\"article:modified_time\" content=\"2025-09-07T00:04:03+00:00\" \/>\n<meta property=\"og:image\" content=\"https:\/\/www.nettali.com\/wp-content\/uploads\/2025\/09\/Senegal-finance.jpg\" \/>\n\t<meta property=\"og:image:width\" content=\"1200\" \/>\n\t<meta property=\"og:image:height\" content=\"1253\" \/>\n<meta name=\"twitter:card\" content=\"summary_large_image\" \/>\n<meta name=\"twitter:label1\" content=\"\u00c9crit par\" \/>\n\t<meta name=\"twitter:data1\" content=\"Moustapha\" \/>\n\t<meta name=\"twitter:label2\" content=\"Dur\u00e9e de lecture estim\u00e9e\" \/>\n\t<meta name=\"twitter:data2\" content=\"1 minute\" \/>\n<script type=\"application\/ld+json\" class=\"yoast-schema-graph\">{\"@context\":\"https:\/\/schema.org\",\"@graph\":[{\"@type\":\"WebSite\",\"@id\":\"https:\/\/www.nettali.com\/#website\",\"url\":\"https:\/\/www.nettali.com\/\",\"name\":\"Nettali.com\",\"description\":\"Le rendez-vous critique du Net\",\"potentialAction\":[{\"@type\":\"SearchAction\",\"target\":{\"@type\":\"EntryPoint\",\"urlTemplate\":\"https:\/\/www.nettali.com\/?s={search_term_string}\"},\"query-input\":\"required name=search_term_string\"}],\"inLanguage\":\"fr-FR\"},{\"@type\":\"ImageObject\",\"@id\":\"https:\/\/www.nettali.com\/2025\/09\/06\/urgent-remaniement-imminent-du-gouvernement\/#primaryimage\",\"inLanguage\":\"fr-FR\",\"url\":\"https:\/\/www.nettali.com\/wp-content\/uploads\/2025\/09\/Senegal-finance.jpg\",\"contentUrl\":\"https:\/\/www.nettali.com\/wp-content\/uploads\/2025\/09\/Senegal-finance.jpg\",\"width\":1200,\"height\":1253},{\"@type\":\"WebPage\",\"@id\":\"https:\/\/www.nettali.com\/2025\/09\/06\/urgent-remaniement-imminent-du-gouvernement\/#webpage\",\"url\":\"https:\/\/www.nettali.com\/2025\/09\/06\/urgent-remaniement-imminent-du-gouvernement\/\",\"name\":\"URGENT - Remaniement imminent du gouvernement | Nettali.com\",\"isPartOf\":{\"@id\":\"https:\/\/www.nettali.com\/#website\"},\"primaryImageOfPage\":{\"@id\":\"https:\/\/www.nettali.com\/2025\/09\/06\/urgent-remaniement-imminent-du-gouvernement\/#primaryimage\"},\"datePublished\":\"2025-09-06T21:34:16+00:00\",\"dateModified\":\"2025-09-07T00:04:03+00:00\",\"author\":{\"@id\":\"https:\/\/www.nettali.com\/#\/schema\/person\/7962a12a6e0267f88f0ffa544c36469a\"},\"breadcrumb\":{\"@id\":\"https:\/\/www.nettali.com\/2025\/09\/06\/urgent-remaniement-imminent-du-gouvernement\/#breadcrumb\"},\"inLanguage\":\"fr-FR\",\"potentialAction\":[{\"@type\":\"ReadAction\",\"target\":[\"https:\/\/www.nettali.com\/2025\/09\/06\/urgent-remaniement-imminent-du-gouvernement\/\"]}]},{\"@type\":\"BreadcrumbList\",\"@id\":\"https:\/\/www.nettali.com\/2025\/09\/06\/urgent-remaniement-imminent-du-gouvernement\/#breadcrumb\",\"itemListElement\":[{\"@type\":\"ListItem\",\"position\":1,\"name\":\"Accueil\",\"item\":\"https:\/\/www.nettali.com\/\"},{\"@type\":\"ListItem\",\"position\":2,\"name\":\"URGENT - Remaniement imminent du gouvernement\"}]},{\"@type\":\"Person\",\"@id\":\"https:\/\/www.nettali.com\/#\/schema\/person\/7962a12a6e0267f88f0ffa544c36469a\",\"name\":\"Moustapha\",\"image\":{\"@type\":\"ImageObject\",\"@id\":\"https:\/\/www.nettali.com\/#personlogo\",\"inLanguage\":\"fr-FR\",\"url\":\"https:\/\/secure.gravatar.com\/avatar\/10fdf6a071cccdcf374e3dbe45159590?s=96&d=mm&r=g\",\"contentUrl\":\"https:\/\/secure.gravatar.com\/avatar\/10fdf6a071cccdcf374e3dbe45159590?s=96&d=mm&r=g\",\"caption\":\"Moustapha\"},\"sameAs\":[\"https:\/\/www.nettali.com\"]}]}<\/script>\n<!-- \/ Yoast SEO Premium plugin. -->","yoast_head_json":{"title":"URGENT - Remaniement imminent du gouvernement | Nettali.com","robots":{"index":"index","follow":"follow","max-snippet":"max-snippet:-1","max-image-preview":"max-image-preview:large","max-video-preview":"max-video-preview:-1"},"canonical":"https:\/\/www.nettali.com\/2025\/09\/06\/urgent-remaniement-imminent-du-gouvernement\/","og_locale":"fr_FR","og_type":"article","og_title":"URGENT - Remaniement imminent du gouvernement","og_description":"NETTALI.COM - C'\u00e9tait dans les tuyaux depuis quelques temps. Ce sera finalement ce samedi que Bassirou Diomaye Faye va proc\u00e9der au remaniement de son premier gouvernement. La liste de la nouvelle \u00e9quipe est attendue dans quelques instants.\u00a0 Form\u00e9e en avril 2024, l'\u00e9quipe gouvernementale dirig\u00e9e par Ousmane Sonko aura donc tenu 18 mois. Plusieurs r\u00e9clam\u00e9, le [&hellip;]","og_url":"https:\/\/www.nettali.com\/2025\/09\/06\/urgent-remaniement-imminent-du-gouvernement\/","og_site_name":"Nettali.com","article_publisher":"https:\/\/www.facebook.com\/nettalicom","article_published_time":"2025-09-06T21:34:16+00:00","article_modified_time":"2025-09-07T00:04:03+00:00","og_image":[{"width":1200,"height":1253,"url":"https:\/\/www.nettali.com\/wp-content\/uploads\/2025\/09\/Senegal-finance.jpg","type":"image\/jpeg"}],"twitter_card":"summary_large_image","twitter_misc":{"\u00c9crit par":"Moustapha","Dur\u00e9e de lecture estim\u00e9e":"1 minute"},"schema":{"@context":"https:\/\/schema.org","@graph":[{"@type":"WebSite","@id":"https:\/\/www.nettali.com\/#website","url":"https:\/\/www.nettali.com\/","name":"Nettali.com","description":"Le rendez-vous critique du Net","potentialAction":[{"@type":"SearchAction","target":{"@type":"EntryPoint","urlTemplate":"https:\/\/www.nettali.com\/?s={search_term_string}"},"query-input":"required name=search_term_string"}],"inLanguage":"fr-FR"},{"@type":"ImageObject","@id":"https:\/\/www.nettali.com\/2025\/09\/06\/urgent-remaniement-imminent-du-gouvernement\/#primaryimage","inLanguage":"fr-FR","url":"https:\/\/www.nettali.com\/wp-content\/uploads\/2025\/09\/Senegal-finance.jpg","contentUrl":"https:\/\/www.nettali.com\/wp-content\/uploads\/2025\/09\/Senegal-finance.jpg","width":1200,"height":1253},{"@type":"WebPage","@id":"https:\/\/www.nettali.com\/2025\/09\/06\/urgent-remaniement-imminent-du-gouvernement\/#webpage","url":"https:\/\/www.nettali.com\/2025\/09\/06\/urgent-remaniement-imminent-du-gouvernement\/","name":"URGENT - Remaniement imminent du gouvernement | Nettali.com","isPartOf":{"@id":"https:\/\/www.nettali.com\/#website"},"primaryImageOfPage":{"@id":"https:\/\/www.nettali.com\/2025\/09\/06\/urgent-remaniement-imminent-du-gouvernement\/#primaryimage"},"datePublished":"2025-09-06T21:34:16+00:00","dateModified":"2025-09-07T00:04:03+00:00","author":{"@id":"https:\/\/www.nettali.com\/#\/schema\/person\/7962a12a6e0267f88f0ffa544c36469a"},"breadcrumb":{"@id":"https:\/\/www.nettali.com\/2025\/09\/06\/urgent-remaniement-imminent-du-gouvernement\/#breadcrumb"},"inLanguage":"fr-FR","potentialAction":[{"@type":"ReadAction","target":["https:\/\/www.nettali.com\/2025\/09\/06\/urgent-remaniement-imminent-du-gouvernement\/"]}]},{"@type":"BreadcrumbList","@id":"https:\/\/www.nettali.com\/2025\/09\/06\/urgent-remaniement-imminent-du-gouvernement\/#breadcrumb","itemListElement":[{"@type":"ListItem","position":1,"name":"Accueil","item":"https:\/\/www.nettali.com\/"},{"@type":"ListItem","position":2,"name":"URGENT - Remaniement imminent du gouvernement"}]},{"@type":"Person","@id":"https:\/\/www.nettali.com\/#\/schema\/person\/7962a12a6e0267f88f0ffa544c36469a","name":"Moustapha","image":{"@type":"ImageObject","@id":"https:\/\/www.nettali.com\/#personlogo","inLanguage":"fr-FR","url":"https:\/\/secure.gravatar.com\/avatar\/10fdf6a071cccdcf374e3dbe45159590?s=96&d=mm&r=g","contentUrl":"https:\/\/secure.gravatar.com\/avatar\/10fdf6a071cccdcf374e3dbe45159590?s=96&d=mm&r=g","caption":"Moustapha"},"sameAs":["https:\/\/www.nettali.com"]}]}},"_links":{"self":[{"href":"https:\/\/www.nettali.com\/rest\/wp\/v2\/posts\/160773"}],"collection":[{"href":"https:\/\/www.nettali.com\/rest\/wp\/v2\/posts"}],"about":[{"href":"https:\/\/www.nettali.com\/rest\/wp\/v2\/types\/post"}],"author":[{"embeddable":true,"href":"https:\/\/www.nettali.com\/rest\/wp\/v2\/users\/3"}],"replies":[{"embeddable":true,"href":"https:\/\/www.nettali.com\/rest\/wp\/v2\/comments?post=160773"}],"version-history":[{"count":3,"href":"https:\/\/www.nettali.com\/rest\/wp\/v2\/posts\/160773\/revisions"}],"predecessor-version":[{"id":160777,"href":"https:\/\/www.nettali.com\/rest\/wp\/v2\/posts\/160773\/revisions\/160777"}],"wp:featuredmedia":[{"embeddable":true,"href":"https:\/\/www.nettali.com\/rest\/wp\/v2\/media\/160774"}],"wp:attachment":[{"href":"https:\/\/www.nettali.com\/rest\/wp\/v2\/media?parent=160773"}],"wp:term":[{"taxonomy":"category","embeddable":true,"href":"https:\/\/www.nettali.com\/rest\/wp\/v2\/categories?post=160773"},{"taxonomy":"post_tag","embeddable":true,"href":"https:\/\/www.nettali.com\/rest\/wp\/v2\/tags?post=160773"}],"curies":[{"name":"wp","href":"https:\/\/api.w.org\/{rel}","templated":true}]}}