{"id":160771,"date":"2025-09-06T19:17:56","date_gmt":"2025-09-06T19:17:56","guid":{"rendered":"https:\/\/www.nettali.com\/?p=160771"},"modified":"2025-09-07T16:29:34","modified_gmt":"2025-09-07T16:29:34","slug":"mali-liberation-des-six-routiers-senegalais-enleves","status":"publish","type":"post","link":"https:\/\/www.nettali.com\/2025\/09\/06\/mali-liberation-des-six-routiers-senegalais-enleves\/","title":{"rendered":"MALI - Lib\u00e9ration des six routiers s\u00e9n\u00e9galais enlev\u00e9s"},"content":{"rendered":"<p data-start=\"186\" data-end=\"332\"><strong>NETTALI.COM - Les six routiers s\u00e9n\u00e9galais enlev\u00e9s jeudi au Mali par des groupes arm\u00e9s ont \u00e9t\u00e9 lib\u00e9r\u00e9s, a annonc\u00e9 samedi l\u2019Union des routiers du S\u00e9n\u00e9gal (URS).<\/strong><\/p>\n<p data-start=\"334\" data-end=\"667\">Dans un communiqu\u00e9, l\u2019URS <em>\u201cinforme l\u2019opinion de la lib\u00e9ration des six acteurs routiers s\u00e9n\u00e9galais enlev\u00e9s au Mali\u201d<\/em>. Son secr\u00e9taire g\u00e9n\u00e9ral, Gora Khouma, a confirm\u00e9 l\u2019information : <em>\u201cIls ont \u00e9t\u00e9 lib\u00e9r\u00e9s vendredi apr\u00e8s-midi. Ils sont revenus sains et saufs. Nous \u00e9tions inquiets. Ils se trouvent toujours au Mali.\u201d<\/em><\/p>\n<p data-start=\"669\" data-end=\"785\">L\u2019enl\u00e8vement, survenu jeudi, avait \u00e9t\u00e9 signal\u00e9 aux autorit\u00e9s s\u00e9n\u00e9galaises et \u00e0 l\u2019ambassadrice du S\u00e9n\u00e9gal \u00e0 Bamako.<\/p>\n<p data-start=\"787\" data-end=\"1070\">Dans un communiqu\u00e9 publi\u00e9 la veille, le minist\u00e8re de l\u2019Int\u00e9gration africaine et des Affaires \u00e9trang\u00e8res avait indiqu\u00e9 qu\u2019<em>\u201c\u00e0 ce stade, aucun \u00e9l\u00e9ment v\u00e9rifiable ne permet de confirmer l\u2019enl\u00e8vement signal\u00e9, ni d\u2019\u00e9tablir avec certitude l\u2019identit\u00e9 des personnes suppos\u00e9ment concern\u00e9es\u201d.<\/em><\/p>\n<p data-start=\"1072\" data-end=\"1324\">Le d\u00e9partement de Yassine Fall avait pr\u00e9cis\u00e9 que, <em>\u201cpar l\u2019entremise de l\u2019Ambassade du S\u00e9n\u00e9gal \u00e0 Bamako, il demeure en \u00e9troite concertation avec les autorit\u00e9s comp\u00e9tentes maliennes\u201d<\/em> et promis qu\u2019une communication officielle suivrait en cas d\u2019\u00e9volution.<\/p>\n<p data-start=\"1326\" data-end=\"1500\">\n<div class='share-to-whatsapp-wrapper'><div class='share-on-whsp'>PARTAGER SUR : <\/div><a data-text='MALI - Lib\u00e9ration des six routiers s\u00e9n\u00e9galais enlev\u00e9s' data-link='https:\/\/www.nettali.com\/2025\/09\/06\/mali-liberation-des-six-routiers-senegalais-enleves\/' class='whatsapp-button whatsapp-share'>WhatsApp<\/a><div class='clear '><\/div><\/div>","protected":false},"excerpt":{"rendered":"<p>NETTALI.COM - Les six routiers s\u00e9n\u00e9galais enlev\u00e9s jeudi au Mali par des groupes arm\u00e9s ont \u00e9t\u00e9 lib\u00e9r\u00e9s, a annonc\u00e9 samedi l\u2019Union des routiers du S\u00e9n\u00e9gal (URS). Dans un communiqu\u00e9, l\u2019URS \u201cinforme l\u2019opinion de la lib\u00e9ration des six acteurs routiers s\u00e9n\u00e9galais enlev\u00e9s au Mali\u201d. Son secr\u00e9taire g\u00e9n\u00e9ral, Gora Khouma, a confirm\u00e9 l\u2019information : \u201cIls ont \u00e9t\u00e9 [&hellip;]<\/p>\n","protected":false},"author":4,"featured_media":13514,"comment_status":"open","ping_status":"open","sticky":false,"template":"","format":"standard","meta":{"_et_pb_use_builder":"","_et_pb_old_content":""},"categories":[3],"tags":[],"yoast_head":"<!-- This site is optimized with the Yoast SEO Premium plugin v17.8 (Yoast SEO v17.8) - https:\/\/yoast.com\/wordpress\/plugins\/seo\/ -->\n<title>MALI - Lib\u00e9ration des six routiers s\u00e9n\u00e9galais enlev\u00e9s | Nettali.com<\/title>\n<meta name=\"robots\" content=\"index, follow, max-snippet:-1, max-image-preview:large, max-video-preview:-1\" \/>\n<link rel=\"canonical\" href=\"https:\/\/www.nettali.com\/2025\/09\/06\/mali-liberation-des-six-routiers-senegalais-enleves\/\" \/>\n<meta property=\"og:locale\" content=\"fr_FR\" \/>\n<meta property=\"og:type\" content=\"article\" \/>\n<meta property=\"og:title\" content=\"MALI - Lib\u00e9ration des six routiers s\u00e9n\u00e9galais enlev\u00e9s\" \/>\n<meta property=\"og:description\" content=\"NETTALI.COM - Les six routiers s\u00e9n\u00e9galais enlev\u00e9s jeudi au Mali par des groupes arm\u00e9s ont \u00e9t\u00e9 lib\u00e9r\u00e9s, a annonc\u00e9 samedi l\u2019Union des routiers du S\u00e9n\u00e9gal (URS). Dans un communiqu\u00e9, l\u2019URS \u201cinforme l\u2019opinion de la lib\u00e9ration des six acteurs routiers s\u00e9n\u00e9galais enlev\u00e9s au Mali\u201d. Son secr\u00e9taire g\u00e9n\u00e9ral, Gora Khouma, a confirm\u00e9 l\u2019information : \u201cIls ont \u00e9t\u00e9 [&hellip;]\" \/>\n<meta property=\"og:url\" content=\"https:\/\/www.nettali.com\/2025\/09\/06\/mali-liberation-des-six-routiers-senegalais-enleves\/\" \/>\n<meta property=\"og:site_name\" content=\"Nettali.com\" \/>\n<meta property=\"article:publisher\" content=\"https:\/\/www.facebook.com\/nettalicom\" \/>\n<meta property=\"article:published_time\" content=\"2025-09-06T19:17:56+00:00\" \/>\n<meta property=\"article:modified_time\" content=\"2025-09-07T16:29:34+00:00\" \/>\n<meta property=\"og:image\" content=\"https:\/\/www.nettali.com\/wp-content\/uploads\/2019\/07\/gora-khouma.jpg\" \/>\n\t<meta property=\"og:image:width\" content=\"650\" \/>\n\t<meta property=\"og:image:height\" content=\"455\" \/>\n<meta name=\"twitter:card\" content=\"summary_large_image\" \/>\n<meta name=\"twitter:label1\" content=\"\u00c9crit par\" \/>\n\t<meta name=\"twitter:data1\" content=\"Daouda\" \/>\n\t<meta name=\"twitter:label2\" content=\"Dur\u00e9e de lecture estim\u00e9e\" \/>\n\t<meta name=\"twitter:data2\" content=\"1 minute\" \/>\n<script type=\"application\/ld+json\" class=\"yoast-schema-graph\">{\"@context\":\"https:\/\/schema.org\",\"@graph\":[{\"@type\":\"WebSite\",\"@id\":\"https:\/\/www.nettali.com\/#website\",\"url\":\"https:\/\/www.nettali.com\/\",\"name\":\"Nettali.com\",\"description\":\"Le rendez-vous critique du Net\",\"potentialAction\":[{\"@type\":\"SearchAction\",\"target\":{\"@type\":\"EntryPoint\",\"urlTemplate\":\"https:\/\/www.nettali.com\/?s={search_term_string}\"},\"query-input\":\"required name=search_term_string\"}],\"inLanguage\":\"fr-FR\"},{\"@type\":\"ImageObject\",\"@id\":\"https:\/\/www.nettali.com\/2025\/09\/06\/mali-liberation-des-six-routiers-senegalais-enleves\/#primaryimage\",\"inLanguage\":\"fr-FR\",\"url\":\"https:\/\/www.nettali.com\/wp-content\/uploads\/2019\/07\/gora-khouma.jpg\",\"contentUrl\":\"https:\/\/www.nettali.com\/wp-content\/uploads\/2019\/07\/gora-khouma.jpg\",\"width\":650,\"height\":455},{\"@type\":\"WebPage\",\"@id\":\"https:\/\/www.nettali.com\/2025\/09\/06\/mali-liberation-des-six-routiers-senegalais-enleves\/#webpage\",\"url\":\"https:\/\/www.nettali.com\/2025\/09\/06\/mali-liberation-des-six-routiers-senegalais-enleves\/\",\"name\":\"MALI - Lib\\u00e9ration des six routiers s\\u00e9n\\u00e9galais enlev\\u00e9s | Nettali.com\",\"isPartOf\":{\"@id\":\"https:\/\/www.nettali.com\/#website\"},\"primaryImageOfPage\":{\"@id\":\"https:\/\/www.nettali.com\/2025\/09\/06\/mali-liberation-des-six-routiers-senegalais-enleves\/#primaryimage\"},\"datePublished\":\"2025-09-06T19:17:56+00:00\",\"dateModified\":\"2025-09-07T16:29:34+00:00\",\"author\":{\"@id\":\"https:\/\/www.nettali.com\/#\/schema\/person\/3317e0bb3aa1da309fbf7b2780901bf4\"},\"breadcrumb\":{\"@id\":\"https:\/\/www.nettali.com\/2025\/09\/06\/mali-liberation-des-six-routiers-senegalais-enleves\/#breadcrumb\"},\"inLanguage\":\"fr-FR\",\"potentialAction\":[{\"@type\":\"ReadAction\",\"target\":[\"https:\/\/www.nettali.com\/2025\/09\/06\/mali-liberation-des-six-routiers-senegalais-enleves\/\"]}]},{\"@type\":\"BreadcrumbList\",\"@id\":\"https:\/\/www.nettali.com\/2025\/09\/06\/mali-liberation-des-six-routiers-senegalais-enleves\/#breadcrumb\",\"itemListElement\":[{\"@type\":\"ListItem\",\"position\":1,\"name\":\"Accueil\",\"item\":\"https:\/\/www.nettali.com\/\"},{\"@type\":\"ListItem\",\"position\":2,\"name\":\"MALI - Lib\\u00e9ration des six routiers s\\u00e9n\\u00e9galais enlev\\u00e9s\"}]},{\"@type\":\"Person\",\"@id\":\"https:\/\/www.nettali.com\/#\/schema\/person\/3317e0bb3aa1da309fbf7b2780901bf4\",\"name\":\"Daouda\",\"image\":{\"@type\":\"ImageObject\",\"@id\":\"https:\/\/www.nettali.com\/#personlogo\",\"inLanguage\":\"fr-FR\",\"url\":\"https:\/\/secure.gravatar.com\/avatar\/8d143b5a49345098ddcfee1c49c2f47c?s=96&d=mm&r=g\",\"contentUrl\":\"https:\/\/secure.gravatar.com\/avatar\/8d143b5a49345098ddcfee1c49c2f47c?s=96&d=mm&r=g\",\"caption\":\"Daouda\"},\"sameAs\":[\"https:\/\/www.nettali.com\"]}]}<\/script>\n<!-- \/ Yoast SEO Premium plugin. -->","yoast_head_json":{"title":"MALI - Lib\u00e9ration des six routiers s\u00e9n\u00e9galais enlev\u00e9s | Nettali.com","robots":{"index":"index","follow":"follow","max-snippet":"max-snippet:-1","max-image-preview":"max-image-preview:large","max-video-preview":"max-video-preview:-1"},"canonical":"https:\/\/www.nettali.com\/2025\/09\/06\/mali-liberation-des-six-routiers-senegalais-enleves\/","og_locale":"fr_FR","og_type":"article","og_title":"MALI - Lib\u00e9ration des six routiers s\u00e9n\u00e9galais enlev\u00e9s","og_description":"NETTALI.COM - Les six routiers s\u00e9n\u00e9galais enlev\u00e9s jeudi au Mali par des groupes arm\u00e9s ont \u00e9t\u00e9 lib\u00e9r\u00e9s, a annonc\u00e9 samedi l\u2019Union des routiers du S\u00e9n\u00e9gal (URS). Dans un communiqu\u00e9, l\u2019URS \u201cinforme l\u2019opinion de la lib\u00e9ration des six acteurs routiers s\u00e9n\u00e9galais enlev\u00e9s au Mali\u201d. Son secr\u00e9taire g\u00e9n\u00e9ral, Gora Khouma, a confirm\u00e9 l\u2019information : \u201cIls ont \u00e9t\u00e9 [&hellip;]","og_url":"https:\/\/www.nettali.com\/2025\/09\/06\/mali-liberation-des-six-routiers-senegalais-enleves\/","og_site_name":"Nettali.com","article_publisher":"https:\/\/www.facebook.com\/nettalicom","article_published_time":"2025-09-06T19:17:56+00:00","article_modified_time":"2025-09-07T16:29:34+00:00","og_image":[{"width":650,"height":455,"url":"https:\/\/www.nettali.com\/wp-content\/uploads\/2019\/07\/gora-khouma.jpg","type":"image\/jpeg"}],"twitter_card":"summary_large_image","twitter_misc":{"\u00c9crit par":"Daouda","Dur\u00e9e de lecture estim\u00e9e":"1 minute"},"schema":{"@context":"https:\/\/schema.org","@graph":[{"@type":"WebSite","@id":"https:\/\/www.nettali.com\/#website","url":"https:\/\/www.nettali.com\/","name":"Nettali.com","description":"Le rendez-vous critique du Net","potentialAction":[{"@type":"SearchAction","target":{"@type":"EntryPoint","urlTemplate":"https:\/\/www.nettali.com\/?s={search_term_string}"},"query-input":"required name=search_term_string"}],"inLanguage":"fr-FR"},{"@type":"ImageObject","@id":"https:\/\/www.nettali.com\/2025\/09\/06\/mali-liberation-des-six-routiers-senegalais-enleves\/#primaryimage","inLanguage":"fr-FR","url":"https:\/\/www.nettali.com\/wp-content\/uploads\/2019\/07\/gora-khouma.jpg","contentUrl":"https:\/\/www.nettali.com\/wp-content\/uploads\/2019\/07\/gora-khouma.jpg","width":650,"height":455},{"@type":"WebPage","@id":"https:\/\/www.nettali.com\/2025\/09\/06\/mali-liberation-des-six-routiers-senegalais-enleves\/#webpage","url":"https:\/\/www.nettali.com\/2025\/09\/06\/mali-liberation-des-six-routiers-senegalais-enleves\/","name":"MALI - Lib\u00e9ration des six routiers s\u00e9n\u00e9galais enlev\u00e9s | Nettali.com","isPartOf":{"@id":"https:\/\/www.nettali.com\/#website"},"primaryImageOfPage":{"@id":"https:\/\/www.nettali.com\/2025\/09\/06\/mali-liberation-des-six-routiers-senegalais-enleves\/#primaryimage"},"datePublished":"2025-09-06T19:17:56+00:00","dateModified":"2025-09-07T16:29:34+00:00","author":{"@id":"https:\/\/www.nettali.com\/#\/schema\/person\/3317e0bb3aa1da309fbf7b2780901bf4"},"breadcrumb":{"@id":"https:\/\/www.nettali.com\/2025\/09\/06\/mali-liberation-des-six-routiers-senegalais-enleves\/#breadcrumb"},"inLanguage":"fr-FR","potentialAction":[{"@type":"ReadAction","target":["https:\/\/www.nettali.com\/2025\/09\/06\/mali-liberation-des-six-routiers-senegalais-enleves\/"]}]},{"@type":"BreadcrumbList","@id":"https:\/\/www.nettali.com\/2025\/09\/06\/mali-liberation-des-six-routiers-senegalais-enleves\/#breadcrumb","itemListElement":[{"@type":"ListItem","position":1,"name":"Accueil","item":"https:\/\/www.nettali.com\/"},{"@type":"ListItem","position":2,"name":"MALI - Lib\u00e9ration des six routiers s\u00e9n\u00e9galais enlev\u00e9s"}]},{"@type":"Person","@id":"https:\/\/www.nettali.com\/#\/schema\/person\/3317e0bb3aa1da309fbf7b2780901bf4","name":"Daouda","image":{"@type":"ImageObject","@id":"https:\/\/www.nettali.com\/#personlogo","inLanguage":"fr-FR","url":"https:\/\/secure.gravatar.com\/avatar\/8d143b5a49345098ddcfee1c49c2f47c?s=96&d=mm&r=g","contentUrl":"https:\/\/secure.gravatar.com\/avatar\/8d143b5a49345098ddcfee1c49c2f47c?s=96&d=mm&r=g","caption":"Daouda"},"sameAs":["https:\/\/www.nettali.com"]}]}},"_links":{"self":[{"href":"https:\/\/www.nettali.com\/rest\/wp\/v2\/posts\/160771"}],"collection":[{"href":"https:\/\/www.nettali.com\/rest\/wp\/v2\/posts"}],"about":[{"href":"https:\/\/www.nettali.com\/rest\/wp\/v2\/types\/post"}],"author":[{"embeddable":true,"href":"https:\/\/www.nettali.com\/rest\/wp\/v2\/users\/4"}],"replies":[{"embeddable":true,"href":"https:\/\/www.nettali.com\/rest\/wp\/v2\/comments?post=160771"}],"version-history":[{"count":1,"href":"https:\/\/www.nettali.com\/rest\/wp\/v2\/posts\/160771\/revisions"}],"predecessor-version":[{"id":160772,"href":"https:\/\/www.nettali.com\/rest\/wp\/v2\/posts\/160771\/revisions\/160772"}],"wp:featuredmedia":[{"embeddable":true,"href":"https:\/\/www.nettali.com\/rest\/wp\/v2\/media\/13514"}],"wp:attachment":[{"href":"https:\/\/www.nettali.com\/rest\/wp\/v2\/media?parent=160771"}],"wp:term":[{"taxonomy":"category","embeddable":true,"href":"https:\/\/www.nettali.com\/rest\/wp\/v2\/categories?post=160771"},{"taxonomy":"post_tag","embeddable":true,"href":"https:\/\/www.nettali.com\/rest\/wp\/v2\/tags?post=160771"}],"curies":[{"name":"wp","href":"https:\/\/api.w.org\/{rel}","templated":true}]}}