{"id":160767,"date":"2025-09-06T19:14:32","date_gmt":"2025-09-06T19:14:32","guid":{"rendered":"https:\/\/www.nettali.com\/?p=160767"},"modified":"2025-09-06T21:47:49","modified_gmt":"2025-09-06T21:47:49","slug":"lutte-contre-lemigration-irreguliere-23-candidats-arretes-a-joal-un-organisateur-presume-interpelle","status":"publish","type":"post","link":"https:\/\/www.nettali.com\/2025\/09\/06\/lutte-contre-lemigration-irreguliere-23-candidats-arretes-a-joal-un-organisateur-presume-interpelle\/","title":{"rendered":"LUTTE CONTRE L\u2019\u00c9MIGRATION IRR\u00c9GULI\u00c8RE -\u00a023 candidats arr\u00eat\u00e9s \u00e0 Joal, un organisateur pr\u00e9sum\u00e9 interpell\u00e9"},"content":{"rendered":"<p><strong>NETTALI.COM-\u00a0La Gendarmerie de Mbour a mis en \u00e9chec, vendredi 5 septembre, une nouvelle tentative de d\u00e9part clandestin vers l\u2019Europe. Vingt-trois candidats \u00e0 l\u2019\u00e9migration irr\u00e9guli\u00e8re et un pr\u00e9sum\u00e9 convoyeur ont \u00e9t\u00e9 arr\u00eat\u00e9s lors d\u2019une op\u00e9ration conjointe.<\/strong><\/p>\n<p>Dans le cadre du renforcement de la lutte contre l\u2019\u00e9migration irr\u00e9guli\u00e8re, particuli\u00e8rement en cette p\u00e9riode de Gamou jug\u00e9e sensible, la Compagnie de Gendarmerie de Mbour a intensifi\u00e9 ses op\u00e9rations de surveillance.<\/p>\n<p>Vendredi, une mission men\u00e9e par la Brigade territoriale de Joal, avec l\u2019appui de la Brigade de Recherches de Mbour, a cibl\u00e9 les villages de Mbodi\u00e8ne et des localit\u00e9s voisines. L\u2019intervention a permis l\u2019interpellation de vingt-trois S\u00e9n\u00e9galais identifi\u00e9s comme candidats \u00e0 l\u2019\u00e9migration clandestine. Dans la m\u00eame op\u00e9ration, un homme suspect\u00e9 d\u2019\u00eatre l\u2019organisateur du convoyage a \u00e9t\u00e9 arr\u00eat\u00e9 par les forces de l\u2019ordre.<\/p>\n<p>Face \u00e0 la recrudescence des tentatives de d\u00e9part par voie maritime, la Gendarmerie nationale r\u00e9affirme sa d\u00e9termination \u00e0 combattre ce ph\u00e9nom\u00e8ne aux lourdes cons\u00e9quences humaines et sociales. Elle appelle par ailleurs les populations \u00e0 collaborer davantage en signalant toute activit\u00e9 suspecte.<\/p>\n<div class='share-to-whatsapp-wrapper'><div class='share-on-whsp'>PARTAGER SUR : <\/div><a data-text='LUTTE CONTRE L\u2019\u00c9MIGRATION IRR\u00c9GULI\u00c8RE -\u00a023 candidats arr\u00eat\u00e9s \u00e0 Joal, un organisateur pr\u00e9sum\u00e9 interpell\u00e9' data-link='https:\/\/www.nettali.com\/2025\/09\/06\/lutte-contre-lemigration-irreguliere-23-candidats-arretes-a-joal-un-organisateur-presume-interpelle\/' class='whatsapp-button whatsapp-share'>WhatsApp<\/a><div class='clear '><\/div><\/div>","protected":false},"excerpt":{"rendered":"<p>NETTALI.COM-\u00a0La Gendarmerie de Mbour a mis en \u00e9chec, vendredi 5 septembre, une nouvelle tentative de d\u00e9part clandestin vers l\u2019Europe. Vingt-trois candidats \u00e0 l\u2019\u00e9migration irr\u00e9guli\u00e8re et un pr\u00e9sum\u00e9 convoyeur ont \u00e9t\u00e9 arr\u00eat\u00e9s lors d\u2019une op\u00e9ration conjointe. Dans le cadre du renforcement de la lutte contre l\u2019\u00e9migration irr\u00e9guli\u00e8re, particuli\u00e8rement en cette p\u00e9riode de Gamou jug\u00e9e sensible, la [&hellip;]<\/p>\n","protected":false},"author":6,"featured_media":160768,"comment_status":"open","ping_status":"open","sticky":false,"template":"","format":"standard","meta":{"_et_pb_use_builder":"","_et_pb_old_content":""},"categories":[3],"tags":[],"yoast_head":"<!-- This site is optimized with the Yoast SEO Premium plugin v17.8 (Yoast SEO v17.8) - https:\/\/yoast.com\/wordpress\/plugins\/seo\/ -->\n<title>LUTTE CONTRE L\u2019\u00c9MIGRATION IRR\u00c9GULI\u00c8RE -\u00a023 candidats arr\u00eat\u00e9s \u00e0 Joal, un organisateur pr\u00e9sum\u00e9 interpell\u00e9 | Nettali.com<\/title>\n<meta name=\"robots\" content=\"index, follow, max-snippet:-1, max-image-preview:large, max-video-preview:-1\" \/>\n<link rel=\"canonical\" href=\"https:\/\/www.nettali.com\/2025\/09\/06\/lutte-contre-lemigration-irreguliere-23-candidats-arretes-a-joal-un-organisateur-presume-interpelle\/\" \/>\n<meta property=\"og:locale\" content=\"fr_FR\" \/>\n<meta property=\"og:type\" content=\"article\" \/>\n<meta property=\"og:title\" content=\"LUTTE CONTRE L\u2019\u00c9MIGRATION IRR\u00c9GULI\u00c8RE -\u00a023 candidats arr\u00eat\u00e9s \u00e0 Joal, un organisateur pr\u00e9sum\u00e9 interpell\u00e9\" \/>\n<meta property=\"og:description\" content=\"NETTALI.COM-\u00a0La Gendarmerie de Mbour a mis en \u00e9chec, vendredi 5 septembre, une nouvelle tentative de d\u00e9part clandestin vers l\u2019Europe. Vingt-trois candidats \u00e0 l\u2019\u00e9migration irr\u00e9guli\u00e8re et un pr\u00e9sum\u00e9 convoyeur ont \u00e9t\u00e9 arr\u00eat\u00e9s lors d\u2019une op\u00e9ration conjointe. Dans le cadre du renforcement de la lutte contre l\u2019\u00e9migration irr\u00e9guli\u00e8re, particuli\u00e8rement en cette p\u00e9riode de Gamou jug\u00e9e sensible, la [&hellip;]\" \/>\n<meta property=\"og:url\" content=\"https:\/\/www.nettali.com\/2025\/09\/06\/lutte-contre-lemigration-irreguliere-23-candidats-arretes-a-joal-un-organisateur-presume-interpelle\/\" \/>\n<meta property=\"og:site_name\" content=\"Nettali.com\" \/>\n<meta property=\"article:publisher\" content=\"https:\/\/www.facebook.com\/nettalicom\" \/>\n<meta property=\"article:published_time\" content=\"2025-09-06T19:14:32+00:00\" \/>\n<meta property=\"article:modified_time\" content=\"2025-09-06T21:47:49+00:00\" \/>\n<meta property=\"og:image\" content=\"https:\/\/www.nettali.com\/wp-content\/uploads\/2025\/09\/IMG-20250906-WA0152.jpg\" \/>\n\t<meta property=\"og:image:width\" content=\"720\" \/>\n\t<meta property=\"og:image:height\" content=\"539\" \/>\n<meta name=\"twitter:card\" content=\"summary_large_image\" \/>\n<meta name=\"twitter:label1\" content=\"\u00c9crit par\" \/>\n\t<meta name=\"twitter:data1\" content=\"Fatou\" \/>\n\t<meta name=\"twitter:label2\" content=\"Dur\u00e9e de lecture estim\u00e9e\" \/>\n\t<meta name=\"twitter:data2\" content=\"1 minute\" \/>\n<script type=\"application\/ld+json\" class=\"yoast-schema-graph\">{\"@context\":\"https:\/\/schema.org\",\"@graph\":[{\"@type\":\"WebSite\",\"@id\":\"https:\/\/www.nettali.com\/#website\",\"url\":\"https:\/\/www.nettali.com\/\",\"name\":\"Nettali.com\",\"description\":\"Le rendez-vous critique du Net\",\"potentialAction\":[{\"@type\":\"SearchAction\",\"target\":{\"@type\":\"EntryPoint\",\"urlTemplate\":\"https:\/\/www.nettali.com\/?s={search_term_string}\"},\"query-input\":\"required name=search_term_string\"}],\"inLanguage\":\"fr-FR\"},{\"@type\":\"ImageObject\",\"@id\":\"https:\/\/www.nettali.com\/2025\/09\/06\/lutte-contre-lemigration-irreguliere-23-candidats-arretes-a-joal-un-organisateur-presume-interpelle\/#primaryimage\",\"inLanguage\":\"fr-FR\",\"url\":\"https:\/\/www.nettali.com\/wp-content\/uploads\/2025\/09\/IMG-20250906-WA0152.jpg\",\"contentUrl\":\"https:\/\/www.nettali.com\/wp-content\/uploads\/2025\/09\/IMG-20250906-WA0152.jpg\",\"width\":720,\"height\":539},{\"@type\":\"WebPage\",\"@id\":\"https:\/\/www.nettali.com\/2025\/09\/06\/lutte-contre-lemigration-irreguliere-23-candidats-arretes-a-joal-un-organisateur-presume-interpelle\/#webpage\",\"url\":\"https:\/\/www.nettali.com\/2025\/09\/06\/lutte-contre-lemigration-irreguliere-23-candidats-arretes-a-joal-un-organisateur-presume-interpelle\/\",\"name\":\"LUTTE CONTRE L\\u2019\\u00c9MIGRATION IRR\\u00c9GULI\\u00c8RE -\\u00a023 candidats arr\\u00eat\\u00e9s \\u00e0 Joal, un organisateur pr\\u00e9sum\\u00e9 interpell\\u00e9 | Nettali.com\",\"isPartOf\":{\"@id\":\"https:\/\/www.nettali.com\/#website\"},\"primaryImageOfPage\":{\"@id\":\"https:\/\/www.nettali.com\/2025\/09\/06\/lutte-contre-lemigration-irreguliere-23-candidats-arretes-a-joal-un-organisateur-presume-interpelle\/#primaryimage\"},\"datePublished\":\"2025-09-06T19:14:32+00:00\",\"dateModified\":\"2025-09-06T21:47:49+00:00\",\"author\":{\"@id\":\"https:\/\/www.nettali.com\/#\/schema\/person\/418274a86bdf87caff7a3ef476bd0bbf\"},\"breadcrumb\":{\"@id\":\"https:\/\/www.nettali.com\/2025\/09\/06\/lutte-contre-lemigration-irreguliere-23-candidats-arretes-a-joal-un-organisateur-presume-interpelle\/#breadcrumb\"},\"inLanguage\":\"fr-FR\",\"potentialAction\":[{\"@type\":\"ReadAction\",\"target\":[\"https:\/\/www.nettali.com\/2025\/09\/06\/lutte-contre-lemigration-irreguliere-23-candidats-arretes-a-joal-un-organisateur-presume-interpelle\/\"]}]},{\"@type\":\"BreadcrumbList\",\"@id\":\"https:\/\/www.nettali.com\/2025\/09\/06\/lutte-contre-lemigration-irreguliere-23-candidats-arretes-a-joal-un-organisateur-presume-interpelle\/#breadcrumb\",\"itemListElement\":[{\"@type\":\"ListItem\",\"position\":1,\"name\":\"Accueil\",\"item\":\"https:\/\/www.nettali.com\/\"},{\"@type\":\"ListItem\",\"position\":2,\"name\":\"LUTTE CONTRE L\\u2019\\u00c9MIGRATION IRR\\u00c9GULI\\u00c8RE -\\u00a023 candidats arr\\u00eat\\u00e9s \\u00e0 Joal, un organisateur pr\\u00e9sum\\u00e9 interpell\\u00e9\"}]},{\"@type\":\"Person\",\"@id\":\"https:\/\/www.nettali.com\/#\/schema\/person\/418274a86bdf87caff7a3ef476bd0bbf\",\"name\":\"Fatou\",\"image\":{\"@type\":\"ImageObject\",\"@id\":\"https:\/\/www.nettali.com\/#personlogo\",\"inLanguage\":\"fr-FR\",\"url\":\"https:\/\/secure.gravatar.com\/avatar\/5a9442a2bee7b4dcf167cab035858e9a?s=96&d=mm&r=g\",\"contentUrl\":\"https:\/\/secure.gravatar.com\/avatar\/5a9442a2bee7b4dcf167cab035858e9a?s=96&d=mm&r=g\",\"caption\":\"Fatou\"},\"sameAs\":[\"https:\/\/www.nettali.com\"]}]}<\/script>\n<!-- \/ Yoast SEO Premium plugin. -->","yoast_head_json":{"title":"LUTTE CONTRE L\u2019\u00c9MIGRATION IRR\u00c9GULI\u00c8RE -\u00a023 candidats arr\u00eat\u00e9s \u00e0 Joal, un organisateur pr\u00e9sum\u00e9 interpell\u00e9 | Nettali.com","robots":{"index":"index","follow":"follow","max-snippet":"max-snippet:-1","max-image-preview":"max-image-preview:large","max-video-preview":"max-video-preview:-1"},"canonical":"https:\/\/www.nettali.com\/2025\/09\/06\/lutte-contre-lemigration-irreguliere-23-candidats-arretes-a-joal-un-organisateur-presume-interpelle\/","og_locale":"fr_FR","og_type":"article","og_title":"LUTTE CONTRE L\u2019\u00c9MIGRATION IRR\u00c9GULI\u00c8RE -\u00a023 candidats arr\u00eat\u00e9s \u00e0 Joal, un organisateur pr\u00e9sum\u00e9 interpell\u00e9","og_description":"NETTALI.COM-\u00a0La Gendarmerie de Mbour a mis en \u00e9chec, vendredi 5 septembre, une nouvelle tentative de d\u00e9part clandestin vers l\u2019Europe. Vingt-trois candidats \u00e0 l\u2019\u00e9migration irr\u00e9guli\u00e8re et un pr\u00e9sum\u00e9 convoyeur ont \u00e9t\u00e9 arr\u00eat\u00e9s lors d\u2019une op\u00e9ration conjointe. Dans le cadre du renforcement de la lutte contre l\u2019\u00e9migration irr\u00e9guli\u00e8re, particuli\u00e8rement en cette p\u00e9riode de Gamou jug\u00e9e sensible, la [&hellip;]","og_url":"https:\/\/www.nettali.com\/2025\/09\/06\/lutte-contre-lemigration-irreguliere-23-candidats-arretes-a-joal-un-organisateur-presume-interpelle\/","og_site_name":"Nettali.com","article_publisher":"https:\/\/www.facebook.com\/nettalicom","article_published_time":"2025-09-06T19:14:32+00:00","article_modified_time":"2025-09-06T21:47:49+00:00","og_image":[{"width":720,"height":539,"url":"https:\/\/www.nettali.com\/wp-content\/uploads\/2025\/09\/IMG-20250906-WA0152.jpg","type":"image\/jpeg"}],"twitter_card":"summary_large_image","twitter_misc":{"\u00c9crit par":"Fatou","Dur\u00e9e de lecture estim\u00e9e":"1 minute"},"schema":{"@context":"https:\/\/schema.org","@graph":[{"@type":"WebSite","@id":"https:\/\/www.nettali.com\/#website","url":"https:\/\/www.nettali.com\/","name":"Nettali.com","description":"Le rendez-vous critique du Net","potentialAction":[{"@type":"SearchAction","target":{"@type":"EntryPoint","urlTemplate":"https:\/\/www.nettali.com\/?s={search_term_string}"},"query-input":"required name=search_term_string"}],"inLanguage":"fr-FR"},{"@type":"ImageObject","@id":"https:\/\/www.nettali.com\/2025\/09\/06\/lutte-contre-lemigration-irreguliere-23-candidats-arretes-a-joal-un-organisateur-presume-interpelle\/#primaryimage","inLanguage":"fr-FR","url":"https:\/\/www.nettali.com\/wp-content\/uploads\/2025\/09\/IMG-20250906-WA0152.jpg","contentUrl":"https:\/\/www.nettali.com\/wp-content\/uploads\/2025\/09\/IMG-20250906-WA0152.jpg","width":720,"height":539},{"@type":"WebPage","@id":"https:\/\/www.nettali.com\/2025\/09\/06\/lutte-contre-lemigration-irreguliere-23-candidats-arretes-a-joal-un-organisateur-presume-interpelle\/#webpage","url":"https:\/\/www.nettali.com\/2025\/09\/06\/lutte-contre-lemigration-irreguliere-23-candidats-arretes-a-joal-un-organisateur-presume-interpelle\/","name":"LUTTE CONTRE L\u2019\u00c9MIGRATION IRR\u00c9GULI\u00c8RE -\u00a023 candidats arr\u00eat\u00e9s \u00e0 Joal, un organisateur pr\u00e9sum\u00e9 interpell\u00e9 | Nettali.com","isPartOf":{"@id":"https:\/\/www.nettali.com\/#website"},"primaryImageOfPage":{"@id":"https:\/\/www.nettali.com\/2025\/09\/06\/lutte-contre-lemigration-irreguliere-23-candidats-arretes-a-joal-un-organisateur-presume-interpelle\/#primaryimage"},"datePublished":"2025-09-06T19:14:32+00:00","dateModified":"2025-09-06T21:47:49+00:00","author":{"@id":"https:\/\/www.nettali.com\/#\/schema\/person\/418274a86bdf87caff7a3ef476bd0bbf"},"breadcrumb":{"@id":"https:\/\/www.nettali.com\/2025\/09\/06\/lutte-contre-lemigration-irreguliere-23-candidats-arretes-a-joal-un-organisateur-presume-interpelle\/#breadcrumb"},"inLanguage":"fr-FR","potentialAction":[{"@type":"ReadAction","target":["https:\/\/www.nettali.com\/2025\/09\/06\/lutte-contre-lemigration-irreguliere-23-candidats-arretes-a-joal-un-organisateur-presume-interpelle\/"]}]},{"@type":"BreadcrumbList","@id":"https:\/\/www.nettali.com\/2025\/09\/06\/lutte-contre-lemigration-irreguliere-23-candidats-arretes-a-joal-un-organisateur-presume-interpelle\/#breadcrumb","itemListElement":[{"@type":"ListItem","position":1,"name":"Accueil","item":"https:\/\/www.nettali.com\/"},{"@type":"ListItem","position":2,"name":"LUTTE CONTRE L\u2019\u00c9MIGRATION IRR\u00c9GULI\u00c8RE -\u00a023 candidats arr\u00eat\u00e9s \u00e0 Joal, un organisateur pr\u00e9sum\u00e9 interpell\u00e9"}]},{"@type":"Person","@id":"https:\/\/www.nettali.com\/#\/schema\/person\/418274a86bdf87caff7a3ef476bd0bbf","name":"Fatou","image":{"@type":"ImageObject","@id":"https:\/\/www.nettali.com\/#personlogo","inLanguage":"fr-FR","url":"https:\/\/secure.gravatar.com\/avatar\/5a9442a2bee7b4dcf167cab035858e9a?s=96&d=mm&r=g","contentUrl":"https:\/\/secure.gravatar.com\/avatar\/5a9442a2bee7b4dcf167cab035858e9a?s=96&d=mm&r=g","caption":"Fatou"},"sameAs":["https:\/\/www.nettali.com"]}]}},"_links":{"self":[{"href":"https:\/\/www.nettali.com\/rest\/wp\/v2\/posts\/160767"}],"collection":[{"href":"https:\/\/www.nettali.com\/rest\/wp\/v2\/posts"}],"about":[{"href":"https:\/\/www.nettali.com\/rest\/wp\/v2\/types\/post"}],"author":[{"embeddable":true,"href":"https:\/\/www.nettali.com\/rest\/wp\/v2\/users\/6"}],"replies":[{"embeddable":true,"href":"https:\/\/www.nettali.com\/rest\/wp\/v2\/comments?post=160767"}],"version-history":[{"count":2,"href":"https:\/\/www.nettali.com\/rest\/wp\/v2\/posts\/160767\/revisions"}],"predecessor-version":[{"id":160779,"href":"https:\/\/www.nettali.com\/rest\/wp\/v2\/posts\/160767\/revisions\/160779"}],"wp:featuredmedia":[{"embeddable":true,"href":"https:\/\/www.nettali.com\/rest\/wp\/v2\/media\/160768"}],"wp:attachment":[{"href":"https:\/\/www.nettali.com\/rest\/wp\/v2\/media?parent=160767"}],"wp:term":[{"taxonomy":"category","embeddable":true,"href":"https:\/\/www.nettali.com\/rest\/wp\/v2\/categories?post=160767"},{"taxonomy":"post_tag","embeddable":true,"href":"https:\/\/www.nettali.com\/rest\/wp\/v2\/tags?post=160767"}],"curies":[{"name":"wp","href":"https:\/\/api.w.org\/{rel}","templated":true}]}}