{"id":160759,"date":"2025-09-06T06:03:25","date_gmt":"2025-09-06T06:03:25","guid":{"rendered":"https:\/\/www.nettali.com\/?p=160759"},"modified":"2025-09-06T09:05:43","modified_gmt":"2025-09-06T09:05:43","slug":"enlevement-presume-de-routiers-senegalais-au-mali-dakar-appelle-a-la-prudence","status":"publish","type":"post","link":"https:\/\/www.nettali.com\/2025\/09\/06\/enlevement-presume-de-routiers-senegalais-au-mali-dakar-appelle-a-la-prudence\/","title":{"rendered":"ENL\u00c8VEMENT PR\u00c9SUM\u00c9 DE ROUTIERS S\u00c9N\u00c9GALAIS AU MALI -\u00a0 Dakar appelle \u00e0 la prudence"},"content":{"rendered":"<p data-start=\"190\" data-end=\"330\"><strong>NETTALI.COM - Ce vendredi, l\u2019Union des routiers du S\u00e9n\u00e9gal (URS) a annonc\u00e9 l\u2019enl\u00e8vement de six de ses membres par des groupes arm\u00e9s terroristes au Mali.<\/strong><\/p>\n<p data-start=\"332\" data-end=\"634\">Dans un communiqu\u00e9, le minist\u00e8re de l\u2019Int\u00e9gration africaine et des Affaires \u00e9trang\u00e8res a toutefois nuanc\u00e9 ces informations. <em>\u00ab \u00c0 ce stade, aucun \u00e9l\u00e9ment v\u00e9rifiable ne permet de confirmer l'enl\u00e8vement signal\u00e9, ni d'\u00e9tablir avec certitude l'identit\u00e9 des personnes suppos\u00e9ment concern\u00e9es \u00bb<\/em>, pr\u00e9cise-t-il.<\/p>\n<p data-start=\"636\" data-end=\"861\">Le minist\u00e8re ajoute qu\u2019il demeure <em>\u00ab en \u00e9troite concertation avec les autorit\u00e9s comp\u00e9tentes maliennes, par l'entremise de l'Ambassade du S\u00e9n\u00e9gal \u00e0 Bamako \u00bb<\/em>, et promet de communiquer toute \u00e9volution pertinente en temps utile.<\/p>\n<div class='share-to-whatsapp-wrapper'><div class='share-on-whsp'>PARTAGER SUR : <\/div><a data-text='ENL\u00c8VEMENT PR\u00c9SUM\u00c9 DE ROUTIERS S\u00c9N\u00c9GALAIS AU MALI -\u00a0 Dakar appelle \u00e0 la prudence' data-link='https:\/\/www.nettali.com\/2025\/09\/06\/enlevement-presume-de-routiers-senegalais-au-mali-dakar-appelle-a-la-prudence\/' class='whatsapp-button whatsapp-share'>WhatsApp<\/a><div class='clear '><\/div><\/div>","protected":false},"excerpt":{"rendered":"<p>NETTALI.COM - Ce vendredi, l\u2019Union des routiers du S\u00e9n\u00e9gal (URS) a annonc\u00e9 l\u2019enl\u00e8vement de six de ses membres par des groupes arm\u00e9s terroristes au Mali. Dans un communiqu\u00e9, le minist\u00e8re de l\u2019Int\u00e9gration africaine et des Affaires \u00e9trang\u00e8res a toutefois nuanc\u00e9 ces informations. \u00ab \u00c0 ce stade, aucun \u00e9l\u00e9ment v\u00e9rifiable ne permet de confirmer l'enl\u00e8vement signal\u00e9, [&hellip;]<\/p>\n","protected":false},"author":4,"featured_media":131362,"comment_status":"open","ping_status":"open","sticky":false,"template":"","format":"standard","meta":{"_et_pb_use_builder":"","_et_pb_old_content":""},"categories":[3],"tags":[],"yoast_head":"<!-- This site is optimized with the Yoast SEO Premium plugin v17.8 (Yoast SEO v17.8) - https:\/\/yoast.com\/wordpress\/plugins\/seo\/ -->\n<title>ENL\u00c8VEMENT PR\u00c9SUM\u00c9 DE ROUTIERS S\u00c9N\u00c9GALAIS AU MALI -\u00a0 Dakar appelle \u00e0 la prudence | Nettali.com<\/title>\n<meta name=\"robots\" content=\"index, follow, max-snippet:-1, max-image-preview:large, max-video-preview:-1\" \/>\n<link rel=\"canonical\" href=\"https:\/\/www.nettali.com\/2025\/09\/06\/enlevement-presume-de-routiers-senegalais-au-mali-dakar-appelle-a-la-prudence\/\" \/>\n<meta property=\"og:locale\" content=\"fr_FR\" \/>\n<meta property=\"og:type\" content=\"article\" \/>\n<meta property=\"og:title\" content=\"ENL\u00c8VEMENT PR\u00c9SUM\u00c9 DE ROUTIERS S\u00c9N\u00c9GALAIS AU MALI -\u00a0 Dakar appelle \u00e0 la prudence\" \/>\n<meta property=\"og:description\" content=\"NETTALI.COM - Ce vendredi, l\u2019Union des routiers du S\u00e9n\u00e9gal (URS) a annonc\u00e9 l\u2019enl\u00e8vement de six de ses membres par des groupes arm\u00e9s terroristes au Mali. Dans un communiqu\u00e9, le minist\u00e8re de l\u2019Int\u00e9gration africaine et des Affaires \u00e9trang\u00e8res a toutefois nuanc\u00e9 ces informations. \u00ab \u00c0 ce stade, aucun \u00e9l\u00e9ment v\u00e9rifiable ne permet de confirmer l&#039;enl\u00e8vement signal\u00e9, [&hellip;]\" \/>\n<meta property=\"og:url\" content=\"https:\/\/www.nettali.com\/2025\/09\/06\/enlevement-presume-de-routiers-senegalais-au-mali-dakar-appelle-a-la-prudence\/\" \/>\n<meta property=\"og:site_name\" content=\"Nettali.com\" \/>\n<meta property=\"article:publisher\" content=\"https:\/\/www.facebook.com\/nettalicom\" \/>\n<meta property=\"article:published_time\" content=\"2025-09-06T06:03:25+00:00\" \/>\n<meta property=\"article:modified_time\" content=\"2025-09-06T09:05:43+00:00\" \/>\n<meta property=\"og:image\" content=\"https:\/\/www.nettali.com\/wp-content\/uploads\/2024\/04\/Yacine-Fall.png\" \/>\n\t<meta property=\"og:image:width\" content=\"670\" \/>\n\t<meta property=\"og:image:height\" content=\"375\" \/>\n<meta name=\"twitter:card\" content=\"summary_large_image\" \/>\n<meta name=\"twitter:label1\" content=\"\u00c9crit par\" \/>\n\t<meta name=\"twitter:data1\" content=\"Daouda\" \/>\n\t<meta name=\"twitter:label2\" content=\"Dur\u00e9e de lecture estim\u00e9e\" \/>\n\t<meta name=\"twitter:data2\" content=\"1 minute\" \/>\n<script type=\"application\/ld+json\" class=\"yoast-schema-graph\">{\"@context\":\"https:\/\/schema.org\",\"@graph\":[{\"@type\":\"WebSite\",\"@id\":\"https:\/\/www.nettali.com\/#website\",\"url\":\"https:\/\/www.nettali.com\/\",\"name\":\"Nettali.com\",\"description\":\"Le rendez-vous critique du Net\",\"potentialAction\":[{\"@type\":\"SearchAction\",\"target\":{\"@type\":\"EntryPoint\",\"urlTemplate\":\"https:\/\/www.nettali.com\/?s={search_term_string}\"},\"query-input\":\"required name=search_term_string\"}],\"inLanguage\":\"fr-FR\"},{\"@type\":\"ImageObject\",\"@id\":\"https:\/\/www.nettali.com\/2025\/09\/06\/enlevement-presume-de-routiers-senegalais-au-mali-dakar-appelle-a-la-prudence\/#primaryimage\",\"inLanguage\":\"fr-FR\",\"url\":\"https:\/\/www.nettali.com\/wp-content\/uploads\/2024\/04\/Yacine-Fall.png\",\"contentUrl\":\"https:\/\/www.nettali.com\/wp-content\/uploads\/2024\/04\/Yacine-Fall.png\",\"width\":670,\"height\":375},{\"@type\":\"WebPage\",\"@id\":\"https:\/\/www.nettali.com\/2025\/09\/06\/enlevement-presume-de-routiers-senegalais-au-mali-dakar-appelle-a-la-prudence\/#webpage\",\"url\":\"https:\/\/www.nettali.com\/2025\/09\/06\/enlevement-presume-de-routiers-senegalais-au-mali-dakar-appelle-a-la-prudence\/\",\"name\":\"ENL\\u00c8VEMENT PR\\u00c9SUM\\u00c9 DE ROUTIERS S\\u00c9N\\u00c9GALAIS AU MALI -\\u00a0 Dakar appelle \\u00e0 la prudence | Nettali.com\",\"isPartOf\":{\"@id\":\"https:\/\/www.nettali.com\/#website\"},\"primaryImageOfPage\":{\"@id\":\"https:\/\/www.nettali.com\/2025\/09\/06\/enlevement-presume-de-routiers-senegalais-au-mali-dakar-appelle-a-la-prudence\/#primaryimage\"},\"datePublished\":\"2025-09-06T06:03:25+00:00\",\"dateModified\":\"2025-09-06T09:05:43+00:00\",\"author\":{\"@id\":\"https:\/\/www.nettali.com\/#\/schema\/person\/3317e0bb3aa1da309fbf7b2780901bf4\"},\"breadcrumb\":{\"@id\":\"https:\/\/www.nettali.com\/2025\/09\/06\/enlevement-presume-de-routiers-senegalais-au-mali-dakar-appelle-a-la-prudence\/#breadcrumb\"},\"inLanguage\":\"fr-FR\",\"potentialAction\":[{\"@type\":\"ReadAction\",\"target\":[\"https:\/\/www.nettali.com\/2025\/09\/06\/enlevement-presume-de-routiers-senegalais-au-mali-dakar-appelle-a-la-prudence\/\"]}]},{\"@type\":\"BreadcrumbList\",\"@id\":\"https:\/\/www.nettali.com\/2025\/09\/06\/enlevement-presume-de-routiers-senegalais-au-mali-dakar-appelle-a-la-prudence\/#breadcrumb\",\"itemListElement\":[{\"@type\":\"ListItem\",\"position\":1,\"name\":\"Accueil\",\"item\":\"https:\/\/www.nettali.com\/\"},{\"@type\":\"ListItem\",\"position\":2,\"name\":\"ENL\\u00c8VEMENT PR\\u00c9SUM\\u00c9 DE ROUTIERS S\\u00c9N\\u00c9GALAIS AU MALI -\\u00a0 Dakar appelle \\u00e0 la prudence\"}]},{\"@type\":\"Person\",\"@id\":\"https:\/\/www.nettali.com\/#\/schema\/person\/3317e0bb3aa1da309fbf7b2780901bf4\",\"name\":\"Daouda\",\"image\":{\"@type\":\"ImageObject\",\"@id\":\"https:\/\/www.nettali.com\/#personlogo\",\"inLanguage\":\"fr-FR\",\"url\":\"https:\/\/secure.gravatar.com\/avatar\/8d143b5a49345098ddcfee1c49c2f47c?s=96&d=mm&r=g\",\"contentUrl\":\"https:\/\/secure.gravatar.com\/avatar\/8d143b5a49345098ddcfee1c49c2f47c?s=96&d=mm&r=g\",\"caption\":\"Daouda\"},\"sameAs\":[\"https:\/\/www.nettali.com\"]}]}<\/script>\n<!-- \/ Yoast SEO Premium plugin. -->","yoast_head_json":{"title":"ENL\u00c8VEMENT PR\u00c9SUM\u00c9 DE ROUTIERS S\u00c9N\u00c9GALAIS AU MALI -\u00a0 Dakar appelle \u00e0 la prudence | Nettali.com","robots":{"index":"index","follow":"follow","max-snippet":"max-snippet:-1","max-image-preview":"max-image-preview:large","max-video-preview":"max-video-preview:-1"},"canonical":"https:\/\/www.nettali.com\/2025\/09\/06\/enlevement-presume-de-routiers-senegalais-au-mali-dakar-appelle-a-la-prudence\/","og_locale":"fr_FR","og_type":"article","og_title":"ENL\u00c8VEMENT PR\u00c9SUM\u00c9 DE ROUTIERS S\u00c9N\u00c9GALAIS AU MALI -\u00a0 Dakar appelle \u00e0 la prudence","og_description":"NETTALI.COM - Ce vendredi, l\u2019Union des routiers du S\u00e9n\u00e9gal (URS) a annonc\u00e9 l\u2019enl\u00e8vement de six de ses membres par des groupes arm\u00e9s terroristes au Mali. Dans un communiqu\u00e9, le minist\u00e8re de l\u2019Int\u00e9gration africaine et des Affaires \u00e9trang\u00e8res a toutefois nuanc\u00e9 ces informations. \u00ab \u00c0 ce stade, aucun \u00e9l\u00e9ment v\u00e9rifiable ne permet de confirmer l'enl\u00e8vement signal\u00e9, [&hellip;]","og_url":"https:\/\/www.nettali.com\/2025\/09\/06\/enlevement-presume-de-routiers-senegalais-au-mali-dakar-appelle-a-la-prudence\/","og_site_name":"Nettali.com","article_publisher":"https:\/\/www.facebook.com\/nettalicom","article_published_time":"2025-09-06T06:03:25+00:00","article_modified_time":"2025-09-06T09:05:43+00:00","og_image":[{"width":670,"height":375,"url":"https:\/\/www.nettali.com\/wp-content\/uploads\/2024\/04\/Yacine-Fall.png","type":"image\/png"}],"twitter_card":"summary_large_image","twitter_misc":{"\u00c9crit par":"Daouda","Dur\u00e9e de lecture estim\u00e9e":"1 minute"},"schema":{"@context":"https:\/\/schema.org","@graph":[{"@type":"WebSite","@id":"https:\/\/www.nettali.com\/#website","url":"https:\/\/www.nettali.com\/","name":"Nettali.com","description":"Le rendez-vous critique du Net","potentialAction":[{"@type":"SearchAction","target":{"@type":"EntryPoint","urlTemplate":"https:\/\/www.nettali.com\/?s={search_term_string}"},"query-input":"required name=search_term_string"}],"inLanguage":"fr-FR"},{"@type":"ImageObject","@id":"https:\/\/www.nettali.com\/2025\/09\/06\/enlevement-presume-de-routiers-senegalais-au-mali-dakar-appelle-a-la-prudence\/#primaryimage","inLanguage":"fr-FR","url":"https:\/\/www.nettali.com\/wp-content\/uploads\/2024\/04\/Yacine-Fall.png","contentUrl":"https:\/\/www.nettali.com\/wp-content\/uploads\/2024\/04\/Yacine-Fall.png","width":670,"height":375},{"@type":"WebPage","@id":"https:\/\/www.nettali.com\/2025\/09\/06\/enlevement-presume-de-routiers-senegalais-au-mali-dakar-appelle-a-la-prudence\/#webpage","url":"https:\/\/www.nettali.com\/2025\/09\/06\/enlevement-presume-de-routiers-senegalais-au-mali-dakar-appelle-a-la-prudence\/","name":"ENL\u00c8VEMENT PR\u00c9SUM\u00c9 DE ROUTIERS S\u00c9N\u00c9GALAIS AU MALI -\u00a0 Dakar appelle \u00e0 la prudence | Nettali.com","isPartOf":{"@id":"https:\/\/www.nettali.com\/#website"},"primaryImageOfPage":{"@id":"https:\/\/www.nettali.com\/2025\/09\/06\/enlevement-presume-de-routiers-senegalais-au-mali-dakar-appelle-a-la-prudence\/#primaryimage"},"datePublished":"2025-09-06T06:03:25+00:00","dateModified":"2025-09-06T09:05:43+00:00","author":{"@id":"https:\/\/www.nettali.com\/#\/schema\/person\/3317e0bb3aa1da309fbf7b2780901bf4"},"breadcrumb":{"@id":"https:\/\/www.nettali.com\/2025\/09\/06\/enlevement-presume-de-routiers-senegalais-au-mali-dakar-appelle-a-la-prudence\/#breadcrumb"},"inLanguage":"fr-FR","potentialAction":[{"@type":"ReadAction","target":["https:\/\/www.nettali.com\/2025\/09\/06\/enlevement-presume-de-routiers-senegalais-au-mali-dakar-appelle-a-la-prudence\/"]}]},{"@type":"BreadcrumbList","@id":"https:\/\/www.nettali.com\/2025\/09\/06\/enlevement-presume-de-routiers-senegalais-au-mali-dakar-appelle-a-la-prudence\/#breadcrumb","itemListElement":[{"@type":"ListItem","position":1,"name":"Accueil","item":"https:\/\/www.nettali.com\/"},{"@type":"ListItem","position":2,"name":"ENL\u00c8VEMENT PR\u00c9SUM\u00c9 DE ROUTIERS S\u00c9N\u00c9GALAIS AU MALI -\u00a0 Dakar appelle \u00e0 la prudence"}]},{"@type":"Person","@id":"https:\/\/www.nettali.com\/#\/schema\/person\/3317e0bb3aa1da309fbf7b2780901bf4","name":"Daouda","image":{"@type":"ImageObject","@id":"https:\/\/www.nettali.com\/#personlogo","inLanguage":"fr-FR","url":"https:\/\/secure.gravatar.com\/avatar\/8d143b5a49345098ddcfee1c49c2f47c?s=96&d=mm&r=g","contentUrl":"https:\/\/secure.gravatar.com\/avatar\/8d143b5a49345098ddcfee1c49c2f47c?s=96&d=mm&r=g","caption":"Daouda"},"sameAs":["https:\/\/www.nettali.com"]}]}},"_links":{"self":[{"href":"https:\/\/www.nettali.com\/rest\/wp\/v2\/posts\/160759"}],"collection":[{"href":"https:\/\/www.nettali.com\/rest\/wp\/v2\/posts"}],"about":[{"href":"https:\/\/www.nettali.com\/rest\/wp\/v2\/types\/post"}],"author":[{"embeddable":true,"href":"https:\/\/www.nettali.com\/rest\/wp\/v2\/users\/4"}],"replies":[{"embeddable":true,"href":"https:\/\/www.nettali.com\/rest\/wp\/v2\/comments?post=160759"}],"version-history":[{"count":1,"href":"https:\/\/www.nettali.com\/rest\/wp\/v2\/posts\/160759\/revisions"}],"predecessor-version":[{"id":160760,"href":"https:\/\/www.nettali.com\/rest\/wp\/v2\/posts\/160759\/revisions\/160760"}],"wp:featuredmedia":[{"embeddable":true,"href":"https:\/\/www.nettali.com\/rest\/wp\/v2\/media\/131362"}],"wp:attachment":[{"href":"https:\/\/www.nettali.com\/rest\/wp\/v2\/media?parent=160759"}],"wp:term":[{"taxonomy":"category","embeddable":true,"href":"https:\/\/www.nettali.com\/rest\/wp\/v2\/categories?post=160759"},{"taxonomy":"post_tag","embeddable":true,"href":"https:\/\/www.nettali.com\/rest\/wp\/v2\/tags?post=160759"}],"curies":[{"name":"wp","href":"https:\/\/api.w.org\/{rel}","templated":true}]}}