{"id":160756,"date":"2025-09-06T09:01:43","date_gmt":"2025-09-06T09:01:43","guid":{"rendered":"https:\/\/www.nettali.com\/?p=160756"},"modified":"2025-09-06T19:18:51","modified_gmt":"2025-09-06T19:18:51","slug":"enlevement-de-6-senegalais-au-mali-cacophonie-au-sommet-de-letat","status":"publish","type":"post","link":"https:\/\/www.nettali.com\/2025\/09\/06\/enlevement-de-6-senegalais-au-mali-cacophonie-au-sommet-de-letat\/","title":{"rendered":"ENL\u00c8VEMENT DE 6 SENEGALAIS AU MALI - Cacophonie au sommet de l'Etat"},"content":{"rendered":"<p><strong><span style=\"font-size: 16px;\">NETTALI.COM - L\u2019annonce de l\u2019enl\u00e8vement de six chauffeurs routiers s\u00e9n\u00e9galais dans l\u2019Ouest du Mali, attribu\u00e9 \u00e0 des jihadistes pr\u00e9sum\u00e9s, a provoqu\u00e9 une cacophonie embarrassante au sommet de l\u2019\u00c9tat s\u00e9n\u00e9galais. Entre le communiqu\u00e9 prudent du minist\u00e8re de l\u2019Int\u00e9gration africaine et des Affaires \u00e9trang\u00e8res et la confirmation sans d\u00e9tour du porte-parole du gouvernement, Moustapha Njekk Sarr\u00e9, la divergence de ton interroge sur la gestion de la communication officielle dans un dossier aussi sensible.<\/span><\/strong><\/p>\n<p data-start=\"674\" data-end=\"709\"><span style=\"font-size: 16px;\">Deux discours contradictoires. Le minist\u00e8re des Affaires \u00e9trang\u00e8res dopte une ligne de prudence, affirmant qu\u2019\u00ab aucun \u00e9l\u00e9ment v\u00e9rifiable ne permet de confirmer l\u2019enl\u00e8vement signal\u00e9 \u00bb ni \u00ab d\u2019\u00e9tablir avec certitude l\u2019identit\u00e9 des personnes concern\u00e9es \u00bb. Elle promet de rester en concertation avec les autorit\u00e9s maliennes via l\u2019ambassade du S\u00e9n\u00e9gal \u00e0 Bamako et nnonce qu\u2019une communication officielle interviendra lorsque des informations fiables seront disponibles.<\/span><\/p>\n<p><span style=\"font-size: 16px;\">Quant au porte-parole du gouvernement, il d\u00e9clare \u00e0 l\u2019AFP que l\u2019enl\u00e8vement est bel et bien confirm\u00e9 et va ainsi\u00a0\u00e0 l\u2019encontre de la r\u00e9serve diplomatique affich\u00e9e par le minist\u00e8re.<\/span><\/p>\n<p data-start=\"1350\" data-end=\"1390\"><span style=\"font-size: 16px;\">Les risques d\u2019une telle dissonance est que la cr\u00e9dibilit\u00e9 institutionnelle est fragilis\u00e9e. L\u2019opinion publique et les familles des victimes re\u00e7oivent deux versions officielles divergentes. Cela alimente confusion et m\u00e9fiance. Cela brouille le signal \u00e0 l\u2019international. Face \u00e0 un partenaire comme le Mali, d\u00e9j\u00e0 sensible aux questions s\u00e9curitaires, le manque de coh\u00e9rence peut nuire \u00e0 la coordination bilat\u00e9rale. L\u2019opposition pourrait d\u00e9noncer un manque de s\u00e9rieux dans la gestion d\u2019un dossier qui touche \u00e0 la s\u00e9curit\u00e9 nationale et \u00e0 la protection des citoyens \u00e0 l\u2019\u00e9tranger. Et ces contradictions aggravent l\u2019angoisse des proches des chauffeurs disparus, qui attendent clart\u00e9 et empathie.<\/span><\/p>\n<p><span style=\"font-size: 16px;\">Le contexte r\u00e9gional rend l\u2019affaire encore plus d\u00e9licate. Le Sahel est une zone o\u00f9 les groupes arm\u00e9s imposent leur loi, et le Mali reste marqu\u00e9 par une fragilit\u00e9 s\u00e9curitaire persistante. La position du S\u00e9n\u00e9gal, qui compte de nombreux transporteurs op\u00e9rant dans la sous-r\u00e9gion, est donc particuli\u00e8rement vuln\u00e9rable.<\/span><\/p>\n<p><span style=\"font-size: 16px;\">La communication officielle aurait d\u00fb, id\u00e9alement, se limiter \u00e0 une position unifi\u00e9e et mesur\u00e9e : exprimer la pr\u00e9occupation, confirmer une enqu\u00eate en cours, et promettre d\u2019informer d\u00e8s que les faits sont \u00e9tablis.<\/span><\/p>\n<div class='share-to-whatsapp-wrapper'><div class='share-on-whsp'>PARTAGER SUR : <\/div><a data-text='ENL\u00c8VEMENT DE 6 SENEGALAIS AU MALI - Cacophonie au sommet de l'Etat' data-link='https:\/\/www.nettali.com\/2025\/09\/06\/enlevement-de-6-senegalais-au-mali-cacophonie-au-sommet-de-letat\/' class='whatsapp-button whatsapp-share'>WhatsApp<\/a><div class='clear '><\/div><\/div>","protected":false},"excerpt":{"rendered":"<p>NETTALI.COM - L\u2019annonce de l\u2019enl\u00e8vement de six chauffeurs routiers s\u00e9n\u00e9galais dans l\u2019Ouest du Mali, attribu\u00e9 \u00e0 des jihadistes pr\u00e9sum\u00e9s, a provoqu\u00e9 une cacophonie embarrassante au sommet de l\u2019\u00c9tat s\u00e9n\u00e9galais. Entre le communiqu\u00e9 prudent du minist\u00e8re de l\u2019Int\u00e9gration africaine et des Affaires \u00e9trang\u00e8res et la confirmation sans d\u00e9tour du porte-parole du gouvernement, Moustapha Njekk Sarr\u00e9, la [&hellip;]<\/p>\n","protected":false},"author":4,"featured_media":160757,"comment_status":"open","ping_status":"open","sticky":false,"template":"","format":"standard","meta":{"_et_pb_use_builder":"","_et_pb_old_content":""},"categories":[3],"tags":[],"yoast_head":"<!-- This site is optimized with the Yoast SEO Premium plugin v17.8 (Yoast SEO v17.8) - https:\/\/yoast.com\/wordpress\/plugins\/seo\/ -->\n<title>ENL\u00c8VEMENT DE 6 SENEGALAIS AU MALI - Cacophonie au sommet de l&#039;Etat | Nettali.com<\/title>\n<meta name=\"robots\" content=\"index, follow, max-snippet:-1, max-image-preview:large, max-video-preview:-1\" \/>\n<link rel=\"canonical\" href=\"https:\/\/www.nettali.com\/2025\/09\/06\/enlevement-de-6-senegalais-au-mali-cacophonie-au-sommet-de-letat\/\" \/>\n<meta property=\"og:locale\" content=\"fr_FR\" \/>\n<meta property=\"og:type\" content=\"article\" \/>\n<meta property=\"og:title\" content=\"ENL\u00c8VEMENT DE 6 SENEGALAIS AU MALI - Cacophonie au sommet de l&#039;Etat\" \/>\n<meta property=\"og:description\" content=\"NETTALI.COM - L\u2019annonce de l\u2019enl\u00e8vement de six chauffeurs routiers s\u00e9n\u00e9galais dans l\u2019Ouest du Mali, attribu\u00e9 \u00e0 des jihadistes pr\u00e9sum\u00e9s, a provoqu\u00e9 une cacophonie embarrassante au sommet de l\u2019\u00c9tat s\u00e9n\u00e9galais. Entre le communiqu\u00e9 prudent du minist\u00e8re de l\u2019Int\u00e9gration africaine et des Affaires \u00e9trang\u00e8res et la confirmation sans d\u00e9tour du porte-parole du gouvernement, Moustapha Njekk Sarr\u00e9, la [&hellip;]\" \/>\n<meta property=\"og:url\" content=\"https:\/\/www.nettali.com\/2025\/09\/06\/enlevement-de-6-senegalais-au-mali-cacophonie-au-sommet-de-letat\/\" \/>\n<meta property=\"og:site_name\" content=\"Nettali.com\" \/>\n<meta property=\"article:publisher\" content=\"https:\/\/www.facebook.com\/nettalicom\" \/>\n<meta property=\"article:published_time\" content=\"2025-09-06T09:01:43+00:00\" \/>\n<meta property=\"article:modified_time\" content=\"2025-09-06T19:18:51+00:00\" \/>\n<meta property=\"og:image\" content=\"https:\/\/www.nettali.com\/wp-content\/uploads\/2025\/09\/enlevement-Mali.jpg\" \/>\n\t<meta property=\"og:image:width\" content=\"734\" \/>\n\t<meta property=\"og:image:height\" content=\"491\" \/>\n<meta name=\"twitter:card\" content=\"summary_large_image\" \/>\n<meta name=\"twitter:label1\" content=\"\u00c9crit par\" \/>\n\t<meta name=\"twitter:data1\" content=\"Daouda\" \/>\n\t<meta name=\"twitter:label2\" content=\"Dur\u00e9e de lecture estim\u00e9e\" \/>\n\t<meta name=\"twitter:data2\" content=\"2 minutes\" \/>\n<script type=\"application\/ld+json\" class=\"yoast-schema-graph\">{\"@context\":\"https:\/\/schema.org\",\"@graph\":[{\"@type\":\"WebSite\",\"@id\":\"https:\/\/www.nettali.com\/#website\",\"url\":\"https:\/\/www.nettali.com\/\",\"name\":\"Nettali.com\",\"description\":\"Le rendez-vous critique du Net\",\"potentialAction\":[{\"@type\":\"SearchAction\",\"target\":{\"@type\":\"EntryPoint\",\"urlTemplate\":\"https:\/\/www.nettali.com\/?s={search_term_string}\"},\"query-input\":\"required name=search_term_string\"}],\"inLanguage\":\"fr-FR\"},{\"@type\":\"ImageObject\",\"@id\":\"https:\/\/www.nettali.com\/2025\/09\/06\/enlevement-de-6-senegalais-au-mali-cacophonie-au-sommet-de-letat\/#primaryimage\",\"inLanguage\":\"fr-FR\",\"url\":\"https:\/\/www.nettali.com\/wp-content\/uploads\/2025\/09\/enlevement-Mali.jpg\",\"contentUrl\":\"https:\/\/www.nettali.com\/wp-content\/uploads\/2025\/09\/enlevement-Mali.jpg\",\"width\":734,\"height\":491},{\"@type\":\"WebPage\",\"@id\":\"https:\/\/www.nettali.com\/2025\/09\/06\/enlevement-de-6-senegalais-au-mali-cacophonie-au-sommet-de-letat\/#webpage\",\"url\":\"https:\/\/www.nettali.com\/2025\/09\/06\/enlevement-de-6-senegalais-au-mali-cacophonie-au-sommet-de-letat\/\",\"name\":\"ENL\\u00c8VEMENT DE 6 SENEGALAIS AU MALI - Cacophonie au sommet de l'Etat | Nettali.com\",\"isPartOf\":{\"@id\":\"https:\/\/www.nettali.com\/#website\"},\"primaryImageOfPage\":{\"@id\":\"https:\/\/www.nettali.com\/2025\/09\/06\/enlevement-de-6-senegalais-au-mali-cacophonie-au-sommet-de-letat\/#primaryimage\"},\"datePublished\":\"2025-09-06T09:01:43+00:00\",\"dateModified\":\"2025-09-06T19:18:51+00:00\",\"author\":{\"@id\":\"https:\/\/www.nettali.com\/#\/schema\/person\/3317e0bb3aa1da309fbf7b2780901bf4\"},\"breadcrumb\":{\"@id\":\"https:\/\/www.nettali.com\/2025\/09\/06\/enlevement-de-6-senegalais-au-mali-cacophonie-au-sommet-de-letat\/#breadcrumb\"},\"inLanguage\":\"fr-FR\",\"potentialAction\":[{\"@type\":\"ReadAction\",\"target\":[\"https:\/\/www.nettali.com\/2025\/09\/06\/enlevement-de-6-senegalais-au-mali-cacophonie-au-sommet-de-letat\/\"]}]},{\"@type\":\"BreadcrumbList\",\"@id\":\"https:\/\/www.nettali.com\/2025\/09\/06\/enlevement-de-6-senegalais-au-mali-cacophonie-au-sommet-de-letat\/#breadcrumb\",\"itemListElement\":[{\"@type\":\"ListItem\",\"position\":1,\"name\":\"Accueil\",\"item\":\"https:\/\/www.nettali.com\/\"},{\"@type\":\"ListItem\",\"position\":2,\"name\":\"ENL\\u00c8VEMENT DE 6 SENEGALAIS AU MALI - Cacophonie au sommet de l'Etat\"}]},{\"@type\":\"Person\",\"@id\":\"https:\/\/www.nettali.com\/#\/schema\/person\/3317e0bb3aa1da309fbf7b2780901bf4\",\"name\":\"Daouda\",\"image\":{\"@type\":\"ImageObject\",\"@id\":\"https:\/\/www.nettali.com\/#personlogo\",\"inLanguage\":\"fr-FR\",\"url\":\"https:\/\/secure.gravatar.com\/avatar\/8d143b5a49345098ddcfee1c49c2f47c?s=96&d=mm&r=g\",\"contentUrl\":\"https:\/\/secure.gravatar.com\/avatar\/8d143b5a49345098ddcfee1c49c2f47c?s=96&d=mm&r=g\",\"caption\":\"Daouda\"},\"sameAs\":[\"https:\/\/www.nettali.com\"]}]}<\/script>\n<!-- \/ Yoast SEO Premium plugin. -->","yoast_head_json":{"title":"ENL\u00c8VEMENT DE 6 SENEGALAIS AU MALI - Cacophonie au sommet de l'Etat | Nettali.com","robots":{"index":"index","follow":"follow","max-snippet":"max-snippet:-1","max-image-preview":"max-image-preview:large","max-video-preview":"max-video-preview:-1"},"canonical":"https:\/\/www.nettali.com\/2025\/09\/06\/enlevement-de-6-senegalais-au-mali-cacophonie-au-sommet-de-letat\/","og_locale":"fr_FR","og_type":"article","og_title":"ENL\u00c8VEMENT DE 6 SENEGALAIS AU MALI - Cacophonie au sommet de l'Etat","og_description":"NETTALI.COM - L\u2019annonce de l\u2019enl\u00e8vement de six chauffeurs routiers s\u00e9n\u00e9galais dans l\u2019Ouest du Mali, attribu\u00e9 \u00e0 des jihadistes pr\u00e9sum\u00e9s, a provoqu\u00e9 une cacophonie embarrassante au sommet de l\u2019\u00c9tat s\u00e9n\u00e9galais. Entre le communiqu\u00e9 prudent du minist\u00e8re de l\u2019Int\u00e9gration africaine et des Affaires \u00e9trang\u00e8res et la confirmation sans d\u00e9tour du porte-parole du gouvernement, Moustapha Njekk Sarr\u00e9, la [&hellip;]","og_url":"https:\/\/www.nettali.com\/2025\/09\/06\/enlevement-de-6-senegalais-au-mali-cacophonie-au-sommet-de-letat\/","og_site_name":"Nettali.com","article_publisher":"https:\/\/www.facebook.com\/nettalicom","article_published_time":"2025-09-06T09:01:43+00:00","article_modified_time":"2025-09-06T19:18:51+00:00","og_image":[{"width":734,"height":491,"url":"https:\/\/www.nettali.com\/wp-content\/uploads\/2025\/09\/enlevement-Mali.jpg","type":"image\/jpeg"}],"twitter_card":"summary_large_image","twitter_misc":{"\u00c9crit par":"Daouda","Dur\u00e9e de lecture estim\u00e9e":"2 minutes"},"schema":{"@context":"https:\/\/schema.org","@graph":[{"@type":"WebSite","@id":"https:\/\/www.nettali.com\/#website","url":"https:\/\/www.nettali.com\/","name":"Nettali.com","description":"Le rendez-vous critique du Net","potentialAction":[{"@type":"SearchAction","target":{"@type":"EntryPoint","urlTemplate":"https:\/\/www.nettali.com\/?s={search_term_string}"},"query-input":"required name=search_term_string"}],"inLanguage":"fr-FR"},{"@type":"ImageObject","@id":"https:\/\/www.nettali.com\/2025\/09\/06\/enlevement-de-6-senegalais-au-mali-cacophonie-au-sommet-de-letat\/#primaryimage","inLanguage":"fr-FR","url":"https:\/\/www.nettali.com\/wp-content\/uploads\/2025\/09\/enlevement-Mali.jpg","contentUrl":"https:\/\/www.nettali.com\/wp-content\/uploads\/2025\/09\/enlevement-Mali.jpg","width":734,"height":491},{"@type":"WebPage","@id":"https:\/\/www.nettali.com\/2025\/09\/06\/enlevement-de-6-senegalais-au-mali-cacophonie-au-sommet-de-letat\/#webpage","url":"https:\/\/www.nettali.com\/2025\/09\/06\/enlevement-de-6-senegalais-au-mali-cacophonie-au-sommet-de-letat\/","name":"ENL\u00c8VEMENT DE 6 SENEGALAIS AU MALI - Cacophonie au sommet de l'Etat | Nettali.com","isPartOf":{"@id":"https:\/\/www.nettali.com\/#website"},"primaryImageOfPage":{"@id":"https:\/\/www.nettali.com\/2025\/09\/06\/enlevement-de-6-senegalais-au-mali-cacophonie-au-sommet-de-letat\/#primaryimage"},"datePublished":"2025-09-06T09:01:43+00:00","dateModified":"2025-09-06T19:18:51+00:00","author":{"@id":"https:\/\/www.nettali.com\/#\/schema\/person\/3317e0bb3aa1da309fbf7b2780901bf4"},"breadcrumb":{"@id":"https:\/\/www.nettali.com\/2025\/09\/06\/enlevement-de-6-senegalais-au-mali-cacophonie-au-sommet-de-letat\/#breadcrumb"},"inLanguage":"fr-FR","potentialAction":[{"@type":"ReadAction","target":["https:\/\/www.nettali.com\/2025\/09\/06\/enlevement-de-6-senegalais-au-mali-cacophonie-au-sommet-de-letat\/"]}]},{"@type":"BreadcrumbList","@id":"https:\/\/www.nettali.com\/2025\/09\/06\/enlevement-de-6-senegalais-au-mali-cacophonie-au-sommet-de-letat\/#breadcrumb","itemListElement":[{"@type":"ListItem","position":1,"name":"Accueil","item":"https:\/\/www.nettali.com\/"},{"@type":"ListItem","position":2,"name":"ENL\u00c8VEMENT DE 6 SENEGALAIS AU MALI - Cacophonie au sommet de l'Etat"}]},{"@type":"Person","@id":"https:\/\/www.nettali.com\/#\/schema\/person\/3317e0bb3aa1da309fbf7b2780901bf4","name":"Daouda","image":{"@type":"ImageObject","@id":"https:\/\/www.nettali.com\/#personlogo","inLanguage":"fr-FR","url":"https:\/\/secure.gravatar.com\/avatar\/8d143b5a49345098ddcfee1c49c2f47c?s=96&d=mm&r=g","contentUrl":"https:\/\/secure.gravatar.com\/avatar\/8d143b5a49345098ddcfee1c49c2f47c?s=96&d=mm&r=g","caption":"Daouda"},"sameAs":["https:\/\/www.nettali.com"]}]}},"_links":{"self":[{"href":"https:\/\/www.nettali.com\/rest\/wp\/v2\/posts\/160756"}],"collection":[{"href":"https:\/\/www.nettali.com\/rest\/wp\/v2\/posts"}],"about":[{"href":"https:\/\/www.nettali.com\/rest\/wp\/v2\/types\/post"}],"author":[{"embeddable":true,"href":"https:\/\/www.nettali.com\/rest\/wp\/v2\/users\/4"}],"replies":[{"embeddable":true,"href":"https:\/\/www.nettali.com\/rest\/wp\/v2\/comments?post=160756"}],"version-history":[{"count":1,"href":"https:\/\/www.nettali.com\/rest\/wp\/v2\/posts\/160756\/revisions"}],"predecessor-version":[{"id":160758,"href":"https:\/\/www.nettali.com\/rest\/wp\/v2\/posts\/160756\/revisions\/160758"}],"wp:featuredmedia":[{"embeddable":true,"href":"https:\/\/www.nettali.com\/rest\/wp\/v2\/media\/160757"}],"wp:attachment":[{"href":"https:\/\/www.nettali.com\/rest\/wp\/v2\/media?parent=160756"}],"wp:term":[{"taxonomy":"category","embeddable":true,"href":"https:\/\/www.nettali.com\/rest\/wp\/v2\/categories?post=160756"},{"taxonomy":"post_tag","embeddable":true,"href":"https:\/\/www.nettali.com\/rest\/wp\/v2\/tags?post=160756"}],"curies":[{"name":"wp","href":"https:\/\/api.w.org\/{rel}","templated":true}]}}