{"id":160754,"date":"2025-09-06T08:45:00","date_gmt":"2025-09-06T08:45:00","guid":{"rendered":"https:\/\/www.nettali.com\/?p=160754"},"modified":"2025-09-06T09:02:41","modified_gmt":"2025-09-06T09:02:41","slug":"mali-six-routiers-senegalais-enleves-par-des-jihadistes-presumes","status":"publish","type":"post","link":"https:\/\/www.nettali.com\/2025\/09\/06\/mali-six-routiers-senegalais-enleves-par-des-jihadistes-presumes\/","title":{"rendered":"MALI - Six routiers s\u00e9n\u00e9galais enlev\u00e9s par des jihadistes pr\u00e9sum\u00e9s"},"content":{"rendered":"<p data-start=\"179\" data-end=\"410\"><strong>NETTALI.COM - Le porte-parole du gouvernement s\u00e9n\u00e9galais, Moustapha Njekk Sarr\u00e9, a confirm\u00e9 \u00e0 l\u2019AFP l\u2019enl\u00e8vement de six chauffeurs routiers s\u00e9n\u00e9galais par des jihadistes pr\u00e9sum\u00e9s dans l\u2019ouest du Mali, jeudi. \u00ab C\u2019est confirm\u00e9 \u00bb, a-t-il d\u00e9clar\u00e9.<\/strong><\/p>\n<p data-start=\"412\" data-end=\"785\">Selon Gora Khouma, de l\u2019Union des transporteurs routiers du S\u00e9n\u00e9gal (URS), les victimes \u2014 deux conducteurs et quatre apprentis \u2014 circulaient \u00e0 bord de trois camions charg\u00e9s de marchandises lorsqu\u2019elles ont \u00e9t\u00e9 kidnapp\u00e9es dans la zone de Kayes. L\u2019URS appelle les autorit\u00e9s s\u00e9n\u00e9galaises, maliennes et les organisations r\u00e9gionales \u00e0 se mobiliser pour leur lib\u00e9ration rapide.<\/p>\n<p data-start=\"787\" data-end=\"1069\">Cet enl\u00e8vement s\u2019inscrit dans la strat\u00e9gie du Groupe de soutien \u00e0 l\u2019islam et aux musulmans (GSIM), affili\u00e9 \u00e0 Al-Qa\u00efda, qui cherche \u00e0 instaurer un \u00ab blocus \u00bb pour asphyxier Bamako en perturbant les approvisionnements, notamment en carburant, transitant par ce corridor strat\u00e9gique.<\/p>\n<p data-start=\"1071\" data-end=\"1294\">Selon le Timbuktu Institute, les attaques du GSIM dans la r\u00e9gion ont \u00e9t\u00e9 multipli\u00e9es par sept entre 2021 et 2024. La zone de Kayes, riche en or et essentielle pour le commerce vers le S\u00e9n\u00e9gal, est particuli\u00e8rement cibl\u00e9e.<\/p>\n<p data-start=\"1296\" data-end=\"1505\">En proie \u00e0 une crise s\u00e9curitaire depuis 2012, le Mali fait face \u00e0 la mont\u00e9e en puissance de groupes jihadistes et criminels, aggrav\u00e9e par l\u2019instabilit\u00e9 politique cons\u00e9cutive aux coups d\u2019\u00c9tat de 2020 et 2021.<\/p>\n<div class='share-to-whatsapp-wrapper'><div class='share-on-whsp'>PARTAGER SUR : <\/div><a data-text='MALI - Six routiers s\u00e9n\u00e9galais enlev\u00e9s par des jihadistes pr\u00e9sum\u00e9s' data-link='https:\/\/www.nettali.com\/2025\/09\/06\/mali-six-routiers-senegalais-enleves-par-des-jihadistes-presumes\/' class='whatsapp-button whatsapp-share'>WhatsApp<\/a><div class='clear '><\/div><\/div>","protected":false},"excerpt":{"rendered":"<p>NETTALI.COM - Le porte-parole du gouvernement s\u00e9n\u00e9galais, Moustapha Njekk Sarr\u00e9, a confirm\u00e9 \u00e0 l\u2019AFP l\u2019enl\u00e8vement de six chauffeurs routiers s\u00e9n\u00e9galais par des jihadistes pr\u00e9sum\u00e9s dans l\u2019ouest du Mali, jeudi. \u00ab C\u2019est confirm\u00e9 \u00bb, a-t-il d\u00e9clar\u00e9. Selon Gora Khouma, de l\u2019Union des transporteurs routiers du S\u00e9n\u00e9gal (URS), les victimes \u2014 deux conducteurs et quatre apprentis \u2014 [&hellip;]<\/p>\n","protected":false},"author":4,"featured_media":134178,"comment_status":"open","ping_status":"open","sticky":false,"template":"","format":"standard","meta":{"_et_pb_use_builder":"","_et_pb_old_content":""},"categories":[3],"tags":[],"yoast_head":"<!-- This site is optimized with the Yoast SEO Premium plugin v17.8 (Yoast SEO v17.8) - https:\/\/yoast.com\/wordpress\/plugins\/seo\/ -->\n<title>MALI - Six routiers s\u00e9n\u00e9galais enlev\u00e9s par des jihadistes pr\u00e9sum\u00e9s | Nettali.com<\/title>\n<meta name=\"robots\" content=\"index, follow, max-snippet:-1, max-image-preview:large, max-video-preview:-1\" \/>\n<link rel=\"canonical\" href=\"https:\/\/www.nettali.com\/2025\/09\/06\/mali-six-routiers-senegalais-enleves-par-des-jihadistes-presumes\/\" \/>\n<meta property=\"og:locale\" content=\"fr_FR\" \/>\n<meta property=\"og:type\" content=\"article\" \/>\n<meta property=\"og:title\" content=\"MALI - Six routiers s\u00e9n\u00e9galais enlev\u00e9s par des jihadistes pr\u00e9sum\u00e9s\" \/>\n<meta property=\"og:description\" content=\"NETTALI.COM - Le porte-parole du gouvernement s\u00e9n\u00e9galais, Moustapha Njekk Sarr\u00e9, a confirm\u00e9 \u00e0 l\u2019AFP l\u2019enl\u00e8vement de six chauffeurs routiers s\u00e9n\u00e9galais par des jihadistes pr\u00e9sum\u00e9s dans l\u2019ouest du Mali, jeudi. \u00ab C\u2019est confirm\u00e9 \u00bb, a-t-il d\u00e9clar\u00e9. Selon Gora Khouma, de l\u2019Union des transporteurs routiers du S\u00e9n\u00e9gal (URS), les victimes \u2014 deux conducteurs et quatre apprentis \u2014 [&hellip;]\" \/>\n<meta property=\"og:url\" content=\"https:\/\/www.nettali.com\/2025\/09\/06\/mali-six-routiers-senegalais-enleves-par-des-jihadistes-presumes\/\" \/>\n<meta property=\"og:site_name\" content=\"Nettali.com\" \/>\n<meta property=\"article:publisher\" content=\"https:\/\/www.facebook.com\/nettalicom\" \/>\n<meta property=\"article:published_time\" content=\"2025-09-06T08:45:00+00:00\" \/>\n<meta property=\"article:modified_time\" content=\"2025-09-06T09:02:41+00:00\" \/>\n<meta property=\"og:image\" content=\"https:\/\/www.nettali.com\/wp-content\/uploads\/2024\/05\/Moustapha-sarre.jpeg\" \/>\n\t<meta property=\"og:image:width\" content=\"755\" \/>\n\t<meta property=\"og:image:height\" content=\"449\" \/>\n<meta name=\"twitter:card\" content=\"summary_large_image\" \/>\n<meta name=\"twitter:label1\" content=\"\u00c9crit par\" \/>\n\t<meta name=\"twitter:data1\" content=\"Daouda\" \/>\n\t<meta name=\"twitter:label2\" content=\"Dur\u00e9e de lecture estim\u00e9e\" \/>\n\t<meta name=\"twitter:data2\" content=\"2 minutes\" \/>\n<script type=\"application\/ld+json\" class=\"yoast-schema-graph\">{\"@context\":\"https:\/\/schema.org\",\"@graph\":[{\"@type\":\"WebSite\",\"@id\":\"https:\/\/www.nettali.com\/#website\",\"url\":\"https:\/\/www.nettali.com\/\",\"name\":\"Nettali.com\",\"description\":\"Le rendez-vous critique du Net\",\"potentialAction\":[{\"@type\":\"SearchAction\",\"target\":{\"@type\":\"EntryPoint\",\"urlTemplate\":\"https:\/\/www.nettali.com\/?s={search_term_string}\"},\"query-input\":\"required name=search_term_string\"}],\"inLanguage\":\"fr-FR\"},{\"@type\":\"ImageObject\",\"@id\":\"https:\/\/www.nettali.com\/2025\/09\/06\/mali-six-routiers-senegalais-enleves-par-des-jihadistes-presumes\/#primaryimage\",\"inLanguage\":\"fr-FR\",\"url\":\"https:\/\/www.nettali.com\/wp-content\/uploads\/2024\/05\/Moustapha-sarre.jpeg\",\"contentUrl\":\"https:\/\/www.nettali.com\/wp-content\/uploads\/2024\/05\/Moustapha-sarre.jpeg\",\"width\":755,\"height\":449},{\"@type\":\"WebPage\",\"@id\":\"https:\/\/www.nettali.com\/2025\/09\/06\/mali-six-routiers-senegalais-enleves-par-des-jihadistes-presumes\/#webpage\",\"url\":\"https:\/\/www.nettali.com\/2025\/09\/06\/mali-six-routiers-senegalais-enleves-par-des-jihadistes-presumes\/\",\"name\":\"MALI - Six routiers s\\u00e9n\\u00e9galais enlev\\u00e9s par des jihadistes pr\\u00e9sum\\u00e9s | Nettali.com\",\"isPartOf\":{\"@id\":\"https:\/\/www.nettali.com\/#website\"},\"primaryImageOfPage\":{\"@id\":\"https:\/\/www.nettali.com\/2025\/09\/06\/mali-six-routiers-senegalais-enleves-par-des-jihadistes-presumes\/#primaryimage\"},\"datePublished\":\"2025-09-06T08:45:00+00:00\",\"dateModified\":\"2025-09-06T09:02:41+00:00\",\"author\":{\"@id\":\"https:\/\/www.nettali.com\/#\/schema\/person\/3317e0bb3aa1da309fbf7b2780901bf4\"},\"breadcrumb\":{\"@id\":\"https:\/\/www.nettali.com\/2025\/09\/06\/mali-six-routiers-senegalais-enleves-par-des-jihadistes-presumes\/#breadcrumb\"},\"inLanguage\":\"fr-FR\",\"potentialAction\":[{\"@type\":\"ReadAction\",\"target\":[\"https:\/\/www.nettali.com\/2025\/09\/06\/mali-six-routiers-senegalais-enleves-par-des-jihadistes-presumes\/\"]}]},{\"@type\":\"BreadcrumbList\",\"@id\":\"https:\/\/www.nettali.com\/2025\/09\/06\/mali-six-routiers-senegalais-enleves-par-des-jihadistes-presumes\/#breadcrumb\",\"itemListElement\":[{\"@type\":\"ListItem\",\"position\":1,\"name\":\"Accueil\",\"item\":\"https:\/\/www.nettali.com\/\"},{\"@type\":\"ListItem\",\"position\":2,\"name\":\"MALI - Six routiers s\\u00e9n\\u00e9galais enlev\\u00e9s par des jihadistes pr\\u00e9sum\\u00e9s\"}]},{\"@type\":\"Person\",\"@id\":\"https:\/\/www.nettali.com\/#\/schema\/person\/3317e0bb3aa1da309fbf7b2780901bf4\",\"name\":\"Daouda\",\"image\":{\"@type\":\"ImageObject\",\"@id\":\"https:\/\/www.nettali.com\/#personlogo\",\"inLanguage\":\"fr-FR\",\"url\":\"https:\/\/secure.gravatar.com\/avatar\/8d143b5a49345098ddcfee1c49c2f47c?s=96&d=mm&r=g\",\"contentUrl\":\"https:\/\/secure.gravatar.com\/avatar\/8d143b5a49345098ddcfee1c49c2f47c?s=96&d=mm&r=g\",\"caption\":\"Daouda\"},\"sameAs\":[\"https:\/\/www.nettali.com\"]}]}<\/script>\n<!-- \/ Yoast SEO Premium plugin. -->","yoast_head_json":{"title":"MALI - Six routiers s\u00e9n\u00e9galais enlev\u00e9s par des jihadistes pr\u00e9sum\u00e9s | Nettali.com","robots":{"index":"index","follow":"follow","max-snippet":"max-snippet:-1","max-image-preview":"max-image-preview:large","max-video-preview":"max-video-preview:-1"},"canonical":"https:\/\/www.nettali.com\/2025\/09\/06\/mali-six-routiers-senegalais-enleves-par-des-jihadistes-presumes\/","og_locale":"fr_FR","og_type":"article","og_title":"MALI - Six routiers s\u00e9n\u00e9galais enlev\u00e9s par des jihadistes pr\u00e9sum\u00e9s","og_description":"NETTALI.COM - Le porte-parole du gouvernement s\u00e9n\u00e9galais, Moustapha Njekk Sarr\u00e9, a confirm\u00e9 \u00e0 l\u2019AFP l\u2019enl\u00e8vement de six chauffeurs routiers s\u00e9n\u00e9galais par des jihadistes pr\u00e9sum\u00e9s dans l\u2019ouest du Mali, jeudi. \u00ab C\u2019est confirm\u00e9 \u00bb, a-t-il d\u00e9clar\u00e9. Selon Gora Khouma, de l\u2019Union des transporteurs routiers du S\u00e9n\u00e9gal (URS), les victimes \u2014 deux conducteurs et quatre apprentis \u2014 [&hellip;]","og_url":"https:\/\/www.nettali.com\/2025\/09\/06\/mali-six-routiers-senegalais-enleves-par-des-jihadistes-presumes\/","og_site_name":"Nettali.com","article_publisher":"https:\/\/www.facebook.com\/nettalicom","article_published_time":"2025-09-06T08:45:00+00:00","article_modified_time":"2025-09-06T09:02:41+00:00","og_image":[{"width":755,"height":449,"url":"https:\/\/www.nettali.com\/wp-content\/uploads\/2024\/05\/Moustapha-sarre.jpeg","type":"image\/jpeg"}],"twitter_card":"summary_large_image","twitter_misc":{"\u00c9crit par":"Daouda","Dur\u00e9e de lecture estim\u00e9e":"2 minutes"},"schema":{"@context":"https:\/\/schema.org","@graph":[{"@type":"WebSite","@id":"https:\/\/www.nettali.com\/#website","url":"https:\/\/www.nettali.com\/","name":"Nettali.com","description":"Le rendez-vous critique du Net","potentialAction":[{"@type":"SearchAction","target":{"@type":"EntryPoint","urlTemplate":"https:\/\/www.nettali.com\/?s={search_term_string}"},"query-input":"required name=search_term_string"}],"inLanguage":"fr-FR"},{"@type":"ImageObject","@id":"https:\/\/www.nettali.com\/2025\/09\/06\/mali-six-routiers-senegalais-enleves-par-des-jihadistes-presumes\/#primaryimage","inLanguage":"fr-FR","url":"https:\/\/www.nettali.com\/wp-content\/uploads\/2024\/05\/Moustapha-sarre.jpeg","contentUrl":"https:\/\/www.nettali.com\/wp-content\/uploads\/2024\/05\/Moustapha-sarre.jpeg","width":755,"height":449},{"@type":"WebPage","@id":"https:\/\/www.nettali.com\/2025\/09\/06\/mali-six-routiers-senegalais-enleves-par-des-jihadistes-presumes\/#webpage","url":"https:\/\/www.nettali.com\/2025\/09\/06\/mali-six-routiers-senegalais-enleves-par-des-jihadistes-presumes\/","name":"MALI - Six routiers s\u00e9n\u00e9galais enlev\u00e9s par des jihadistes pr\u00e9sum\u00e9s | Nettali.com","isPartOf":{"@id":"https:\/\/www.nettali.com\/#website"},"primaryImageOfPage":{"@id":"https:\/\/www.nettali.com\/2025\/09\/06\/mali-six-routiers-senegalais-enleves-par-des-jihadistes-presumes\/#primaryimage"},"datePublished":"2025-09-06T08:45:00+00:00","dateModified":"2025-09-06T09:02:41+00:00","author":{"@id":"https:\/\/www.nettali.com\/#\/schema\/person\/3317e0bb3aa1da309fbf7b2780901bf4"},"breadcrumb":{"@id":"https:\/\/www.nettali.com\/2025\/09\/06\/mali-six-routiers-senegalais-enleves-par-des-jihadistes-presumes\/#breadcrumb"},"inLanguage":"fr-FR","potentialAction":[{"@type":"ReadAction","target":["https:\/\/www.nettali.com\/2025\/09\/06\/mali-six-routiers-senegalais-enleves-par-des-jihadistes-presumes\/"]}]},{"@type":"BreadcrumbList","@id":"https:\/\/www.nettali.com\/2025\/09\/06\/mali-six-routiers-senegalais-enleves-par-des-jihadistes-presumes\/#breadcrumb","itemListElement":[{"@type":"ListItem","position":1,"name":"Accueil","item":"https:\/\/www.nettali.com\/"},{"@type":"ListItem","position":2,"name":"MALI - Six routiers s\u00e9n\u00e9galais enlev\u00e9s par des jihadistes pr\u00e9sum\u00e9s"}]},{"@type":"Person","@id":"https:\/\/www.nettali.com\/#\/schema\/person\/3317e0bb3aa1da309fbf7b2780901bf4","name":"Daouda","image":{"@type":"ImageObject","@id":"https:\/\/www.nettali.com\/#personlogo","inLanguage":"fr-FR","url":"https:\/\/secure.gravatar.com\/avatar\/8d143b5a49345098ddcfee1c49c2f47c?s=96&d=mm&r=g","contentUrl":"https:\/\/secure.gravatar.com\/avatar\/8d143b5a49345098ddcfee1c49c2f47c?s=96&d=mm&r=g","caption":"Daouda"},"sameAs":["https:\/\/www.nettali.com"]}]}},"_links":{"self":[{"href":"https:\/\/www.nettali.com\/rest\/wp\/v2\/posts\/160754"}],"collection":[{"href":"https:\/\/www.nettali.com\/rest\/wp\/v2\/posts"}],"about":[{"href":"https:\/\/www.nettali.com\/rest\/wp\/v2\/types\/post"}],"author":[{"embeddable":true,"href":"https:\/\/www.nettali.com\/rest\/wp\/v2\/users\/4"}],"replies":[{"embeddable":true,"href":"https:\/\/www.nettali.com\/rest\/wp\/v2\/comments?post=160754"}],"version-history":[{"count":1,"href":"https:\/\/www.nettali.com\/rest\/wp\/v2\/posts\/160754\/revisions"}],"predecessor-version":[{"id":160755,"href":"https:\/\/www.nettali.com\/rest\/wp\/v2\/posts\/160754\/revisions\/160755"}],"wp:featuredmedia":[{"embeddable":true,"href":"https:\/\/www.nettali.com\/rest\/wp\/v2\/media\/134178"}],"wp:attachment":[{"href":"https:\/\/www.nettali.com\/rest\/wp\/v2\/media?parent=160754"}],"wp:term":[{"taxonomy":"category","embeddable":true,"href":"https:\/\/www.nettali.com\/rest\/wp\/v2\/categories?post=160754"},{"taxonomy":"post_tag","embeddable":true,"href":"https:\/\/www.nettali.com\/rest\/wp\/v2\/tags?post=160754"}],"curies":[{"name":"wp","href":"https:\/\/api.w.org\/{rel}","templated":true}]}}