{"id":160752,"date":"2025-09-06T08:38:47","date_gmt":"2025-09-06T08:38:47","guid":{"rendered":"https:\/\/www.nettali.com\/?p=160752"},"modified":"2025-09-07T19:32:20","modified_gmt":"2025-09-07T19:32:20","slug":"detention-de-farba-ngom-trois-ong-sen-melent","status":"publish","type":"post","link":"https:\/\/www.nettali.com\/2025\/09\/06\/detention-de-farba-ngom-trois-ong-sen-melent\/","title":{"rendered":"DETENTION DE FARBA NGOM - Trois Ong s'en m\u00ealent"},"content":{"rendered":"<p data-start=\"163\" data-end=\"442\"><strong>NETTALI.COM - Trois organisations de d\u00e9fense des droits humains \u2014 la Ligue s\u00e9n\u00e9galaise des droits de l\u2019homme (LSDH), la Rencontre africaine pour la d\u00e9fense des droits de l\u2019homme (RADDHO) et la section s\u00e9n\u00e9galaise d\u2019Amnesty International \u2014 ont appel\u00e9 \u00e0 la lib\u00e9ration provisoire de Farba Ngom.<\/strong><\/p>\n<p data-start=\"444\" data-end=\"648\">Le maire des Agnam, \u00e9galement responsable de l\u2019APR, est d\u00e9tenu depuis f\u00e9vrier dans une affaire pr\u00e9sum\u00e9e de blanchiment de capitaux portant sur 125 milliards de francs CFA, montant retrac\u00e9 par la CENTIF.<\/p>\n<p data-start=\"650\" data-end=\"1032\">Dans un communiqu\u00e9 conjoint, les trois ONG s\u2019appuient sur une contre-expertise m\u00e9dicale ordonn\u00e9e par la justice. Ce rapport conclut que l\u2019\u00e9tat de sant\u00e9 de Farba Ngom est incompatible avec la d\u00e9tention. Elles exhortent d\u00e8s lors les autorit\u00e9s \u00e0 prendre en compte ces conclusions dans l\u2019examen de la nouvelle demande de libert\u00e9 provisoire d\u00e9pos\u00e9e par ses avocats.<\/p>\n<div class='share-to-whatsapp-wrapper'><div class='share-on-whsp'>PARTAGER SUR : <\/div><a data-text='DETENTION DE FARBA NGOM - Trois Ong s'en m\u00ealent' data-link='https:\/\/www.nettali.com\/2025\/09\/06\/detention-de-farba-ngom-trois-ong-sen-melent\/' class='whatsapp-button whatsapp-share'>WhatsApp<\/a><div class='clear '><\/div><\/div>","protected":false},"excerpt":{"rendered":"<p>NETTALI.COM - Trois organisations de d\u00e9fense des droits humains \u2014 la Ligue s\u00e9n\u00e9galaise des droits de l\u2019homme (LSDH), la Rencontre africaine pour la d\u00e9fense des droits de l\u2019homme (RADDHO) et la section s\u00e9n\u00e9galaise d\u2019Amnesty International \u2014 ont appel\u00e9 \u00e0 la lib\u00e9ration provisoire de Farba Ngom. Le maire des Agnam, \u00e9galement responsable de l\u2019APR, est d\u00e9tenu [&hellip;]<\/p>\n","protected":false},"author":4,"featured_media":99782,"comment_status":"open","ping_status":"open","sticky":false,"template":"","format":"standard","meta":{"_et_pb_use_builder":"","_et_pb_old_content":""},"categories":[3],"tags":[],"yoast_head":"<!-- This site is optimized with the Yoast SEO Premium plugin v17.8 (Yoast SEO v17.8) - https:\/\/yoast.com\/wordpress\/plugins\/seo\/ -->\n<title>DETENTION DE FARBA NGOM - Trois Ong s&#039;en m\u00ealent | Nettali.com<\/title>\n<meta name=\"robots\" content=\"index, follow, max-snippet:-1, max-image-preview:large, max-video-preview:-1\" \/>\n<link rel=\"canonical\" href=\"https:\/\/www.nettali.com\/2025\/09\/06\/detention-de-farba-ngom-trois-ong-sen-melent\/\" \/>\n<meta property=\"og:locale\" content=\"fr_FR\" \/>\n<meta property=\"og:type\" content=\"article\" \/>\n<meta property=\"og:title\" content=\"DETENTION DE FARBA NGOM - Trois Ong s&#039;en m\u00ealent\" \/>\n<meta property=\"og:description\" content=\"NETTALI.COM - Trois organisations de d\u00e9fense des droits humains \u2014 la Ligue s\u00e9n\u00e9galaise des droits de l\u2019homme (LSDH), la Rencontre africaine pour la d\u00e9fense des droits de l\u2019homme (RADDHO) et la section s\u00e9n\u00e9galaise d\u2019Amnesty International \u2014 ont appel\u00e9 \u00e0 la lib\u00e9ration provisoire de Farba Ngom. Le maire des Agnam, \u00e9galement responsable de l\u2019APR, est d\u00e9tenu [&hellip;]\" \/>\n<meta property=\"og:url\" content=\"https:\/\/www.nettali.com\/2025\/09\/06\/detention-de-farba-ngom-trois-ong-sen-melent\/\" \/>\n<meta property=\"og:site_name\" content=\"Nettali.com\" \/>\n<meta property=\"article:publisher\" content=\"https:\/\/www.facebook.com\/nettalicom\" \/>\n<meta property=\"article:published_time\" content=\"2025-09-06T08:38:47+00:00\" \/>\n<meta property=\"article:modified_time\" content=\"2025-09-07T19:32:20+00:00\" \/>\n<meta property=\"og:image\" content=\"https:\/\/www.nettali.com\/wp-content\/uploads\/2022\/12\/apr_farbangom_4_0.jpg\" \/>\n\t<meta property=\"og:image:width\" content=\"631\" \/>\n\t<meta property=\"og:image:height\" content=\"425\" \/>\n<meta name=\"twitter:card\" content=\"summary_large_image\" \/>\n<meta name=\"twitter:label1\" content=\"\u00c9crit par\" \/>\n\t<meta name=\"twitter:data1\" content=\"Daouda\" \/>\n\t<meta name=\"twitter:label2\" content=\"Dur\u00e9e de lecture estim\u00e9e\" \/>\n\t<meta name=\"twitter:data2\" content=\"1 minute\" \/>\n<script type=\"application\/ld+json\" class=\"yoast-schema-graph\">{\"@context\":\"https:\/\/schema.org\",\"@graph\":[{\"@type\":\"WebSite\",\"@id\":\"https:\/\/www.nettali.com\/#website\",\"url\":\"https:\/\/www.nettali.com\/\",\"name\":\"Nettali.com\",\"description\":\"Le rendez-vous critique du Net\",\"potentialAction\":[{\"@type\":\"SearchAction\",\"target\":{\"@type\":\"EntryPoint\",\"urlTemplate\":\"https:\/\/www.nettali.com\/?s={search_term_string}\"},\"query-input\":\"required name=search_term_string\"}],\"inLanguage\":\"fr-FR\"},{\"@type\":\"ImageObject\",\"@id\":\"https:\/\/www.nettali.com\/2025\/09\/06\/detention-de-farba-ngom-trois-ong-sen-melent\/#primaryimage\",\"inLanguage\":\"fr-FR\",\"url\":\"https:\/\/www.nettali.com\/wp-content\/uploads\/2022\/12\/apr_farbangom_4_0.jpg\",\"contentUrl\":\"https:\/\/www.nettali.com\/wp-content\/uploads\/2022\/12\/apr_farbangom_4_0.jpg\",\"width\":631,\"height\":425},{\"@type\":\"WebPage\",\"@id\":\"https:\/\/www.nettali.com\/2025\/09\/06\/detention-de-farba-ngom-trois-ong-sen-melent\/#webpage\",\"url\":\"https:\/\/www.nettali.com\/2025\/09\/06\/detention-de-farba-ngom-trois-ong-sen-melent\/\",\"name\":\"DETENTION DE FARBA NGOM - Trois Ong s'en m\\u00ealent | Nettali.com\",\"isPartOf\":{\"@id\":\"https:\/\/www.nettali.com\/#website\"},\"primaryImageOfPage\":{\"@id\":\"https:\/\/www.nettali.com\/2025\/09\/06\/detention-de-farba-ngom-trois-ong-sen-melent\/#primaryimage\"},\"datePublished\":\"2025-09-06T08:38:47+00:00\",\"dateModified\":\"2025-09-07T19:32:20+00:00\",\"author\":{\"@id\":\"https:\/\/www.nettali.com\/#\/schema\/person\/3317e0bb3aa1da309fbf7b2780901bf4\"},\"breadcrumb\":{\"@id\":\"https:\/\/www.nettali.com\/2025\/09\/06\/detention-de-farba-ngom-trois-ong-sen-melent\/#breadcrumb\"},\"inLanguage\":\"fr-FR\",\"potentialAction\":[{\"@type\":\"ReadAction\",\"target\":[\"https:\/\/www.nettali.com\/2025\/09\/06\/detention-de-farba-ngom-trois-ong-sen-melent\/\"]}]},{\"@type\":\"BreadcrumbList\",\"@id\":\"https:\/\/www.nettali.com\/2025\/09\/06\/detention-de-farba-ngom-trois-ong-sen-melent\/#breadcrumb\",\"itemListElement\":[{\"@type\":\"ListItem\",\"position\":1,\"name\":\"Accueil\",\"item\":\"https:\/\/www.nettali.com\/\"},{\"@type\":\"ListItem\",\"position\":2,\"name\":\"DETENTION DE FARBA NGOM - Trois Ong s'en m\\u00ealent\"}]},{\"@type\":\"Person\",\"@id\":\"https:\/\/www.nettali.com\/#\/schema\/person\/3317e0bb3aa1da309fbf7b2780901bf4\",\"name\":\"Daouda\",\"image\":{\"@type\":\"ImageObject\",\"@id\":\"https:\/\/www.nettali.com\/#personlogo\",\"inLanguage\":\"fr-FR\",\"url\":\"https:\/\/secure.gravatar.com\/avatar\/8d143b5a49345098ddcfee1c49c2f47c?s=96&d=mm&r=g\",\"contentUrl\":\"https:\/\/secure.gravatar.com\/avatar\/8d143b5a49345098ddcfee1c49c2f47c?s=96&d=mm&r=g\",\"caption\":\"Daouda\"},\"sameAs\":[\"https:\/\/www.nettali.com\"]}]}<\/script>\n<!-- \/ Yoast SEO Premium plugin. -->","yoast_head_json":{"title":"DETENTION DE FARBA NGOM - Trois Ong s'en m\u00ealent | Nettali.com","robots":{"index":"index","follow":"follow","max-snippet":"max-snippet:-1","max-image-preview":"max-image-preview:large","max-video-preview":"max-video-preview:-1"},"canonical":"https:\/\/www.nettali.com\/2025\/09\/06\/detention-de-farba-ngom-trois-ong-sen-melent\/","og_locale":"fr_FR","og_type":"article","og_title":"DETENTION DE FARBA NGOM - Trois Ong s'en m\u00ealent","og_description":"NETTALI.COM - Trois organisations de d\u00e9fense des droits humains \u2014 la Ligue s\u00e9n\u00e9galaise des droits de l\u2019homme (LSDH), la Rencontre africaine pour la d\u00e9fense des droits de l\u2019homme (RADDHO) et la section s\u00e9n\u00e9galaise d\u2019Amnesty International \u2014 ont appel\u00e9 \u00e0 la lib\u00e9ration provisoire de Farba Ngom. Le maire des Agnam, \u00e9galement responsable de l\u2019APR, est d\u00e9tenu [&hellip;]","og_url":"https:\/\/www.nettali.com\/2025\/09\/06\/detention-de-farba-ngom-trois-ong-sen-melent\/","og_site_name":"Nettali.com","article_publisher":"https:\/\/www.facebook.com\/nettalicom","article_published_time":"2025-09-06T08:38:47+00:00","article_modified_time":"2025-09-07T19:32:20+00:00","og_image":[{"width":631,"height":425,"url":"https:\/\/www.nettali.com\/wp-content\/uploads\/2022\/12\/apr_farbangom_4_0.jpg","type":"image\/jpeg"}],"twitter_card":"summary_large_image","twitter_misc":{"\u00c9crit par":"Daouda","Dur\u00e9e de lecture estim\u00e9e":"1 minute"},"schema":{"@context":"https:\/\/schema.org","@graph":[{"@type":"WebSite","@id":"https:\/\/www.nettali.com\/#website","url":"https:\/\/www.nettali.com\/","name":"Nettali.com","description":"Le rendez-vous critique du Net","potentialAction":[{"@type":"SearchAction","target":{"@type":"EntryPoint","urlTemplate":"https:\/\/www.nettali.com\/?s={search_term_string}"},"query-input":"required name=search_term_string"}],"inLanguage":"fr-FR"},{"@type":"ImageObject","@id":"https:\/\/www.nettali.com\/2025\/09\/06\/detention-de-farba-ngom-trois-ong-sen-melent\/#primaryimage","inLanguage":"fr-FR","url":"https:\/\/www.nettali.com\/wp-content\/uploads\/2022\/12\/apr_farbangom_4_0.jpg","contentUrl":"https:\/\/www.nettali.com\/wp-content\/uploads\/2022\/12\/apr_farbangom_4_0.jpg","width":631,"height":425},{"@type":"WebPage","@id":"https:\/\/www.nettali.com\/2025\/09\/06\/detention-de-farba-ngom-trois-ong-sen-melent\/#webpage","url":"https:\/\/www.nettali.com\/2025\/09\/06\/detention-de-farba-ngom-trois-ong-sen-melent\/","name":"DETENTION DE FARBA NGOM - Trois Ong s'en m\u00ealent | Nettali.com","isPartOf":{"@id":"https:\/\/www.nettali.com\/#website"},"primaryImageOfPage":{"@id":"https:\/\/www.nettali.com\/2025\/09\/06\/detention-de-farba-ngom-trois-ong-sen-melent\/#primaryimage"},"datePublished":"2025-09-06T08:38:47+00:00","dateModified":"2025-09-07T19:32:20+00:00","author":{"@id":"https:\/\/www.nettali.com\/#\/schema\/person\/3317e0bb3aa1da309fbf7b2780901bf4"},"breadcrumb":{"@id":"https:\/\/www.nettali.com\/2025\/09\/06\/detention-de-farba-ngom-trois-ong-sen-melent\/#breadcrumb"},"inLanguage":"fr-FR","potentialAction":[{"@type":"ReadAction","target":["https:\/\/www.nettali.com\/2025\/09\/06\/detention-de-farba-ngom-trois-ong-sen-melent\/"]}]},{"@type":"BreadcrumbList","@id":"https:\/\/www.nettali.com\/2025\/09\/06\/detention-de-farba-ngom-trois-ong-sen-melent\/#breadcrumb","itemListElement":[{"@type":"ListItem","position":1,"name":"Accueil","item":"https:\/\/www.nettali.com\/"},{"@type":"ListItem","position":2,"name":"DETENTION DE FARBA NGOM - Trois Ong s'en m\u00ealent"}]},{"@type":"Person","@id":"https:\/\/www.nettali.com\/#\/schema\/person\/3317e0bb3aa1da309fbf7b2780901bf4","name":"Daouda","image":{"@type":"ImageObject","@id":"https:\/\/www.nettali.com\/#personlogo","inLanguage":"fr-FR","url":"https:\/\/secure.gravatar.com\/avatar\/8d143b5a49345098ddcfee1c49c2f47c?s=96&d=mm&r=g","contentUrl":"https:\/\/secure.gravatar.com\/avatar\/8d143b5a49345098ddcfee1c49c2f47c?s=96&d=mm&r=g","caption":"Daouda"},"sameAs":["https:\/\/www.nettali.com"]}]}},"_links":{"self":[{"href":"https:\/\/www.nettali.com\/rest\/wp\/v2\/posts\/160752"}],"collection":[{"href":"https:\/\/www.nettali.com\/rest\/wp\/v2\/posts"}],"about":[{"href":"https:\/\/www.nettali.com\/rest\/wp\/v2\/types\/post"}],"author":[{"embeddable":true,"href":"https:\/\/www.nettali.com\/rest\/wp\/v2\/users\/4"}],"replies":[{"embeddable":true,"href":"https:\/\/www.nettali.com\/rest\/wp\/v2\/comments?post=160752"}],"version-history":[{"count":1,"href":"https:\/\/www.nettali.com\/rest\/wp\/v2\/posts\/160752\/revisions"}],"predecessor-version":[{"id":160753,"href":"https:\/\/www.nettali.com\/rest\/wp\/v2\/posts\/160752\/revisions\/160753"}],"wp:featuredmedia":[{"embeddable":true,"href":"https:\/\/www.nettali.com\/rest\/wp\/v2\/media\/99782"}],"wp:attachment":[{"href":"https:\/\/www.nettali.com\/rest\/wp\/v2\/media?parent=160752"}],"wp:term":[{"taxonomy":"category","embeddable":true,"href":"https:\/\/www.nettali.com\/rest\/wp\/v2\/categories?post=160752"},{"taxonomy":"post_tag","embeddable":true,"href":"https:\/\/www.nettali.com\/rest\/wp\/v2\/tags?post=160752"}],"curies":[{"name":"wp","href":"https:\/\/api.w.org\/{rel}","templated":true}]}}