{"id":160749,"date":"2025-09-06T08:35:21","date_gmt":"2025-09-06T08:35:21","guid":{"rendered":"https:\/\/www.nettali.com\/?p=160749"},"modified":"2025-09-06T21:48:20","modified_gmt":"2025-09-06T21:48:20","slug":"eliminatoires-mondial-2026-le-selectionneur-du-soudan-met-en-garde-le-senegal-avant-la-rdc","status":"publish","type":"post","link":"https:\/\/www.nettali.com\/2025\/09\/06\/eliminatoires-mondial-2026-le-selectionneur-du-soudan-met-en-garde-le-senegal-avant-la-rdc\/","title":{"rendered":"\u00c9LIMINATOIRES MONDIAL 2026 - Le s\u00e9lectionneur du Soudan met en garde le S\u00e9n\u00e9gal avant la RDC"},"content":{"rendered":"<p data-start=\"213\" data-end=\"479\"><strong>NETTALI.COM - Le S\u00e9n\u00e9gal, vainqueur du Soudan (2-0) vendredi \u00e0 Dakar lors de la huiti\u00e8me journ\u00e9e des \u00e9liminatoires de la Coupe du monde 2026, devra \u00e9lever son niveau de jeu face \u00e0 la R\u00e9publique d\u00e9mocratique du Congo (RDC), a estim\u00e9 le s\u00e9lectionneur soudanais James Kwesi Appiah.<\/strong><\/p>\n<p data-start=\"481\" data-end=\"720\"><em>\u00ab Le match du S\u00e9n\u00e9gal contre la RD Congo sera tr\u00e8s disput\u00e9. Le S\u00e9n\u00e9gal devra hausser son niveau de jeu, car en face il y aura une belle opposition \u00bb<\/em>, a-t-il d\u00e9clar\u00e9 en conf\u00e9rence de presse apr\u00e8s la rencontre contre les Crocodiles du Nil.<\/p>\n<p data-start=\"722\" data-end=\"821\">Vainqueur du Soudan (4-1), le S\u00e9n\u00e9gal affrontera mardi la RDC dans le choc au sommet du groupe B.<\/p>\n<p data-start=\"823\" data-end=\"1050\">Analysant la d\u00e9faite de son \u00e9quipe, le technicien ghan\u00e9en a reconnu que <em>\u00ab le S\u00e9n\u00e9gal est tout simplement plus fort \u00bb<\/em>. Il assure toutefois que son \u00e9quipe va se \u00ab remobiliser \u00bb pour aller chercher le maximum de points restants.<\/p>\n<p data-start=\"1052\" data-end=\"1155\"><em>\u00ab Depuis le d\u00e9but des \u00e9liminatoires, notre objectif est d\u2019obtenir une qualification \u00bb<\/em>, a-t-il ajout\u00e9.<\/p>\n<div class='share-to-whatsapp-wrapper'><div class='share-on-whsp'>PARTAGER SUR : <\/div><a data-text='\u00c9LIMINATOIRES MONDIAL 2026 - Le s\u00e9lectionneur du Soudan met en garde le S\u00e9n\u00e9gal avant la RDC' data-link='https:\/\/www.nettali.com\/2025\/09\/06\/eliminatoires-mondial-2026-le-selectionneur-du-soudan-met-en-garde-le-senegal-avant-la-rdc\/' class='whatsapp-button whatsapp-share'>WhatsApp<\/a><div class='clear '><\/div><\/div>","protected":false},"excerpt":{"rendered":"<p>NETTALI.COM - Le S\u00e9n\u00e9gal, vainqueur du Soudan (2-0) vendredi \u00e0 Dakar lors de la huiti\u00e8me journ\u00e9e des \u00e9liminatoires de la Coupe du monde 2026, devra \u00e9lever son niveau de jeu face \u00e0 la R\u00e9publique d\u00e9mocratique du Congo (RDC), a estim\u00e9 le s\u00e9lectionneur soudanais James Kwesi Appiah. \u00ab Le match du S\u00e9n\u00e9gal contre la RD Congo [&hellip;]<\/p>\n","protected":false},"author":4,"featured_media":160750,"comment_status":"open","ping_status":"open","sticky":false,"template":"","format":"standard","meta":{"_et_pb_use_builder":"","_et_pb_old_content":""},"categories":[6],"tags":[],"yoast_head":"<!-- This site is optimized with the Yoast SEO Premium plugin v17.8 (Yoast SEO v17.8) - https:\/\/yoast.com\/wordpress\/plugins\/seo\/ -->\n<title>\u00c9LIMINATOIRES MONDIAL 2026 - Le s\u00e9lectionneur du Soudan met en garde le S\u00e9n\u00e9gal avant la RDC | Nettali.com<\/title>\n<meta name=\"robots\" content=\"index, follow, max-snippet:-1, max-image-preview:large, max-video-preview:-1\" \/>\n<link rel=\"canonical\" href=\"https:\/\/www.nettali.com\/2025\/09\/06\/eliminatoires-mondial-2026-le-selectionneur-du-soudan-met-en-garde-le-senegal-avant-la-rdc\/\" \/>\n<meta property=\"og:locale\" content=\"fr_FR\" \/>\n<meta property=\"og:type\" content=\"article\" \/>\n<meta property=\"og:title\" content=\"\u00c9LIMINATOIRES MONDIAL 2026 - Le s\u00e9lectionneur du Soudan met en garde le S\u00e9n\u00e9gal avant la RDC\" \/>\n<meta property=\"og:description\" content=\"NETTALI.COM - Le S\u00e9n\u00e9gal, vainqueur du Soudan (2-0) vendredi \u00e0 Dakar lors de la huiti\u00e8me journ\u00e9e des \u00e9liminatoires de la Coupe du monde 2026, devra \u00e9lever son niveau de jeu face \u00e0 la R\u00e9publique d\u00e9mocratique du Congo (RDC), a estim\u00e9 le s\u00e9lectionneur soudanais James Kwesi Appiah. \u00ab Le match du S\u00e9n\u00e9gal contre la RD Congo [&hellip;]\" \/>\n<meta property=\"og:url\" content=\"https:\/\/www.nettali.com\/2025\/09\/06\/eliminatoires-mondial-2026-le-selectionneur-du-soudan-met-en-garde-le-senegal-avant-la-rdc\/\" \/>\n<meta property=\"og:site_name\" content=\"Nettali.com\" \/>\n<meta property=\"article:publisher\" content=\"https:\/\/www.facebook.com\/nettalicom\" \/>\n<meta property=\"article:published_time\" content=\"2025-09-06T08:35:21+00:00\" \/>\n<meta property=\"article:modified_time\" content=\"2025-09-06T21:48:20+00:00\" \/>\n<meta property=\"og:image\" content=\"https:\/\/www.nettali.com\/wp-content\/uploads\/2025\/09\/Capture-de\u0301cran-2025-09-06-a\u0300-07.34.29.png\" \/>\n\t<meta property=\"og:image:width\" content=\"662\" \/>\n\t<meta property=\"og:image:height\" content=\"349\" \/>\n<meta name=\"twitter:card\" content=\"summary_large_image\" \/>\n<meta name=\"twitter:label1\" content=\"\u00c9crit par\" \/>\n\t<meta name=\"twitter:data1\" content=\"Daouda\" \/>\n\t<meta name=\"twitter:label2\" content=\"Dur\u00e9e de lecture estim\u00e9e\" \/>\n\t<meta name=\"twitter:data2\" content=\"1 minute\" \/>\n<script type=\"application\/ld+json\" class=\"yoast-schema-graph\">{\"@context\":\"https:\/\/schema.org\",\"@graph\":[{\"@type\":\"WebSite\",\"@id\":\"https:\/\/www.nettali.com\/#website\",\"url\":\"https:\/\/www.nettali.com\/\",\"name\":\"Nettali.com\",\"description\":\"Le rendez-vous critique du Net\",\"potentialAction\":[{\"@type\":\"SearchAction\",\"target\":{\"@type\":\"EntryPoint\",\"urlTemplate\":\"https:\/\/www.nettali.com\/?s={search_term_string}\"},\"query-input\":\"required name=search_term_string\"}],\"inLanguage\":\"fr-FR\"},{\"@type\":\"ImageObject\",\"@id\":\"https:\/\/www.nettali.com\/2025\/09\/06\/eliminatoires-mondial-2026-le-selectionneur-du-soudan-met-en-garde-le-senegal-avant-la-rdc\/#primaryimage\",\"inLanguage\":\"fr-FR\",\"url\":\"https:\/\/www.nettali.com\/wp-content\/uploads\/2025\/09\/Capture-de\\u0301cran-2025-09-06-a\\u0300-07.34.29.png\",\"contentUrl\":\"https:\/\/www.nettali.com\/wp-content\/uploads\/2025\/09\/Capture-de\\u0301cran-2025-09-06-a\\u0300-07.34.29.png\",\"width\":662,\"height\":349},{\"@type\":\"WebPage\",\"@id\":\"https:\/\/www.nettali.com\/2025\/09\/06\/eliminatoires-mondial-2026-le-selectionneur-du-soudan-met-en-garde-le-senegal-avant-la-rdc\/#webpage\",\"url\":\"https:\/\/www.nettali.com\/2025\/09\/06\/eliminatoires-mondial-2026-le-selectionneur-du-soudan-met-en-garde-le-senegal-avant-la-rdc\/\",\"name\":\"\\u00c9LIMINATOIRES MONDIAL 2026 - Le s\\u00e9lectionneur du Soudan met en garde le S\\u00e9n\\u00e9gal avant la RDC | Nettali.com\",\"isPartOf\":{\"@id\":\"https:\/\/www.nettali.com\/#website\"},\"primaryImageOfPage\":{\"@id\":\"https:\/\/www.nettali.com\/2025\/09\/06\/eliminatoires-mondial-2026-le-selectionneur-du-soudan-met-en-garde-le-senegal-avant-la-rdc\/#primaryimage\"},\"datePublished\":\"2025-09-06T08:35:21+00:00\",\"dateModified\":\"2025-09-06T21:48:20+00:00\",\"author\":{\"@id\":\"https:\/\/www.nettali.com\/#\/schema\/person\/3317e0bb3aa1da309fbf7b2780901bf4\"},\"breadcrumb\":{\"@id\":\"https:\/\/www.nettali.com\/2025\/09\/06\/eliminatoires-mondial-2026-le-selectionneur-du-soudan-met-en-garde-le-senegal-avant-la-rdc\/#breadcrumb\"},\"inLanguage\":\"fr-FR\",\"potentialAction\":[{\"@type\":\"ReadAction\",\"target\":[\"https:\/\/www.nettali.com\/2025\/09\/06\/eliminatoires-mondial-2026-le-selectionneur-du-soudan-met-en-garde-le-senegal-avant-la-rdc\/\"]}]},{\"@type\":\"BreadcrumbList\",\"@id\":\"https:\/\/www.nettali.com\/2025\/09\/06\/eliminatoires-mondial-2026-le-selectionneur-du-soudan-met-en-garde-le-senegal-avant-la-rdc\/#breadcrumb\",\"itemListElement\":[{\"@type\":\"ListItem\",\"position\":1,\"name\":\"Accueil\",\"item\":\"https:\/\/www.nettali.com\/\"},{\"@type\":\"ListItem\",\"position\":2,\"name\":\"\\u00c9LIMINATOIRES MONDIAL 2026 - Le s\\u00e9lectionneur du Soudan met en garde le S\\u00e9n\\u00e9gal avant la RDC\"}]},{\"@type\":\"Person\",\"@id\":\"https:\/\/www.nettali.com\/#\/schema\/person\/3317e0bb3aa1da309fbf7b2780901bf4\",\"name\":\"Daouda\",\"image\":{\"@type\":\"ImageObject\",\"@id\":\"https:\/\/www.nettali.com\/#personlogo\",\"inLanguage\":\"fr-FR\",\"url\":\"https:\/\/secure.gravatar.com\/avatar\/8d143b5a49345098ddcfee1c49c2f47c?s=96&d=mm&r=g\",\"contentUrl\":\"https:\/\/secure.gravatar.com\/avatar\/8d143b5a49345098ddcfee1c49c2f47c?s=96&d=mm&r=g\",\"caption\":\"Daouda\"},\"sameAs\":[\"https:\/\/www.nettali.com\"]}]}<\/script>\n<!-- \/ Yoast SEO Premium plugin. -->","yoast_head_json":{"title":"\u00c9LIMINATOIRES MONDIAL 2026 - Le s\u00e9lectionneur du Soudan met en garde le S\u00e9n\u00e9gal avant la RDC | Nettali.com","robots":{"index":"index","follow":"follow","max-snippet":"max-snippet:-1","max-image-preview":"max-image-preview:large","max-video-preview":"max-video-preview:-1"},"canonical":"https:\/\/www.nettali.com\/2025\/09\/06\/eliminatoires-mondial-2026-le-selectionneur-du-soudan-met-en-garde-le-senegal-avant-la-rdc\/","og_locale":"fr_FR","og_type":"article","og_title":"\u00c9LIMINATOIRES MONDIAL 2026 - Le s\u00e9lectionneur du Soudan met en garde le S\u00e9n\u00e9gal avant la RDC","og_description":"NETTALI.COM - Le S\u00e9n\u00e9gal, vainqueur du Soudan (2-0) vendredi \u00e0 Dakar lors de la huiti\u00e8me journ\u00e9e des \u00e9liminatoires de la Coupe du monde 2026, devra \u00e9lever son niveau de jeu face \u00e0 la R\u00e9publique d\u00e9mocratique du Congo (RDC), a estim\u00e9 le s\u00e9lectionneur soudanais James Kwesi Appiah. \u00ab Le match du S\u00e9n\u00e9gal contre la RD Congo [&hellip;]","og_url":"https:\/\/www.nettali.com\/2025\/09\/06\/eliminatoires-mondial-2026-le-selectionneur-du-soudan-met-en-garde-le-senegal-avant-la-rdc\/","og_site_name":"Nettali.com","article_publisher":"https:\/\/www.facebook.com\/nettalicom","article_published_time":"2025-09-06T08:35:21+00:00","article_modified_time":"2025-09-06T21:48:20+00:00","og_image":[{"width":662,"height":349,"url":"https:\/\/www.nettali.com\/wp-content\/uploads\/2025\/09\/Capture-de\u0301cran-2025-09-06-a\u0300-07.34.29.png","type":"image\/png"}],"twitter_card":"summary_large_image","twitter_misc":{"\u00c9crit par":"Daouda","Dur\u00e9e de lecture estim\u00e9e":"1 minute"},"schema":{"@context":"https:\/\/schema.org","@graph":[{"@type":"WebSite","@id":"https:\/\/www.nettali.com\/#website","url":"https:\/\/www.nettali.com\/","name":"Nettali.com","description":"Le rendez-vous critique du Net","potentialAction":[{"@type":"SearchAction","target":{"@type":"EntryPoint","urlTemplate":"https:\/\/www.nettali.com\/?s={search_term_string}"},"query-input":"required name=search_term_string"}],"inLanguage":"fr-FR"},{"@type":"ImageObject","@id":"https:\/\/www.nettali.com\/2025\/09\/06\/eliminatoires-mondial-2026-le-selectionneur-du-soudan-met-en-garde-le-senegal-avant-la-rdc\/#primaryimage","inLanguage":"fr-FR","url":"https:\/\/www.nettali.com\/wp-content\/uploads\/2025\/09\/Capture-de\u0301cran-2025-09-06-a\u0300-07.34.29.png","contentUrl":"https:\/\/www.nettali.com\/wp-content\/uploads\/2025\/09\/Capture-de\u0301cran-2025-09-06-a\u0300-07.34.29.png","width":662,"height":349},{"@type":"WebPage","@id":"https:\/\/www.nettali.com\/2025\/09\/06\/eliminatoires-mondial-2026-le-selectionneur-du-soudan-met-en-garde-le-senegal-avant-la-rdc\/#webpage","url":"https:\/\/www.nettali.com\/2025\/09\/06\/eliminatoires-mondial-2026-le-selectionneur-du-soudan-met-en-garde-le-senegal-avant-la-rdc\/","name":"\u00c9LIMINATOIRES MONDIAL 2026 - Le s\u00e9lectionneur du Soudan met en garde le S\u00e9n\u00e9gal avant la RDC | Nettali.com","isPartOf":{"@id":"https:\/\/www.nettali.com\/#website"},"primaryImageOfPage":{"@id":"https:\/\/www.nettali.com\/2025\/09\/06\/eliminatoires-mondial-2026-le-selectionneur-du-soudan-met-en-garde-le-senegal-avant-la-rdc\/#primaryimage"},"datePublished":"2025-09-06T08:35:21+00:00","dateModified":"2025-09-06T21:48:20+00:00","author":{"@id":"https:\/\/www.nettali.com\/#\/schema\/person\/3317e0bb3aa1da309fbf7b2780901bf4"},"breadcrumb":{"@id":"https:\/\/www.nettali.com\/2025\/09\/06\/eliminatoires-mondial-2026-le-selectionneur-du-soudan-met-en-garde-le-senegal-avant-la-rdc\/#breadcrumb"},"inLanguage":"fr-FR","potentialAction":[{"@type":"ReadAction","target":["https:\/\/www.nettali.com\/2025\/09\/06\/eliminatoires-mondial-2026-le-selectionneur-du-soudan-met-en-garde-le-senegal-avant-la-rdc\/"]}]},{"@type":"BreadcrumbList","@id":"https:\/\/www.nettali.com\/2025\/09\/06\/eliminatoires-mondial-2026-le-selectionneur-du-soudan-met-en-garde-le-senegal-avant-la-rdc\/#breadcrumb","itemListElement":[{"@type":"ListItem","position":1,"name":"Accueil","item":"https:\/\/www.nettali.com\/"},{"@type":"ListItem","position":2,"name":"\u00c9LIMINATOIRES MONDIAL 2026 - Le s\u00e9lectionneur du Soudan met en garde le S\u00e9n\u00e9gal avant la RDC"}]},{"@type":"Person","@id":"https:\/\/www.nettali.com\/#\/schema\/person\/3317e0bb3aa1da309fbf7b2780901bf4","name":"Daouda","image":{"@type":"ImageObject","@id":"https:\/\/www.nettali.com\/#personlogo","inLanguage":"fr-FR","url":"https:\/\/secure.gravatar.com\/avatar\/8d143b5a49345098ddcfee1c49c2f47c?s=96&d=mm&r=g","contentUrl":"https:\/\/secure.gravatar.com\/avatar\/8d143b5a49345098ddcfee1c49c2f47c?s=96&d=mm&r=g","caption":"Daouda"},"sameAs":["https:\/\/www.nettali.com"]}]}},"_links":{"self":[{"href":"https:\/\/www.nettali.com\/rest\/wp\/v2\/posts\/160749"}],"collection":[{"href":"https:\/\/www.nettali.com\/rest\/wp\/v2\/posts"}],"about":[{"href":"https:\/\/www.nettali.com\/rest\/wp\/v2\/types\/post"}],"author":[{"embeddable":true,"href":"https:\/\/www.nettali.com\/rest\/wp\/v2\/users\/4"}],"replies":[{"embeddable":true,"href":"https:\/\/www.nettali.com\/rest\/wp\/v2\/comments?post=160749"}],"version-history":[{"count":2,"href":"https:\/\/www.nettali.com\/rest\/wp\/v2\/posts\/160749\/revisions"}],"predecessor-version":[{"id":160780,"href":"https:\/\/www.nettali.com\/rest\/wp\/v2\/posts\/160749\/revisions\/160780"}],"wp:featuredmedia":[{"embeddable":true,"href":"https:\/\/www.nettali.com\/rest\/wp\/v2\/media\/160750"}],"wp:attachment":[{"href":"https:\/\/www.nettali.com\/rest\/wp\/v2\/media?parent=160749"}],"wp:term":[{"taxonomy":"category","embeddable":true,"href":"https:\/\/www.nettali.com\/rest\/wp\/v2\/categories?post=160749"},{"taxonomy":"post_tag","embeddable":true,"href":"https:\/\/www.nettali.com\/rest\/wp\/v2\/tags?post=160749"}],"curies":[{"name":"wp","href":"https:\/\/api.w.org\/{rel}","templated":true}]}}