{"id":160745,"date":"2025-09-06T10:23:11","date_gmt":"2025-09-06T10:23:11","guid":{"rendered":"https:\/\/www.nettali.com\/?p=160745"},"modified":"2025-09-06T08:23:26","modified_gmt":"2025-09-06T08:23:26","slug":"psg-chute-a-velo-luis-enrique-souffre-dune-fracture-de-la-clavicule","status":"publish","type":"post","link":"https:\/\/www.nettali.com\/2025\/09\/06\/psg-chute-a-velo-luis-enrique-souffre-dune-fracture-de-la-clavicule\/","title":{"rendered":"PSG - Chute \u00e0 v\u00e9lo, Luis Enrique souffre d\u2019une fracture de la clavicule"},"content":{"rendered":"<p><strong>NETTALI.COM - L\u2019entra\u00eeneur du Paris Saint-Germain a lourdement chut\u00e9 \u00e0 v\u00e9lo ce vendredi 5 septembre. Luis Enrique va ainsi subir une op\u00e9ration apr\u00e8s s\u2019\u00eatre fractur\u00e9 la clavicule.<\/strong><\/p>\n<p>Un \u00e9l\u00e9ment de plus \u00e0 l\u2019infirmerie. Le Paris Saint-Germain a annonc\u00e9 une mauvaise nouvelle ce vendredi soir : son entra\u00eeneur Luis Enrique s\u2019est fractur\u00e9 la clavicule apr\u00e8s une chute \u00e0 v\u00e9lo en Espagne. Le technicien asturien a \u00e9t\u00e9 pris en charge par les secours et va subir une op\u00e9ration.<\/p>\n<p>\"<em>A la suite d\u2019une chute \u00e0 v\u00e9lo survenue ce vendredi, l\u2019entra\u00eeneur du Paris Saint-Germain, Luis Enrique, a \u00e9t\u00e9 pris en charge par les secours et va subir une op\u00e9ration pour une fracture de la clavicule<\/em>\", annonce le club de la capitale sur X.<\/p>\n<p>\"<em>Le Paris Saint Germain tient \u00e0 exprimer tout son soutien \u00e0 Luis Enrique et lui souhaite un prompt r\u00e9tablissement. Le Club communiquera davantage d\u2019informations prochainement<\/em>\", poursuit le PSG.<\/p>\n<p>Le pr\u00e9sident Nasser Al-Khela\u00effi, inform\u00e9 de l\u2019accident de son coach, prend r\u00e9guli\u00e8rement de ses nouvelles.<\/p>\n<p>Luis Enrique, 55 ans, est un grand amateur de cyclisme. Il fait r\u00e9guli\u00e8rement des sorties autour de Saint-Germain-en-Laye, o\u00f9 il r\u00e9side. Il est aussi \u00e0 l\u2019aise sur route qu\u2019en VTT.<\/p>\n<div class='share-to-whatsapp-wrapper'><div class='share-on-whsp'>PARTAGER SUR : <\/div><a data-text='PSG - Chute \u00e0 v\u00e9lo, Luis Enrique souffre d\u2019une fracture de la clavicule' data-link='https:\/\/www.nettali.com\/2025\/09\/06\/psg-chute-a-velo-luis-enrique-souffre-dune-fracture-de-la-clavicule\/' class='whatsapp-button whatsapp-share'>WhatsApp<\/a><div class='clear '><\/div><\/div>","protected":false},"excerpt":{"rendered":"<p>NETTALI.COM - L\u2019entra\u00eeneur du Paris Saint-Germain a lourdement chut\u00e9 \u00e0 v\u00e9lo ce vendredi 5 septembre. Luis Enrique va ainsi subir une op\u00e9ration apr\u00e8s s\u2019\u00eatre fractur\u00e9 la clavicule. Un \u00e9l\u00e9ment de plus \u00e0 l\u2019infirmerie. Le Paris Saint-Germain a annonc\u00e9 une mauvaise nouvelle ce vendredi soir : son entra\u00eeneur Luis Enrique s\u2019est fractur\u00e9 la clavicule apr\u00e8s une [&hellip;]<\/p>\n","protected":false},"author":5,"featured_media":160741,"comment_status":"open","ping_status":"open","sticky":false,"template":"","format":"standard","meta":{"_et_pb_use_builder":"","_et_pb_old_content":""},"categories":[6],"tags":[],"yoast_head":"<!-- This site is optimized with the Yoast SEO Premium plugin v17.8 (Yoast SEO v17.8) - https:\/\/yoast.com\/wordpress\/plugins\/seo\/ -->\n<title>PSG - Chute \u00e0 v\u00e9lo, Luis Enrique souffre d\u2019une fracture de la clavicule | Nettali.com<\/title>\n<meta name=\"robots\" content=\"index, follow, max-snippet:-1, max-image-preview:large, max-video-preview:-1\" \/>\n<link rel=\"canonical\" href=\"https:\/\/www.nettali.com\/2025\/09\/06\/psg-chute-a-velo-luis-enrique-souffre-dune-fracture-de-la-clavicule\/\" \/>\n<meta property=\"og:locale\" content=\"fr_FR\" \/>\n<meta property=\"og:type\" content=\"article\" \/>\n<meta property=\"og:title\" content=\"PSG - Chute \u00e0 v\u00e9lo, Luis Enrique souffre d\u2019une fracture de la clavicule\" \/>\n<meta property=\"og:description\" content=\"NETTALI.COM - L\u2019entra\u00eeneur du Paris Saint-Germain a lourdement chut\u00e9 \u00e0 v\u00e9lo ce vendredi 5 septembre. Luis Enrique va ainsi subir une op\u00e9ration apr\u00e8s s\u2019\u00eatre fractur\u00e9 la clavicule. Un \u00e9l\u00e9ment de plus \u00e0 l\u2019infirmerie. Le Paris Saint-Germain a annonc\u00e9 une mauvaise nouvelle ce vendredi soir : son entra\u00eeneur Luis Enrique s\u2019est fractur\u00e9 la clavicule apr\u00e8s une [&hellip;]\" \/>\n<meta property=\"og:url\" content=\"https:\/\/www.nettali.com\/2025\/09\/06\/psg-chute-a-velo-luis-enrique-souffre-dune-fracture-de-la-clavicule\/\" \/>\n<meta property=\"og:site_name\" content=\"Nettali.com\" \/>\n<meta property=\"article:publisher\" content=\"https:\/\/www.facebook.com\/nettalicom\" \/>\n<meta property=\"article:published_time\" content=\"2025-09-06T10:23:11+00:00\" \/>\n<meta property=\"article:modified_time\" content=\"2025-09-06T08:23:26+00:00\" \/>\n<meta property=\"og:image\" content=\"https:\/\/www.nettali.com\/wp-content\/uploads\/2025\/09\/hq720.jpg\" \/>\n\t<meta property=\"og:image:width\" content=\"686\" \/>\n\t<meta property=\"og:image:height\" content=\"386\" \/>\n<meta name=\"twitter:card\" content=\"summary_large_image\" \/>\n<meta name=\"twitter:label1\" content=\"\u00c9crit par\" \/>\n\t<meta name=\"twitter:data1\" content=\"Ibrahima\" \/>\n\t<meta name=\"twitter:label2\" content=\"Dur\u00e9e de lecture estim\u00e9e\" \/>\n\t<meta name=\"twitter:data2\" content=\"1 minute\" \/>\n<script type=\"application\/ld+json\" class=\"yoast-schema-graph\">{\"@context\":\"https:\/\/schema.org\",\"@graph\":[{\"@type\":\"WebSite\",\"@id\":\"https:\/\/www.nettali.com\/#website\",\"url\":\"https:\/\/www.nettali.com\/\",\"name\":\"Nettali.com\",\"description\":\"Le rendez-vous critique du Net\",\"potentialAction\":[{\"@type\":\"SearchAction\",\"target\":{\"@type\":\"EntryPoint\",\"urlTemplate\":\"https:\/\/www.nettali.com\/?s={search_term_string}\"},\"query-input\":\"required name=search_term_string\"}],\"inLanguage\":\"fr-FR\"},{\"@type\":\"ImageObject\",\"@id\":\"https:\/\/www.nettali.com\/2025\/09\/06\/psg-chute-a-velo-luis-enrique-souffre-dune-fracture-de-la-clavicule\/#primaryimage\",\"inLanguage\":\"fr-FR\",\"url\":\"https:\/\/www.nettali.com\/wp-content\/uploads\/2025\/09\/hq720.jpg\",\"contentUrl\":\"https:\/\/www.nettali.com\/wp-content\/uploads\/2025\/09\/hq720.jpg\",\"width\":686,\"height\":386},{\"@type\":\"WebPage\",\"@id\":\"https:\/\/www.nettali.com\/2025\/09\/06\/psg-chute-a-velo-luis-enrique-souffre-dune-fracture-de-la-clavicule\/#webpage\",\"url\":\"https:\/\/www.nettali.com\/2025\/09\/06\/psg-chute-a-velo-luis-enrique-souffre-dune-fracture-de-la-clavicule\/\",\"name\":\"PSG - Chute \\u00e0 v\\u00e9lo, Luis Enrique souffre d\\u2019une fracture de la clavicule | Nettali.com\",\"isPartOf\":{\"@id\":\"https:\/\/www.nettali.com\/#website\"},\"primaryImageOfPage\":{\"@id\":\"https:\/\/www.nettali.com\/2025\/09\/06\/psg-chute-a-velo-luis-enrique-souffre-dune-fracture-de-la-clavicule\/#primaryimage\"},\"datePublished\":\"2025-09-06T10:23:11+00:00\",\"dateModified\":\"2025-09-06T08:23:26+00:00\",\"author\":{\"@id\":\"https:\/\/www.nettali.com\/#\/schema\/person\/bb147657c2986240405a608162b9bb23\"},\"breadcrumb\":{\"@id\":\"https:\/\/www.nettali.com\/2025\/09\/06\/psg-chute-a-velo-luis-enrique-souffre-dune-fracture-de-la-clavicule\/#breadcrumb\"},\"inLanguage\":\"fr-FR\",\"potentialAction\":[{\"@type\":\"ReadAction\",\"target\":[\"https:\/\/www.nettali.com\/2025\/09\/06\/psg-chute-a-velo-luis-enrique-souffre-dune-fracture-de-la-clavicule\/\"]}]},{\"@type\":\"BreadcrumbList\",\"@id\":\"https:\/\/www.nettali.com\/2025\/09\/06\/psg-chute-a-velo-luis-enrique-souffre-dune-fracture-de-la-clavicule\/#breadcrumb\",\"itemListElement\":[{\"@type\":\"ListItem\",\"position\":1,\"name\":\"Accueil\",\"item\":\"https:\/\/www.nettali.com\/\"},{\"@type\":\"ListItem\",\"position\":2,\"name\":\"PSG - Chute \\u00e0 v\\u00e9lo, Luis Enrique souffre d\\u2019une fracture de la clavicule\"}]},{\"@type\":\"Person\",\"@id\":\"https:\/\/www.nettali.com\/#\/schema\/person\/bb147657c2986240405a608162b9bb23\",\"name\":\"Ibrahima\",\"image\":{\"@type\":\"ImageObject\",\"@id\":\"https:\/\/www.nettali.com\/#personlogo\",\"inLanguage\":\"fr-FR\",\"url\":\"https:\/\/secure.gravatar.com\/avatar\/26a8a81f09f0dd7624c9d5c36c9ba3a2?s=96&d=mm&r=g\",\"contentUrl\":\"https:\/\/secure.gravatar.com\/avatar\/26a8a81f09f0dd7624c9d5c36c9ba3a2?s=96&d=mm&r=g\",\"caption\":\"Ibrahima\"},\"sameAs\":[\"https:\/\/www.nettali.com\"]}]}<\/script>\n<!-- \/ Yoast SEO Premium plugin. -->","yoast_head_json":{"title":"PSG - Chute \u00e0 v\u00e9lo, Luis Enrique souffre d\u2019une fracture de la clavicule | Nettali.com","robots":{"index":"index","follow":"follow","max-snippet":"max-snippet:-1","max-image-preview":"max-image-preview:large","max-video-preview":"max-video-preview:-1"},"canonical":"https:\/\/www.nettali.com\/2025\/09\/06\/psg-chute-a-velo-luis-enrique-souffre-dune-fracture-de-la-clavicule\/","og_locale":"fr_FR","og_type":"article","og_title":"PSG - Chute \u00e0 v\u00e9lo, Luis Enrique souffre d\u2019une fracture de la clavicule","og_description":"NETTALI.COM - L\u2019entra\u00eeneur du Paris Saint-Germain a lourdement chut\u00e9 \u00e0 v\u00e9lo ce vendredi 5 septembre. Luis Enrique va ainsi subir une op\u00e9ration apr\u00e8s s\u2019\u00eatre fractur\u00e9 la clavicule. Un \u00e9l\u00e9ment de plus \u00e0 l\u2019infirmerie. Le Paris Saint-Germain a annonc\u00e9 une mauvaise nouvelle ce vendredi soir : son entra\u00eeneur Luis Enrique s\u2019est fractur\u00e9 la clavicule apr\u00e8s une [&hellip;]","og_url":"https:\/\/www.nettali.com\/2025\/09\/06\/psg-chute-a-velo-luis-enrique-souffre-dune-fracture-de-la-clavicule\/","og_site_name":"Nettali.com","article_publisher":"https:\/\/www.facebook.com\/nettalicom","article_published_time":"2025-09-06T10:23:11+00:00","article_modified_time":"2025-09-06T08:23:26+00:00","og_image":[{"width":686,"height":386,"url":"https:\/\/www.nettali.com\/wp-content\/uploads\/2025\/09\/hq720.jpg","type":"image\/jpeg"}],"twitter_card":"summary_large_image","twitter_misc":{"\u00c9crit par":"Ibrahima","Dur\u00e9e de lecture estim\u00e9e":"1 minute"},"schema":{"@context":"https:\/\/schema.org","@graph":[{"@type":"WebSite","@id":"https:\/\/www.nettali.com\/#website","url":"https:\/\/www.nettali.com\/","name":"Nettali.com","description":"Le rendez-vous critique du Net","potentialAction":[{"@type":"SearchAction","target":{"@type":"EntryPoint","urlTemplate":"https:\/\/www.nettali.com\/?s={search_term_string}"},"query-input":"required name=search_term_string"}],"inLanguage":"fr-FR"},{"@type":"ImageObject","@id":"https:\/\/www.nettali.com\/2025\/09\/06\/psg-chute-a-velo-luis-enrique-souffre-dune-fracture-de-la-clavicule\/#primaryimage","inLanguage":"fr-FR","url":"https:\/\/www.nettali.com\/wp-content\/uploads\/2025\/09\/hq720.jpg","contentUrl":"https:\/\/www.nettali.com\/wp-content\/uploads\/2025\/09\/hq720.jpg","width":686,"height":386},{"@type":"WebPage","@id":"https:\/\/www.nettali.com\/2025\/09\/06\/psg-chute-a-velo-luis-enrique-souffre-dune-fracture-de-la-clavicule\/#webpage","url":"https:\/\/www.nettali.com\/2025\/09\/06\/psg-chute-a-velo-luis-enrique-souffre-dune-fracture-de-la-clavicule\/","name":"PSG - Chute \u00e0 v\u00e9lo, Luis Enrique souffre d\u2019une fracture de la clavicule | Nettali.com","isPartOf":{"@id":"https:\/\/www.nettali.com\/#website"},"primaryImageOfPage":{"@id":"https:\/\/www.nettali.com\/2025\/09\/06\/psg-chute-a-velo-luis-enrique-souffre-dune-fracture-de-la-clavicule\/#primaryimage"},"datePublished":"2025-09-06T10:23:11+00:00","dateModified":"2025-09-06T08:23:26+00:00","author":{"@id":"https:\/\/www.nettali.com\/#\/schema\/person\/bb147657c2986240405a608162b9bb23"},"breadcrumb":{"@id":"https:\/\/www.nettali.com\/2025\/09\/06\/psg-chute-a-velo-luis-enrique-souffre-dune-fracture-de-la-clavicule\/#breadcrumb"},"inLanguage":"fr-FR","potentialAction":[{"@type":"ReadAction","target":["https:\/\/www.nettali.com\/2025\/09\/06\/psg-chute-a-velo-luis-enrique-souffre-dune-fracture-de-la-clavicule\/"]}]},{"@type":"BreadcrumbList","@id":"https:\/\/www.nettali.com\/2025\/09\/06\/psg-chute-a-velo-luis-enrique-souffre-dune-fracture-de-la-clavicule\/#breadcrumb","itemListElement":[{"@type":"ListItem","position":1,"name":"Accueil","item":"https:\/\/www.nettali.com\/"},{"@type":"ListItem","position":2,"name":"PSG - Chute \u00e0 v\u00e9lo, Luis Enrique souffre d\u2019une fracture de la clavicule"}]},{"@type":"Person","@id":"https:\/\/www.nettali.com\/#\/schema\/person\/bb147657c2986240405a608162b9bb23","name":"Ibrahima","image":{"@type":"ImageObject","@id":"https:\/\/www.nettali.com\/#personlogo","inLanguage":"fr-FR","url":"https:\/\/secure.gravatar.com\/avatar\/26a8a81f09f0dd7624c9d5c36c9ba3a2?s=96&d=mm&r=g","contentUrl":"https:\/\/secure.gravatar.com\/avatar\/26a8a81f09f0dd7624c9d5c36c9ba3a2?s=96&d=mm&r=g","caption":"Ibrahima"},"sameAs":["https:\/\/www.nettali.com"]}]}},"_links":{"self":[{"href":"https:\/\/www.nettali.com\/rest\/wp\/v2\/posts\/160745"}],"collection":[{"href":"https:\/\/www.nettali.com\/rest\/wp\/v2\/posts"}],"about":[{"href":"https:\/\/www.nettali.com\/rest\/wp\/v2\/types\/post"}],"author":[{"embeddable":true,"href":"https:\/\/www.nettali.com\/rest\/wp\/v2\/users\/5"}],"replies":[{"embeddable":true,"href":"https:\/\/www.nettali.com\/rest\/wp\/v2\/comments?post=160745"}],"version-history":[{"count":1,"href":"https:\/\/www.nettali.com\/rest\/wp\/v2\/posts\/160745\/revisions"}],"predecessor-version":[{"id":160746,"href":"https:\/\/www.nettali.com\/rest\/wp\/v2\/posts\/160745\/revisions\/160746"}],"wp:featuredmedia":[{"embeddable":true,"href":"https:\/\/www.nettali.com\/rest\/wp\/v2\/media\/160741"}],"wp:attachment":[{"href":"https:\/\/www.nettali.com\/rest\/wp\/v2\/media?parent=160745"}],"wp:term":[{"taxonomy":"category","embeddable":true,"href":"https:\/\/www.nettali.com\/rest\/wp\/v2\/categories?post=160745"},{"taxonomy":"post_tag","embeddable":true,"href":"https:\/\/www.nettali.com\/rest\/wp\/v2\/tags?post=160745"}],"curies":[{"name":"wp","href":"https:\/\/api.w.org\/{rel}","templated":true}]}}