{"id":160743,"date":"2025-09-06T08:23:53","date_gmt":"2025-09-06T08:23:53","guid":{"rendered":"https:\/\/www.nettali.com\/?p=160743"},"modified":"2025-09-06T21:48:45","modified_gmt":"2025-09-06T21:48:45","slug":"koulibaly-on-ira-en-rdc-avec-envie-et-courage","status":"publish","type":"post","link":"https:\/\/www.nettali.com\/2025\/09\/06\/koulibaly-on-ira-en-rdc-avec-envie-et-courage\/","title":{"rendered":"KALIDOU KOULIBALY : \"On ira en RDC avec envie et courage\""},"content":{"rendered":"<p><strong>NETTALI.COM - Apr\u00e8s la victoire du S\u00e9n\u00e9gal contre le Soudan (2-0) \u00e0 Diamniadio, Kalidou Koulibaly a livr\u00e9 une r\u00e9action riche et pleine de confiance avant le choc au sommet contre la RD Congo \u00e0 Kinshasa. Pour le capitaine des Lions, cette victoire \u00e9tait essentielle, m\u00eame si des points restent \u00e0 am\u00e9liorer.<\/strong><\/p>\n<p>\"<em>C\u2019est une victoire tr\u00e8s importante. On savait que \u00e7a allait \u00eatre difficile, surtout apr\u00e8s la victoire de la RD Congo sur le Sud Soudan (4-1). Maintenant, on est soulag\u00e9 d\u2019avoir pris les trois points. Bien s\u00fbr, il y a des choses \u00e0 corriger, et nous allons pr\u00e9parer le prochain match qui est tr\u00e8s important<\/em>\", a expliqu\u00e9 capitaine des Lions.<\/p>\n<p>Koulibaly est revenu sur son but et la tactique mise en place : \"<em>Je crois que je ne vais pas attendre 10 ans pour marquer un autre but<\/em> ! \" (ndlr : il compte 2 buts en s\u00e9lection). \"<em>Le plus important, c\u2019\u00e9tait la victoire. On a d\u00e9bloqu\u00e9 le score sur coup de pied arr\u00eat\u00e9 gr\u00e2ce \u00e0 une bonne tactique. Dommage qu\u2019on n\u2019ait pas pu marquer ce troisi\u00e8me but qui pouvait nous mettre \u00e0 l\u2019abri<\/em>\", a-t-il ajout\u00e9.<\/p>\n<p>Le capitaine s\u00e9n\u00e9galais se projette d\u00e9j\u00e0 sur le match de Kinshasa. \"<em>J\u2019entrevois le match contre la RDC comme une premi\u00e8re finale. Pour moi, il reste trois finales \u00e0 jouer, car battre la RDC sans gagner les deux derniers matchs ne servirait \u00e0 rien. On va essayer de gagner cette premi\u00e8re finale, mardi. On ira l\u00e0-bas avec nos armes et pour faire plaisir aux S\u00e9n\u00e9galais. On sait que ce sera difficile sur une terre hostile, et que les gens seront contre nous. Mais nous n\u2019avons pas peur, on y va avec envie et courage. Tout se jouera sur des d\u00e9tails, et il faudra faire moins d\u2019erreurs<\/em>\", a conclu le ministre de la d\u00e9fense.<\/p>\n<div class='share-to-whatsapp-wrapper'><div class='share-on-whsp'>PARTAGER SUR : <\/div><a data-text='KALIDOU KOULIBALY : \"On ira en RDC avec envie et courage\"' data-link='https:\/\/www.nettali.com\/2025\/09\/06\/koulibaly-on-ira-en-rdc-avec-envie-et-courage\/' class='whatsapp-button whatsapp-share'>WhatsApp<\/a><div class='clear '><\/div><\/div>","protected":false},"excerpt":{"rendered":"<p>NETTALI.COM - Apr\u00e8s la victoire du S\u00e9n\u00e9gal contre le Soudan (2-0) \u00e0 Diamniadio, Kalidou Koulibaly a livr\u00e9 une r\u00e9action riche et pleine de confiance avant le choc au sommet contre la RD Congo \u00e0 Kinshasa. Pour le capitaine des Lions, cette victoire \u00e9tait essentielle, m\u00eame si des points restent \u00e0 am\u00e9liorer. \"C\u2019est une victoire tr\u00e8s [&hellip;]<\/p>\n","protected":false},"author":5,"featured_media":160740,"comment_status":"open","ping_status":"open","sticky":false,"template":"","format":"standard","meta":{"_et_pb_use_builder":"","_et_pb_old_content":""},"categories":[6],"tags":[],"yoast_head":"<!-- This site is optimized with the Yoast SEO Premium plugin v17.8 (Yoast SEO v17.8) - https:\/\/yoast.com\/wordpress\/plugins\/seo\/ -->\n<title>KALIDOU KOULIBALY : &quot;On ira en RDC avec envie et courage&quot; | Nettali.com<\/title>\n<meta name=\"robots\" content=\"index, follow, max-snippet:-1, max-image-preview:large, max-video-preview:-1\" \/>\n<link rel=\"canonical\" href=\"https:\/\/www.nettali.com\/2025\/09\/06\/koulibaly-on-ira-en-rdc-avec-envie-et-courage\/\" \/>\n<meta property=\"og:locale\" content=\"fr_FR\" \/>\n<meta property=\"og:type\" content=\"article\" \/>\n<meta property=\"og:title\" content=\"KALIDOU KOULIBALY : &quot;On ira en RDC avec envie et courage&quot;\" \/>\n<meta property=\"og:description\" content=\"NETTALI.COM - Apr\u00e8s la victoire du S\u00e9n\u00e9gal contre le Soudan (2-0) \u00e0 Diamniadio, Kalidou Koulibaly a livr\u00e9 une r\u00e9action riche et pleine de confiance avant le choc au sommet contre la RD Congo \u00e0 Kinshasa. Pour le capitaine des Lions, cette victoire \u00e9tait essentielle, m\u00eame si des points restent \u00e0 am\u00e9liorer. &quot;C\u2019est une victoire tr\u00e8s [&hellip;]\" \/>\n<meta property=\"og:url\" content=\"https:\/\/www.nettali.com\/2025\/09\/06\/koulibaly-on-ira-en-rdc-avec-envie-et-courage\/\" \/>\n<meta property=\"og:site_name\" content=\"Nettali.com\" \/>\n<meta property=\"article:publisher\" content=\"https:\/\/www.facebook.com\/nettalicom\" \/>\n<meta property=\"article:published_time\" content=\"2025-09-06T08:23:53+00:00\" \/>\n<meta property=\"article:modified_time\" content=\"2025-09-06T21:48:45+00:00\" \/>\n<meta property=\"og:image\" content=\"https:\/\/www.nettali.com\/wp-content\/uploads\/2025\/09\/Screenshot_20250906_064918_Samsung-Internet.jpg\" \/>\n\t<meta property=\"og:image:width\" content=\"1080\" \/>\n\t<meta property=\"og:image:height\" content=\"641\" \/>\n<meta name=\"twitter:card\" content=\"summary_large_image\" \/>\n<meta name=\"twitter:label1\" content=\"\u00c9crit par\" \/>\n\t<meta name=\"twitter:data1\" content=\"Ibrahima\" \/>\n\t<meta name=\"twitter:label2\" content=\"Dur\u00e9e de lecture estim\u00e9e\" \/>\n\t<meta name=\"twitter:data2\" content=\"2 minutes\" \/>\n<script type=\"application\/ld+json\" class=\"yoast-schema-graph\">{\"@context\":\"https:\/\/schema.org\",\"@graph\":[{\"@type\":\"WebSite\",\"@id\":\"https:\/\/www.nettali.com\/#website\",\"url\":\"https:\/\/www.nettali.com\/\",\"name\":\"Nettali.com\",\"description\":\"Le rendez-vous critique du Net\",\"potentialAction\":[{\"@type\":\"SearchAction\",\"target\":{\"@type\":\"EntryPoint\",\"urlTemplate\":\"https:\/\/www.nettali.com\/?s={search_term_string}\"},\"query-input\":\"required name=search_term_string\"}],\"inLanguage\":\"fr-FR\"},{\"@type\":\"ImageObject\",\"@id\":\"https:\/\/www.nettali.com\/2025\/09\/06\/koulibaly-on-ira-en-rdc-avec-envie-et-courage\/#primaryimage\",\"inLanguage\":\"fr-FR\",\"url\":\"https:\/\/www.nettali.com\/wp-content\/uploads\/2025\/09\/Screenshot_20250906_064918_Samsung-Internet.jpg\",\"contentUrl\":\"https:\/\/www.nettali.com\/wp-content\/uploads\/2025\/09\/Screenshot_20250906_064918_Samsung-Internet.jpg\",\"width\":1080,\"height\":641},{\"@type\":\"WebPage\",\"@id\":\"https:\/\/www.nettali.com\/2025\/09\/06\/koulibaly-on-ira-en-rdc-avec-envie-et-courage\/#webpage\",\"url\":\"https:\/\/www.nettali.com\/2025\/09\/06\/koulibaly-on-ira-en-rdc-avec-envie-et-courage\/\",\"name\":\"KALIDOU KOULIBALY : \\\"On ira en RDC avec envie et courage\\\" | Nettali.com\",\"isPartOf\":{\"@id\":\"https:\/\/www.nettali.com\/#website\"},\"primaryImageOfPage\":{\"@id\":\"https:\/\/www.nettali.com\/2025\/09\/06\/koulibaly-on-ira-en-rdc-avec-envie-et-courage\/#primaryimage\"},\"datePublished\":\"2025-09-06T08:23:53+00:00\",\"dateModified\":\"2025-09-06T21:48:45+00:00\",\"author\":{\"@id\":\"https:\/\/www.nettali.com\/#\/schema\/person\/bb147657c2986240405a608162b9bb23\"},\"breadcrumb\":{\"@id\":\"https:\/\/www.nettali.com\/2025\/09\/06\/koulibaly-on-ira-en-rdc-avec-envie-et-courage\/#breadcrumb\"},\"inLanguage\":\"fr-FR\",\"potentialAction\":[{\"@type\":\"ReadAction\",\"target\":[\"https:\/\/www.nettali.com\/2025\/09\/06\/koulibaly-on-ira-en-rdc-avec-envie-et-courage\/\"]}]},{\"@type\":\"BreadcrumbList\",\"@id\":\"https:\/\/www.nettali.com\/2025\/09\/06\/koulibaly-on-ira-en-rdc-avec-envie-et-courage\/#breadcrumb\",\"itemListElement\":[{\"@type\":\"ListItem\",\"position\":1,\"name\":\"Accueil\",\"item\":\"https:\/\/www.nettali.com\/\"},{\"@type\":\"ListItem\",\"position\":2,\"name\":\"KALIDOU KOULIBALY : \\\"On ira en RDC avec envie et courage\\\"\"}]},{\"@type\":\"Person\",\"@id\":\"https:\/\/www.nettali.com\/#\/schema\/person\/bb147657c2986240405a608162b9bb23\",\"name\":\"Ibrahima\",\"image\":{\"@type\":\"ImageObject\",\"@id\":\"https:\/\/www.nettali.com\/#personlogo\",\"inLanguage\":\"fr-FR\",\"url\":\"https:\/\/secure.gravatar.com\/avatar\/26a8a81f09f0dd7624c9d5c36c9ba3a2?s=96&d=mm&r=g\",\"contentUrl\":\"https:\/\/secure.gravatar.com\/avatar\/26a8a81f09f0dd7624c9d5c36c9ba3a2?s=96&d=mm&r=g\",\"caption\":\"Ibrahima\"},\"sameAs\":[\"https:\/\/www.nettali.com\"]}]}<\/script>\n<!-- \/ Yoast SEO Premium plugin. -->","yoast_head_json":{"title":"KALIDOU KOULIBALY : \"On ira en RDC avec envie et courage\" | Nettali.com","robots":{"index":"index","follow":"follow","max-snippet":"max-snippet:-1","max-image-preview":"max-image-preview:large","max-video-preview":"max-video-preview:-1"},"canonical":"https:\/\/www.nettali.com\/2025\/09\/06\/koulibaly-on-ira-en-rdc-avec-envie-et-courage\/","og_locale":"fr_FR","og_type":"article","og_title":"KALIDOU KOULIBALY : \"On ira en RDC avec envie et courage\"","og_description":"NETTALI.COM - Apr\u00e8s la victoire du S\u00e9n\u00e9gal contre le Soudan (2-0) \u00e0 Diamniadio, Kalidou Koulibaly a livr\u00e9 une r\u00e9action riche et pleine de confiance avant le choc au sommet contre la RD Congo \u00e0 Kinshasa. Pour le capitaine des Lions, cette victoire \u00e9tait essentielle, m\u00eame si des points restent \u00e0 am\u00e9liorer. \"C\u2019est une victoire tr\u00e8s [&hellip;]","og_url":"https:\/\/www.nettali.com\/2025\/09\/06\/koulibaly-on-ira-en-rdc-avec-envie-et-courage\/","og_site_name":"Nettali.com","article_publisher":"https:\/\/www.facebook.com\/nettalicom","article_published_time":"2025-09-06T08:23:53+00:00","article_modified_time":"2025-09-06T21:48:45+00:00","og_image":[{"width":1080,"height":641,"url":"https:\/\/www.nettali.com\/wp-content\/uploads\/2025\/09\/Screenshot_20250906_064918_Samsung-Internet.jpg","type":"image\/jpeg"}],"twitter_card":"summary_large_image","twitter_misc":{"\u00c9crit par":"Ibrahima","Dur\u00e9e de lecture estim\u00e9e":"2 minutes"},"schema":{"@context":"https:\/\/schema.org","@graph":[{"@type":"WebSite","@id":"https:\/\/www.nettali.com\/#website","url":"https:\/\/www.nettali.com\/","name":"Nettali.com","description":"Le rendez-vous critique du Net","potentialAction":[{"@type":"SearchAction","target":{"@type":"EntryPoint","urlTemplate":"https:\/\/www.nettali.com\/?s={search_term_string}"},"query-input":"required name=search_term_string"}],"inLanguage":"fr-FR"},{"@type":"ImageObject","@id":"https:\/\/www.nettali.com\/2025\/09\/06\/koulibaly-on-ira-en-rdc-avec-envie-et-courage\/#primaryimage","inLanguage":"fr-FR","url":"https:\/\/www.nettali.com\/wp-content\/uploads\/2025\/09\/Screenshot_20250906_064918_Samsung-Internet.jpg","contentUrl":"https:\/\/www.nettali.com\/wp-content\/uploads\/2025\/09\/Screenshot_20250906_064918_Samsung-Internet.jpg","width":1080,"height":641},{"@type":"WebPage","@id":"https:\/\/www.nettali.com\/2025\/09\/06\/koulibaly-on-ira-en-rdc-avec-envie-et-courage\/#webpage","url":"https:\/\/www.nettali.com\/2025\/09\/06\/koulibaly-on-ira-en-rdc-avec-envie-et-courage\/","name":"KALIDOU KOULIBALY : \"On ira en RDC avec envie et courage\" | Nettali.com","isPartOf":{"@id":"https:\/\/www.nettali.com\/#website"},"primaryImageOfPage":{"@id":"https:\/\/www.nettali.com\/2025\/09\/06\/koulibaly-on-ira-en-rdc-avec-envie-et-courage\/#primaryimage"},"datePublished":"2025-09-06T08:23:53+00:00","dateModified":"2025-09-06T21:48:45+00:00","author":{"@id":"https:\/\/www.nettali.com\/#\/schema\/person\/bb147657c2986240405a608162b9bb23"},"breadcrumb":{"@id":"https:\/\/www.nettali.com\/2025\/09\/06\/koulibaly-on-ira-en-rdc-avec-envie-et-courage\/#breadcrumb"},"inLanguage":"fr-FR","potentialAction":[{"@type":"ReadAction","target":["https:\/\/www.nettali.com\/2025\/09\/06\/koulibaly-on-ira-en-rdc-avec-envie-et-courage\/"]}]},{"@type":"BreadcrumbList","@id":"https:\/\/www.nettali.com\/2025\/09\/06\/koulibaly-on-ira-en-rdc-avec-envie-et-courage\/#breadcrumb","itemListElement":[{"@type":"ListItem","position":1,"name":"Accueil","item":"https:\/\/www.nettali.com\/"},{"@type":"ListItem","position":2,"name":"KALIDOU KOULIBALY : \"On ira en RDC avec envie et courage\""}]},{"@type":"Person","@id":"https:\/\/www.nettali.com\/#\/schema\/person\/bb147657c2986240405a608162b9bb23","name":"Ibrahima","image":{"@type":"ImageObject","@id":"https:\/\/www.nettali.com\/#personlogo","inLanguage":"fr-FR","url":"https:\/\/secure.gravatar.com\/avatar\/26a8a81f09f0dd7624c9d5c36c9ba3a2?s=96&d=mm&r=g","contentUrl":"https:\/\/secure.gravatar.com\/avatar\/26a8a81f09f0dd7624c9d5c36c9ba3a2?s=96&d=mm&r=g","caption":"Ibrahima"},"sameAs":["https:\/\/www.nettali.com"]}]}},"_links":{"self":[{"href":"https:\/\/www.nettali.com\/rest\/wp\/v2\/posts\/160743"}],"collection":[{"href":"https:\/\/www.nettali.com\/rest\/wp\/v2\/posts"}],"about":[{"href":"https:\/\/www.nettali.com\/rest\/wp\/v2\/types\/post"}],"author":[{"embeddable":true,"href":"https:\/\/www.nettali.com\/rest\/wp\/v2\/users\/5"}],"replies":[{"embeddable":true,"href":"https:\/\/www.nettali.com\/rest\/wp\/v2\/comments?post=160743"}],"version-history":[{"count":2,"href":"https:\/\/www.nettali.com\/rest\/wp\/v2\/posts\/160743\/revisions"}],"predecessor-version":[{"id":160781,"href":"https:\/\/www.nettali.com\/rest\/wp\/v2\/posts\/160743\/revisions\/160781"}],"wp:featuredmedia":[{"embeddable":true,"href":"https:\/\/www.nettali.com\/rest\/wp\/v2\/media\/160740"}],"wp:attachment":[{"href":"https:\/\/www.nettali.com\/rest\/wp\/v2\/media?parent=160743"}],"wp:term":[{"taxonomy":"category","embeddable":true,"href":"https:\/\/www.nettali.com\/rest\/wp\/v2\/categories?post=160743"},{"taxonomy":"post_tag","embeddable":true,"href":"https:\/\/www.nettali.com\/rest\/wp\/v2\/tags?post=160743"}],"curies":[{"name":"wp","href":"https:\/\/api.w.org\/{rel}","templated":true}]}}