{"id":160731,"date":"2025-09-05T23:49:33","date_gmt":"2025-09-05T23:49:33","guid":{"rendered":"https:\/\/www.nettali.com\/?p=160731"},"modified":"2025-09-05T23:49:33","modified_gmt":"2025-09-05T23:49:33","slug":"mondial-2026-maroc-premier-pays-africain-qualifie","status":"publish","type":"post","link":"https:\/\/www.nettali.com\/2025\/09\/05\/mondial-2026-maroc-premier-pays-africain-qualifie\/","title":{"rendered":"MONDIAL 2026 - Maroc, premier pays africain qualifi\u00e9"},"content":{"rendered":"<p><strong>NETTALI.COM - Les Lions de l\u2019Atlas se sont qualifi\u00e9s pour la Coupe du monde 2026 aux \u00c9tats-Unis, au Mexique et au Canada apr\u00e8s leur large victoire 5-0 contre le Niger, ce vendredi \u00e0 Rabat. Le Maroc devient ainsi la premi\u00e8re s\u00e9lection africaine \u00e0 valider son billet pour la comp\u00e9tition.<\/strong><\/p>\n<p>Le milieu de terrain du PSV Ismael Saibari, auteur d'un doubl\u00e9 (29e et 38e), l'attaquant Ayoub El Kaabi (50e), l'avant-centre Hamza Igamane (68e) et le milieu Azzedine Ounahi (84e) ont offert aux Lions de l'Atlas, en t\u00eate du groupe E, la qualification pour leur troisi\u00e8me Coupe du monde cons\u00e9cutive. La rencontre s'est jou\u00e9e dans une ambiance de f\u00eate, marqu\u00e9e par l'inauguration officielle du Complexe Moulay Abdellah de Rabat, enti\u00e8rement r\u00e9nov\u00e9 et d\u00e9sormais dot\u00e9 d'une capacit\u00e9 totale de 68.700 places.<\/p>\n<p>Le Maroc a particip\u00e9 \u00e0 la Coupe du monde \u00e0 six reprises: en 1970, 1986, 1994, 1998, 2018 et 2022. Premier pays africain \u00e0 franchir le premier tour en 1986 au Mexique, il a marqu\u00e9 l'histoire en atteignant les demi-finales au Qatar en 2022, devenant la premi\u00e8re s\u00e9lection africaine \u00e0 atteindre ce stade de la comp\u00e9tition.<\/p>\n<p>Le Maroc affrontera la Zambie, lundi, lors de la derni\u00e8re journ\u00e9e des qualifications, avant de tourner toute son attention vers la Coupe d'Afrique des nations (CAN), qu'il organisera du 21 d\u00e9cembre 2025 au 18 janvier 2026.<\/p>\n<p>Les Lions de l'Atlas tenteront d'y d\u00e9crocher un deuxi\u00e8me titre, 50 ans apr\u00e8s leur unique sacre continental. Cette qualification intervient \u00e0 cinq ans du Mondial 2030, que le Maroc co-organisera avec l'Espagne et le Portugal<\/p>\n<div class='share-to-whatsapp-wrapper'><div class='share-on-whsp'>PARTAGER SUR : <\/div><a data-text='MONDIAL 2026 - Maroc, premier pays africain qualifi\u00e9' data-link='https:\/\/www.nettali.com\/2025\/09\/05\/mondial-2026-maroc-premier-pays-africain-qualifie\/' class='whatsapp-button whatsapp-share'>WhatsApp<\/a><div class='clear '><\/div><\/div>","protected":false},"excerpt":{"rendered":"<p>NETTALI.COM - Les Lions de l\u2019Atlas se sont qualifi\u00e9s pour la Coupe du monde 2026 aux \u00c9tats-Unis, au Mexique et au Canada apr\u00e8s leur large victoire 5-0 contre le Niger, ce vendredi \u00e0 Rabat. Le Maroc devient ainsi la premi\u00e8re s\u00e9lection africaine \u00e0 valider son billet pour la comp\u00e9tition. Le milieu de terrain du PSV [&hellip;]<\/p>\n","protected":false},"author":5,"featured_media":160732,"comment_status":"open","ping_status":"open","sticky":false,"template":"","format":"standard","meta":{"_et_pb_use_builder":"","_et_pb_old_content":""},"categories":[6],"tags":[],"yoast_head":"<!-- This site is optimized with the Yoast SEO Premium plugin v17.8 (Yoast SEO v17.8) - https:\/\/yoast.com\/wordpress\/plugins\/seo\/ -->\n<title>MONDIAL 2026 - Maroc, premier pays africain qualifi\u00e9 | Nettali.com<\/title>\n<meta name=\"robots\" content=\"index, follow, max-snippet:-1, max-image-preview:large, max-video-preview:-1\" \/>\n<link rel=\"canonical\" href=\"https:\/\/www.nettali.com\/2025\/09\/05\/mondial-2026-maroc-premier-pays-africain-qualifie\/\" \/>\n<meta property=\"og:locale\" content=\"fr_FR\" \/>\n<meta property=\"og:type\" content=\"article\" \/>\n<meta property=\"og:title\" content=\"MONDIAL 2026 - Maroc, premier pays africain qualifi\u00e9\" \/>\n<meta property=\"og:description\" content=\"NETTALI.COM - Les Lions de l\u2019Atlas se sont qualifi\u00e9s pour la Coupe du monde 2026 aux \u00c9tats-Unis, au Mexique et au Canada apr\u00e8s leur large victoire 5-0 contre le Niger, ce vendredi \u00e0 Rabat. Le Maroc devient ainsi la premi\u00e8re s\u00e9lection africaine \u00e0 valider son billet pour la comp\u00e9tition. Le milieu de terrain du PSV [&hellip;]\" \/>\n<meta property=\"og:url\" content=\"https:\/\/www.nettali.com\/2025\/09\/05\/mondial-2026-maroc-premier-pays-africain-qualifie\/\" \/>\n<meta property=\"og:site_name\" content=\"Nettali.com\" \/>\n<meta property=\"article:publisher\" content=\"https:\/\/www.facebook.com\/nettalicom\" \/>\n<meta property=\"article:published_time\" content=\"2025-09-05T23:49:33+00:00\" \/>\n<meta property=\"og:image\" content=\"https:\/\/www.nettali.com\/wp-content\/uploads\/2025\/09\/image-81693064-d60b-46f2-8030-01d073b9af2f-85-2560-1440.jpeg\" \/>\n\t<meta property=\"og:image:width\" content=\"1200\" \/>\n\t<meta property=\"og:image:height\" content=\"675\" \/>\n<meta name=\"twitter:card\" content=\"summary_large_image\" \/>\n<meta name=\"twitter:label1\" content=\"\u00c9crit par\" \/>\n\t<meta name=\"twitter:data1\" content=\"Ibrahima\" \/>\n\t<meta name=\"twitter:label2\" content=\"Dur\u00e9e de lecture estim\u00e9e\" \/>\n\t<meta name=\"twitter:data2\" content=\"2 minutes\" \/>\n<script type=\"application\/ld+json\" class=\"yoast-schema-graph\">{\"@context\":\"https:\/\/schema.org\",\"@graph\":[{\"@type\":\"WebSite\",\"@id\":\"https:\/\/www.nettali.com\/#website\",\"url\":\"https:\/\/www.nettali.com\/\",\"name\":\"Nettali.com\",\"description\":\"Le rendez-vous critique du Net\",\"potentialAction\":[{\"@type\":\"SearchAction\",\"target\":{\"@type\":\"EntryPoint\",\"urlTemplate\":\"https:\/\/www.nettali.com\/?s={search_term_string}\"},\"query-input\":\"required name=search_term_string\"}],\"inLanguage\":\"fr-FR\"},{\"@type\":\"ImageObject\",\"@id\":\"https:\/\/www.nettali.com\/2025\/09\/05\/mondial-2026-maroc-premier-pays-africain-qualifie\/#primaryimage\",\"inLanguage\":\"fr-FR\",\"url\":\"https:\/\/www.nettali.com\/wp-content\/uploads\/2025\/09\/image-81693064-d60b-46f2-8030-01d073b9af2f-85-2560-1440.jpeg\",\"contentUrl\":\"https:\/\/www.nettali.com\/wp-content\/uploads\/2025\/09\/image-81693064-d60b-46f2-8030-01d073b9af2f-85-2560-1440.jpeg\",\"width\":1200,\"height\":675},{\"@type\":\"WebPage\",\"@id\":\"https:\/\/www.nettali.com\/2025\/09\/05\/mondial-2026-maroc-premier-pays-africain-qualifie\/#webpage\",\"url\":\"https:\/\/www.nettali.com\/2025\/09\/05\/mondial-2026-maroc-premier-pays-africain-qualifie\/\",\"name\":\"MONDIAL 2026 - Maroc, premier pays africain qualifi\\u00e9 | Nettali.com\",\"isPartOf\":{\"@id\":\"https:\/\/www.nettali.com\/#website\"},\"primaryImageOfPage\":{\"@id\":\"https:\/\/www.nettali.com\/2025\/09\/05\/mondial-2026-maroc-premier-pays-africain-qualifie\/#primaryimage\"},\"datePublished\":\"2025-09-05T23:49:33+00:00\",\"dateModified\":\"2025-09-05T23:49:33+00:00\",\"author\":{\"@id\":\"https:\/\/www.nettali.com\/#\/schema\/person\/bb147657c2986240405a608162b9bb23\"},\"breadcrumb\":{\"@id\":\"https:\/\/www.nettali.com\/2025\/09\/05\/mondial-2026-maroc-premier-pays-africain-qualifie\/#breadcrumb\"},\"inLanguage\":\"fr-FR\",\"potentialAction\":[{\"@type\":\"ReadAction\",\"target\":[\"https:\/\/www.nettali.com\/2025\/09\/05\/mondial-2026-maroc-premier-pays-africain-qualifie\/\"]}]},{\"@type\":\"BreadcrumbList\",\"@id\":\"https:\/\/www.nettali.com\/2025\/09\/05\/mondial-2026-maroc-premier-pays-africain-qualifie\/#breadcrumb\",\"itemListElement\":[{\"@type\":\"ListItem\",\"position\":1,\"name\":\"Accueil\",\"item\":\"https:\/\/www.nettali.com\/\"},{\"@type\":\"ListItem\",\"position\":2,\"name\":\"MONDIAL 2026 - Maroc, premier pays africain qualifi\\u00e9\"}]},{\"@type\":\"Person\",\"@id\":\"https:\/\/www.nettali.com\/#\/schema\/person\/bb147657c2986240405a608162b9bb23\",\"name\":\"Ibrahima\",\"image\":{\"@type\":\"ImageObject\",\"@id\":\"https:\/\/www.nettali.com\/#personlogo\",\"inLanguage\":\"fr-FR\",\"url\":\"https:\/\/secure.gravatar.com\/avatar\/26a8a81f09f0dd7624c9d5c36c9ba3a2?s=96&d=mm&r=g\",\"contentUrl\":\"https:\/\/secure.gravatar.com\/avatar\/26a8a81f09f0dd7624c9d5c36c9ba3a2?s=96&d=mm&r=g\",\"caption\":\"Ibrahima\"},\"sameAs\":[\"https:\/\/www.nettali.com\"]}]}<\/script>\n<!-- \/ Yoast SEO Premium plugin. -->","yoast_head_json":{"title":"MONDIAL 2026 - Maroc, premier pays africain qualifi\u00e9 | Nettali.com","robots":{"index":"index","follow":"follow","max-snippet":"max-snippet:-1","max-image-preview":"max-image-preview:large","max-video-preview":"max-video-preview:-1"},"canonical":"https:\/\/www.nettali.com\/2025\/09\/05\/mondial-2026-maroc-premier-pays-africain-qualifie\/","og_locale":"fr_FR","og_type":"article","og_title":"MONDIAL 2026 - Maroc, premier pays africain qualifi\u00e9","og_description":"NETTALI.COM - Les Lions de l\u2019Atlas se sont qualifi\u00e9s pour la Coupe du monde 2026 aux \u00c9tats-Unis, au Mexique et au Canada apr\u00e8s leur large victoire 5-0 contre le Niger, ce vendredi \u00e0 Rabat. Le Maroc devient ainsi la premi\u00e8re s\u00e9lection africaine \u00e0 valider son billet pour la comp\u00e9tition. Le milieu de terrain du PSV [&hellip;]","og_url":"https:\/\/www.nettali.com\/2025\/09\/05\/mondial-2026-maroc-premier-pays-africain-qualifie\/","og_site_name":"Nettali.com","article_publisher":"https:\/\/www.facebook.com\/nettalicom","article_published_time":"2025-09-05T23:49:33+00:00","og_image":[{"width":1200,"height":675,"url":"https:\/\/www.nettali.com\/wp-content\/uploads\/2025\/09\/image-81693064-d60b-46f2-8030-01d073b9af2f-85-2560-1440.jpeg","type":"image\/jpeg"}],"twitter_card":"summary_large_image","twitter_misc":{"\u00c9crit par":"Ibrahima","Dur\u00e9e de lecture estim\u00e9e":"2 minutes"},"schema":{"@context":"https:\/\/schema.org","@graph":[{"@type":"WebSite","@id":"https:\/\/www.nettali.com\/#website","url":"https:\/\/www.nettali.com\/","name":"Nettali.com","description":"Le rendez-vous critique du Net","potentialAction":[{"@type":"SearchAction","target":{"@type":"EntryPoint","urlTemplate":"https:\/\/www.nettali.com\/?s={search_term_string}"},"query-input":"required name=search_term_string"}],"inLanguage":"fr-FR"},{"@type":"ImageObject","@id":"https:\/\/www.nettali.com\/2025\/09\/05\/mondial-2026-maroc-premier-pays-africain-qualifie\/#primaryimage","inLanguage":"fr-FR","url":"https:\/\/www.nettali.com\/wp-content\/uploads\/2025\/09\/image-81693064-d60b-46f2-8030-01d073b9af2f-85-2560-1440.jpeg","contentUrl":"https:\/\/www.nettali.com\/wp-content\/uploads\/2025\/09\/image-81693064-d60b-46f2-8030-01d073b9af2f-85-2560-1440.jpeg","width":1200,"height":675},{"@type":"WebPage","@id":"https:\/\/www.nettali.com\/2025\/09\/05\/mondial-2026-maroc-premier-pays-africain-qualifie\/#webpage","url":"https:\/\/www.nettali.com\/2025\/09\/05\/mondial-2026-maroc-premier-pays-africain-qualifie\/","name":"MONDIAL 2026 - Maroc, premier pays africain qualifi\u00e9 | Nettali.com","isPartOf":{"@id":"https:\/\/www.nettali.com\/#website"},"primaryImageOfPage":{"@id":"https:\/\/www.nettali.com\/2025\/09\/05\/mondial-2026-maroc-premier-pays-africain-qualifie\/#primaryimage"},"datePublished":"2025-09-05T23:49:33+00:00","dateModified":"2025-09-05T23:49:33+00:00","author":{"@id":"https:\/\/www.nettali.com\/#\/schema\/person\/bb147657c2986240405a608162b9bb23"},"breadcrumb":{"@id":"https:\/\/www.nettali.com\/2025\/09\/05\/mondial-2026-maroc-premier-pays-africain-qualifie\/#breadcrumb"},"inLanguage":"fr-FR","potentialAction":[{"@type":"ReadAction","target":["https:\/\/www.nettali.com\/2025\/09\/05\/mondial-2026-maroc-premier-pays-africain-qualifie\/"]}]},{"@type":"BreadcrumbList","@id":"https:\/\/www.nettali.com\/2025\/09\/05\/mondial-2026-maroc-premier-pays-africain-qualifie\/#breadcrumb","itemListElement":[{"@type":"ListItem","position":1,"name":"Accueil","item":"https:\/\/www.nettali.com\/"},{"@type":"ListItem","position":2,"name":"MONDIAL 2026 - Maroc, premier pays africain qualifi\u00e9"}]},{"@type":"Person","@id":"https:\/\/www.nettali.com\/#\/schema\/person\/bb147657c2986240405a608162b9bb23","name":"Ibrahima","image":{"@type":"ImageObject","@id":"https:\/\/www.nettali.com\/#personlogo","inLanguage":"fr-FR","url":"https:\/\/secure.gravatar.com\/avatar\/26a8a81f09f0dd7624c9d5c36c9ba3a2?s=96&d=mm&r=g","contentUrl":"https:\/\/secure.gravatar.com\/avatar\/26a8a81f09f0dd7624c9d5c36c9ba3a2?s=96&d=mm&r=g","caption":"Ibrahima"},"sameAs":["https:\/\/www.nettali.com"]}]}},"_links":{"self":[{"href":"https:\/\/www.nettali.com\/rest\/wp\/v2\/posts\/160731"}],"collection":[{"href":"https:\/\/www.nettali.com\/rest\/wp\/v2\/posts"}],"about":[{"href":"https:\/\/www.nettali.com\/rest\/wp\/v2\/types\/post"}],"author":[{"embeddable":true,"href":"https:\/\/www.nettali.com\/rest\/wp\/v2\/users\/5"}],"replies":[{"embeddable":true,"href":"https:\/\/www.nettali.com\/rest\/wp\/v2\/comments?post=160731"}],"version-history":[{"count":3,"href":"https:\/\/www.nettali.com\/rest\/wp\/v2\/posts\/160731\/revisions"}],"predecessor-version":[{"id":160737,"href":"https:\/\/www.nettali.com\/rest\/wp\/v2\/posts\/160731\/revisions\/160737"}],"wp:featuredmedia":[{"embeddable":true,"href":"https:\/\/www.nettali.com\/rest\/wp\/v2\/media\/160732"}],"wp:attachment":[{"href":"https:\/\/www.nettali.com\/rest\/wp\/v2\/media?parent=160731"}],"wp:term":[{"taxonomy":"category","embeddable":true,"href":"https:\/\/www.nettali.com\/rest\/wp\/v2\/categories?post=160731"},{"taxonomy":"post_tag","embeddable":true,"href":"https:\/\/www.nettali.com\/rest\/wp\/v2\/tags?post=160731"}],"curies":[{"name":"wp","href":"https:\/\/api.w.org\/{rel}","templated":true}]}}