{"id":160649,"date":"2025-09-04T07:50:34","date_gmt":"2025-09-04T07:50:34","guid":{"rendered":"https:\/\/www.nettali.com\/?p=160649"},"modified":"2025-09-04T07:50:34","modified_gmt":"2025-09-04T07:50:34","slug":"detention-de-farba-ngom-alioune-tine-attire-lattention-des-autorites-sur-le-rapport-alarmant-sur-sa-sante","status":"publish","type":"post","link":"https:\/\/www.nettali.com\/2025\/09\/04\/detention-de-farba-ngom-alioune-tine-attire-lattention-des-autorites-sur-le-rapport-alarmant-sur-sa-sante\/","title":{"rendered":"D\u00c9TENTION DE FARBA NGOM - Alioune Tine attire l'attention des autorit\u00e9s sur le rapport alarmant sur sa sant\u00e9"},"content":{"rendered":"<p data-start=\"164\" data-end=\"509\"><strong>NETTALI.COM - Les conclusions du rapport d\u2019expertise m\u00e9dicale sur l\u2019\u00e9tat de sant\u00e9 de Mouhamadou Ngom, dit Farba, ravivent la controverse autour de son maintien en d\u00e9tention. Les experts soulignent que son \u00e9tat est <em>\u00ab incompatible avec un milieu carc\u00e9ral, m\u00eame dans un centre hospitalier \u00bb<\/em>, ajoutant qu\u2019il <em>\u00ab pourrait \u00eatre victime de mort subite \u00bb<\/em>.<\/strong><\/p>\n<p data-start=\"511\" data-end=\"745\">Ces r\u00e9v\u00e9lations ont conduit le d\u00e9fenseur des droits humains Alioune Tine \u00e0 rendre visite au d\u00e9tenu. Il rapporte l\u2019inqui\u00e9tude de ses proches et relaie les arguments de son avocat, Me Baboucar Ciss\u00e9, qui plaide pour sa lib\u00e9ration.<\/p>\n<p data-start=\"747\" data-end=\"1042\">Selon M. Tine, la responsabilit\u00e9 repose d\u00e9sormais sur le juge, d\u00e9tenteur des rapports m\u00e9dicaux.<br data-start=\"842\" data-end=\"845\" \/><em>\u00ab La responsabilit\u00e9 premi\u00e8re est de prot\u00e9ger la vie conform\u00e9ment \u00e0 notre Constitution, qui d\u00e9clare que la vie humaine est sacr\u00e9e et que l\u2019\u00c9tat a l\u2019obligation de la prot\u00e9ger \u00bb<\/em>, a-t-il rappel\u00e9.<\/p>\n<p data-start=\"1044\" data-end=\"1423\">Il juge incompr\u00e9hensible que Farba Ngom ne b\u00e9n\u00e9ficie pas de ce droit et insiste sur le r\u00f4le central de la justice :<br data-start=\"1159\" data-end=\"1162\" \/><em>\u00ab Ni Ousmane Sonko, ni Bassirou Diomaye ne peuvent \u00eatre tenus responsables de cette situation. C\u2019est au juge, et au juge seul, de prendre ses responsabilit\u00e9s en appliquant la loi et la Constitution s\u00e9n\u00e9galaise en accordant la libert\u00e9 provisoire \u00e0 Farba. \u00bb<\/em><\/p>\n<p data-start=\"1425\" data-end=\"1580\">Alioune Tine appelle enfin \u00e0 une d\u00e9cision <em>\u00ab dans les meilleurs d\u00e9lais \u00bb<\/em>, consid\u00e9rant qu\u2019il s\u2019agit de <em>\u00ab la voie de la sagesse et de la prudence \u00bb.<\/em><\/p>\n<div class='share-to-whatsapp-wrapper'><div class='share-on-whsp'>PARTAGER SUR : <\/div><a data-text='D\u00c9TENTION DE FARBA NGOM - Alioune Tine attire l'attention des autorit\u00e9s sur le rapport alarmant sur sa sant\u00e9' data-link='https:\/\/www.nettali.com\/2025\/09\/04\/detention-de-farba-ngom-alioune-tine-attire-lattention-des-autorites-sur-le-rapport-alarmant-sur-sa-sante\/' class='whatsapp-button whatsapp-share'>WhatsApp<\/a><div class='clear '><\/div><\/div>","protected":false},"excerpt":{"rendered":"<p>NETTALI.COM - Les conclusions du rapport d\u2019expertise m\u00e9dicale sur l\u2019\u00e9tat de sant\u00e9 de Mouhamadou Ngom, dit Farba, ravivent la controverse autour de son maintien en d\u00e9tention. Les experts soulignent que son \u00e9tat est \u00ab incompatible avec un milieu carc\u00e9ral, m\u00eame dans un centre hospitalier \u00bb, ajoutant qu\u2019il \u00ab pourrait \u00eatre victime de mort subite \u00bb. [&hellip;]<\/p>\n","protected":false},"author":4,"featured_media":157241,"comment_status":"open","ping_status":"open","sticky":false,"template":"","format":"standard","meta":{"_et_pb_use_builder":"","_et_pb_old_content":""},"categories":[3],"tags":[],"yoast_head":"<!-- This site is optimized with the Yoast SEO Premium plugin v17.8 (Yoast SEO v17.8) - https:\/\/yoast.com\/wordpress\/plugins\/seo\/ -->\n<title>D\u00c9TENTION DE FARBA NGOM - Alioune Tine attire l&#039;attention des autorit\u00e9s sur le rapport alarmant sur sa sant\u00e9 | Nettali.com<\/title>\n<meta name=\"robots\" content=\"index, follow, max-snippet:-1, max-image-preview:large, max-video-preview:-1\" \/>\n<link rel=\"canonical\" href=\"https:\/\/www.nettali.com\/2025\/09\/04\/detention-de-farba-ngom-alioune-tine-attire-lattention-des-autorites-sur-le-rapport-alarmant-sur-sa-sante\/\" \/>\n<meta property=\"og:locale\" content=\"fr_FR\" \/>\n<meta property=\"og:type\" content=\"article\" \/>\n<meta property=\"og:title\" content=\"D\u00c9TENTION DE FARBA NGOM - Alioune Tine attire l&#039;attention des autorit\u00e9s sur le rapport alarmant sur sa sant\u00e9\" \/>\n<meta property=\"og:description\" content=\"NETTALI.COM - Les conclusions du rapport d\u2019expertise m\u00e9dicale sur l\u2019\u00e9tat de sant\u00e9 de Mouhamadou Ngom, dit Farba, ravivent la controverse autour de son maintien en d\u00e9tention. Les experts soulignent que son \u00e9tat est \u00ab incompatible avec un milieu carc\u00e9ral, m\u00eame dans un centre hospitalier \u00bb, ajoutant qu\u2019il \u00ab pourrait \u00eatre victime de mort subite \u00bb. [&hellip;]\" \/>\n<meta property=\"og:url\" content=\"https:\/\/www.nettali.com\/2025\/09\/04\/detention-de-farba-ngom-alioune-tine-attire-lattention-des-autorites-sur-le-rapport-alarmant-sur-sa-sante\/\" \/>\n<meta property=\"og:site_name\" content=\"Nettali.com\" \/>\n<meta property=\"article:publisher\" content=\"https:\/\/www.facebook.com\/nettalicom\" \/>\n<meta property=\"article:published_time\" content=\"2025-09-04T07:50:34+00:00\" \/>\n<meta property=\"og:image\" content=\"https:\/\/www.nettali.com\/wp-content\/uploads\/2025\/07\/alioune-tine-1-1024x853-1.png\" \/>\n\t<meta property=\"og:image:width\" content=\"1024\" \/>\n\t<meta property=\"og:image:height\" content=\"853\" \/>\n<meta name=\"twitter:card\" content=\"summary_large_image\" \/>\n<meta name=\"twitter:label1\" content=\"\u00c9crit par\" \/>\n\t<meta name=\"twitter:data1\" content=\"Daouda\" \/>\n\t<meta name=\"twitter:label2\" content=\"Dur\u00e9e de lecture estim\u00e9e\" \/>\n\t<meta name=\"twitter:data2\" content=\"1 minute\" \/>\n<script type=\"application\/ld+json\" class=\"yoast-schema-graph\">{\"@context\":\"https:\/\/schema.org\",\"@graph\":[{\"@type\":\"WebSite\",\"@id\":\"https:\/\/www.nettali.com\/#website\",\"url\":\"https:\/\/www.nettali.com\/\",\"name\":\"Nettali.com\",\"description\":\"Le rendez-vous critique du Net\",\"potentialAction\":[{\"@type\":\"SearchAction\",\"target\":{\"@type\":\"EntryPoint\",\"urlTemplate\":\"https:\/\/www.nettali.com\/?s={search_term_string}\"},\"query-input\":\"required name=search_term_string\"}],\"inLanguage\":\"fr-FR\"},{\"@type\":\"ImageObject\",\"@id\":\"https:\/\/www.nettali.com\/2025\/09\/04\/detention-de-farba-ngom-alioune-tine-attire-lattention-des-autorites-sur-le-rapport-alarmant-sur-sa-sante\/#primaryimage\",\"inLanguage\":\"fr-FR\",\"url\":\"https:\/\/www.nettali.com\/wp-content\/uploads\/2025\/07\/alioune-tine-1-1024x853-1.png\",\"contentUrl\":\"https:\/\/www.nettali.com\/wp-content\/uploads\/2025\/07\/alioune-tine-1-1024x853-1.png\",\"width\":1024,\"height\":853},{\"@type\":\"WebPage\",\"@id\":\"https:\/\/www.nettali.com\/2025\/09\/04\/detention-de-farba-ngom-alioune-tine-attire-lattention-des-autorites-sur-le-rapport-alarmant-sur-sa-sante\/#webpage\",\"url\":\"https:\/\/www.nettali.com\/2025\/09\/04\/detention-de-farba-ngom-alioune-tine-attire-lattention-des-autorites-sur-le-rapport-alarmant-sur-sa-sante\/\",\"name\":\"D\\u00c9TENTION DE FARBA NGOM - Alioune Tine attire l'attention des autorit\\u00e9s sur le rapport alarmant sur sa sant\\u00e9 | Nettali.com\",\"isPartOf\":{\"@id\":\"https:\/\/www.nettali.com\/#website\"},\"primaryImageOfPage\":{\"@id\":\"https:\/\/www.nettali.com\/2025\/09\/04\/detention-de-farba-ngom-alioune-tine-attire-lattention-des-autorites-sur-le-rapport-alarmant-sur-sa-sante\/#primaryimage\"},\"datePublished\":\"2025-09-04T07:50:34+00:00\",\"dateModified\":\"2025-09-04T07:50:34+00:00\",\"author\":{\"@id\":\"https:\/\/www.nettali.com\/#\/schema\/person\/3317e0bb3aa1da309fbf7b2780901bf4\"},\"breadcrumb\":{\"@id\":\"https:\/\/www.nettali.com\/2025\/09\/04\/detention-de-farba-ngom-alioune-tine-attire-lattention-des-autorites-sur-le-rapport-alarmant-sur-sa-sante\/#breadcrumb\"},\"inLanguage\":\"fr-FR\",\"potentialAction\":[{\"@type\":\"ReadAction\",\"target\":[\"https:\/\/www.nettali.com\/2025\/09\/04\/detention-de-farba-ngom-alioune-tine-attire-lattention-des-autorites-sur-le-rapport-alarmant-sur-sa-sante\/\"]}]},{\"@type\":\"BreadcrumbList\",\"@id\":\"https:\/\/www.nettali.com\/2025\/09\/04\/detention-de-farba-ngom-alioune-tine-attire-lattention-des-autorites-sur-le-rapport-alarmant-sur-sa-sante\/#breadcrumb\",\"itemListElement\":[{\"@type\":\"ListItem\",\"position\":1,\"name\":\"Accueil\",\"item\":\"https:\/\/www.nettali.com\/\"},{\"@type\":\"ListItem\",\"position\":2,\"name\":\"D\\u00c9TENTION DE FARBA NGOM - Alioune Tine attire l'attention des autorit\\u00e9s sur le rapport alarmant sur sa sant\\u00e9\"}]},{\"@type\":\"Person\",\"@id\":\"https:\/\/www.nettali.com\/#\/schema\/person\/3317e0bb3aa1da309fbf7b2780901bf4\",\"name\":\"Daouda\",\"image\":{\"@type\":\"ImageObject\",\"@id\":\"https:\/\/www.nettali.com\/#personlogo\",\"inLanguage\":\"fr-FR\",\"url\":\"https:\/\/secure.gravatar.com\/avatar\/8d143b5a49345098ddcfee1c49c2f47c?s=96&d=mm&r=g\",\"contentUrl\":\"https:\/\/secure.gravatar.com\/avatar\/8d143b5a49345098ddcfee1c49c2f47c?s=96&d=mm&r=g\",\"caption\":\"Daouda\"},\"sameAs\":[\"https:\/\/www.nettali.com\"]}]}<\/script>\n<!-- \/ Yoast SEO Premium plugin. -->","yoast_head_json":{"title":"D\u00c9TENTION DE FARBA NGOM - Alioune Tine attire l'attention des autorit\u00e9s sur le rapport alarmant sur sa sant\u00e9 | Nettali.com","robots":{"index":"index","follow":"follow","max-snippet":"max-snippet:-1","max-image-preview":"max-image-preview:large","max-video-preview":"max-video-preview:-1"},"canonical":"https:\/\/www.nettali.com\/2025\/09\/04\/detention-de-farba-ngom-alioune-tine-attire-lattention-des-autorites-sur-le-rapport-alarmant-sur-sa-sante\/","og_locale":"fr_FR","og_type":"article","og_title":"D\u00c9TENTION DE FARBA NGOM - Alioune Tine attire l'attention des autorit\u00e9s sur le rapport alarmant sur sa sant\u00e9","og_description":"NETTALI.COM - Les conclusions du rapport d\u2019expertise m\u00e9dicale sur l\u2019\u00e9tat de sant\u00e9 de Mouhamadou Ngom, dit Farba, ravivent la controverse autour de son maintien en d\u00e9tention. Les experts soulignent que son \u00e9tat est \u00ab incompatible avec un milieu carc\u00e9ral, m\u00eame dans un centre hospitalier \u00bb, ajoutant qu\u2019il \u00ab pourrait \u00eatre victime de mort subite \u00bb. [&hellip;]","og_url":"https:\/\/www.nettali.com\/2025\/09\/04\/detention-de-farba-ngom-alioune-tine-attire-lattention-des-autorites-sur-le-rapport-alarmant-sur-sa-sante\/","og_site_name":"Nettali.com","article_publisher":"https:\/\/www.facebook.com\/nettalicom","article_published_time":"2025-09-04T07:50:34+00:00","og_image":[{"width":1024,"height":853,"url":"https:\/\/www.nettali.com\/wp-content\/uploads\/2025\/07\/alioune-tine-1-1024x853-1.png","type":"image\/png"}],"twitter_card":"summary_large_image","twitter_misc":{"\u00c9crit par":"Daouda","Dur\u00e9e de lecture estim\u00e9e":"1 minute"},"schema":{"@context":"https:\/\/schema.org","@graph":[{"@type":"WebSite","@id":"https:\/\/www.nettali.com\/#website","url":"https:\/\/www.nettali.com\/","name":"Nettali.com","description":"Le rendez-vous critique du Net","potentialAction":[{"@type":"SearchAction","target":{"@type":"EntryPoint","urlTemplate":"https:\/\/www.nettali.com\/?s={search_term_string}"},"query-input":"required name=search_term_string"}],"inLanguage":"fr-FR"},{"@type":"ImageObject","@id":"https:\/\/www.nettali.com\/2025\/09\/04\/detention-de-farba-ngom-alioune-tine-attire-lattention-des-autorites-sur-le-rapport-alarmant-sur-sa-sante\/#primaryimage","inLanguage":"fr-FR","url":"https:\/\/www.nettali.com\/wp-content\/uploads\/2025\/07\/alioune-tine-1-1024x853-1.png","contentUrl":"https:\/\/www.nettali.com\/wp-content\/uploads\/2025\/07\/alioune-tine-1-1024x853-1.png","width":1024,"height":853},{"@type":"WebPage","@id":"https:\/\/www.nettali.com\/2025\/09\/04\/detention-de-farba-ngom-alioune-tine-attire-lattention-des-autorites-sur-le-rapport-alarmant-sur-sa-sante\/#webpage","url":"https:\/\/www.nettali.com\/2025\/09\/04\/detention-de-farba-ngom-alioune-tine-attire-lattention-des-autorites-sur-le-rapport-alarmant-sur-sa-sante\/","name":"D\u00c9TENTION DE FARBA NGOM - Alioune Tine attire l'attention des autorit\u00e9s sur le rapport alarmant sur sa sant\u00e9 | Nettali.com","isPartOf":{"@id":"https:\/\/www.nettali.com\/#website"},"primaryImageOfPage":{"@id":"https:\/\/www.nettali.com\/2025\/09\/04\/detention-de-farba-ngom-alioune-tine-attire-lattention-des-autorites-sur-le-rapport-alarmant-sur-sa-sante\/#primaryimage"},"datePublished":"2025-09-04T07:50:34+00:00","dateModified":"2025-09-04T07:50:34+00:00","author":{"@id":"https:\/\/www.nettali.com\/#\/schema\/person\/3317e0bb3aa1da309fbf7b2780901bf4"},"breadcrumb":{"@id":"https:\/\/www.nettali.com\/2025\/09\/04\/detention-de-farba-ngom-alioune-tine-attire-lattention-des-autorites-sur-le-rapport-alarmant-sur-sa-sante\/#breadcrumb"},"inLanguage":"fr-FR","potentialAction":[{"@type":"ReadAction","target":["https:\/\/www.nettali.com\/2025\/09\/04\/detention-de-farba-ngom-alioune-tine-attire-lattention-des-autorites-sur-le-rapport-alarmant-sur-sa-sante\/"]}]},{"@type":"BreadcrumbList","@id":"https:\/\/www.nettali.com\/2025\/09\/04\/detention-de-farba-ngom-alioune-tine-attire-lattention-des-autorites-sur-le-rapport-alarmant-sur-sa-sante\/#breadcrumb","itemListElement":[{"@type":"ListItem","position":1,"name":"Accueil","item":"https:\/\/www.nettali.com\/"},{"@type":"ListItem","position":2,"name":"D\u00c9TENTION DE FARBA NGOM - Alioune Tine attire l'attention des autorit\u00e9s sur le rapport alarmant sur sa sant\u00e9"}]},{"@type":"Person","@id":"https:\/\/www.nettali.com\/#\/schema\/person\/3317e0bb3aa1da309fbf7b2780901bf4","name":"Daouda","image":{"@type":"ImageObject","@id":"https:\/\/www.nettali.com\/#personlogo","inLanguage":"fr-FR","url":"https:\/\/secure.gravatar.com\/avatar\/8d143b5a49345098ddcfee1c49c2f47c?s=96&d=mm&r=g","contentUrl":"https:\/\/secure.gravatar.com\/avatar\/8d143b5a49345098ddcfee1c49c2f47c?s=96&d=mm&r=g","caption":"Daouda"},"sameAs":["https:\/\/www.nettali.com"]}]}},"_links":{"self":[{"href":"https:\/\/www.nettali.com\/rest\/wp\/v2\/posts\/160649"}],"collection":[{"href":"https:\/\/www.nettali.com\/rest\/wp\/v2\/posts"}],"about":[{"href":"https:\/\/www.nettali.com\/rest\/wp\/v2\/types\/post"}],"author":[{"embeddable":true,"href":"https:\/\/www.nettali.com\/rest\/wp\/v2\/users\/4"}],"replies":[{"embeddable":true,"href":"https:\/\/www.nettali.com\/rest\/wp\/v2\/comments?post=160649"}],"version-history":[{"count":1,"href":"https:\/\/www.nettali.com\/rest\/wp\/v2\/posts\/160649\/revisions"}],"predecessor-version":[{"id":160650,"href":"https:\/\/www.nettali.com\/rest\/wp\/v2\/posts\/160649\/revisions\/160650"}],"wp:featuredmedia":[{"embeddable":true,"href":"https:\/\/www.nettali.com\/rest\/wp\/v2\/media\/157241"}],"wp:attachment":[{"href":"https:\/\/www.nettali.com\/rest\/wp\/v2\/media?parent=160649"}],"wp:term":[{"taxonomy":"category","embeddable":true,"href":"https:\/\/www.nettali.com\/rest\/wp\/v2\/categories?post=160649"},{"taxonomy":"post_tag","embeddable":true,"href":"https:\/\/www.nettali.com\/rest\/wp\/v2\/tags?post=160649"}],"curies":[{"name":"wp","href":"https:\/\/api.w.org\/{rel}","templated":true}]}}