{"id":160646,"date":"2025-09-04T07:46:04","date_gmt":"2025-09-04T07:46:04","guid":{"rendered":"https:\/\/www.nettali.com\/?p=160646"},"modified":"2025-09-04T07:46:04","modified_gmt":"2025-09-04T07:46:04","slug":"demande-dextradition-de-doro-gaye-la-justice-francaise-demande-des-complements-dinformations","status":"publish","type":"post","link":"https:\/\/www.nettali.com\/2025\/09\/04\/demande-dextradition-de-doro-gaye-la-justice-francaise-demande-des-complements-dinformations\/","title":{"rendered":"DEMANDE D'EXTRADITION DE DORO GAYE - La justice fran\u00e7aise demande des compl\u00e9ments d\u2019informations"},"content":{"rendered":"<p data-start=\"202\" data-end=\"457\"><strong>NETTALI.COM - L\u2019examen de la demande d\u2019extradition de l\u2019homme d\u2019affaires s\u00e9n\u00e9galais Doro Gaye devra encore attendre. La chambre d\u2019accusation de la Cour d\u2019appel de Paris a ordonn\u00e9 un sursis, le temps de recevoir des compl\u00e9ments d\u2019informations de l\u2019\u00c9tat du S\u00e9n\u00e9gal.<\/strong><\/p>\n<p data-start=\"459\" data-end=\"707\">Huit points restent \u00e0 \u00e9claircir, parmi lesquels la garantie d\u2019un proc\u00e8s \u00e9quitable et la prise en compte de l\u2019\u00e9tat de sant\u00e9 de l\u2019int\u00e9ress\u00e9, jug\u00e9 fragile. Une nouvelle audience est fix\u00e9e au 10 d\u00e9cembre prochain.<\/p>\n<p data-start=\"709\" data-end=\"1018\">Doro Gaye fait l\u2019objet d\u2019un mandat d\u2019arr\u00eat international \u00e9mis par le juge du troisi\u00e8me cabinet d\u2019instruction du tribunal de Dakar. Il est poursuivi dans le cadre d\u2019un litige l\u2019opposant \u00e0 Zakiroulah Sow, qui l\u2019accuse de lui avoir soutir\u00e9 1,2 milliard de francs CFA lors d\u2019une transaction fonci\u00e8re opaque.<\/p>\n<p data-start=\"1020\" data-end=\"1421\">Apr\u00e8s quelques mois de d\u00e9tention pr\u00e9ventive, l\u2019homme d\u2019affaires avait b\u00e9n\u00e9fici\u00e9 d\u2019une libert\u00e9 provisoire, assortie d\u2019un contr\u00f4le judiciaire, qu\u2019il a viol\u00e9 en se rendant en France. Arr\u00eat\u00e9 \u00e0 Paris sur la base du mandat transmis \u00e0 Interpol, il a \u00e9t\u00e9 plac\u00e9 en d\u00e9tention avant d\u2019\u00eatre lib\u00e9r\u00e9 contre une caution de 160 000 euros (104 millions F CFA), en attendant l\u2019issue de la proc\u00e9dure d\u2019extradition.<\/p>\n<div class='share-to-whatsapp-wrapper'><div class='share-on-whsp'>PARTAGER SUR : <\/div><a data-text='DEMANDE D'EXTRADITION DE DORO GAYE - La justice fran\u00e7aise demande des compl\u00e9ments d\u2019informations' data-link='https:\/\/www.nettali.com\/2025\/09\/04\/demande-dextradition-de-doro-gaye-la-justice-francaise-demande-des-complements-dinformations\/' class='whatsapp-button whatsapp-share'>WhatsApp<\/a><div class='clear '><\/div><\/div>","protected":false},"excerpt":{"rendered":"<p>NETTALI.COM - L\u2019examen de la demande d\u2019extradition de l\u2019homme d\u2019affaires s\u00e9n\u00e9galais Doro Gaye devra encore attendre. La chambre d\u2019accusation de la Cour d\u2019appel de Paris a ordonn\u00e9 un sursis, le temps de recevoir des compl\u00e9ments d\u2019informations de l\u2019\u00c9tat du S\u00e9n\u00e9gal. Huit points restent \u00e0 \u00e9claircir, parmi lesquels la garantie d\u2019un proc\u00e8s \u00e9quitable et la prise [&hellip;]<\/p>\n","protected":false},"author":4,"featured_media":160647,"comment_status":"open","ping_status":"open","sticky":false,"template":"","format":"standard","meta":{"_et_pb_use_builder":"","_et_pb_old_content":""},"categories":[3],"tags":[],"yoast_head":"<!-- This site is optimized with the Yoast SEO Premium plugin v17.8 (Yoast SEO v17.8) - https:\/\/yoast.com\/wordpress\/plugins\/seo\/ -->\n<title>DEMANDE D&#039;EXTRADITION DE DORO GAYE - La justice fran\u00e7aise demande des compl\u00e9ments d\u2019informations | Nettali.com<\/title>\n<meta name=\"robots\" content=\"index, follow, max-snippet:-1, max-image-preview:large, max-video-preview:-1\" \/>\n<link rel=\"canonical\" href=\"https:\/\/www.nettali.com\/2025\/09\/04\/demande-dextradition-de-doro-gaye-la-justice-francaise-demande-des-complements-dinformations\/\" \/>\n<meta property=\"og:locale\" content=\"fr_FR\" \/>\n<meta property=\"og:type\" content=\"article\" \/>\n<meta property=\"og:title\" content=\"DEMANDE D&#039;EXTRADITION DE DORO GAYE - La justice fran\u00e7aise demande des compl\u00e9ments d\u2019informations\" \/>\n<meta property=\"og:description\" content=\"NETTALI.COM - L\u2019examen de la demande d\u2019extradition de l\u2019homme d\u2019affaires s\u00e9n\u00e9galais Doro Gaye devra encore attendre. La chambre d\u2019accusation de la Cour d\u2019appel de Paris a ordonn\u00e9 un sursis, le temps de recevoir des compl\u00e9ments d\u2019informations de l\u2019\u00c9tat du S\u00e9n\u00e9gal. Huit points restent \u00e0 \u00e9claircir, parmi lesquels la garantie d\u2019un proc\u00e8s \u00e9quitable et la prise [&hellip;]\" \/>\n<meta property=\"og:url\" content=\"https:\/\/www.nettali.com\/2025\/09\/04\/demande-dextradition-de-doro-gaye-la-justice-francaise-demande-des-complements-dinformations\/\" \/>\n<meta property=\"og:site_name\" content=\"Nettali.com\" \/>\n<meta property=\"article:publisher\" content=\"https:\/\/www.facebook.com\/nettalicom\" \/>\n<meta property=\"article:published_time\" content=\"2025-09-04T07:46:04+00:00\" \/>\n<meta property=\"og:image\" content=\"https:\/\/www.nettali.com\/wp-content\/uploads\/2025\/09\/Doro-Gaye.jpg\" \/>\n\t<meta property=\"og:image:width\" content=\"1260\" \/>\n\t<meta property=\"og:image:height\" content=\"800\" \/>\n<meta name=\"twitter:card\" content=\"summary_large_image\" \/>\n<meta name=\"twitter:label1\" content=\"\u00c9crit par\" \/>\n\t<meta name=\"twitter:data1\" content=\"Daouda\" \/>\n\t<meta name=\"twitter:label2\" content=\"Dur\u00e9e de lecture estim\u00e9e\" \/>\n\t<meta name=\"twitter:data2\" content=\"1 minute\" \/>\n<script type=\"application\/ld+json\" class=\"yoast-schema-graph\">{\"@context\":\"https:\/\/schema.org\",\"@graph\":[{\"@type\":\"WebSite\",\"@id\":\"https:\/\/www.nettali.com\/#website\",\"url\":\"https:\/\/www.nettali.com\/\",\"name\":\"Nettali.com\",\"description\":\"Le rendez-vous critique du Net\",\"potentialAction\":[{\"@type\":\"SearchAction\",\"target\":{\"@type\":\"EntryPoint\",\"urlTemplate\":\"https:\/\/www.nettali.com\/?s={search_term_string}\"},\"query-input\":\"required name=search_term_string\"}],\"inLanguage\":\"fr-FR\"},{\"@type\":\"ImageObject\",\"@id\":\"https:\/\/www.nettali.com\/2025\/09\/04\/demande-dextradition-de-doro-gaye-la-justice-francaise-demande-des-complements-dinformations\/#primaryimage\",\"inLanguage\":\"fr-FR\",\"url\":\"https:\/\/www.nettali.com\/wp-content\/uploads\/2025\/09\/Doro-Gaye.jpg\",\"contentUrl\":\"https:\/\/www.nettali.com\/wp-content\/uploads\/2025\/09\/Doro-Gaye.jpg\",\"width\":1260,\"height\":800},{\"@type\":\"WebPage\",\"@id\":\"https:\/\/www.nettali.com\/2025\/09\/04\/demande-dextradition-de-doro-gaye-la-justice-francaise-demande-des-complements-dinformations\/#webpage\",\"url\":\"https:\/\/www.nettali.com\/2025\/09\/04\/demande-dextradition-de-doro-gaye-la-justice-francaise-demande-des-complements-dinformations\/\",\"name\":\"DEMANDE D'EXTRADITION DE DORO GAYE - La justice fran\\u00e7aise demande des compl\\u00e9ments d\\u2019informations | Nettali.com\",\"isPartOf\":{\"@id\":\"https:\/\/www.nettali.com\/#website\"},\"primaryImageOfPage\":{\"@id\":\"https:\/\/www.nettali.com\/2025\/09\/04\/demande-dextradition-de-doro-gaye-la-justice-francaise-demande-des-complements-dinformations\/#primaryimage\"},\"datePublished\":\"2025-09-04T07:46:04+00:00\",\"dateModified\":\"2025-09-04T07:46:04+00:00\",\"author\":{\"@id\":\"https:\/\/www.nettali.com\/#\/schema\/person\/3317e0bb3aa1da309fbf7b2780901bf4\"},\"breadcrumb\":{\"@id\":\"https:\/\/www.nettali.com\/2025\/09\/04\/demande-dextradition-de-doro-gaye-la-justice-francaise-demande-des-complements-dinformations\/#breadcrumb\"},\"inLanguage\":\"fr-FR\",\"potentialAction\":[{\"@type\":\"ReadAction\",\"target\":[\"https:\/\/www.nettali.com\/2025\/09\/04\/demande-dextradition-de-doro-gaye-la-justice-francaise-demande-des-complements-dinformations\/\"]}]},{\"@type\":\"BreadcrumbList\",\"@id\":\"https:\/\/www.nettali.com\/2025\/09\/04\/demande-dextradition-de-doro-gaye-la-justice-francaise-demande-des-complements-dinformations\/#breadcrumb\",\"itemListElement\":[{\"@type\":\"ListItem\",\"position\":1,\"name\":\"Accueil\",\"item\":\"https:\/\/www.nettali.com\/\"},{\"@type\":\"ListItem\",\"position\":2,\"name\":\"DEMANDE D'EXTRADITION DE DORO GAYE - La justice fran\\u00e7aise demande des compl\\u00e9ments d\\u2019informations\"}]},{\"@type\":\"Person\",\"@id\":\"https:\/\/www.nettali.com\/#\/schema\/person\/3317e0bb3aa1da309fbf7b2780901bf4\",\"name\":\"Daouda\",\"image\":{\"@type\":\"ImageObject\",\"@id\":\"https:\/\/www.nettali.com\/#personlogo\",\"inLanguage\":\"fr-FR\",\"url\":\"https:\/\/secure.gravatar.com\/avatar\/8d143b5a49345098ddcfee1c49c2f47c?s=96&d=mm&r=g\",\"contentUrl\":\"https:\/\/secure.gravatar.com\/avatar\/8d143b5a49345098ddcfee1c49c2f47c?s=96&d=mm&r=g\",\"caption\":\"Daouda\"},\"sameAs\":[\"https:\/\/www.nettali.com\"]}]}<\/script>\n<!-- \/ Yoast SEO Premium plugin. -->","yoast_head_json":{"title":"DEMANDE D'EXTRADITION DE DORO GAYE - La justice fran\u00e7aise demande des compl\u00e9ments d\u2019informations | Nettali.com","robots":{"index":"index","follow":"follow","max-snippet":"max-snippet:-1","max-image-preview":"max-image-preview:large","max-video-preview":"max-video-preview:-1"},"canonical":"https:\/\/www.nettali.com\/2025\/09\/04\/demande-dextradition-de-doro-gaye-la-justice-francaise-demande-des-complements-dinformations\/","og_locale":"fr_FR","og_type":"article","og_title":"DEMANDE D'EXTRADITION DE DORO GAYE - La justice fran\u00e7aise demande des compl\u00e9ments d\u2019informations","og_description":"NETTALI.COM - L\u2019examen de la demande d\u2019extradition de l\u2019homme d\u2019affaires s\u00e9n\u00e9galais Doro Gaye devra encore attendre. La chambre d\u2019accusation de la Cour d\u2019appel de Paris a ordonn\u00e9 un sursis, le temps de recevoir des compl\u00e9ments d\u2019informations de l\u2019\u00c9tat du S\u00e9n\u00e9gal. Huit points restent \u00e0 \u00e9claircir, parmi lesquels la garantie d\u2019un proc\u00e8s \u00e9quitable et la prise [&hellip;]","og_url":"https:\/\/www.nettali.com\/2025\/09\/04\/demande-dextradition-de-doro-gaye-la-justice-francaise-demande-des-complements-dinformations\/","og_site_name":"Nettali.com","article_publisher":"https:\/\/www.facebook.com\/nettalicom","article_published_time":"2025-09-04T07:46:04+00:00","og_image":[{"width":1260,"height":800,"url":"https:\/\/www.nettali.com\/wp-content\/uploads\/2025\/09\/Doro-Gaye.jpg","type":"image\/jpeg"}],"twitter_card":"summary_large_image","twitter_misc":{"\u00c9crit par":"Daouda","Dur\u00e9e de lecture estim\u00e9e":"1 minute"},"schema":{"@context":"https:\/\/schema.org","@graph":[{"@type":"WebSite","@id":"https:\/\/www.nettali.com\/#website","url":"https:\/\/www.nettali.com\/","name":"Nettali.com","description":"Le rendez-vous critique du Net","potentialAction":[{"@type":"SearchAction","target":{"@type":"EntryPoint","urlTemplate":"https:\/\/www.nettali.com\/?s={search_term_string}"},"query-input":"required name=search_term_string"}],"inLanguage":"fr-FR"},{"@type":"ImageObject","@id":"https:\/\/www.nettali.com\/2025\/09\/04\/demande-dextradition-de-doro-gaye-la-justice-francaise-demande-des-complements-dinformations\/#primaryimage","inLanguage":"fr-FR","url":"https:\/\/www.nettali.com\/wp-content\/uploads\/2025\/09\/Doro-Gaye.jpg","contentUrl":"https:\/\/www.nettali.com\/wp-content\/uploads\/2025\/09\/Doro-Gaye.jpg","width":1260,"height":800},{"@type":"WebPage","@id":"https:\/\/www.nettali.com\/2025\/09\/04\/demande-dextradition-de-doro-gaye-la-justice-francaise-demande-des-complements-dinformations\/#webpage","url":"https:\/\/www.nettali.com\/2025\/09\/04\/demande-dextradition-de-doro-gaye-la-justice-francaise-demande-des-complements-dinformations\/","name":"DEMANDE D'EXTRADITION DE DORO GAYE - La justice fran\u00e7aise demande des compl\u00e9ments d\u2019informations | Nettali.com","isPartOf":{"@id":"https:\/\/www.nettali.com\/#website"},"primaryImageOfPage":{"@id":"https:\/\/www.nettali.com\/2025\/09\/04\/demande-dextradition-de-doro-gaye-la-justice-francaise-demande-des-complements-dinformations\/#primaryimage"},"datePublished":"2025-09-04T07:46:04+00:00","dateModified":"2025-09-04T07:46:04+00:00","author":{"@id":"https:\/\/www.nettali.com\/#\/schema\/person\/3317e0bb3aa1da309fbf7b2780901bf4"},"breadcrumb":{"@id":"https:\/\/www.nettali.com\/2025\/09\/04\/demande-dextradition-de-doro-gaye-la-justice-francaise-demande-des-complements-dinformations\/#breadcrumb"},"inLanguage":"fr-FR","potentialAction":[{"@type":"ReadAction","target":["https:\/\/www.nettali.com\/2025\/09\/04\/demande-dextradition-de-doro-gaye-la-justice-francaise-demande-des-complements-dinformations\/"]}]},{"@type":"BreadcrumbList","@id":"https:\/\/www.nettali.com\/2025\/09\/04\/demande-dextradition-de-doro-gaye-la-justice-francaise-demande-des-complements-dinformations\/#breadcrumb","itemListElement":[{"@type":"ListItem","position":1,"name":"Accueil","item":"https:\/\/www.nettali.com\/"},{"@type":"ListItem","position":2,"name":"DEMANDE D'EXTRADITION DE DORO GAYE - La justice fran\u00e7aise demande des compl\u00e9ments d\u2019informations"}]},{"@type":"Person","@id":"https:\/\/www.nettali.com\/#\/schema\/person\/3317e0bb3aa1da309fbf7b2780901bf4","name":"Daouda","image":{"@type":"ImageObject","@id":"https:\/\/www.nettali.com\/#personlogo","inLanguage":"fr-FR","url":"https:\/\/secure.gravatar.com\/avatar\/8d143b5a49345098ddcfee1c49c2f47c?s=96&d=mm&r=g","contentUrl":"https:\/\/secure.gravatar.com\/avatar\/8d143b5a49345098ddcfee1c49c2f47c?s=96&d=mm&r=g","caption":"Daouda"},"sameAs":["https:\/\/www.nettali.com"]}]}},"_links":{"self":[{"href":"https:\/\/www.nettali.com\/rest\/wp\/v2\/posts\/160646"}],"collection":[{"href":"https:\/\/www.nettali.com\/rest\/wp\/v2\/posts"}],"about":[{"href":"https:\/\/www.nettali.com\/rest\/wp\/v2\/types\/post"}],"author":[{"embeddable":true,"href":"https:\/\/www.nettali.com\/rest\/wp\/v2\/users\/4"}],"replies":[{"embeddable":true,"href":"https:\/\/www.nettali.com\/rest\/wp\/v2\/comments?post=160646"}],"version-history":[{"count":1,"href":"https:\/\/www.nettali.com\/rest\/wp\/v2\/posts\/160646\/revisions"}],"predecessor-version":[{"id":160648,"href":"https:\/\/www.nettali.com\/rest\/wp\/v2\/posts\/160646\/revisions\/160648"}],"wp:featuredmedia":[{"embeddable":true,"href":"https:\/\/www.nettali.com\/rest\/wp\/v2\/media\/160647"}],"wp:attachment":[{"href":"https:\/\/www.nettali.com\/rest\/wp\/v2\/media?parent=160646"}],"wp:term":[{"taxonomy":"category","embeddable":true,"href":"https:\/\/www.nettali.com\/rest\/wp\/v2\/categories?post=160646"},{"taxonomy":"post_tag","embeddable":true,"href":"https:\/\/www.nettali.com\/rest\/wp\/v2\/tags?post=160646"}],"curies":[{"name":"wp","href":"https:\/\/api.w.org\/{rel}","templated":true}]}}