{"id":160636,"date":"2025-09-03T22:26:36","date_gmt":"2025-09-03T22:26:36","guid":{"rendered":"https:\/\/www.nettali.com\/?p=160636"},"modified":"2025-09-03T22:26:36","modified_gmt":"2025-09-03T22:26:36","slug":"gambie-le-president-barrow-decrete-le-5-septembre-jour-ferie-pour-le-mawlid-al-nabi","status":"publish","type":"post","link":"https:\/\/www.nettali.com\/2025\/09\/03\/gambie-le-president-barrow-decrete-le-5-septembre-jour-ferie-pour-le-mawlid-al-nabi\/","title":{"rendered":"GAMBIE - Le pr\u00e9sident Barrow d\u00e9cr\u00e8te le 5 septembre jour f\u00e9ri\u00e9 pour le Mawlid Al-Nabi"},"content":{"rendered":"<p><strong>NETTALI.COM - Le Pr\u00e9sident gambien Adama Barrow a officiellement d\u00e9clar\u00e9 le vendredi 5 septembre 2025 jour f\u00e9ri\u00e9 national pour c\u00e9l\u00e9brer le Mawlid Al-Nabi, marquant la naissance du Proph\u00e8te Mohamed.<\/strong><\/p>\n<p data-start=\"187\" data-end=\"382\">Le pr\u00e9sident gambien Adama Barrow a proclam\u00e9 le vendredi 5 septembre 2025 jour f\u00e9ri\u00e9 national afin de marquer la c\u00e9l\u00e9bration du Mawlid Al-Nabi, comm\u00e9morant la naissance du Proph\u00e8te Mohamed.<\/p>\n<p data-start=\"384\" data-end=\"686\">Dans un communiqu\u00e9 officiel, la State House a pr\u00e9cis\u00e9 que cette d\u00e9cision s\u2019applique \u00e0 l\u2019ensemble du territoire national. Le chef de l\u2019\u00c9tat a adress\u00e9 \u00e0 cette occasion un message de f\u00e9licitations, souhaitant aux Gambiens et aux amis de la Gambie <em>\u00ab une c\u00e9l\u00e9bration heureuse et b\u00e9nie \u00bb<\/em> du Mawlid Al-Nabi.<\/p>\n<p data-start=\"688\" data-end=\"1064\">\u00c9v\u00e9nement majeur du calendrier islamique, le Mawlid Al-Nabi r\u00e9unit chaque ann\u00e9e les fid\u00e8les autour de pri\u00e8res, de m\u00e9ditations et de festivit\u00e9s communautaires. En instaurant ce jour f\u00e9ri\u00e9, les autorit\u00e9s entendent offrir aux citoyens la possibilit\u00e9 de c\u00e9l\u00e9brer dignement cette date tout en renfor\u00e7ant les liens sociaux et spirituels au sein de la communaut\u00e9 musulmane du pays.<\/p>\n<div class='share-to-whatsapp-wrapper'><div class='share-on-whsp'>PARTAGER SUR : <\/div><a data-text='GAMBIE - Le pr\u00e9sident Barrow d\u00e9cr\u00e8te le 5 septembre jour f\u00e9ri\u00e9 pour le Mawlid Al-Nabi' data-link='https:\/\/www.nettali.com\/2025\/09\/03\/gambie-le-president-barrow-decrete-le-5-septembre-jour-ferie-pour-le-mawlid-al-nabi\/' class='whatsapp-button whatsapp-share'>WhatsApp<\/a><div class='clear '><\/div><\/div>","protected":false},"excerpt":{"rendered":"<p>NETTALI.COM - Le Pr\u00e9sident gambien Adama Barrow a officiellement d\u00e9clar\u00e9 le vendredi 5 septembre 2025 jour f\u00e9ri\u00e9 national pour c\u00e9l\u00e9brer le Mawlid Al-Nabi, marquant la naissance du Proph\u00e8te Mohamed. Le pr\u00e9sident gambien Adama Barrow a proclam\u00e9 le vendredi 5 septembre 2025 jour f\u00e9ri\u00e9 national afin de marquer la c\u00e9l\u00e9bration du Mawlid Al-Nabi, comm\u00e9morant la naissance [&hellip;]<\/p>\n","protected":false},"author":4,"featured_media":100186,"comment_status":"open","ping_status":"open","sticky":false,"template":"","format":"standard","meta":{"_et_pb_use_builder":"","_et_pb_old_content":""},"categories":[3],"tags":[],"yoast_head":"<!-- This site is optimized with the Yoast SEO Premium plugin v17.8 (Yoast SEO v17.8) - https:\/\/yoast.com\/wordpress\/plugins\/seo\/ -->\n<title>GAMBIE - Le pr\u00e9sident Barrow d\u00e9cr\u00e8te le 5 septembre jour f\u00e9ri\u00e9 pour le Mawlid Al-Nabi | Nettali.com<\/title>\n<meta name=\"robots\" content=\"index, follow, max-snippet:-1, max-image-preview:large, max-video-preview:-1\" \/>\n<link rel=\"canonical\" href=\"https:\/\/www.nettali.com\/2025\/09\/03\/gambie-le-president-barrow-decrete-le-5-septembre-jour-ferie-pour-le-mawlid-al-nabi\/\" \/>\n<meta property=\"og:locale\" content=\"fr_FR\" \/>\n<meta property=\"og:type\" content=\"article\" \/>\n<meta property=\"og:title\" content=\"GAMBIE - Le pr\u00e9sident Barrow d\u00e9cr\u00e8te le 5 septembre jour f\u00e9ri\u00e9 pour le Mawlid Al-Nabi\" \/>\n<meta property=\"og:description\" content=\"NETTALI.COM - Le Pr\u00e9sident gambien Adama Barrow a officiellement d\u00e9clar\u00e9 le vendredi 5 septembre 2025 jour f\u00e9ri\u00e9 national pour c\u00e9l\u00e9brer le Mawlid Al-Nabi, marquant la naissance du Proph\u00e8te Mohamed. Le pr\u00e9sident gambien Adama Barrow a proclam\u00e9 le vendredi 5 septembre 2025 jour f\u00e9ri\u00e9 national afin de marquer la c\u00e9l\u00e9bration du Mawlid Al-Nabi, comm\u00e9morant la naissance [&hellip;]\" \/>\n<meta property=\"og:url\" content=\"https:\/\/www.nettali.com\/2025\/09\/03\/gambie-le-president-barrow-decrete-le-5-septembre-jour-ferie-pour-le-mawlid-al-nabi\/\" \/>\n<meta property=\"og:site_name\" content=\"Nettali.com\" \/>\n<meta property=\"article:publisher\" content=\"https:\/\/www.facebook.com\/nettalicom\" \/>\n<meta property=\"article:published_time\" content=\"2025-09-03T22:26:36+00:00\" \/>\n<meta property=\"og:image\" content=\"https:\/\/www.nettali.com\/wp-content\/uploads\/2022\/12\/adama-barrow.jpg\" \/>\n\t<meta property=\"og:image:width\" content=\"755\" \/>\n\t<meta property=\"og:image:height\" content=\"470\" \/>\n<meta name=\"twitter:card\" content=\"summary_large_image\" \/>\n<meta name=\"twitter:label1\" content=\"\u00c9crit par\" \/>\n\t<meta name=\"twitter:data1\" content=\"Daouda\" \/>\n\t<meta name=\"twitter:label2\" content=\"Dur\u00e9e de lecture estim\u00e9e\" \/>\n\t<meta name=\"twitter:data2\" content=\"1 minute\" \/>\n<script type=\"application\/ld+json\" class=\"yoast-schema-graph\">{\"@context\":\"https:\/\/schema.org\",\"@graph\":[{\"@type\":\"WebSite\",\"@id\":\"https:\/\/www.nettali.com\/#website\",\"url\":\"https:\/\/www.nettali.com\/\",\"name\":\"Nettali.com\",\"description\":\"Le rendez-vous critique du Net\",\"potentialAction\":[{\"@type\":\"SearchAction\",\"target\":{\"@type\":\"EntryPoint\",\"urlTemplate\":\"https:\/\/www.nettali.com\/?s={search_term_string}\"},\"query-input\":\"required name=search_term_string\"}],\"inLanguage\":\"fr-FR\"},{\"@type\":\"ImageObject\",\"@id\":\"https:\/\/www.nettali.com\/2025\/09\/03\/gambie-le-president-barrow-decrete-le-5-septembre-jour-ferie-pour-le-mawlid-al-nabi\/#primaryimage\",\"inLanguage\":\"fr-FR\",\"url\":\"https:\/\/www.nettali.com\/wp-content\/uploads\/2022\/12\/adama-barrow.jpg\",\"contentUrl\":\"https:\/\/www.nettali.com\/wp-content\/uploads\/2022\/12\/adama-barrow.jpg\",\"width\":755,\"height\":470},{\"@type\":\"WebPage\",\"@id\":\"https:\/\/www.nettali.com\/2025\/09\/03\/gambie-le-president-barrow-decrete-le-5-septembre-jour-ferie-pour-le-mawlid-al-nabi\/#webpage\",\"url\":\"https:\/\/www.nettali.com\/2025\/09\/03\/gambie-le-president-barrow-decrete-le-5-septembre-jour-ferie-pour-le-mawlid-al-nabi\/\",\"name\":\"GAMBIE - Le pr\\u00e9sident Barrow d\\u00e9cr\\u00e8te le 5 septembre jour f\\u00e9ri\\u00e9 pour le Mawlid Al-Nabi | Nettali.com\",\"isPartOf\":{\"@id\":\"https:\/\/www.nettali.com\/#website\"},\"primaryImageOfPage\":{\"@id\":\"https:\/\/www.nettali.com\/2025\/09\/03\/gambie-le-president-barrow-decrete-le-5-septembre-jour-ferie-pour-le-mawlid-al-nabi\/#primaryimage\"},\"datePublished\":\"2025-09-03T22:26:36+00:00\",\"dateModified\":\"2025-09-03T22:26:36+00:00\",\"author\":{\"@id\":\"https:\/\/www.nettali.com\/#\/schema\/person\/3317e0bb3aa1da309fbf7b2780901bf4\"},\"breadcrumb\":{\"@id\":\"https:\/\/www.nettali.com\/2025\/09\/03\/gambie-le-president-barrow-decrete-le-5-septembre-jour-ferie-pour-le-mawlid-al-nabi\/#breadcrumb\"},\"inLanguage\":\"fr-FR\",\"potentialAction\":[{\"@type\":\"ReadAction\",\"target\":[\"https:\/\/www.nettali.com\/2025\/09\/03\/gambie-le-president-barrow-decrete-le-5-septembre-jour-ferie-pour-le-mawlid-al-nabi\/\"]}]},{\"@type\":\"BreadcrumbList\",\"@id\":\"https:\/\/www.nettali.com\/2025\/09\/03\/gambie-le-president-barrow-decrete-le-5-septembre-jour-ferie-pour-le-mawlid-al-nabi\/#breadcrumb\",\"itemListElement\":[{\"@type\":\"ListItem\",\"position\":1,\"name\":\"Accueil\",\"item\":\"https:\/\/www.nettali.com\/\"},{\"@type\":\"ListItem\",\"position\":2,\"name\":\"GAMBIE - Le pr\\u00e9sident Barrow d\\u00e9cr\\u00e8te le 5 septembre jour f\\u00e9ri\\u00e9 pour le Mawlid Al-Nabi\"}]},{\"@type\":\"Person\",\"@id\":\"https:\/\/www.nettali.com\/#\/schema\/person\/3317e0bb3aa1da309fbf7b2780901bf4\",\"name\":\"Daouda\",\"image\":{\"@type\":\"ImageObject\",\"@id\":\"https:\/\/www.nettali.com\/#personlogo\",\"inLanguage\":\"fr-FR\",\"url\":\"https:\/\/secure.gravatar.com\/avatar\/8d143b5a49345098ddcfee1c49c2f47c?s=96&d=mm&r=g\",\"contentUrl\":\"https:\/\/secure.gravatar.com\/avatar\/8d143b5a49345098ddcfee1c49c2f47c?s=96&d=mm&r=g\",\"caption\":\"Daouda\"},\"sameAs\":[\"https:\/\/www.nettali.com\"]}]}<\/script>\n<!-- \/ Yoast SEO Premium plugin. -->","yoast_head_json":{"title":"GAMBIE - Le pr\u00e9sident Barrow d\u00e9cr\u00e8te le 5 septembre jour f\u00e9ri\u00e9 pour le Mawlid Al-Nabi | Nettali.com","robots":{"index":"index","follow":"follow","max-snippet":"max-snippet:-1","max-image-preview":"max-image-preview:large","max-video-preview":"max-video-preview:-1"},"canonical":"https:\/\/www.nettali.com\/2025\/09\/03\/gambie-le-president-barrow-decrete-le-5-septembre-jour-ferie-pour-le-mawlid-al-nabi\/","og_locale":"fr_FR","og_type":"article","og_title":"GAMBIE - Le pr\u00e9sident Barrow d\u00e9cr\u00e8te le 5 septembre jour f\u00e9ri\u00e9 pour le Mawlid Al-Nabi","og_description":"NETTALI.COM - Le Pr\u00e9sident gambien Adama Barrow a officiellement d\u00e9clar\u00e9 le vendredi 5 septembre 2025 jour f\u00e9ri\u00e9 national pour c\u00e9l\u00e9brer le Mawlid Al-Nabi, marquant la naissance du Proph\u00e8te Mohamed. Le pr\u00e9sident gambien Adama Barrow a proclam\u00e9 le vendredi 5 septembre 2025 jour f\u00e9ri\u00e9 national afin de marquer la c\u00e9l\u00e9bration du Mawlid Al-Nabi, comm\u00e9morant la naissance [&hellip;]","og_url":"https:\/\/www.nettali.com\/2025\/09\/03\/gambie-le-president-barrow-decrete-le-5-septembre-jour-ferie-pour-le-mawlid-al-nabi\/","og_site_name":"Nettali.com","article_publisher":"https:\/\/www.facebook.com\/nettalicom","article_published_time":"2025-09-03T22:26:36+00:00","og_image":[{"width":755,"height":470,"url":"https:\/\/www.nettali.com\/wp-content\/uploads\/2022\/12\/adama-barrow.jpg","type":"image\/jpeg"}],"twitter_card":"summary_large_image","twitter_misc":{"\u00c9crit par":"Daouda","Dur\u00e9e de lecture estim\u00e9e":"1 minute"},"schema":{"@context":"https:\/\/schema.org","@graph":[{"@type":"WebSite","@id":"https:\/\/www.nettali.com\/#website","url":"https:\/\/www.nettali.com\/","name":"Nettali.com","description":"Le rendez-vous critique du Net","potentialAction":[{"@type":"SearchAction","target":{"@type":"EntryPoint","urlTemplate":"https:\/\/www.nettali.com\/?s={search_term_string}"},"query-input":"required name=search_term_string"}],"inLanguage":"fr-FR"},{"@type":"ImageObject","@id":"https:\/\/www.nettali.com\/2025\/09\/03\/gambie-le-president-barrow-decrete-le-5-septembre-jour-ferie-pour-le-mawlid-al-nabi\/#primaryimage","inLanguage":"fr-FR","url":"https:\/\/www.nettali.com\/wp-content\/uploads\/2022\/12\/adama-barrow.jpg","contentUrl":"https:\/\/www.nettali.com\/wp-content\/uploads\/2022\/12\/adama-barrow.jpg","width":755,"height":470},{"@type":"WebPage","@id":"https:\/\/www.nettali.com\/2025\/09\/03\/gambie-le-president-barrow-decrete-le-5-septembre-jour-ferie-pour-le-mawlid-al-nabi\/#webpage","url":"https:\/\/www.nettali.com\/2025\/09\/03\/gambie-le-president-barrow-decrete-le-5-septembre-jour-ferie-pour-le-mawlid-al-nabi\/","name":"GAMBIE - Le pr\u00e9sident Barrow d\u00e9cr\u00e8te le 5 septembre jour f\u00e9ri\u00e9 pour le Mawlid Al-Nabi | Nettali.com","isPartOf":{"@id":"https:\/\/www.nettali.com\/#website"},"primaryImageOfPage":{"@id":"https:\/\/www.nettali.com\/2025\/09\/03\/gambie-le-president-barrow-decrete-le-5-septembre-jour-ferie-pour-le-mawlid-al-nabi\/#primaryimage"},"datePublished":"2025-09-03T22:26:36+00:00","dateModified":"2025-09-03T22:26:36+00:00","author":{"@id":"https:\/\/www.nettali.com\/#\/schema\/person\/3317e0bb3aa1da309fbf7b2780901bf4"},"breadcrumb":{"@id":"https:\/\/www.nettali.com\/2025\/09\/03\/gambie-le-president-barrow-decrete-le-5-septembre-jour-ferie-pour-le-mawlid-al-nabi\/#breadcrumb"},"inLanguage":"fr-FR","potentialAction":[{"@type":"ReadAction","target":["https:\/\/www.nettali.com\/2025\/09\/03\/gambie-le-president-barrow-decrete-le-5-septembre-jour-ferie-pour-le-mawlid-al-nabi\/"]}]},{"@type":"BreadcrumbList","@id":"https:\/\/www.nettali.com\/2025\/09\/03\/gambie-le-president-barrow-decrete-le-5-septembre-jour-ferie-pour-le-mawlid-al-nabi\/#breadcrumb","itemListElement":[{"@type":"ListItem","position":1,"name":"Accueil","item":"https:\/\/www.nettali.com\/"},{"@type":"ListItem","position":2,"name":"GAMBIE - Le pr\u00e9sident Barrow d\u00e9cr\u00e8te le 5 septembre jour f\u00e9ri\u00e9 pour le Mawlid Al-Nabi"}]},{"@type":"Person","@id":"https:\/\/www.nettali.com\/#\/schema\/person\/3317e0bb3aa1da309fbf7b2780901bf4","name":"Daouda","image":{"@type":"ImageObject","@id":"https:\/\/www.nettali.com\/#personlogo","inLanguage":"fr-FR","url":"https:\/\/secure.gravatar.com\/avatar\/8d143b5a49345098ddcfee1c49c2f47c?s=96&d=mm&r=g","contentUrl":"https:\/\/secure.gravatar.com\/avatar\/8d143b5a49345098ddcfee1c49c2f47c?s=96&d=mm&r=g","caption":"Daouda"},"sameAs":["https:\/\/www.nettali.com"]}]}},"_links":{"self":[{"href":"https:\/\/www.nettali.com\/rest\/wp\/v2\/posts\/160636"}],"collection":[{"href":"https:\/\/www.nettali.com\/rest\/wp\/v2\/posts"}],"about":[{"href":"https:\/\/www.nettali.com\/rest\/wp\/v2\/types\/post"}],"author":[{"embeddable":true,"href":"https:\/\/www.nettali.com\/rest\/wp\/v2\/users\/4"}],"replies":[{"embeddable":true,"href":"https:\/\/www.nettali.com\/rest\/wp\/v2\/comments?post=160636"}],"version-history":[{"count":1,"href":"https:\/\/www.nettali.com\/rest\/wp\/v2\/posts\/160636\/revisions"}],"predecessor-version":[{"id":160638,"href":"https:\/\/www.nettali.com\/rest\/wp\/v2\/posts\/160636\/revisions\/160638"}],"wp:featuredmedia":[{"embeddable":true,"href":"https:\/\/www.nettali.com\/rest\/wp\/v2\/media\/100186"}],"wp:attachment":[{"href":"https:\/\/www.nettali.com\/rest\/wp\/v2\/media?parent=160636"}],"wp:term":[{"taxonomy":"category","embeddable":true,"href":"https:\/\/www.nettali.com\/rest\/wp\/v2\/categories?post=160636"},{"taxonomy":"post_tag","embeddable":true,"href":"https:\/\/www.nettali.com\/rest\/wp\/v2\/tags?post=160636"}],"curies":[{"name":"wp","href":"https:\/\/api.w.org\/{rel}","templated":true}]}}