{"id":160629,"date":"2025-09-03T17:45:20","date_gmt":"2025-09-03T17:45:20","guid":{"rendered":"https:\/\/www.nettali.com\/?p=160629"},"modified":"2025-09-03T22:19:24","modified_gmt":"2025-09-03T22:19:24","slug":"invite-par-bpi-france-ousmane-sonko-ne-rendra-pas-a-paris","status":"publish","type":"post","link":"https:\/\/www.nettali.com\/2025\/09\/03\/invite-par-bpi-france-ousmane-sonko-ne-rendra-pas-a-paris\/","title":{"rendered":"INVITE PAR BPI FRANCE - Ousmane Sonko ne se rendra pas \u00e0 Paris"},"content":{"rendered":"<p><strong>NETTALI.COM - Ousmane Sonko n'ira pas en France. Du moins pas le 23 septembre comme le souhaitait BPI France. Le Premier ministre \u00e9voque un probl\u00e8me d'agenda comme explication.\u00a0<\/strong><\/p>\n<p>C'\u00e9tait un rendez-vous tr\u00e8s attendu. Le Premier ministre Ousmane Sonko devait se rendre \u00e0 Paris sur invitation de BPI France pour participer \u00e0 la 11e \u00e9dition de BpiFrance Inno G\u00e9n\u00e9ration (BIG). Mais le chef du gouvernement se fera finalement repr\u00e9senter. Les services de la Primature qui donne la nouvelle \u00e9voque \"<em>un emp\u00eachement li\u00e9 \u00e0 son agenda<\/em>\". \"<em>Le\u00a0Premier ministre ne pourra honorer cette invitation, \u00e0 laquelle il aurait souhait\u00e9 prendre part personnellement. Il sera cependant repr\u00e9sent\u00e9 lors de cet \u00e9v\u00e9nement par un membre du Gouvernement<\/em>\", explique la Primature dans un communiqu\u00e9.<\/p>\n<p>La m\u00eame source informe, par ailleurs, que \"<em>le Premier ministre accueillera prochainement \u00e0 Dakar son homologue fran\u00e7ais dans le cadre du s\u00e9minaire intergouvernemental (SIG), une initiative conjointe annonc\u00e9e par les deux Chefs d\u2019\u00c9tat<\/em>\".<\/p>\n<p>En outre, le Premier ministre s\u00e9n\u00e9galais doit effectuer une visite officielle aux \u00c9mirats Arabes Unis du 8 au 12 septembre 2025. \"<em>\u00c0 cette occasion, il sera re\u00e7u par Son Altesse Sheikh Mohamed Bin Zayed Al NAHYAN, Pr\u00e9sident des \u00c9mirats Arabes Unis<\/em>\", indique la Primature. Qui poursuit : \"<em>Enfin, les 13 et 14 septembre 2025, le Premier ministre se rendra en Italie pour la derni\u00e8re \u00e9tape de son d\u00e9placement. Ce s\u00e9jour sera d\u00e9di\u00e9 \u00e0 une rencontre avec la diaspora s\u00e9n\u00e9galaise d\u2019Europe, tous pays confondus, afin d\u2019\u00e9changer sur les enjeux li\u00e9s \u00e0 la gouvernance actuelle, au Plan de Redressement \u00c9conomique et Social, ainsi qu\u2019au r\u00f4le et \u00e0 la place de la diaspora dans la Vision 2050 et l\u2019Agenda National de Transformation du S\u00e9n\u00e9gal<\/em>.\"<\/p>\n<div class='share-to-whatsapp-wrapper'><div class='share-on-whsp'>PARTAGER SUR : <\/div><a data-text='INVITE PAR BPI FRANCE - Ousmane Sonko ne se rendra pas \u00e0 Paris' data-link='https:\/\/www.nettali.com\/2025\/09\/03\/invite-par-bpi-france-ousmane-sonko-ne-rendra-pas-a-paris\/' class='whatsapp-button whatsapp-share'>WhatsApp<\/a><div class='clear '><\/div><\/div>","protected":false},"excerpt":{"rendered":"<p>NETTALI.COM - Ousmane Sonko n'ira pas en France. Du moins pas le 23 septembre comme le souhaitait BPI France. Le Premier ministre \u00e9voque un probl\u00e8me d'agenda comme explication.\u00a0 C'\u00e9tait un rendez-vous tr\u00e8s attendu. Le Premier ministre Ousmane Sonko devait se rendre \u00e0 Paris sur invitation de BPI France pour participer \u00e0 la 11e \u00e9dition de [&hellip;]<\/p>\n","protected":false},"author":3,"featured_media":158943,"comment_status":"open","ping_status":"open","sticky":false,"template":"","format":"standard","meta":{"_et_pb_use_builder":"","_et_pb_old_content":""},"categories":[2],"tags":[],"yoast_head":"<!-- This site is optimized with the Yoast SEO Premium plugin v17.8 (Yoast SEO v17.8) - https:\/\/yoast.com\/wordpress\/plugins\/seo\/ -->\n<title>INVITE PAR BPI FRANCE - Ousmane Sonko ne se rendra pas \u00e0 Paris | Nettali.com<\/title>\n<meta name=\"robots\" content=\"index, follow, max-snippet:-1, max-image-preview:large, max-video-preview:-1\" \/>\n<link rel=\"canonical\" href=\"https:\/\/www.nettali.com\/2025\/09\/03\/invite-par-bpi-france-ousmane-sonko-ne-rendra-pas-a-paris\/\" \/>\n<meta property=\"og:locale\" content=\"fr_FR\" \/>\n<meta property=\"og:type\" content=\"article\" \/>\n<meta property=\"og:title\" content=\"INVITE PAR BPI FRANCE - Ousmane Sonko ne se rendra pas \u00e0 Paris\" \/>\n<meta property=\"og:description\" content=\"NETTALI.COM - Ousmane Sonko n&#039;ira pas en France. Du moins pas le 23 septembre comme le souhaitait BPI France. Le Premier ministre \u00e9voque un probl\u00e8me d&#039;agenda comme explication.\u00a0 C&#039;\u00e9tait un rendez-vous tr\u00e8s attendu. Le Premier ministre Ousmane Sonko devait se rendre \u00e0 Paris sur invitation de BPI France pour participer \u00e0 la 11e \u00e9dition de [&hellip;]\" \/>\n<meta property=\"og:url\" content=\"https:\/\/www.nettali.com\/2025\/09\/03\/invite-par-bpi-france-ousmane-sonko-ne-rendra-pas-a-paris\/\" \/>\n<meta property=\"og:site_name\" content=\"Nettali.com\" \/>\n<meta property=\"article:publisher\" content=\"https:\/\/www.facebook.com\/nettalicom\" \/>\n<meta property=\"article:published_time\" content=\"2025-09-03T17:45:20+00:00\" \/>\n<meta property=\"article:modified_time\" content=\"2025-09-03T22:19:24+00:00\" \/>\n<meta property=\"og:image\" content=\"https:\/\/www.nettali.com\/wp-content\/uploads\/2025\/08\/ousmane-sonko-avion-voyage-e1754408790971.jpg\" \/>\n\t<meta property=\"og:image:width\" content=\"1600\" \/>\n\t<meta property=\"og:image:height\" content=\"820\" \/>\n<meta name=\"twitter:card\" content=\"summary_large_image\" \/>\n<meta name=\"twitter:label1\" content=\"\u00c9crit par\" \/>\n\t<meta name=\"twitter:data1\" content=\"Moustapha\" \/>\n\t<meta name=\"twitter:label2\" content=\"Dur\u00e9e de lecture estim\u00e9e\" \/>\n\t<meta name=\"twitter:data2\" content=\"2 minutes\" \/>\n<script type=\"application\/ld+json\" class=\"yoast-schema-graph\">{\"@context\":\"https:\/\/schema.org\",\"@graph\":[{\"@type\":\"WebSite\",\"@id\":\"https:\/\/www.nettali.com\/#website\",\"url\":\"https:\/\/www.nettali.com\/\",\"name\":\"Nettali.com\",\"description\":\"Le rendez-vous critique du Net\",\"potentialAction\":[{\"@type\":\"SearchAction\",\"target\":{\"@type\":\"EntryPoint\",\"urlTemplate\":\"https:\/\/www.nettali.com\/?s={search_term_string}\"},\"query-input\":\"required name=search_term_string\"}],\"inLanguage\":\"fr-FR\"},{\"@type\":\"ImageObject\",\"@id\":\"https:\/\/www.nettali.com\/2025\/09\/03\/invite-par-bpi-france-ousmane-sonko-ne-rendra-pas-a-paris\/#primaryimage\",\"inLanguage\":\"fr-FR\",\"url\":\"https:\/\/www.nettali.com\/wp-content\/uploads\/2025\/08\/ousmane-sonko-avion-voyage-e1754408790971.jpg\",\"contentUrl\":\"https:\/\/www.nettali.com\/wp-content\/uploads\/2025\/08\/ousmane-sonko-avion-voyage-e1754408790971.jpg\",\"width\":1600,\"height\":820},{\"@type\":\"WebPage\",\"@id\":\"https:\/\/www.nettali.com\/2025\/09\/03\/invite-par-bpi-france-ousmane-sonko-ne-rendra-pas-a-paris\/#webpage\",\"url\":\"https:\/\/www.nettali.com\/2025\/09\/03\/invite-par-bpi-france-ousmane-sonko-ne-rendra-pas-a-paris\/\",\"name\":\"INVITE PAR BPI FRANCE - Ousmane Sonko ne se rendra pas \\u00e0 Paris | Nettali.com\",\"isPartOf\":{\"@id\":\"https:\/\/www.nettali.com\/#website\"},\"primaryImageOfPage\":{\"@id\":\"https:\/\/www.nettali.com\/2025\/09\/03\/invite-par-bpi-france-ousmane-sonko-ne-rendra-pas-a-paris\/#primaryimage\"},\"datePublished\":\"2025-09-03T17:45:20+00:00\",\"dateModified\":\"2025-09-03T22:19:24+00:00\",\"author\":{\"@id\":\"https:\/\/www.nettali.com\/#\/schema\/person\/7962a12a6e0267f88f0ffa544c36469a\"},\"breadcrumb\":{\"@id\":\"https:\/\/www.nettali.com\/2025\/09\/03\/invite-par-bpi-france-ousmane-sonko-ne-rendra-pas-a-paris\/#breadcrumb\"},\"inLanguage\":\"fr-FR\",\"potentialAction\":[{\"@type\":\"ReadAction\",\"target\":[\"https:\/\/www.nettali.com\/2025\/09\/03\/invite-par-bpi-france-ousmane-sonko-ne-rendra-pas-a-paris\/\"]}]},{\"@type\":\"BreadcrumbList\",\"@id\":\"https:\/\/www.nettali.com\/2025\/09\/03\/invite-par-bpi-france-ousmane-sonko-ne-rendra-pas-a-paris\/#breadcrumb\",\"itemListElement\":[{\"@type\":\"ListItem\",\"position\":1,\"name\":\"Accueil\",\"item\":\"https:\/\/www.nettali.com\/\"},{\"@type\":\"ListItem\",\"position\":2,\"name\":\"INVITE PAR BPI FRANCE - Ousmane Sonko ne se rendra pas \\u00e0 Paris\"}]},{\"@type\":\"Person\",\"@id\":\"https:\/\/www.nettali.com\/#\/schema\/person\/7962a12a6e0267f88f0ffa544c36469a\",\"name\":\"Moustapha\",\"image\":{\"@type\":\"ImageObject\",\"@id\":\"https:\/\/www.nettali.com\/#personlogo\",\"inLanguage\":\"fr-FR\",\"url\":\"https:\/\/secure.gravatar.com\/avatar\/10fdf6a071cccdcf374e3dbe45159590?s=96&d=mm&r=g\",\"contentUrl\":\"https:\/\/secure.gravatar.com\/avatar\/10fdf6a071cccdcf374e3dbe45159590?s=96&d=mm&r=g\",\"caption\":\"Moustapha\"},\"sameAs\":[\"https:\/\/www.nettali.com\"]}]}<\/script>\n<!-- \/ Yoast SEO Premium plugin. -->","yoast_head_json":{"title":"INVITE PAR BPI FRANCE - Ousmane Sonko ne se rendra pas \u00e0 Paris | Nettali.com","robots":{"index":"index","follow":"follow","max-snippet":"max-snippet:-1","max-image-preview":"max-image-preview:large","max-video-preview":"max-video-preview:-1"},"canonical":"https:\/\/www.nettali.com\/2025\/09\/03\/invite-par-bpi-france-ousmane-sonko-ne-rendra-pas-a-paris\/","og_locale":"fr_FR","og_type":"article","og_title":"INVITE PAR BPI FRANCE - Ousmane Sonko ne se rendra pas \u00e0 Paris","og_description":"NETTALI.COM - Ousmane Sonko n'ira pas en France. Du moins pas le 23 septembre comme le souhaitait BPI France. Le Premier ministre \u00e9voque un probl\u00e8me d'agenda comme explication.\u00a0 C'\u00e9tait un rendez-vous tr\u00e8s attendu. Le Premier ministre Ousmane Sonko devait se rendre \u00e0 Paris sur invitation de BPI France pour participer \u00e0 la 11e \u00e9dition de [&hellip;]","og_url":"https:\/\/www.nettali.com\/2025\/09\/03\/invite-par-bpi-france-ousmane-sonko-ne-rendra-pas-a-paris\/","og_site_name":"Nettali.com","article_publisher":"https:\/\/www.facebook.com\/nettalicom","article_published_time":"2025-09-03T17:45:20+00:00","article_modified_time":"2025-09-03T22:19:24+00:00","og_image":[{"width":1600,"height":820,"url":"https:\/\/www.nettali.com\/wp-content\/uploads\/2025\/08\/ousmane-sonko-avion-voyage-e1754408790971.jpg","type":"image\/jpeg"}],"twitter_card":"summary_large_image","twitter_misc":{"\u00c9crit par":"Moustapha","Dur\u00e9e de lecture estim\u00e9e":"2 minutes"},"schema":{"@context":"https:\/\/schema.org","@graph":[{"@type":"WebSite","@id":"https:\/\/www.nettali.com\/#website","url":"https:\/\/www.nettali.com\/","name":"Nettali.com","description":"Le rendez-vous critique du Net","potentialAction":[{"@type":"SearchAction","target":{"@type":"EntryPoint","urlTemplate":"https:\/\/www.nettali.com\/?s={search_term_string}"},"query-input":"required name=search_term_string"}],"inLanguage":"fr-FR"},{"@type":"ImageObject","@id":"https:\/\/www.nettali.com\/2025\/09\/03\/invite-par-bpi-france-ousmane-sonko-ne-rendra-pas-a-paris\/#primaryimage","inLanguage":"fr-FR","url":"https:\/\/www.nettali.com\/wp-content\/uploads\/2025\/08\/ousmane-sonko-avion-voyage-e1754408790971.jpg","contentUrl":"https:\/\/www.nettali.com\/wp-content\/uploads\/2025\/08\/ousmane-sonko-avion-voyage-e1754408790971.jpg","width":1600,"height":820},{"@type":"WebPage","@id":"https:\/\/www.nettali.com\/2025\/09\/03\/invite-par-bpi-france-ousmane-sonko-ne-rendra-pas-a-paris\/#webpage","url":"https:\/\/www.nettali.com\/2025\/09\/03\/invite-par-bpi-france-ousmane-sonko-ne-rendra-pas-a-paris\/","name":"INVITE PAR BPI FRANCE - Ousmane Sonko ne se rendra pas \u00e0 Paris | Nettali.com","isPartOf":{"@id":"https:\/\/www.nettali.com\/#website"},"primaryImageOfPage":{"@id":"https:\/\/www.nettali.com\/2025\/09\/03\/invite-par-bpi-france-ousmane-sonko-ne-rendra-pas-a-paris\/#primaryimage"},"datePublished":"2025-09-03T17:45:20+00:00","dateModified":"2025-09-03T22:19:24+00:00","author":{"@id":"https:\/\/www.nettali.com\/#\/schema\/person\/7962a12a6e0267f88f0ffa544c36469a"},"breadcrumb":{"@id":"https:\/\/www.nettali.com\/2025\/09\/03\/invite-par-bpi-france-ousmane-sonko-ne-rendra-pas-a-paris\/#breadcrumb"},"inLanguage":"fr-FR","potentialAction":[{"@type":"ReadAction","target":["https:\/\/www.nettali.com\/2025\/09\/03\/invite-par-bpi-france-ousmane-sonko-ne-rendra-pas-a-paris\/"]}]},{"@type":"BreadcrumbList","@id":"https:\/\/www.nettali.com\/2025\/09\/03\/invite-par-bpi-france-ousmane-sonko-ne-rendra-pas-a-paris\/#breadcrumb","itemListElement":[{"@type":"ListItem","position":1,"name":"Accueil","item":"https:\/\/www.nettali.com\/"},{"@type":"ListItem","position":2,"name":"INVITE PAR BPI FRANCE - Ousmane Sonko ne se rendra pas \u00e0 Paris"}]},{"@type":"Person","@id":"https:\/\/www.nettali.com\/#\/schema\/person\/7962a12a6e0267f88f0ffa544c36469a","name":"Moustapha","image":{"@type":"ImageObject","@id":"https:\/\/www.nettali.com\/#personlogo","inLanguage":"fr-FR","url":"https:\/\/secure.gravatar.com\/avatar\/10fdf6a071cccdcf374e3dbe45159590?s=96&d=mm&r=g","contentUrl":"https:\/\/secure.gravatar.com\/avatar\/10fdf6a071cccdcf374e3dbe45159590?s=96&d=mm&r=g","caption":"Moustapha"},"sameAs":["https:\/\/www.nettali.com"]}]}},"_links":{"self":[{"href":"https:\/\/www.nettali.com\/rest\/wp\/v2\/posts\/160629"}],"collection":[{"href":"https:\/\/www.nettali.com\/rest\/wp\/v2\/posts"}],"about":[{"href":"https:\/\/www.nettali.com\/rest\/wp\/v2\/types\/post"}],"author":[{"embeddable":true,"href":"https:\/\/www.nettali.com\/rest\/wp\/v2\/users\/3"}],"replies":[{"embeddable":true,"href":"https:\/\/www.nettali.com\/rest\/wp\/v2\/comments?post=160629"}],"version-history":[{"count":2,"href":"https:\/\/www.nettali.com\/rest\/wp\/v2\/posts\/160629\/revisions"}],"predecessor-version":[{"id":160635,"href":"https:\/\/www.nettali.com\/rest\/wp\/v2\/posts\/160629\/revisions\/160635"}],"wp:featuredmedia":[{"embeddable":true,"href":"https:\/\/www.nettali.com\/rest\/wp\/v2\/media\/158943"}],"wp:attachment":[{"href":"https:\/\/www.nettali.com\/rest\/wp\/v2\/media?parent=160629"}],"wp:term":[{"taxonomy":"category","embeddable":true,"href":"https:\/\/www.nettali.com\/rest\/wp\/v2\/categories?post=160629"},{"taxonomy":"post_tag","embeddable":true,"href":"https:\/\/www.nettali.com\/rest\/wp\/v2\/tags?post=160629"}],"curies":[{"name":"wp","href":"https:\/\/api.w.org\/{rel}","templated":true}]}}