{"id":160603,"date":"2025-09-03T12:58:24","date_gmt":"2025-09-03T12:58:24","guid":{"rendered":"https:\/\/www.nettali.com\/?p=160603"},"modified":"2025-09-03T12:58:24","modified_gmt":"2025-09-03T12:58:24","slug":"burkina-faso-lhomosexualite-criminalisee","status":"publish","type":"post","link":"https:\/\/www.nettali.com\/2025\/09\/03\/burkina-faso-lhomosexualite-criminalisee\/","title":{"rendered":"BURKINA FASO - L'homosexualit\u00e9 criminalis\u00e9e"},"content":{"rendered":"<p><strong>NETTALI.COM - L\u2019Assembl\u00e9e nationale Burkinab\u00e8 a approuv\u00e9 \u00e0 l\u2019unanimit\u00e9, ce lundi, un projet de loi criminalisant les relations entre personnes de m\u00eame sexe. La nouvelle l\u00e9gislation, rapport\u00e9e par la t\u00e9l\u00e9vision d\u2019\u00c9tat, pr\u00e9voit des peines d\u2019emprisonnement allant de deux \u00e0 cinq ans, ainsi que des amendes pour toute personne reconnue coupable de \"<em>pratiques homosexuelles<\/em>\".<\/strong><\/p>\n<p>Cette d\u00e9cision place le Burkina Faso parmi la trentaine de pays africains o\u00f9 l\u2019homosexualit\u00e9 est ill\u00e9gale. Jusqu\u2019\u00e0 pr\u00e9sent, le pays ne disposait pas de texte de loi sp\u00e9cifique ciblant les personnes homosexuelles, bien que celles-ci fassent l\u2019objet d\u2019une forte stigmatisation sociale.<\/p>\n<p>Le texte a \u00e9t\u00e9 vot\u00e9 par les 71 membres non \u00e9lus de l\u2019Assembl\u00e9e de transition, qui si\u00e8ge depuis l\u2019arriv\u00e9e au pouvoir de la junte militaire en 2022. Le ministre de la Justice, Edasso Rodrigue Bayala, a pr\u00e9cis\u00e9 que les ressortissants \u00e9trangers condamn\u00e9s en vertu de cette loi seraient expuls\u00e9s du territoire burkinab\u00e8.<\/p>\n<div class='share-to-whatsapp-wrapper'><div class='share-on-whsp'>PARTAGER SUR : <\/div><a data-text='BURKINA FASO - L'homosexualit\u00e9 criminalis\u00e9e' data-link='https:\/\/www.nettali.com\/2025\/09\/03\/burkina-faso-lhomosexualite-criminalisee\/' class='whatsapp-button whatsapp-share'>WhatsApp<\/a><div class='clear '><\/div><\/div>","protected":false},"excerpt":{"rendered":"<p>NETTALI.COM - L\u2019Assembl\u00e9e nationale Burkinab\u00e8 a approuv\u00e9 \u00e0 l\u2019unanimit\u00e9, ce lundi, un projet de loi criminalisant les relations entre personnes de m\u00eame sexe. La nouvelle l\u00e9gislation, rapport\u00e9e par la t\u00e9l\u00e9vision d\u2019\u00c9tat, pr\u00e9voit des peines d\u2019emprisonnement allant de deux \u00e0 cinq ans, ainsi que des amendes pour toute personne reconnue coupable de \"pratiques homosexuelles\". Cette d\u00e9cision [&hellip;]<\/p>\n","protected":false},"author":5,"featured_media":160604,"comment_status":"open","ping_status":"open","sticky":false,"template":"","format":"standard","meta":{"_et_pb_use_builder":"","_et_pb_old_content":""},"categories":[8],"tags":[],"yoast_head":"<!-- This site is optimized with the Yoast SEO Premium plugin v17.8 (Yoast SEO v17.8) - https:\/\/yoast.com\/wordpress\/plugins\/seo\/ -->\n<title>BURKINA FASO - L&#039;homosexualit\u00e9 criminalis\u00e9e | Nettali.com<\/title>\n<meta name=\"robots\" content=\"index, follow, max-snippet:-1, max-image-preview:large, max-video-preview:-1\" \/>\n<link rel=\"canonical\" href=\"https:\/\/www.nettali.com\/2025\/09\/03\/burkina-faso-lhomosexualite-criminalisee\/\" \/>\n<meta property=\"og:locale\" content=\"fr_FR\" \/>\n<meta property=\"og:type\" content=\"article\" \/>\n<meta property=\"og:title\" content=\"BURKINA FASO - L&#039;homosexualit\u00e9 criminalis\u00e9e\" \/>\n<meta property=\"og:description\" content=\"NETTALI.COM - L\u2019Assembl\u00e9e nationale Burkinab\u00e8 a approuv\u00e9 \u00e0 l\u2019unanimit\u00e9, ce lundi, un projet de loi criminalisant les relations entre personnes de m\u00eame sexe. La nouvelle l\u00e9gislation, rapport\u00e9e par la t\u00e9l\u00e9vision d\u2019\u00c9tat, pr\u00e9voit des peines d\u2019emprisonnement allant de deux \u00e0 cinq ans, ainsi que des amendes pour toute personne reconnue coupable de &quot;pratiques homosexuelles&quot;. Cette d\u00e9cision [&hellip;]\" \/>\n<meta property=\"og:url\" content=\"https:\/\/www.nettali.com\/2025\/09\/03\/burkina-faso-lhomosexualite-criminalisee\/\" \/>\n<meta property=\"og:site_name\" content=\"Nettali.com\" \/>\n<meta property=\"article:publisher\" content=\"https:\/\/www.facebook.com\/nettalicom\" \/>\n<meta property=\"article:published_time\" content=\"2025-09-03T12:58:24+00:00\" \/>\n<meta property=\"og:image\" content=\"https:\/\/www.nettali.com\/wp-content\/uploads\/2025\/09\/ibrahim-traore-2.jpg\" \/>\n\t<meta property=\"og:image:width\" content=\"1173\" \/>\n\t<meta property=\"og:image:height\" content=\"670\" \/>\n<meta name=\"twitter:card\" content=\"summary_large_image\" \/>\n<meta name=\"twitter:label1\" content=\"\u00c9crit par\" \/>\n\t<meta name=\"twitter:data1\" content=\"Ibrahima\" \/>\n\t<meta name=\"twitter:label2\" content=\"Dur\u00e9e de lecture estim\u00e9e\" \/>\n\t<meta name=\"twitter:data2\" content=\"1 minute\" \/>\n<script type=\"application\/ld+json\" class=\"yoast-schema-graph\">{\"@context\":\"https:\/\/schema.org\",\"@graph\":[{\"@type\":\"WebSite\",\"@id\":\"https:\/\/www.nettali.com\/#website\",\"url\":\"https:\/\/www.nettali.com\/\",\"name\":\"Nettali.com\",\"description\":\"Le rendez-vous critique du Net\",\"potentialAction\":[{\"@type\":\"SearchAction\",\"target\":{\"@type\":\"EntryPoint\",\"urlTemplate\":\"https:\/\/www.nettali.com\/?s={search_term_string}\"},\"query-input\":\"required name=search_term_string\"}],\"inLanguage\":\"fr-FR\"},{\"@type\":\"ImageObject\",\"@id\":\"https:\/\/www.nettali.com\/2025\/09\/03\/burkina-faso-lhomosexualite-criminalisee\/#primaryimage\",\"inLanguage\":\"fr-FR\",\"url\":\"https:\/\/www.nettali.com\/wp-content\/uploads\/2025\/09\/ibrahim-traore-2.jpg\",\"contentUrl\":\"https:\/\/www.nettali.com\/wp-content\/uploads\/2025\/09\/ibrahim-traore-2.jpg\",\"width\":1173,\"height\":670,\"caption\":\"CREATOR: gd-jpeg v1.0 (using IJG JPEG v80), quality = 100?\"},{\"@type\":\"WebPage\",\"@id\":\"https:\/\/www.nettali.com\/2025\/09\/03\/burkina-faso-lhomosexualite-criminalisee\/#webpage\",\"url\":\"https:\/\/www.nettali.com\/2025\/09\/03\/burkina-faso-lhomosexualite-criminalisee\/\",\"name\":\"BURKINA FASO - L'homosexualit\\u00e9 criminalis\\u00e9e | Nettali.com\",\"isPartOf\":{\"@id\":\"https:\/\/www.nettali.com\/#website\"},\"primaryImageOfPage\":{\"@id\":\"https:\/\/www.nettali.com\/2025\/09\/03\/burkina-faso-lhomosexualite-criminalisee\/#primaryimage\"},\"datePublished\":\"2025-09-03T12:58:24+00:00\",\"dateModified\":\"2025-09-03T12:58:24+00:00\",\"author\":{\"@id\":\"https:\/\/www.nettali.com\/#\/schema\/person\/bb147657c2986240405a608162b9bb23\"},\"breadcrumb\":{\"@id\":\"https:\/\/www.nettali.com\/2025\/09\/03\/burkina-faso-lhomosexualite-criminalisee\/#breadcrumb\"},\"inLanguage\":\"fr-FR\",\"potentialAction\":[{\"@type\":\"ReadAction\",\"target\":[\"https:\/\/www.nettali.com\/2025\/09\/03\/burkina-faso-lhomosexualite-criminalisee\/\"]}]},{\"@type\":\"BreadcrumbList\",\"@id\":\"https:\/\/www.nettali.com\/2025\/09\/03\/burkina-faso-lhomosexualite-criminalisee\/#breadcrumb\",\"itemListElement\":[{\"@type\":\"ListItem\",\"position\":1,\"name\":\"Accueil\",\"item\":\"https:\/\/www.nettali.com\/\"},{\"@type\":\"ListItem\",\"position\":2,\"name\":\"BURKINA FASO - L'homosexualit\\u00e9 criminalis\\u00e9e\"}]},{\"@type\":\"Person\",\"@id\":\"https:\/\/www.nettali.com\/#\/schema\/person\/bb147657c2986240405a608162b9bb23\",\"name\":\"Ibrahima\",\"image\":{\"@type\":\"ImageObject\",\"@id\":\"https:\/\/www.nettali.com\/#personlogo\",\"inLanguage\":\"fr-FR\",\"url\":\"https:\/\/secure.gravatar.com\/avatar\/26a8a81f09f0dd7624c9d5c36c9ba3a2?s=96&d=mm&r=g\",\"contentUrl\":\"https:\/\/secure.gravatar.com\/avatar\/26a8a81f09f0dd7624c9d5c36c9ba3a2?s=96&d=mm&r=g\",\"caption\":\"Ibrahima\"},\"sameAs\":[\"https:\/\/www.nettali.com\"]}]}<\/script>\n<!-- \/ Yoast SEO Premium plugin. -->","yoast_head_json":{"title":"BURKINA FASO - L'homosexualit\u00e9 criminalis\u00e9e | Nettali.com","robots":{"index":"index","follow":"follow","max-snippet":"max-snippet:-1","max-image-preview":"max-image-preview:large","max-video-preview":"max-video-preview:-1"},"canonical":"https:\/\/www.nettali.com\/2025\/09\/03\/burkina-faso-lhomosexualite-criminalisee\/","og_locale":"fr_FR","og_type":"article","og_title":"BURKINA FASO - L'homosexualit\u00e9 criminalis\u00e9e","og_description":"NETTALI.COM - L\u2019Assembl\u00e9e nationale Burkinab\u00e8 a approuv\u00e9 \u00e0 l\u2019unanimit\u00e9, ce lundi, un projet de loi criminalisant les relations entre personnes de m\u00eame sexe. La nouvelle l\u00e9gislation, rapport\u00e9e par la t\u00e9l\u00e9vision d\u2019\u00c9tat, pr\u00e9voit des peines d\u2019emprisonnement allant de deux \u00e0 cinq ans, ainsi que des amendes pour toute personne reconnue coupable de \"pratiques homosexuelles\". Cette d\u00e9cision [&hellip;]","og_url":"https:\/\/www.nettali.com\/2025\/09\/03\/burkina-faso-lhomosexualite-criminalisee\/","og_site_name":"Nettali.com","article_publisher":"https:\/\/www.facebook.com\/nettalicom","article_published_time":"2025-09-03T12:58:24+00:00","og_image":[{"width":1173,"height":670,"url":"https:\/\/www.nettali.com\/wp-content\/uploads\/2025\/09\/ibrahim-traore-2.jpg","type":"image\/jpeg"}],"twitter_card":"summary_large_image","twitter_misc":{"\u00c9crit par":"Ibrahima","Dur\u00e9e de lecture estim\u00e9e":"1 minute"},"schema":{"@context":"https:\/\/schema.org","@graph":[{"@type":"WebSite","@id":"https:\/\/www.nettali.com\/#website","url":"https:\/\/www.nettali.com\/","name":"Nettali.com","description":"Le rendez-vous critique du Net","potentialAction":[{"@type":"SearchAction","target":{"@type":"EntryPoint","urlTemplate":"https:\/\/www.nettali.com\/?s={search_term_string}"},"query-input":"required name=search_term_string"}],"inLanguage":"fr-FR"},{"@type":"ImageObject","@id":"https:\/\/www.nettali.com\/2025\/09\/03\/burkina-faso-lhomosexualite-criminalisee\/#primaryimage","inLanguage":"fr-FR","url":"https:\/\/www.nettali.com\/wp-content\/uploads\/2025\/09\/ibrahim-traore-2.jpg","contentUrl":"https:\/\/www.nettali.com\/wp-content\/uploads\/2025\/09\/ibrahim-traore-2.jpg","width":1173,"height":670,"caption":"CREATOR: gd-jpeg v1.0 (using IJG JPEG v80), quality = 100?"},{"@type":"WebPage","@id":"https:\/\/www.nettali.com\/2025\/09\/03\/burkina-faso-lhomosexualite-criminalisee\/#webpage","url":"https:\/\/www.nettali.com\/2025\/09\/03\/burkina-faso-lhomosexualite-criminalisee\/","name":"BURKINA FASO - L'homosexualit\u00e9 criminalis\u00e9e | Nettali.com","isPartOf":{"@id":"https:\/\/www.nettali.com\/#website"},"primaryImageOfPage":{"@id":"https:\/\/www.nettali.com\/2025\/09\/03\/burkina-faso-lhomosexualite-criminalisee\/#primaryimage"},"datePublished":"2025-09-03T12:58:24+00:00","dateModified":"2025-09-03T12:58:24+00:00","author":{"@id":"https:\/\/www.nettali.com\/#\/schema\/person\/bb147657c2986240405a608162b9bb23"},"breadcrumb":{"@id":"https:\/\/www.nettali.com\/2025\/09\/03\/burkina-faso-lhomosexualite-criminalisee\/#breadcrumb"},"inLanguage":"fr-FR","potentialAction":[{"@type":"ReadAction","target":["https:\/\/www.nettali.com\/2025\/09\/03\/burkina-faso-lhomosexualite-criminalisee\/"]}]},{"@type":"BreadcrumbList","@id":"https:\/\/www.nettali.com\/2025\/09\/03\/burkina-faso-lhomosexualite-criminalisee\/#breadcrumb","itemListElement":[{"@type":"ListItem","position":1,"name":"Accueil","item":"https:\/\/www.nettali.com\/"},{"@type":"ListItem","position":2,"name":"BURKINA FASO - L'homosexualit\u00e9 criminalis\u00e9e"}]},{"@type":"Person","@id":"https:\/\/www.nettali.com\/#\/schema\/person\/bb147657c2986240405a608162b9bb23","name":"Ibrahima","image":{"@type":"ImageObject","@id":"https:\/\/www.nettali.com\/#personlogo","inLanguage":"fr-FR","url":"https:\/\/secure.gravatar.com\/avatar\/26a8a81f09f0dd7624c9d5c36c9ba3a2?s=96&d=mm&r=g","contentUrl":"https:\/\/secure.gravatar.com\/avatar\/26a8a81f09f0dd7624c9d5c36c9ba3a2?s=96&d=mm&r=g","caption":"Ibrahima"},"sameAs":["https:\/\/www.nettali.com"]}]}},"_links":{"self":[{"href":"https:\/\/www.nettali.com\/rest\/wp\/v2\/posts\/160603"}],"collection":[{"href":"https:\/\/www.nettali.com\/rest\/wp\/v2\/posts"}],"about":[{"href":"https:\/\/www.nettali.com\/rest\/wp\/v2\/types\/post"}],"author":[{"embeddable":true,"href":"https:\/\/www.nettali.com\/rest\/wp\/v2\/users\/5"}],"replies":[{"embeddable":true,"href":"https:\/\/www.nettali.com\/rest\/wp\/v2\/comments?post=160603"}],"version-history":[{"count":3,"href":"https:\/\/www.nettali.com\/rest\/wp\/v2\/posts\/160603\/revisions"}],"predecessor-version":[{"id":160616,"href":"https:\/\/www.nettali.com\/rest\/wp\/v2\/posts\/160603\/revisions\/160616"}],"wp:featuredmedia":[{"embeddable":true,"href":"https:\/\/www.nettali.com\/rest\/wp\/v2\/media\/160604"}],"wp:attachment":[{"href":"https:\/\/www.nettali.com\/rest\/wp\/v2\/media?parent=160603"}],"wp:term":[{"taxonomy":"category","embeddable":true,"href":"https:\/\/www.nettali.com\/rest\/wp\/v2\/categories?post=160603"},{"taxonomy":"post_tag","embeddable":true,"href":"https:\/\/www.nettali.com\/rest\/wp\/v2\/tags?post=160603"}],"curies":[{"name":"wp","href":"https:\/\/api.w.org\/{rel}","templated":true}]}}