{"id":160594,"date":"2025-09-03T12:07:27","date_gmt":"2025-09-03T12:07:27","guid":{"rendered":"https:\/\/www.nettali.com\/?p=160594"},"modified":"2025-09-03T08:09:48","modified_gmt":"2025-09-03T08:09:48","slug":"sonko-annonce-lacte-4-de-la-decentralisation-un-comite-ad-hoc-installe-a-la-primature","status":"publish","type":"post","link":"https:\/\/www.nettali.com\/2025\/09\/03\/sonko-annonce-lacte-4-de-la-decentralisation-un-comite-ad-hoc-installe-a-la-primature\/","title":{"rendered":"SONKO ANNONCE L'ACTE\u00a0 4 DE LA D\u00c9CENTRALISATION - Un comit\u00e9 ad hoc install\u00e9 \u00e0 la Primature"},"content":{"rendered":"<p data-start=\"163\" data-end=\"525\"><strong>NETTALI.COM - Le Premier ministre, Ousmane Sonko, a annonc\u00e9 mardi \u00e0 Dakar la mise en place, \u00e0 la Primature, d\u2019un comit\u00e9 ad hoc charg\u00e9 de conduire la r\u00e9forme de la d\u00e9centralisation des politiques publiques. Cette r\u00e9forme, qualifi\u00e9e d\u2019\u00ab Acte 4 de la d\u00e9centralisation \u00bb, vise \u00e0 doter les collectivit\u00e9s territoriales d\u2019un cadre juridique renforc\u00e9 et de moyens financiers accrus.<\/strong><\/p>\n<p data-start=\"527\" data-end=\"909\">Pr\u00e9sidant la c\u00e9r\u00e9monie de lancement du projet <em>\u00ab Dakar m\u00e9tropole internationale 2050 \u00bb<\/em>, M. Sonko a pr\u00e9cis\u00e9 que la nouvelle architecture de la d\u00e9centralisation s\u2019appuiera sur les huit p\u00f4les territoires retenus dans le Plan national de d\u00e9veloppement. Ces p\u00f4les auront un statut reconnu par une future loi d\u2019orientation, destin\u00e9e \u00e0 garantir leur l\u00e9gitimit\u00e9 et leur durabilit\u00e9.<\/p>\n<p data-start=\"911\" data-end=\"1388\">Le chef du gouvernement a annonc\u00e9 la tenue de conf\u00e9rences interminist\u00e9rielles sur la territorialit\u00e9 afin d\u2019harmoniser les politiques publiques et de renforcer leur coh\u00e9rence nationale, tout en tenant compte des sp\u00e9cificit\u00e9s locales. Il a confi\u00e9 au ministre de l\u2019Urbanisme, des Collectivit\u00e9s territoriales et de l\u2019Am\u00e9nagement du territoire, Balla Moussa Fofana, la mission de centraliser les concertations sur la d\u00e9centralisation pour en tirer un document de synth\u00e8se.<\/p>\n<p data-start=\"1390\" data-end=\"1852\">Sur le plan financier, Ousmane Sonko a insist\u00e9 sur l\u2019importance de doter les collectivit\u00e9s territoriales de ressources substantielles. <em>\u00ab Nous n\u2019en sommes m\u00eame pas \u00e0 5 %. Le Maroc a d\u00e9pass\u00e9 les 20 % [d\u2019allocation de l\u2019\u00c9tat au budget des collectivit\u00e9s territoriales]. Ce n\u2019est pas \u00e9tonnant que Casablanca arrive \u00e0 r\u00e9aliser ce qu\u2019elle fait \u00bb<\/em>, a-t-il d\u00e9plor\u00e9, soulignant que la viabilit\u00e9 financi\u00e8re des collectivit\u00e9s sera l\u2019un des enjeux majeurs de la r\u00e9forme.<\/p>\n<p data-start=\"1854\" data-end=\"2093\">L\u2019Acte 4 de la d\u00e9centralisation, selon le Premier ministre, doit permettre de renforcer l\u2019autonomie des collectivit\u00e9s, de rapprocher les citoyens des instances de d\u00e9cision et d\u2019assurer une action publique plus efficace et coordonn\u00e9e.<\/p>\n<div class='share-to-whatsapp-wrapper'><div class='share-on-whsp'>PARTAGER SUR : <\/div><a data-text='SONKO ANNONCE L'ACTE\u00a0 4 DE LA D\u00c9CENTRALISATION - Un comit\u00e9 ad hoc install\u00e9 \u00e0 la Primature' data-link='https:\/\/www.nettali.com\/2025\/09\/03\/sonko-annonce-lacte-4-de-la-decentralisation-un-comite-ad-hoc-installe-a-la-primature\/' class='whatsapp-button whatsapp-share'>WhatsApp<\/a><div class='clear '><\/div><\/div>","protected":false},"excerpt":{"rendered":"<p>NETTALI.COM - Le Premier ministre, Ousmane Sonko, a annonc\u00e9 mardi \u00e0 Dakar la mise en place, \u00e0 la Primature, d\u2019un comit\u00e9 ad hoc charg\u00e9 de conduire la r\u00e9forme de la d\u00e9centralisation des politiques publiques. Cette r\u00e9forme, qualifi\u00e9e d\u2019\u00ab Acte 4 de la d\u00e9centralisation \u00bb, vise \u00e0 doter les collectivit\u00e9s territoriales d\u2019un cadre juridique renforc\u00e9 et [&hellip;]<\/p>\n","protected":false},"author":4,"featured_media":157634,"comment_status":"open","ping_status":"open","sticky":false,"template":"","format":"standard","meta":{"_et_pb_use_builder":"","_et_pb_old_content":""},"categories":[2],"tags":[],"yoast_head":"<!-- This site is optimized with the Yoast SEO Premium plugin v17.8 (Yoast SEO v17.8) - https:\/\/yoast.com\/wordpress\/plugins\/seo\/ -->\n<title>SONKO ANNONCE L&#039;ACTE\u00a0 4 DE LA D\u00c9CENTRALISATION - Un comit\u00e9 ad hoc install\u00e9 \u00e0 la Primature | Nettali.com<\/title>\n<meta name=\"robots\" content=\"index, follow, max-snippet:-1, max-image-preview:large, max-video-preview:-1\" \/>\n<link rel=\"canonical\" href=\"https:\/\/www.nettali.com\/2025\/09\/03\/sonko-annonce-lacte-4-de-la-decentralisation-un-comite-ad-hoc-installe-a-la-primature\/\" \/>\n<meta property=\"og:locale\" content=\"fr_FR\" \/>\n<meta property=\"og:type\" content=\"article\" \/>\n<meta property=\"og:title\" content=\"SONKO ANNONCE L&#039;ACTE\u00a0 4 DE LA D\u00c9CENTRALISATION - Un comit\u00e9 ad hoc install\u00e9 \u00e0 la Primature\" \/>\n<meta property=\"og:description\" content=\"NETTALI.COM - Le Premier ministre, Ousmane Sonko, a annonc\u00e9 mardi \u00e0 Dakar la mise en place, \u00e0 la Primature, d\u2019un comit\u00e9 ad hoc charg\u00e9 de conduire la r\u00e9forme de la d\u00e9centralisation des politiques publiques. Cette r\u00e9forme, qualifi\u00e9e d\u2019\u00ab Acte 4 de la d\u00e9centralisation \u00bb, vise \u00e0 doter les collectivit\u00e9s territoriales d\u2019un cadre juridique renforc\u00e9 et [&hellip;]\" \/>\n<meta property=\"og:url\" content=\"https:\/\/www.nettali.com\/2025\/09\/03\/sonko-annonce-lacte-4-de-la-decentralisation-un-comite-ad-hoc-installe-a-la-primature\/\" \/>\n<meta property=\"og:site_name\" content=\"Nettali.com\" \/>\n<meta property=\"article:publisher\" content=\"https:\/\/www.facebook.com\/nettalicom\" \/>\n<meta property=\"article:published_time\" content=\"2025-09-03T12:07:27+00:00\" \/>\n<meta property=\"article:modified_time\" content=\"2025-09-03T08:09:48+00:00\" \/>\n<meta property=\"og:image\" content=\"https:\/\/www.nettali.com\/wp-content\/uploads\/2025\/07\/ousmane-sonko-primature-point-presse-gouvernement.jpg\" \/>\n\t<meta property=\"og:image:width\" content=\"1280\" \/>\n\t<meta property=\"og:image:height\" content=\"960\" \/>\n<meta name=\"twitter:card\" content=\"summary_large_image\" \/>\n<meta name=\"twitter:label1\" content=\"\u00c9crit par\" \/>\n\t<meta name=\"twitter:data1\" content=\"Daouda\" \/>\n\t<meta name=\"twitter:label2\" content=\"Dur\u00e9e de lecture estim\u00e9e\" \/>\n\t<meta name=\"twitter:data2\" content=\"2 minutes\" \/>\n<script type=\"application\/ld+json\" class=\"yoast-schema-graph\">{\"@context\":\"https:\/\/schema.org\",\"@graph\":[{\"@type\":\"WebSite\",\"@id\":\"https:\/\/www.nettali.com\/#website\",\"url\":\"https:\/\/www.nettali.com\/\",\"name\":\"Nettali.com\",\"description\":\"Le rendez-vous critique du Net\",\"potentialAction\":[{\"@type\":\"SearchAction\",\"target\":{\"@type\":\"EntryPoint\",\"urlTemplate\":\"https:\/\/www.nettali.com\/?s={search_term_string}\"},\"query-input\":\"required name=search_term_string\"}],\"inLanguage\":\"fr-FR\"},{\"@type\":\"ImageObject\",\"@id\":\"https:\/\/www.nettali.com\/2025\/09\/03\/sonko-annonce-lacte-4-de-la-decentralisation-un-comite-ad-hoc-installe-a-la-primature\/#primaryimage\",\"inLanguage\":\"fr-FR\",\"url\":\"https:\/\/www.nettali.com\/wp-content\/uploads\/2025\/07\/ousmane-sonko-primature-point-presse-gouvernement.jpg\",\"contentUrl\":\"https:\/\/www.nettali.com\/wp-content\/uploads\/2025\/07\/ousmane-sonko-primature-point-presse-gouvernement.jpg\",\"width\":1280,\"height\":960},{\"@type\":\"WebPage\",\"@id\":\"https:\/\/www.nettali.com\/2025\/09\/03\/sonko-annonce-lacte-4-de-la-decentralisation-un-comite-ad-hoc-installe-a-la-primature\/#webpage\",\"url\":\"https:\/\/www.nettali.com\/2025\/09\/03\/sonko-annonce-lacte-4-de-la-decentralisation-un-comite-ad-hoc-installe-a-la-primature\/\",\"name\":\"SONKO ANNONCE L'ACTE\\u00a0 4 DE LA D\\u00c9CENTRALISATION - Un comit\\u00e9 ad hoc install\\u00e9 \\u00e0 la Primature | Nettali.com\",\"isPartOf\":{\"@id\":\"https:\/\/www.nettali.com\/#website\"},\"primaryImageOfPage\":{\"@id\":\"https:\/\/www.nettali.com\/2025\/09\/03\/sonko-annonce-lacte-4-de-la-decentralisation-un-comite-ad-hoc-installe-a-la-primature\/#primaryimage\"},\"datePublished\":\"2025-09-03T12:07:27+00:00\",\"dateModified\":\"2025-09-03T08:09:48+00:00\",\"author\":{\"@id\":\"https:\/\/www.nettali.com\/#\/schema\/person\/3317e0bb3aa1da309fbf7b2780901bf4\"},\"breadcrumb\":{\"@id\":\"https:\/\/www.nettali.com\/2025\/09\/03\/sonko-annonce-lacte-4-de-la-decentralisation-un-comite-ad-hoc-installe-a-la-primature\/#breadcrumb\"},\"inLanguage\":\"fr-FR\",\"potentialAction\":[{\"@type\":\"ReadAction\",\"target\":[\"https:\/\/www.nettali.com\/2025\/09\/03\/sonko-annonce-lacte-4-de-la-decentralisation-un-comite-ad-hoc-installe-a-la-primature\/\"]}]},{\"@type\":\"BreadcrumbList\",\"@id\":\"https:\/\/www.nettali.com\/2025\/09\/03\/sonko-annonce-lacte-4-de-la-decentralisation-un-comite-ad-hoc-installe-a-la-primature\/#breadcrumb\",\"itemListElement\":[{\"@type\":\"ListItem\",\"position\":1,\"name\":\"Accueil\",\"item\":\"https:\/\/www.nettali.com\/\"},{\"@type\":\"ListItem\",\"position\":2,\"name\":\"SONKO ANNONCE L'ACTE\\u00a0 4 DE LA D\\u00c9CENTRALISATION - Un comit\\u00e9 ad hoc install\\u00e9 \\u00e0 la Primature\"}]},{\"@type\":\"Person\",\"@id\":\"https:\/\/www.nettali.com\/#\/schema\/person\/3317e0bb3aa1da309fbf7b2780901bf4\",\"name\":\"Daouda\",\"image\":{\"@type\":\"ImageObject\",\"@id\":\"https:\/\/www.nettali.com\/#personlogo\",\"inLanguage\":\"fr-FR\",\"url\":\"https:\/\/secure.gravatar.com\/avatar\/8d143b5a49345098ddcfee1c49c2f47c?s=96&d=mm&r=g\",\"contentUrl\":\"https:\/\/secure.gravatar.com\/avatar\/8d143b5a49345098ddcfee1c49c2f47c?s=96&d=mm&r=g\",\"caption\":\"Daouda\"},\"sameAs\":[\"https:\/\/www.nettali.com\"]}]}<\/script>\n<!-- \/ Yoast SEO Premium plugin. -->","yoast_head_json":{"title":"SONKO ANNONCE L'ACTE\u00a0 4 DE LA D\u00c9CENTRALISATION - Un comit\u00e9 ad hoc install\u00e9 \u00e0 la Primature | Nettali.com","robots":{"index":"index","follow":"follow","max-snippet":"max-snippet:-1","max-image-preview":"max-image-preview:large","max-video-preview":"max-video-preview:-1"},"canonical":"https:\/\/www.nettali.com\/2025\/09\/03\/sonko-annonce-lacte-4-de-la-decentralisation-un-comite-ad-hoc-installe-a-la-primature\/","og_locale":"fr_FR","og_type":"article","og_title":"SONKO ANNONCE L'ACTE\u00a0 4 DE LA D\u00c9CENTRALISATION - Un comit\u00e9 ad hoc install\u00e9 \u00e0 la Primature","og_description":"NETTALI.COM - Le Premier ministre, Ousmane Sonko, a annonc\u00e9 mardi \u00e0 Dakar la mise en place, \u00e0 la Primature, d\u2019un comit\u00e9 ad hoc charg\u00e9 de conduire la r\u00e9forme de la d\u00e9centralisation des politiques publiques. Cette r\u00e9forme, qualifi\u00e9e d\u2019\u00ab Acte 4 de la d\u00e9centralisation \u00bb, vise \u00e0 doter les collectivit\u00e9s territoriales d\u2019un cadre juridique renforc\u00e9 et [&hellip;]","og_url":"https:\/\/www.nettali.com\/2025\/09\/03\/sonko-annonce-lacte-4-de-la-decentralisation-un-comite-ad-hoc-installe-a-la-primature\/","og_site_name":"Nettali.com","article_publisher":"https:\/\/www.facebook.com\/nettalicom","article_published_time":"2025-09-03T12:07:27+00:00","article_modified_time":"2025-09-03T08:09:48+00:00","og_image":[{"width":1280,"height":960,"url":"https:\/\/www.nettali.com\/wp-content\/uploads\/2025\/07\/ousmane-sonko-primature-point-presse-gouvernement.jpg","type":"image\/jpeg"}],"twitter_card":"summary_large_image","twitter_misc":{"\u00c9crit par":"Daouda","Dur\u00e9e de lecture estim\u00e9e":"2 minutes"},"schema":{"@context":"https:\/\/schema.org","@graph":[{"@type":"WebSite","@id":"https:\/\/www.nettali.com\/#website","url":"https:\/\/www.nettali.com\/","name":"Nettali.com","description":"Le rendez-vous critique du Net","potentialAction":[{"@type":"SearchAction","target":{"@type":"EntryPoint","urlTemplate":"https:\/\/www.nettali.com\/?s={search_term_string}"},"query-input":"required name=search_term_string"}],"inLanguage":"fr-FR"},{"@type":"ImageObject","@id":"https:\/\/www.nettali.com\/2025\/09\/03\/sonko-annonce-lacte-4-de-la-decentralisation-un-comite-ad-hoc-installe-a-la-primature\/#primaryimage","inLanguage":"fr-FR","url":"https:\/\/www.nettali.com\/wp-content\/uploads\/2025\/07\/ousmane-sonko-primature-point-presse-gouvernement.jpg","contentUrl":"https:\/\/www.nettali.com\/wp-content\/uploads\/2025\/07\/ousmane-sonko-primature-point-presse-gouvernement.jpg","width":1280,"height":960},{"@type":"WebPage","@id":"https:\/\/www.nettali.com\/2025\/09\/03\/sonko-annonce-lacte-4-de-la-decentralisation-un-comite-ad-hoc-installe-a-la-primature\/#webpage","url":"https:\/\/www.nettali.com\/2025\/09\/03\/sonko-annonce-lacte-4-de-la-decentralisation-un-comite-ad-hoc-installe-a-la-primature\/","name":"SONKO ANNONCE L'ACTE\u00a0 4 DE LA D\u00c9CENTRALISATION - Un comit\u00e9 ad hoc install\u00e9 \u00e0 la Primature | Nettali.com","isPartOf":{"@id":"https:\/\/www.nettali.com\/#website"},"primaryImageOfPage":{"@id":"https:\/\/www.nettali.com\/2025\/09\/03\/sonko-annonce-lacte-4-de-la-decentralisation-un-comite-ad-hoc-installe-a-la-primature\/#primaryimage"},"datePublished":"2025-09-03T12:07:27+00:00","dateModified":"2025-09-03T08:09:48+00:00","author":{"@id":"https:\/\/www.nettali.com\/#\/schema\/person\/3317e0bb3aa1da309fbf7b2780901bf4"},"breadcrumb":{"@id":"https:\/\/www.nettali.com\/2025\/09\/03\/sonko-annonce-lacte-4-de-la-decentralisation-un-comite-ad-hoc-installe-a-la-primature\/#breadcrumb"},"inLanguage":"fr-FR","potentialAction":[{"@type":"ReadAction","target":["https:\/\/www.nettali.com\/2025\/09\/03\/sonko-annonce-lacte-4-de-la-decentralisation-un-comite-ad-hoc-installe-a-la-primature\/"]}]},{"@type":"BreadcrumbList","@id":"https:\/\/www.nettali.com\/2025\/09\/03\/sonko-annonce-lacte-4-de-la-decentralisation-un-comite-ad-hoc-installe-a-la-primature\/#breadcrumb","itemListElement":[{"@type":"ListItem","position":1,"name":"Accueil","item":"https:\/\/www.nettali.com\/"},{"@type":"ListItem","position":2,"name":"SONKO ANNONCE L'ACTE\u00a0 4 DE LA D\u00c9CENTRALISATION - Un comit\u00e9 ad hoc install\u00e9 \u00e0 la Primature"}]},{"@type":"Person","@id":"https:\/\/www.nettali.com\/#\/schema\/person\/3317e0bb3aa1da309fbf7b2780901bf4","name":"Daouda","image":{"@type":"ImageObject","@id":"https:\/\/www.nettali.com\/#personlogo","inLanguage":"fr-FR","url":"https:\/\/secure.gravatar.com\/avatar\/8d143b5a49345098ddcfee1c49c2f47c?s=96&d=mm&r=g","contentUrl":"https:\/\/secure.gravatar.com\/avatar\/8d143b5a49345098ddcfee1c49c2f47c?s=96&d=mm&r=g","caption":"Daouda"},"sameAs":["https:\/\/www.nettali.com"]}]}},"_links":{"self":[{"href":"https:\/\/www.nettali.com\/rest\/wp\/v2\/posts\/160594"}],"collection":[{"href":"https:\/\/www.nettali.com\/rest\/wp\/v2\/posts"}],"about":[{"href":"https:\/\/www.nettali.com\/rest\/wp\/v2\/types\/post"}],"author":[{"embeddable":true,"href":"https:\/\/www.nettali.com\/rest\/wp\/v2\/users\/4"}],"replies":[{"embeddable":true,"href":"https:\/\/www.nettali.com\/rest\/wp\/v2\/comments?post=160594"}],"version-history":[{"count":1,"href":"https:\/\/www.nettali.com\/rest\/wp\/v2\/posts\/160594\/revisions"}],"predecessor-version":[{"id":160597,"href":"https:\/\/www.nettali.com\/rest\/wp\/v2\/posts\/160594\/revisions\/160597"}],"wp:featuredmedia":[{"embeddable":true,"href":"https:\/\/www.nettali.com\/rest\/wp\/v2\/media\/157634"}],"wp:attachment":[{"href":"https:\/\/www.nettali.com\/rest\/wp\/v2\/media?parent=160594"}],"wp:term":[{"taxonomy":"category","embeddable":true,"href":"https:\/\/www.nettali.com\/rest\/wp\/v2\/categories?post=160594"},{"taxonomy":"post_tag","embeddable":true,"href":"https:\/\/www.nettali.com\/rest\/wp\/v2\/tags?post=160594"}],"curies":[{"name":"wp","href":"https:\/\/api.w.org\/{rel}","templated":true}]}}