{"id":160592,"date":"2025-09-03T10:05:27","date_gmt":"2025-09-03T10:05:27","guid":{"rendered":"https:\/\/www.nettali.com\/?p=160592"},"modified":"2025-09-03T08:07:08","modified_gmt":"2025-09-03T08:07:08","slug":"mairie-de-dakar-abass-fall-officiellement-installe-maire-ce-4-septembre","status":"publish","type":"post","link":"https:\/\/www.nettali.com\/2025\/09\/03\/mairie-de-dakar-abass-fall-officiellement-installe-maire-ce-4-septembre\/","title":{"rendered":"MAIRIE DE DAKAR - Abass Fall officiellement install\u00e9 maire ce 4 septembre"},"content":{"rendered":"<p data-start=\"196\" data-end=\"424\"><strong>NETTALI.COM - \u00c9lu le 25 ao\u00fbt dernier, Abass Fall sera officiellement install\u00e9 dans ses fonctions de maire de Dakar ce\u00a0 4 septembre. Il succ\u00e8de \u00e0 Ngon\u00e9 Mbengue, qui assurait l\u2019int\u00e9rim depuis la destitution de Barth\u00e9l\u00e9my Dias.<\/strong><\/p>\n<p data-start=\"426\" data-end=\"693\">D\u00e8s l\u2019annonce de sa victoire, l\u2019actuel ministre du Travail avait r\u00e9affirm\u00e9 son choix de quitter le gouvernement pour se consacrer exclusivement \u00e0 la mairie, en conformit\u00e9 avec la ligne directrice de son parti, le Pastef, qui proscrit le cumul des fonctions.<\/p>\n<p data-start=\"695\" data-end=\"1044\">Le nouveau maire de la capitale s\u00e9n\u00e9galaise entend rapidement imprimer sa marque. Sa c\u00e9r\u00e9monie d\u2019installation devrait \u00eatre l\u2019occasion de pr\u00e9senter les premiers axes de sa feuille de route pour Dakar, dans un contexte o\u00f9 les attentes des populations en mati\u00e8re d\u2019urbanisme, de mobilit\u00e9 et de gouvernance locale sont particuli\u00e8rement fortes.<\/p>\n<div class='share-to-whatsapp-wrapper'><div class='share-on-whsp'>PARTAGER SUR : <\/div><a data-text='MAIRIE DE DAKAR - Abass Fall officiellement install\u00e9 maire ce 4 septembre' data-link='https:\/\/www.nettali.com\/2025\/09\/03\/mairie-de-dakar-abass-fall-officiellement-installe-maire-ce-4-septembre\/' class='whatsapp-button whatsapp-share'>WhatsApp<\/a><div class='clear '><\/div><\/div>","protected":false},"excerpt":{"rendered":"<p>NETTALI.COM - \u00c9lu le 25 ao\u00fbt dernier, Abass Fall sera officiellement install\u00e9 dans ses fonctions de maire de Dakar ce\u00a0 4 septembre. Il succ\u00e8de \u00e0 Ngon\u00e9 Mbengue, qui assurait l\u2019int\u00e9rim depuis la destitution de Barth\u00e9l\u00e9my Dias. D\u00e8s l\u2019annonce de sa victoire, l\u2019actuel ministre du Travail avait r\u00e9affirm\u00e9 son choix de quitter le gouvernement pour se [&hellip;]<\/p>\n","protected":false},"author":4,"featured_media":141764,"comment_status":"open","ping_status":"open","sticky":false,"template":"","format":"standard","meta":{"_et_pb_use_builder":"","_et_pb_old_content":""},"categories":[2],"tags":[],"yoast_head":"<!-- This site is optimized with the Yoast SEO Premium plugin v17.8 (Yoast SEO v17.8) - https:\/\/yoast.com\/wordpress\/plugins\/seo\/ -->\n<title>MAIRIE DE DAKAR - Abass Fall officiellement install\u00e9 maire ce 4 septembre | Nettali.com<\/title>\n<meta name=\"robots\" content=\"index, follow, max-snippet:-1, max-image-preview:large, max-video-preview:-1\" \/>\n<link rel=\"canonical\" href=\"https:\/\/www.nettali.com\/2025\/09\/03\/mairie-de-dakar-abass-fall-officiellement-installe-maire-ce-4-septembre\/\" \/>\n<meta property=\"og:locale\" content=\"fr_FR\" \/>\n<meta property=\"og:type\" content=\"article\" \/>\n<meta property=\"og:title\" content=\"MAIRIE DE DAKAR - Abass Fall officiellement install\u00e9 maire ce 4 septembre\" \/>\n<meta property=\"og:description\" content=\"NETTALI.COM - \u00c9lu le 25 ao\u00fbt dernier, Abass Fall sera officiellement install\u00e9 dans ses fonctions de maire de Dakar ce\u00a0 4 septembre. Il succ\u00e8de \u00e0 Ngon\u00e9 Mbengue, qui assurait l\u2019int\u00e9rim depuis la destitution de Barth\u00e9l\u00e9my Dias. D\u00e8s l\u2019annonce de sa victoire, l\u2019actuel ministre du Travail avait r\u00e9affirm\u00e9 son choix de quitter le gouvernement pour se [&hellip;]\" \/>\n<meta property=\"og:url\" content=\"https:\/\/www.nettali.com\/2025\/09\/03\/mairie-de-dakar-abass-fall-officiellement-installe-maire-ce-4-septembre\/\" \/>\n<meta property=\"og:site_name\" content=\"Nettali.com\" \/>\n<meta property=\"article:publisher\" content=\"https:\/\/www.facebook.com\/nettalicom\" \/>\n<meta property=\"article:published_time\" content=\"2025-09-03T10:05:27+00:00\" \/>\n<meta property=\"article:modified_time\" content=\"2025-09-03T08:07:08+00:00\" \/>\n<meta property=\"og:image\" content=\"https:\/\/www.nettali.com\/wp-content\/uploads\/2024\/10\/Abass-Fall.jpg\" \/>\n\t<meta property=\"og:image:width\" content=\"1200\" \/>\n\t<meta property=\"og:image:height\" content=\"1000\" \/>\n<meta name=\"twitter:card\" content=\"summary_large_image\" \/>\n<meta name=\"twitter:label1\" content=\"\u00c9crit par\" \/>\n\t<meta name=\"twitter:data1\" content=\"Daouda\" \/>\n\t<meta name=\"twitter:label2\" content=\"Dur\u00e9e de lecture estim\u00e9e\" \/>\n\t<meta name=\"twitter:data2\" content=\"1 minute\" \/>\n<script type=\"application\/ld+json\" class=\"yoast-schema-graph\">{\"@context\":\"https:\/\/schema.org\",\"@graph\":[{\"@type\":\"WebSite\",\"@id\":\"https:\/\/www.nettali.com\/#website\",\"url\":\"https:\/\/www.nettali.com\/\",\"name\":\"Nettali.com\",\"description\":\"Le rendez-vous critique du Net\",\"potentialAction\":[{\"@type\":\"SearchAction\",\"target\":{\"@type\":\"EntryPoint\",\"urlTemplate\":\"https:\/\/www.nettali.com\/?s={search_term_string}\"},\"query-input\":\"required name=search_term_string\"}],\"inLanguage\":\"fr-FR\"},{\"@type\":\"ImageObject\",\"@id\":\"https:\/\/www.nettali.com\/2025\/09\/03\/mairie-de-dakar-abass-fall-officiellement-installe-maire-ce-4-septembre\/#primaryimage\",\"inLanguage\":\"fr-FR\",\"url\":\"https:\/\/www.nettali.com\/wp-content\/uploads\/2024\/10\/Abass-Fall.jpg\",\"contentUrl\":\"https:\/\/www.nettali.com\/wp-content\/uploads\/2024\/10\/Abass-Fall.jpg\",\"width\":1200,\"height\":1000},{\"@type\":\"WebPage\",\"@id\":\"https:\/\/www.nettali.com\/2025\/09\/03\/mairie-de-dakar-abass-fall-officiellement-installe-maire-ce-4-septembre\/#webpage\",\"url\":\"https:\/\/www.nettali.com\/2025\/09\/03\/mairie-de-dakar-abass-fall-officiellement-installe-maire-ce-4-septembre\/\",\"name\":\"MAIRIE DE DAKAR - Abass Fall officiellement install\\u00e9 maire ce 4 septembre | Nettali.com\",\"isPartOf\":{\"@id\":\"https:\/\/www.nettali.com\/#website\"},\"primaryImageOfPage\":{\"@id\":\"https:\/\/www.nettali.com\/2025\/09\/03\/mairie-de-dakar-abass-fall-officiellement-installe-maire-ce-4-septembre\/#primaryimage\"},\"datePublished\":\"2025-09-03T10:05:27+00:00\",\"dateModified\":\"2025-09-03T08:07:08+00:00\",\"author\":{\"@id\":\"https:\/\/www.nettali.com\/#\/schema\/person\/3317e0bb3aa1da309fbf7b2780901bf4\"},\"breadcrumb\":{\"@id\":\"https:\/\/www.nettali.com\/2025\/09\/03\/mairie-de-dakar-abass-fall-officiellement-installe-maire-ce-4-septembre\/#breadcrumb\"},\"inLanguage\":\"fr-FR\",\"potentialAction\":[{\"@type\":\"ReadAction\",\"target\":[\"https:\/\/www.nettali.com\/2025\/09\/03\/mairie-de-dakar-abass-fall-officiellement-installe-maire-ce-4-septembre\/\"]}]},{\"@type\":\"BreadcrumbList\",\"@id\":\"https:\/\/www.nettali.com\/2025\/09\/03\/mairie-de-dakar-abass-fall-officiellement-installe-maire-ce-4-septembre\/#breadcrumb\",\"itemListElement\":[{\"@type\":\"ListItem\",\"position\":1,\"name\":\"Accueil\",\"item\":\"https:\/\/www.nettali.com\/\"},{\"@type\":\"ListItem\",\"position\":2,\"name\":\"MAIRIE DE DAKAR - Abass Fall officiellement install\\u00e9 maire ce 4 septembre\"}]},{\"@type\":\"Person\",\"@id\":\"https:\/\/www.nettali.com\/#\/schema\/person\/3317e0bb3aa1da309fbf7b2780901bf4\",\"name\":\"Daouda\",\"image\":{\"@type\":\"ImageObject\",\"@id\":\"https:\/\/www.nettali.com\/#personlogo\",\"inLanguage\":\"fr-FR\",\"url\":\"https:\/\/secure.gravatar.com\/avatar\/8d143b5a49345098ddcfee1c49c2f47c?s=96&d=mm&r=g\",\"contentUrl\":\"https:\/\/secure.gravatar.com\/avatar\/8d143b5a49345098ddcfee1c49c2f47c?s=96&d=mm&r=g\",\"caption\":\"Daouda\"},\"sameAs\":[\"https:\/\/www.nettali.com\"]}]}<\/script>\n<!-- \/ Yoast SEO Premium plugin. -->","yoast_head_json":{"title":"MAIRIE DE DAKAR - Abass Fall officiellement install\u00e9 maire ce 4 septembre | Nettali.com","robots":{"index":"index","follow":"follow","max-snippet":"max-snippet:-1","max-image-preview":"max-image-preview:large","max-video-preview":"max-video-preview:-1"},"canonical":"https:\/\/www.nettali.com\/2025\/09\/03\/mairie-de-dakar-abass-fall-officiellement-installe-maire-ce-4-septembre\/","og_locale":"fr_FR","og_type":"article","og_title":"MAIRIE DE DAKAR - Abass Fall officiellement install\u00e9 maire ce 4 septembre","og_description":"NETTALI.COM - \u00c9lu le 25 ao\u00fbt dernier, Abass Fall sera officiellement install\u00e9 dans ses fonctions de maire de Dakar ce\u00a0 4 septembre. Il succ\u00e8de \u00e0 Ngon\u00e9 Mbengue, qui assurait l\u2019int\u00e9rim depuis la destitution de Barth\u00e9l\u00e9my Dias. D\u00e8s l\u2019annonce de sa victoire, l\u2019actuel ministre du Travail avait r\u00e9affirm\u00e9 son choix de quitter le gouvernement pour se [&hellip;]","og_url":"https:\/\/www.nettali.com\/2025\/09\/03\/mairie-de-dakar-abass-fall-officiellement-installe-maire-ce-4-septembre\/","og_site_name":"Nettali.com","article_publisher":"https:\/\/www.facebook.com\/nettalicom","article_published_time":"2025-09-03T10:05:27+00:00","article_modified_time":"2025-09-03T08:07:08+00:00","og_image":[{"width":1200,"height":1000,"url":"https:\/\/www.nettali.com\/wp-content\/uploads\/2024\/10\/Abass-Fall.jpg","type":"image\/jpeg"}],"twitter_card":"summary_large_image","twitter_misc":{"\u00c9crit par":"Daouda","Dur\u00e9e de lecture estim\u00e9e":"1 minute"},"schema":{"@context":"https:\/\/schema.org","@graph":[{"@type":"WebSite","@id":"https:\/\/www.nettali.com\/#website","url":"https:\/\/www.nettali.com\/","name":"Nettali.com","description":"Le rendez-vous critique du Net","potentialAction":[{"@type":"SearchAction","target":{"@type":"EntryPoint","urlTemplate":"https:\/\/www.nettali.com\/?s={search_term_string}"},"query-input":"required name=search_term_string"}],"inLanguage":"fr-FR"},{"@type":"ImageObject","@id":"https:\/\/www.nettali.com\/2025\/09\/03\/mairie-de-dakar-abass-fall-officiellement-installe-maire-ce-4-septembre\/#primaryimage","inLanguage":"fr-FR","url":"https:\/\/www.nettali.com\/wp-content\/uploads\/2024\/10\/Abass-Fall.jpg","contentUrl":"https:\/\/www.nettali.com\/wp-content\/uploads\/2024\/10\/Abass-Fall.jpg","width":1200,"height":1000},{"@type":"WebPage","@id":"https:\/\/www.nettali.com\/2025\/09\/03\/mairie-de-dakar-abass-fall-officiellement-installe-maire-ce-4-septembre\/#webpage","url":"https:\/\/www.nettali.com\/2025\/09\/03\/mairie-de-dakar-abass-fall-officiellement-installe-maire-ce-4-septembre\/","name":"MAIRIE DE DAKAR - Abass Fall officiellement install\u00e9 maire ce 4 septembre | Nettali.com","isPartOf":{"@id":"https:\/\/www.nettali.com\/#website"},"primaryImageOfPage":{"@id":"https:\/\/www.nettali.com\/2025\/09\/03\/mairie-de-dakar-abass-fall-officiellement-installe-maire-ce-4-septembre\/#primaryimage"},"datePublished":"2025-09-03T10:05:27+00:00","dateModified":"2025-09-03T08:07:08+00:00","author":{"@id":"https:\/\/www.nettali.com\/#\/schema\/person\/3317e0bb3aa1da309fbf7b2780901bf4"},"breadcrumb":{"@id":"https:\/\/www.nettali.com\/2025\/09\/03\/mairie-de-dakar-abass-fall-officiellement-installe-maire-ce-4-septembre\/#breadcrumb"},"inLanguage":"fr-FR","potentialAction":[{"@type":"ReadAction","target":["https:\/\/www.nettali.com\/2025\/09\/03\/mairie-de-dakar-abass-fall-officiellement-installe-maire-ce-4-septembre\/"]}]},{"@type":"BreadcrumbList","@id":"https:\/\/www.nettali.com\/2025\/09\/03\/mairie-de-dakar-abass-fall-officiellement-installe-maire-ce-4-septembre\/#breadcrumb","itemListElement":[{"@type":"ListItem","position":1,"name":"Accueil","item":"https:\/\/www.nettali.com\/"},{"@type":"ListItem","position":2,"name":"MAIRIE DE DAKAR - Abass Fall officiellement install\u00e9 maire ce 4 septembre"}]},{"@type":"Person","@id":"https:\/\/www.nettali.com\/#\/schema\/person\/3317e0bb3aa1da309fbf7b2780901bf4","name":"Daouda","image":{"@type":"ImageObject","@id":"https:\/\/www.nettali.com\/#personlogo","inLanguage":"fr-FR","url":"https:\/\/secure.gravatar.com\/avatar\/8d143b5a49345098ddcfee1c49c2f47c?s=96&d=mm&r=g","contentUrl":"https:\/\/secure.gravatar.com\/avatar\/8d143b5a49345098ddcfee1c49c2f47c?s=96&d=mm&r=g","caption":"Daouda"},"sameAs":["https:\/\/www.nettali.com"]}]}},"_links":{"self":[{"href":"https:\/\/www.nettali.com\/rest\/wp\/v2\/posts\/160592"}],"collection":[{"href":"https:\/\/www.nettali.com\/rest\/wp\/v2\/posts"}],"about":[{"href":"https:\/\/www.nettali.com\/rest\/wp\/v2\/types\/post"}],"author":[{"embeddable":true,"href":"https:\/\/www.nettali.com\/rest\/wp\/v2\/users\/4"}],"replies":[{"embeddable":true,"href":"https:\/\/www.nettali.com\/rest\/wp\/v2\/comments?post=160592"}],"version-history":[{"count":1,"href":"https:\/\/www.nettali.com\/rest\/wp\/v2\/posts\/160592\/revisions"}],"predecessor-version":[{"id":160593,"href":"https:\/\/www.nettali.com\/rest\/wp\/v2\/posts\/160592\/revisions\/160593"}],"wp:featuredmedia":[{"embeddable":true,"href":"https:\/\/www.nettali.com\/rest\/wp\/v2\/media\/141764"}],"wp:attachment":[{"href":"https:\/\/www.nettali.com\/rest\/wp\/v2\/media?parent=160592"}],"wp:term":[{"taxonomy":"category","embeddable":true,"href":"https:\/\/www.nettali.com\/rest\/wp\/v2\/categories?post=160592"},{"taxonomy":"post_tag","embeddable":true,"href":"https:\/\/www.nettali.com\/rest\/wp\/v2\/tags?post=160592"}],"curies":[{"name":"wp","href":"https:\/\/api.w.org\/{rel}","templated":true}]}}