{"id":160587,"date":"2025-09-03T07:59:17","date_gmt":"2025-09-03T07:59:17","guid":{"rendered":"https:\/\/www.nettali.com\/?p=160587"},"modified":"2025-09-03T07:59:17","modified_gmt":"2025-09-03T07:59:17","slug":"rdc-lopposant-constant-mutamba-condamne-a-trois-ans-de-travaux-forces-et-cinq-ans-dineligibilite","status":"publish","type":"post","link":"https:\/\/www.nettali.com\/2025\/09\/03\/rdc-lopposant-constant-mutamba-condamne-a-trois-ans-de-travaux-forces-et-cinq-ans-dineligibilite\/","title":{"rendered":"RDC - L\u2019opposant Constant Mutamba condamn\u00e9 \u00e0 trois ans de travaux forc\u00e9s et cinq ans d\u2019in\u00e9ligibilit\u00e9"},"content":{"rendered":"<p><strong>NETTALI.COM - L\u2019ancien ministre congolais de la Justice, Constant Mutamba, a \u00e9t\u00e9 condamn\u00e9, mardi, \u00e0 trois ans de travaux forc\u00e9s et cinq ans d\u2019in\u00e9ligibilit\u00e9, suivis d\u2019une interdiction de droit de vote par la Cour de cassation de Kinshasa, ont rapport\u00e9 plusieurs m\u00e9dias.<\/strong><\/p>\n<p>L\u2019homme politique de 37 ans est accus\u00e9 de d\u00e9tournement d\u2019une somme de vingt millions de dollars destin\u00e9e \u00e0 la construction d\u2019un centre de r\u00e9clusion \u00e0 Kisangani, dans le nord-est de la R\u00e9publique d\u00e9mocratique du Congo (RDC).<\/p>\n<p>La partie accusatrice a indiqu\u00e9 que M. Mutamba aurait pr\u00e9lev\u00e9 des millions de dollars sur les comptes du Fonds de r\u00e9paration et d\u2019indemnisation des victimes des activit\u00e9s illicites de l\u2019Ouganda en RDC et les aurait transf\u00e9r\u00e9s vers un compte ouvert au nom d\u2019une entreprise de construction, affirment des m\u00e9dias congolais.<\/p>\n<p>Cette op\u00e9ration qui, selon le procureur congolais, a fait fi des r\u00e8gles de passation des march\u00e9s publics, constitue un \u201cd\u00e9tournement de fond\u201d.<\/p>\n<p>L\u2019inculp\u00e9 a, quant \u00e0 lui, ni\u00e9 tous les faits qui lui sont imput\u00e9s, qualifiant la justice congolaise de \u2018\u2019malade\u2019\u2019.<\/p>\n<p>Candidat malheureux \u00e0 la Pr\u00e9sidentielle congolaise de 2023, Constant Mutamba avait rejoint le gouvernement de Felix Tshisekedi en 2024 en tant que Garde des sceaux, avant de pr\u00e9senter sa d\u00e9mission en juin 2025 pour poursuivre ses ambitions politiques.<\/p>\n<div class='share-to-whatsapp-wrapper'><div class='share-on-whsp'>PARTAGER SUR : <\/div><a data-text='RDC - L\u2019opposant Constant Mutamba condamn\u00e9 \u00e0 trois ans de travaux forc\u00e9s et cinq ans d\u2019in\u00e9ligibilit\u00e9' data-link='https:\/\/www.nettali.com\/2025\/09\/03\/rdc-lopposant-constant-mutamba-condamne-a-trois-ans-de-travaux-forces-et-cinq-ans-dineligibilite\/' class='whatsapp-button whatsapp-share'>WhatsApp<\/a><div class='clear '><\/div><\/div>","protected":false},"excerpt":{"rendered":"<p>NETTALI.COM - L\u2019ancien ministre congolais de la Justice, Constant Mutamba, a \u00e9t\u00e9 condamn\u00e9, mardi, \u00e0 trois ans de travaux forc\u00e9s et cinq ans d\u2019in\u00e9ligibilit\u00e9, suivis d\u2019une interdiction de droit de vote par la Cour de cassation de Kinshasa, ont rapport\u00e9 plusieurs m\u00e9dias. L\u2019homme politique de 37 ans est accus\u00e9 de d\u00e9tournement d\u2019une somme de vingt [&hellip;]<\/p>\n","protected":false},"author":4,"featured_media":160588,"comment_status":"open","ping_status":"open","sticky":false,"template":"","format":"standard","meta":{"_et_pb_use_builder":"","_et_pb_old_content":""},"categories":[2],"tags":[],"yoast_head":"<!-- This site is optimized with the Yoast SEO Premium plugin v17.8 (Yoast SEO v17.8) - https:\/\/yoast.com\/wordpress\/plugins\/seo\/ -->\n<title>RDC - L\u2019opposant Constant Mutamba condamn\u00e9 \u00e0 trois ans de travaux forc\u00e9s et cinq ans d\u2019in\u00e9ligibilit\u00e9 | Nettali.com<\/title>\n<meta name=\"robots\" content=\"index, follow, max-snippet:-1, max-image-preview:large, max-video-preview:-1\" \/>\n<link rel=\"canonical\" href=\"https:\/\/www.nettali.com\/2025\/09\/03\/rdc-lopposant-constant-mutamba-condamne-a-trois-ans-de-travaux-forces-et-cinq-ans-dineligibilite\/\" \/>\n<meta property=\"og:locale\" content=\"fr_FR\" \/>\n<meta property=\"og:type\" content=\"article\" \/>\n<meta property=\"og:title\" content=\"RDC - L\u2019opposant Constant Mutamba condamn\u00e9 \u00e0 trois ans de travaux forc\u00e9s et cinq ans d\u2019in\u00e9ligibilit\u00e9\" \/>\n<meta property=\"og:description\" content=\"NETTALI.COM - L\u2019ancien ministre congolais de la Justice, Constant Mutamba, a \u00e9t\u00e9 condamn\u00e9, mardi, \u00e0 trois ans de travaux forc\u00e9s et cinq ans d\u2019in\u00e9ligibilit\u00e9, suivis d\u2019une interdiction de droit de vote par la Cour de cassation de Kinshasa, ont rapport\u00e9 plusieurs m\u00e9dias. L\u2019homme politique de 37 ans est accus\u00e9 de d\u00e9tournement d\u2019une somme de vingt [&hellip;]\" \/>\n<meta property=\"og:url\" content=\"https:\/\/www.nettali.com\/2025\/09\/03\/rdc-lopposant-constant-mutamba-condamne-a-trois-ans-de-travaux-forces-et-cinq-ans-dineligibilite\/\" \/>\n<meta property=\"og:site_name\" content=\"Nettali.com\" \/>\n<meta property=\"article:publisher\" content=\"https:\/\/www.facebook.com\/nettalicom\" \/>\n<meta property=\"article:published_time\" content=\"2025-09-03T07:59:17+00:00\" \/>\n<meta property=\"og:image\" content=\"https:\/\/www.nettali.com\/wp-content\/uploads\/2025\/09\/Capture-de\u0301cran-2025-09-03-a\u0300-06.57.50.png\" \/>\n\t<meta property=\"og:image:width\" content=\"644\" \/>\n\t<meta property=\"og:image:height\" content=\"343\" \/>\n<meta name=\"twitter:card\" content=\"summary_large_image\" \/>\n<meta name=\"twitter:label1\" content=\"\u00c9crit par\" \/>\n\t<meta name=\"twitter:data1\" content=\"Daouda\" \/>\n\t<meta name=\"twitter:label2\" content=\"Dur\u00e9e de lecture estim\u00e9e\" \/>\n\t<meta name=\"twitter:data2\" content=\"2 minutes\" \/>\n<script type=\"application\/ld+json\" class=\"yoast-schema-graph\">{\"@context\":\"https:\/\/schema.org\",\"@graph\":[{\"@type\":\"WebSite\",\"@id\":\"https:\/\/www.nettali.com\/#website\",\"url\":\"https:\/\/www.nettali.com\/\",\"name\":\"Nettali.com\",\"description\":\"Le rendez-vous critique du Net\",\"potentialAction\":[{\"@type\":\"SearchAction\",\"target\":{\"@type\":\"EntryPoint\",\"urlTemplate\":\"https:\/\/www.nettali.com\/?s={search_term_string}\"},\"query-input\":\"required name=search_term_string\"}],\"inLanguage\":\"fr-FR\"},{\"@type\":\"ImageObject\",\"@id\":\"https:\/\/www.nettali.com\/2025\/09\/03\/rdc-lopposant-constant-mutamba-condamne-a-trois-ans-de-travaux-forces-et-cinq-ans-dineligibilite\/#primaryimage\",\"inLanguage\":\"fr-FR\",\"url\":\"https:\/\/www.nettali.com\/wp-content\/uploads\/2025\/09\/Capture-de\\u0301cran-2025-09-03-a\\u0300-06.57.50.png\",\"contentUrl\":\"https:\/\/www.nettali.com\/wp-content\/uploads\/2025\/09\/Capture-de\\u0301cran-2025-09-03-a\\u0300-06.57.50.png\",\"width\":644,\"height\":343},{\"@type\":\"WebPage\",\"@id\":\"https:\/\/www.nettali.com\/2025\/09\/03\/rdc-lopposant-constant-mutamba-condamne-a-trois-ans-de-travaux-forces-et-cinq-ans-dineligibilite\/#webpage\",\"url\":\"https:\/\/www.nettali.com\/2025\/09\/03\/rdc-lopposant-constant-mutamba-condamne-a-trois-ans-de-travaux-forces-et-cinq-ans-dineligibilite\/\",\"name\":\"RDC - L\\u2019opposant Constant Mutamba condamn\\u00e9 \\u00e0 trois ans de travaux forc\\u00e9s et cinq ans d\\u2019in\\u00e9ligibilit\\u00e9 | Nettali.com\",\"isPartOf\":{\"@id\":\"https:\/\/www.nettali.com\/#website\"},\"primaryImageOfPage\":{\"@id\":\"https:\/\/www.nettali.com\/2025\/09\/03\/rdc-lopposant-constant-mutamba-condamne-a-trois-ans-de-travaux-forces-et-cinq-ans-dineligibilite\/#primaryimage\"},\"datePublished\":\"2025-09-03T07:59:17+00:00\",\"dateModified\":\"2025-09-03T07:59:17+00:00\",\"author\":{\"@id\":\"https:\/\/www.nettali.com\/#\/schema\/person\/3317e0bb3aa1da309fbf7b2780901bf4\"},\"breadcrumb\":{\"@id\":\"https:\/\/www.nettali.com\/2025\/09\/03\/rdc-lopposant-constant-mutamba-condamne-a-trois-ans-de-travaux-forces-et-cinq-ans-dineligibilite\/#breadcrumb\"},\"inLanguage\":\"fr-FR\",\"potentialAction\":[{\"@type\":\"ReadAction\",\"target\":[\"https:\/\/www.nettali.com\/2025\/09\/03\/rdc-lopposant-constant-mutamba-condamne-a-trois-ans-de-travaux-forces-et-cinq-ans-dineligibilite\/\"]}]},{\"@type\":\"BreadcrumbList\",\"@id\":\"https:\/\/www.nettali.com\/2025\/09\/03\/rdc-lopposant-constant-mutamba-condamne-a-trois-ans-de-travaux-forces-et-cinq-ans-dineligibilite\/#breadcrumb\",\"itemListElement\":[{\"@type\":\"ListItem\",\"position\":1,\"name\":\"Accueil\",\"item\":\"https:\/\/www.nettali.com\/\"},{\"@type\":\"ListItem\",\"position\":2,\"name\":\"RDC - L\\u2019opposant Constant Mutamba condamn\\u00e9 \\u00e0 trois ans de travaux forc\\u00e9s et cinq ans d\\u2019in\\u00e9ligibilit\\u00e9\"}]},{\"@type\":\"Person\",\"@id\":\"https:\/\/www.nettali.com\/#\/schema\/person\/3317e0bb3aa1da309fbf7b2780901bf4\",\"name\":\"Daouda\",\"image\":{\"@type\":\"ImageObject\",\"@id\":\"https:\/\/www.nettali.com\/#personlogo\",\"inLanguage\":\"fr-FR\",\"url\":\"https:\/\/secure.gravatar.com\/avatar\/8d143b5a49345098ddcfee1c49c2f47c?s=96&d=mm&r=g\",\"contentUrl\":\"https:\/\/secure.gravatar.com\/avatar\/8d143b5a49345098ddcfee1c49c2f47c?s=96&d=mm&r=g\",\"caption\":\"Daouda\"},\"sameAs\":[\"https:\/\/www.nettali.com\"]}]}<\/script>\n<!-- \/ Yoast SEO Premium plugin. -->","yoast_head_json":{"title":"RDC - L\u2019opposant Constant Mutamba condamn\u00e9 \u00e0 trois ans de travaux forc\u00e9s et cinq ans d\u2019in\u00e9ligibilit\u00e9 | Nettali.com","robots":{"index":"index","follow":"follow","max-snippet":"max-snippet:-1","max-image-preview":"max-image-preview:large","max-video-preview":"max-video-preview:-1"},"canonical":"https:\/\/www.nettali.com\/2025\/09\/03\/rdc-lopposant-constant-mutamba-condamne-a-trois-ans-de-travaux-forces-et-cinq-ans-dineligibilite\/","og_locale":"fr_FR","og_type":"article","og_title":"RDC - L\u2019opposant Constant Mutamba condamn\u00e9 \u00e0 trois ans de travaux forc\u00e9s et cinq ans d\u2019in\u00e9ligibilit\u00e9","og_description":"NETTALI.COM - L\u2019ancien ministre congolais de la Justice, Constant Mutamba, a \u00e9t\u00e9 condamn\u00e9, mardi, \u00e0 trois ans de travaux forc\u00e9s et cinq ans d\u2019in\u00e9ligibilit\u00e9, suivis d\u2019une interdiction de droit de vote par la Cour de cassation de Kinshasa, ont rapport\u00e9 plusieurs m\u00e9dias. L\u2019homme politique de 37 ans est accus\u00e9 de d\u00e9tournement d\u2019une somme de vingt [&hellip;]","og_url":"https:\/\/www.nettali.com\/2025\/09\/03\/rdc-lopposant-constant-mutamba-condamne-a-trois-ans-de-travaux-forces-et-cinq-ans-dineligibilite\/","og_site_name":"Nettali.com","article_publisher":"https:\/\/www.facebook.com\/nettalicom","article_published_time":"2025-09-03T07:59:17+00:00","og_image":[{"width":644,"height":343,"url":"https:\/\/www.nettali.com\/wp-content\/uploads\/2025\/09\/Capture-de\u0301cran-2025-09-03-a\u0300-06.57.50.png","type":"image\/png"}],"twitter_card":"summary_large_image","twitter_misc":{"\u00c9crit par":"Daouda","Dur\u00e9e de lecture estim\u00e9e":"2 minutes"},"schema":{"@context":"https:\/\/schema.org","@graph":[{"@type":"WebSite","@id":"https:\/\/www.nettali.com\/#website","url":"https:\/\/www.nettali.com\/","name":"Nettali.com","description":"Le rendez-vous critique du Net","potentialAction":[{"@type":"SearchAction","target":{"@type":"EntryPoint","urlTemplate":"https:\/\/www.nettali.com\/?s={search_term_string}"},"query-input":"required name=search_term_string"}],"inLanguage":"fr-FR"},{"@type":"ImageObject","@id":"https:\/\/www.nettali.com\/2025\/09\/03\/rdc-lopposant-constant-mutamba-condamne-a-trois-ans-de-travaux-forces-et-cinq-ans-dineligibilite\/#primaryimage","inLanguage":"fr-FR","url":"https:\/\/www.nettali.com\/wp-content\/uploads\/2025\/09\/Capture-de\u0301cran-2025-09-03-a\u0300-06.57.50.png","contentUrl":"https:\/\/www.nettali.com\/wp-content\/uploads\/2025\/09\/Capture-de\u0301cran-2025-09-03-a\u0300-06.57.50.png","width":644,"height":343},{"@type":"WebPage","@id":"https:\/\/www.nettali.com\/2025\/09\/03\/rdc-lopposant-constant-mutamba-condamne-a-trois-ans-de-travaux-forces-et-cinq-ans-dineligibilite\/#webpage","url":"https:\/\/www.nettali.com\/2025\/09\/03\/rdc-lopposant-constant-mutamba-condamne-a-trois-ans-de-travaux-forces-et-cinq-ans-dineligibilite\/","name":"RDC - L\u2019opposant Constant Mutamba condamn\u00e9 \u00e0 trois ans de travaux forc\u00e9s et cinq ans d\u2019in\u00e9ligibilit\u00e9 | Nettali.com","isPartOf":{"@id":"https:\/\/www.nettali.com\/#website"},"primaryImageOfPage":{"@id":"https:\/\/www.nettali.com\/2025\/09\/03\/rdc-lopposant-constant-mutamba-condamne-a-trois-ans-de-travaux-forces-et-cinq-ans-dineligibilite\/#primaryimage"},"datePublished":"2025-09-03T07:59:17+00:00","dateModified":"2025-09-03T07:59:17+00:00","author":{"@id":"https:\/\/www.nettali.com\/#\/schema\/person\/3317e0bb3aa1da309fbf7b2780901bf4"},"breadcrumb":{"@id":"https:\/\/www.nettali.com\/2025\/09\/03\/rdc-lopposant-constant-mutamba-condamne-a-trois-ans-de-travaux-forces-et-cinq-ans-dineligibilite\/#breadcrumb"},"inLanguage":"fr-FR","potentialAction":[{"@type":"ReadAction","target":["https:\/\/www.nettali.com\/2025\/09\/03\/rdc-lopposant-constant-mutamba-condamne-a-trois-ans-de-travaux-forces-et-cinq-ans-dineligibilite\/"]}]},{"@type":"BreadcrumbList","@id":"https:\/\/www.nettali.com\/2025\/09\/03\/rdc-lopposant-constant-mutamba-condamne-a-trois-ans-de-travaux-forces-et-cinq-ans-dineligibilite\/#breadcrumb","itemListElement":[{"@type":"ListItem","position":1,"name":"Accueil","item":"https:\/\/www.nettali.com\/"},{"@type":"ListItem","position":2,"name":"RDC - L\u2019opposant Constant Mutamba condamn\u00e9 \u00e0 trois ans de travaux forc\u00e9s et cinq ans d\u2019in\u00e9ligibilit\u00e9"}]},{"@type":"Person","@id":"https:\/\/www.nettali.com\/#\/schema\/person\/3317e0bb3aa1da309fbf7b2780901bf4","name":"Daouda","image":{"@type":"ImageObject","@id":"https:\/\/www.nettali.com\/#personlogo","inLanguage":"fr-FR","url":"https:\/\/secure.gravatar.com\/avatar\/8d143b5a49345098ddcfee1c49c2f47c?s=96&d=mm&r=g","contentUrl":"https:\/\/secure.gravatar.com\/avatar\/8d143b5a49345098ddcfee1c49c2f47c?s=96&d=mm&r=g","caption":"Daouda"},"sameAs":["https:\/\/www.nettali.com"]}]}},"_links":{"self":[{"href":"https:\/\/www.nettali.com\/rest\/wp\/v2\/posts\/160587"}],"collection":[{"href":"https:\/\/www.nettali.com\/rest\/wp\/v2\/posts"}],"about":[{"href":"https:\/\/www.nettali.com\/rest\/wp\/v2\/types\/post"}],"author":[{"embeddable":true,"href":"https:\/\/www.nettali.com\/rest\/wp\/v2\/users\/4"}],"replies":[{"embeddable":true,"href":"https:\/\/www.nettali.com\/rest\/wp\/v2\/comments?post=160587"}],"version-history":[{"count":1,"href":"https:\/\/www.nettali.com\/rest\/wp\/v2\/posts\/160587\/revisions"}],"predecessor-version":[{"id":160589,"href":"https:\/\/www.nettali.com\/rest\/wp\/v2\/posts\/160587\/revisions\/160589"}],"wp:featuredmedia":[{"embeddable":true,"href":"https:\/\/www.nettali.com\/rest\/wp\/v2\/media\/160588"}],"wp:attachment":[{"href":"https:\/\/www.nettali.com\/rest\/wp\/v2\/media?parent=160587"}],"wp:term":[{"taxonomy":"category","embeddable":true,"href":"https:\/\/www.nettali.com\/rest\/wp\/v2\/categories?post=160587"},{"taxonomy":"post_tag","embeddable":true,"href":"https:\/\/www.nettali.com\/rest\/wp\/v2\/tags?post=160587"}],"curies":[{"name":"wp","href":"https:\/\/api.w.org\/{rel}","templated":true}]}}