{"id":160586,"date":"2025-09-03T08:02:26","date_gmt":"2025-09-03T08:02:26","guid":{"rendered":"https:\/\/www.nettali.com\/?p=160586"},"modified":"2025-09-04T08:05:33","modified_gmt":"2025-09-04T08:05:33","slug":"en-prelude-au-gamou-macky-sall-envoie-une-forte-delegation-a-tivaouane","status":"publish","type":"post","link":"https:\/\/www.nettali.com\/2025\/09\/03\/en-prelude-au-gamou-macky-sall-envoie-une-forte-delegation-a-tivaouane\/","title":{"rendered":"EN PR\u00c9LUDE AU GAMOU - Macky Sall envoie une forte d\u00e9l\u00e9gation \u00e0 Tivaouane"},"content":{"rendered":"<p><strong>NETTALI.COM - \u00c0 quelques heures du Gamou annuel, la ville sainte de Tivaouane continue de recevoir les visites des autorit\u00e9s politiques venues pr\u00e9senter leur ziarr au khalife g\u00e9n\u00e9ral des tidianes.<\/strong><\/p>\n<p>Apr\u00e8s la visite du pr\u00e9sident de la R\u00e9publique, Bassirou Diomaye Faye, c\u2019est au tour de son pr\u00e9d\u00e9cesseur, Macky Sall, de marquer sa pr\u00e9sence spirituelle et politique \u00e0 travers une importante d\u00e9l\u00e9gation d\u00e9p\u00each\u00e9e dans la cit\u00e9 religieuse fond\u00e9e par Seydi El Hadji Malick Sy. La d\u00e9l\u00e9gation, conduite par l\u2019ancien ministre des Affaires \u00e9trang\u00e8res Sidiki Kaba, \u00e9tait compos\u00e9e du d\u00e9put\u00e9 Abdou Mbow, de l\u2019ancienne ministre N\u00e9n\u00e9 Fatoumata Tall, ainsi que d\u2019autres personnalit\u00e9s politiques de premier plan.<\/p>\n<p>\u00c0 leur arriv\u00e9e, les \u00e9missaires de l\u2019ancien chef de l\u2019\u00c9tat ont \u00e9t\u00e9 re\u00e7us par Serigne Cheikh Tidiane Sy, au nom du khalife g\u00e9n\u00e9ral, Serigne Babacar Sy Mansour. L\u2019audience, empreinte de solennit\u00e9, a permis de transmettre le message de fid\u00e9lit\u00e9 et d\u2019attachement de Macky Sall \u00e0 l\u2019endroit du khalife et de la famille Sy.<\/p>\n<p>\u201c<em>Le pr\u00e9sident Macky Sall reste profond\u00e9ment attach\u00e9 aux cit\u00e9s religieuses, et particuli\u00e8rement \u00e0 Tivaouane. Son passage \u00e0 la t\u00eate du pays a \u00e9t\u00e9 marqu\u00e9 par une attention particuli\u00e8re aux foyers religieux<\/em>\u201d, a d\u00e9clar\u00e9 Sidiki Kaba \u00e0 l\u2019issue de la rencontre.<\/p>\n<p>Le khalife, par la voix de son repr\u00e9sentant, a exprim\u00e9 sa reconnaissance pour les actions men\u00e9es par l\u2019ancien pr\u00e9sident en faveur des communaut\u00e9s religieuses et a formul\u00e9 des pri\u00e8res \u00e0 son endroit.<\/p>\n<p><strong>Apr\u00e8s Tivaouane, la d\u00e9l\u00e9gation re\u00e7ue \u00e0 Thi\u00e9naba Seck <\/strong><\/p>\n<p>Apr\u00e8s leur visite \u00e0 Tivaouane, les \u00e9missaires de l\u2019ancien pr\u00e9sident de la R\u00e9publique, Macky Sall, se sont rendus \u00e0 Thi\u00e9naba Seck. Conduite par l\u2019ancien ministre des Affaires \u00e9trang\u00e8res, Sidiki Kaba, ainsi que plusieurs autres personnalit\u00e9s. \u00c0 leur arriv\u00e9e, ils ont \u00e9t\u00e9 re\u00e7us par le khalife g\u00e9n\u00e9ral de Thi\u00e9naba, Serigne Assane Seck. L\u2019audience a \u00e9t\u00e9 l\u2019occasion pour l\u2019autorit\u00e9 religieuse de d\u00e9livrer un message fort \u00e0 l\u2019endroit des responsables politiques et des autorit\u00e9s \u00e9tatiques.<\/p>\n<p>Le khalife est revenu sur l\u2019histoire de Thi\u00e9naba, qu\u2019il a pr\u00e9sent\u00e9e comme l\u2019un des plus anciens foyers religieux du S\u00e9n\u00e9gal. Il a rappel\u00e9 la vie et l\u2019oeuvre de son fondateur, Mame Amary Ndack Seck, et soulign\u00e9 la place centrale que cette cit\u00e9 occupe dans le paysage religieux du pays. \u201cThi\u00e9naba, c\u2019est bien avant beaucoup d\u2019autres cit\u00e9s religieuses. Mame Amary Ndack Seck appartient \u00e0 la g\u00e9n\u00e9ration de Baye Tafsir Demba Bouna, Baye Bounama Kounta, Baye Moulaye Bousso, Baye Mback\u00e9 Marame, entre autres figures historiques\u201d, a-til d\u00e9clar\u00e9.<\/p>\n<p>Le guide religieux a \u00e9galement \u00e9voqu\u00e9 sa derni\u00e8re audience avec le pr\u00e9sident Bassirou Diomaye Faye, au cours de laquelle il avait insist\u00e9 sur la n\u00e9cessit\u00e9 pour l\u2019\u00c9tat d\u2019accorder une attention particuli\u00e8re \u00e0 Thi\u00e9naba dans ses priorit\u00e9s.<\/p>\n<p>Ce geste de Macky Sall, \u00e0 la veille du Gamou, s\u2019inscrit dans une tradition bien ancr\u00e9e : celle des responsables politiques s\u00e9n\u00e9galais qui entretiennent des relations de proximit\u00e9 et de respect avec les confr\u00e9ries religieuses, v\u00e9ritables piliers de la vie sociale et spirituelle du pays.<\/p>\n<div class='share-to-whatsapp-wrapper'><div class='share-on-whsp'>PARTAGER SUR : <\/div><a data-text='EN PR\u00c9LUDE AU GAMOU - Macky Sall envoie une forte d\u00e9l\u00e9gation \u00e0 Tivaouane' data-link='https:\/\/www.nettali.com\/2025\/09\/03\/en-prelude-au-gamou-macky-sall-envoie-une-forte-delegation-a-tivaouane\/' class='whatsapp-button whatsapp-share'>WhatsApp<\/a><div class='clear '><\/div><\/div>","protected":false},"excerpt":{"rendered":"<p>NETTALI.COM - \u00c0 quelques heures du Gamou annuel, la ville sainte de Tivaouane continue de recevoir les visites des autorit\u00e9s politiques venues pr\u00e9senter leur ziarr au khalife g\u00e9n\u00e9ral des tidianes. Apr\u00e8s la visite du pr\u00e9sident de la R\u00e9publique, Bassirou Diomaye Faye, c\u2019est au tour de son pr\u00e9d\u00e9cesseur, Macky Sall, de marquer sa pr\u00e9sence spirituelle et [&hellip;]<\/p>\n","protected":false},"author":2,"featured_media":160590,"comment_status":"open","ping_status":"open","sticky":false,"template":"","format":"standard","meta":{"_et_pb_use_builder":"","_et_pb_old_content":""},"categories":[3],"tags":[],"yoast_head":"<!-- This site is optimized with the Yoast SEO Premium plugin v17.8 (Yoast SEO v17.8) - https:\/\/yoast.com\/wordpress\/plugins\/seo\/ -->\n<title>EN PR\u00c9LUDE AU GAMOU - Macky Sall envoie une forte d\u00e9l\u00e9gation \u00e0 Tivaouane | Nettali.com<\/title>\n<meta name=\"robots\" content=\"index, follow, max-snippet:-1, max-image-preview:large, max-video-preview:-1\" \/>\n<link rel=\"canonical\" href=\"https:\/\/www.nettali.com\/2025\/09\/03\/en-prelude-au-gamou-macky-sall-envoie-une-forte-delegation-a-tivaouane\/\" \/>\n<meta property=\"og:locale\" content=\"fr_FR\" \/>\n<meta property=\"og:type\" content=\"article\" \/>\n<meta property=\"og:title\" content=\"EN PR\u00c9LUDE AU GAMOU - Macky Sall envoie une forte d\u00e9l\u00e9gation \u00e0 Tivaouane\" \/>\n<meta property=\"og:description\" content=\"NETTALI.COM - \u00c0 quelques heures du Gamou annuel, la ville sainte de Tivaouane continue de recevoir les visites des autorit\u00e9s politiques venues pr\u00e9senter leur ziarr au khalife g\u00e9n\u00e9ral des tidianes. Apr\u00e8s la visite du pr\u00e9sident de la R\u00e9publique, Bassirou Diomaye Faye, c\u2019est au tour de son pr\u00e9d\u00e9cesseur, Macky Sall, de marquer sa pr\u00e9sence spirituelle et [&hellip;]\" \/>\n<meta property=\"og:url\" content=\"https:\/\/www.nettali.com\/2025\/09\/03\/en-prelude-au-gamou-macky-sall-envoie-une-forte-delegation-a-tivaouane\/\" \/>\n<meta property=\"og:site_name\" content=\"Nettali.com\" \/>\n<meta property=\"article:publisher\" content=\"https:\/\/www.facebook.com\/nettalicom\" \/>\n<meta property=\"article:published_time\" content=\"2025-09-03T08:02:26+00:00\" \/>\n<meta property=\"article:modified_time\" content=\"2025-09-04T08:05:33+00:00\" \/>\n<meta property=\"og:image\" content=\"https:\/\/www.nettali.com\/wp-content\/uploads\/2025\/09\/sddefault.jpg\" \/>\n\t<meta property=\"og:image:width\" content=\"640\" \/>\n\t<meta property=\"og:image:height\" content=\"480\" \/>\n<meta name=\"twitter:card\" content=\"summary_large_image\" \/>\n<meta name=\"twitter:label1\" content=\"\u00c9crit par\" \/>\n\t<meta name=\"twitter:data1\" content=\"CK\" \/>\n\t<meta name=\"twitter:label2\" content=\"Dur\u00e9e de lecture estim\u00e9e\" \/>\n\t<meta name=\"twitter:data2\" content=\"3 minutes\" \/>\n<script type=\"application\/ld+json\" class=\"yoast-schema-graph\">{\"@context\":\"https:\/\/schema.org\",\"@graph\":[{\"@type\":\"WebSite\",\"@id\":\"https:\/\/www.nettali.com\/#website\",\"url\":\"https:\/\/www.nettali.com\/\",\"name\":\"Nettali.com\",\"description\":\"Le rendez-vous critique du Net\",\"potentialAction\":[{\"@type\":\"SearchAction\",\"target\":{\"@type\":\"EntryPoint\",\"urlTemplate\":\"https:\/\/www.nettali.com\/?s={search_term_string}\"},\"query-input\":\"required name=search_term_string\"}],\"inLanguage\":\"fr-FR\"},{\"@type\":\"ImageObject\",\"@id\":\"https:\/\/www.nettali.com\/2025\/09\/03\/en-prelude-au-gamou-macky-sall-envoie-une-forte-delegation-a-tivaouane\/#primaryimage\",\"inLanguage\":\"fr-FR\",\"url\":\"https:\/\/www.nettali.com\/wp-content\/uploads\/2025\/09\/sddefault.jpg\",\"contentUrl\":\"https:\/\/www.nettali.com\/wp-content\/uploads\/2025\/09\/sddefault.jpg\",\"width\":640,\"height\":480},{\"@type\":\"WebPage\",\"@id\":\"https:\/\/www.nettali.com\/2025\/09\/03\/en-prelude-au-gamou-macky-sall-envoie-une-forte-delegation-a-tivaouane\/#webpage\",\"url\":\"https:\/\/www.nettali.com\/2025\/09\/03\/en-prelude-au-gamou-macky-sall-envoie-une-forte-delegation-a-tivaouane\/\",\"name\":\"EN PR\\u00c9LUDE AU GAMOU - Macky Sall envoie une forte d\\u00e9l\\u00e9gation \\u00e0 Tivaouane | Nettali.com\",\"isPartOf\":{\"@id\":\"https:\/\/www.nettali.com\/#website\"},\"primaryImageOfPage\":{\"@id\":\"https:\/\/www.nettali.com\/2025\/09\/03\/en-prelude-au-gamou-macky-sall-envoie-une-forte-delegation-a-tivaouane\/#primaryimage\"},\"datePublished\":\"2025-09-03T08:02:26+00:00\",\"dateModified\":\"2025-09-04T08:05:33+00:00\",\"author\":{\"@id\":\"https:\/\/www.nettali.com\/#\/schema\/person\/d8ac7b7e27ddad43f1c0d2ef090d7f71\"},\"breadcrumb\":{\"@id\":\"https:\/\/www.nettali.com\/2025\/09\/03\/en-prelude-au-gamou-macky-sall-envoie-une-forte-delegation-a-tivaouane\/#breadcrumb\"},\"inLanguage\":\"fr-FR\",\"potentialAction\":[{\"@type\":\"ReadAction\",\"target\":[\"https:\/\/www.nettali.com\/2025\/09\/03\/en-prelude-au-gamou-macky-sall-envoie-une-forte-delegation-a-tivaouane\/\"]}]},{\"@type\":\"BreadcrumbList\",\"@id\":\"https:\/\/www.nettali.com\/2025\/09\/03\/en-prelude-au-gamou-macky-sall-envoie-une-forte-delegation-a-tivaouane\/#breadcrumb\",\"itemListElement\":[{\"@type\":\"ListItem\",\"position\":1,\"name\":\"Accueil\",\"item\":\"https:\/\/www.nettali.com\/\"},{\"@type\":\"ListItem\",\"position\":2,\"name\":\"EN PR\\u00c9LUDE AU GAMOU - Macky Sall envoie une forte d\\u00e9l\\u00e9gation \\u00e0 Tivaouane\"}]},{\"@type\":\"Person\",\"@id\":\"https:\/\/www.nettali.com\/#\/schema\/person\/d8ac7b7e27ddad43f1c0d2ef090d7f71\",\"name\":\"CK\",\"image\":{\"@type\":\"ImageObject\",\"@id\":\"https:\/\/www.nettali.com\/#personlogo\",\"inLanguage\":\"fr-FR\",\"url\":\"https:\/\/secure.gravatar.com\/avatar\/1d8d5118b9327d94da7cd4ce7f17fec2?s=96&d=mm&r=g\",\"contentUrl\":\"https:\/\/secure.gravatar.com\/avatar\/1d8d5118b9327d94da7cd4ce7f17fec2?s=96&d=mm&r=g\",\"caption\":\"CK\"},\"sameAs\":[\"https:\/\/www.nettali.com\"]}]}<\/script>\n<!-- \/ Yoast SEO Premium plugin. -->","yoast_head_json":{"title":"EN PR\u00c9LUDE AU GAMOU - Macky Sall envoie une forte d\u00e9l\u00e9gation \u00e0 Tivaouane | Nettali.com","robots":{"index":"index","follow":"follow","max-snippet":"max-snippet:-1","max-image-preview":"max-image-preview:large","max-video-preview":"max-video-preview:-1"},"canonical":"https:\/\/www.nettali.com\/2025\/09\/03\/en-prelude-au-gamou-macky-sall-envoie-une-forte-delegation-a-tivaouane\/","og_locale":"fr_FR","og_type":"article","og_title":"EN PR\u00c9LUDE AU GAMOU - Macky Sall envoie une forte d\u00e9l\u00e9gation \u00e0 Tivaouane","og_description":"NETTALI.COM - \u00c0 quelques heures du Gamou annuel, la ville sainte de Tivaouane continue de recevoir les visites des autorit\u00e9s politiques venues pr\u00e9senter leur ziarr au khalife g\u00e9n\u00e9ral des tidianes. Apr\u00e8s la visite du pr\u00e9sident de la R\u00e9publique, Bassirou Diomaye Faye, c\u2019est au tour de son pr\u00e9d\u00e9cesseur, Macky Sall, de marquer sa pr\u00e9sence spirituelle et [&hellip;]","og_url":"https:\/\/www.nettali.com\/2025\/09\/03\/en-prelude-au-gamou-macky-sall-envoie-une-forte-delegation-a-tivaouane\/","og_site_name":"Nettali.com","article_publisher":"https:\/\/www.facebook.com\/nettalicom","article_published_time":"2025-09-03T08:02:26+00:00","article_modified_time":"2025-09-04T08:05:33+00:00","og_image":[{"width":640,"height":480,"url":"https:\/\/www.nettali.com\/wp-content\/uploads\/2025\/09\/sddefault.jpg","type":"image\/jpeg"}],"twitter_card":"summary_large_image","twitter_misc":{"\u00c9crit par":"CK","Dur\u00e9e de lecture estim\u00e9e":"3 minutes"},"schema":{"@context":"https:\/\/schema.org","@graph":[{"@type":"WebSite","@id":"https:\/\/www.nettali.com\/#website","url":"https:\/\/www.nettali.com\/","name":"Nettali.com","description":"Le rendez-vous critique du Net","potentialAction":[{"@type":"SearchAction","target":{"@type":"EntryPoint","urlTemplate":"https:\/\/www.nettali.com\/?s={search_term_string}"},"query-input":"required name=search_term_string"}],"inLanguage":"fr-FR"},{"@type":"ImageObject","@id":"https:\/\/www.nettali.com\/2025\/09\/03\/en-prelude-au-gamou-macky-sall-envoie-une-forte-delegation-a-tivaouane\/#primaryimage","inLanguage":"fr-FR","url":"https:\/\/www.nettali.com\/wp-content\/uploads\/2025\/09\/sddefault.jpg","contentUrl":"https:\/\/www.nettali.com\/wp-content\/uploads\/2025\/09\/sddefault.jpg","width":640,"height":480},{"@type":"WebPage","@id":"https:\/\/www.nettali.com\/2025\/09\/03\/en-prelude-au-gamou-macky-sall-envoie-une-forte-delegation-a-tivaouane\/#webpage","url":"https:\/\/www.nettali.com\/2025\/09\/03\/en-prelude-au-gamou-macky-sall-envoie-une-forte-delegation-a-tivaouane\/","name":"EN PR\u00c9LUDE AU GAMOU - Macky Sall envoie une forte d\u00e9l\u00e9gation \u00e0 Tivaouane | Nettali.com","isPartOf":{"@id":"https:\/\/www.nettali.com\/#website"},"primaryImageOfPage":{"@id":"https:\/\/www.nettali.com\/2025\/09\/03\/en-prelude-au-gamou-macky-sall-envoie-une-forte-delegation-a-tivaouane\/#primaryimage"},"datePublished":"2025-09-03T08:02:26+00:00","dateModified":"2025-09-04T08:05:33+00:00","author":{"@id":"https:\/\/www.nettali.com\/#\/schema\/person\/d8ac7b7e27ddad43f1c0d2ef090d7f71"},"breadcrumb":{"@id":"https:\/\/www.nettali.com\/2025\/09\/03\/en-prelude-au-gamou-macky-sall-envoie-une-forte-delegation-a-tivaouane\/#breadcrumb"},"inLanguage":"fr-FR","potentialAction":[{"@type":"ReadAction","target":["https:\/\/www.nettali.com\/2025\/09\/03\/en-prelude-au-gamou-macky-sall-envoie-une-forte-delegation-a-tivaouane\/"]}]},{"@type":"BreadcrumbList","@id":"https:\/\/www.nettali.com\/2025\/09\/03\/en-prelude-au-gamou-macky-sall-envoie-une-forte-delegation-a-tivaouane\/#breadcrumb","itemListElement":[{"@type":"ListItem","position":1,"name":"Accueil","item":"https:\/\/www.nettali.com\/"},{"@type":"ListItem","position":2,"name":"EN PR\u00c9LUDE AU GAMOU - Macky Sall envoie une forte d\u00e9l\u00e9gation \u00e0 Tivaouane"}]},{"@type":"Person","@id":"https:\/\/www.nettali.com\/#\/schema\/person\/d8ac7b7e27ddad43f1c0d2ef090d7f71","name":"CK","image":{"@type":"ImageObject","@id":"https:\/\/www.nettali.com\/#personlogo","inLanguage":"fr-FR","url":"https:\/\/secure.gravatar.com\/avatar\/1d8d5118b9327d94da7cd4ce7f17fec2?s=96&d=mm&r=g","contentUrl":"https:\/\/secure.gravatar.com\/avatar\/1d8d5118b9327d94da7cd4ce7f17fec2?s=96&d=mm&r=g","caption":"CK"},"sameAs":["https:\/\/www.nettali.com"]}]}},"_links":{"self":[{"href":"https:\/\/www.nettali.com\/rest\/wp\/v2\/posts\/160586"}],"collection":[{"href":"https:\/\/www.nettali.com\/rest\/wp\/v2\/posts"}],"about":[{"href":"https:\/\/www.nettali.com\/rest\/wp\/v2\/types\/post"}],"author":[{"embeddable":true,"href":"https:\/\/www.nettali.com\/rest\/wp\/v2\/users\/2"}],"replies":[{"embeddable":true,"href":"https:\/\/www.nettali.com\/rest\/wp\/v2\/comments?post=160586"}],"version-history":[{"count":1,"href":"https:\/\/www.nettali.com\/rest\/wp\/v2\/posts\/160586\/revisions"}],"predecessor-version":[{"id":160591,"href":"https:\/\/www.nettali.com\/rest\/wp\/v2\/posts\/160586\/revisions\/160591"}],"wp:featuredmedia":[{"embeddable":true,"href":"https:\/\/www.nettali.com\/rest\/wp\/v2\/media\/160590"}],"wp:attachment":[{"href":"https:\/\/www.nettali.com\/rest\/wp\/v2\/media?parent=160586"}],"wp:term":[{"taxonomy":"category","embeddable":true,"href":"https:\/\/www.nettali.com\/rest\/wp\/v2\/categories?post=160586"},{"taxonomy":"post_tag","embeddable":true,"href":"https:\/\/www.nettali.com\/rest\/wp\/v2\/tags?post=160586"}],"curies":[{"name":"wp","href":"https:\/\/api.w.org\/{rel}","templated":true}]}}