{"id":160581,"date":"2025-09-03T07:52:52","date_gmt":"2025-09-03T07:52:52","guid":{"rendered":"https:\/\/www.nettali.com\/?p=160581"},"modified":"2025-09-03T07:52:52","modified_gmt":"2025-09-03T07:52:52","slug":"prediction-de-ahmed-khalifa-niasse-un-jour-ousmane-sonko-fera-du-gueum-door","status":"publish","type":"post","link":"https:\/\/www.nettali.com\/2025\/09\/03\/prediction-de-ahmed-khalifa-niasse-un-jour-ousmane-sonko-fera-du-gueum-door\/","title":{"rendered":"PREDICTION DE AHMED KHALIFA NIASSE - \"Un jour, Ousmane Sonko fera du \u2018Gueum door\""},"content":{"rendered":"<p data-start=\"145\" data-end=\"386\"><strong>NETTALI.COM - Ahmed Khalifa Niasse, guide religieux et homme politique, a tenu \u00e0 pr\u00e9ciser sa position concernant sa relation avec Ousmane Sonko, leader du Pastef et actuel Premier ministre, alors que des rumeurs \u00e9voquaient un rapprochement opportuniste<\/strong>.<\/p>\n<p data-start=\"388\" data-end=\"628\"><em>\u00ab Je l\u2019ai soutenu et je l\u2019ai re\u00e7u chez moi alors qu\u2019il \u00e9tait consid\u00e9r\u00e9 comme un pestif\u00e9r\u00e9. Je le lui ai rappel\u00e9 hier, et il l\u2019a confirm\u00e9 \u00bb<\/em>, a-t-il d\u00e9clar\u00e9, rejetant toute id\u00e9e de revirement politique.<\/p>\n<p data-start=\"630\" data-end=\"907\">Revenant sur ses propos pol\u00e9miques lors du dialogue national initi\u00e9 par l\u2019ancien pr\u00e9sident Macky Sall, notamment l\u2019expression <em>\u00ab Gueum door \u00bb<\/em> (frapper dans le tas, sans distinction), Ahmed Khalifa Niasse a estim\u00e9 que cette formule pourrait prendre tout son sens dans l\u2019avenir.<\/p>\n<p data-start=\"909\" data-end=\"1129\"><em>\u00ab Les membres du Pastef m\u2019avaient critiqu\u00e9 pour mes d\u00e9clarations. Mais souvenez-vous : un jour, Ousmane Sonko fera du \u2018Gueum door\u2019. Face \u00e0 certaines circonstances, il sera amen\u00e9 \u00e0 riposter avec force \u00bb<\/em>, a-t-il affirm\u00e9.<\/p>\n<p data-start=\"1131\" data-end=\"1379\">Le marabout a \u00e9galement \u00e9voqu\u00e9 la menace s\u00e9curitaire aux fronti\u00e8res, estimant qu\u2019un risque terroriste pourrait contraindre Ousmane Sonko et le pr\u00e9sident Bassirou Diomaye Faye \u00e0 adopter une telle posture pour assurer la protection des populations.<\/p>\n<div class='share-to-whatsapp-wrapper'><div class='share-on-whsp'>PARTAGER SUR : <\/div><a data-text='PREDICTION DE AHMED KHALIFA NIASSE - \"Un jour, Ousmane Sonko fera du \u2018Gueum door\"' data-link='https:\/\/www.nettali.com\/2025\/09\/03\/prediction-de-ahmed-khalifa-niasse-un-jour-ousmane-sonko-fera-du-gueum-door\/' class='whatsapp-button whatsapp-share'>WhatsApp<\/a><div class='clear '><\/div><\/div>","protected":false},"excerpt":{"rendered":"<p>NETTALI.COM - Ahmed Khalifa Niasse, guide religieux et homme politique, a tenu \u00e0 pr\u00e9ciser sa position concernant sa relation avec Ousmane Sonko, leader du Pastef et actuel Premier ministre, alors que des rumeurs \u00e9voquaient un rapprochement opportuniste. \u00ab Je l\u2019ai soutenu et je l\u2019ai re\u00e7u chez moi alors qu\u2019il \u00e9tait consid\u00e9r\u00e9 comme un pestif\u00e9r\u00e9. Je [&hellip;]<\/p>\n","protected":false},"author":4,"featured_media":8901,"comment_status":"open","ping_status":"open","sticky":false,"template":"","format":"standard","meta":{"_et_pb_use_builder":"","_et_pb_old_content":""},"categories":[2],"tags":[],"yoast_head":"<!-- This site is optimized with the Yoast SEO Premium plugin v17.8 (Yoast SEO v17.8) - https:\/\/yoast.com\/wordpress\/plugins\/seo\/ -->\n<title>PREDICTION DE AHMED KHALIFA NIASSE - &quot;Un jour, Ousmane Sonko fera du \u2018Gueum door&quot; | Nettali.com<\/title>\n<meta name=\"robots\" content=\"index, follow, max-snippet:-1, max-image-preview:large, max-video-preview:-1\" \/>\n<link rel=\"canonical\" href=\"https:\/\/www.nettali.com\/2025\/09\/03\/prediction-de-ahmed-khalifa-niasse-un-jour-ousmane-sonko-fera-du-gueum-door\/\" \/>\n<meta property=\"og:locale\" content=\"fr_FR\" \/>\n<meta property=\"og:type\" content=\"article\" \/>\n<meta property=\"og:title\" content=\"PREDICTION DE AHMED KHALIFA NIASSE - &quot;Un jour, Ousmane Sonko fera du \u2018Gueum door&quot;\" \/>\n<meta property=\"og:description\" content=\"NETTALI.COM - Ahmed Khalifa Niasse, guide religieux et homme politique, a tenu \u00e0 pr\u00e9ciser sa position concernant sa relation avec Ousmane Sonko, leader du Pastef et actuel Premier ministre, alors que des rumeurs \u00e9voquaient un rapprochement opportuniste. \u00ab Je l\u2019ai soutenu et je l\u2019ai re\u00e7u chez moi alors qu\u2019il \u00e9tait consid\u00e9r\u00e9 comme un pestif\u00e9r\u00e9. Je [&hellip;]\" \/>\n<meta property=\"og:url\" content=\"https:\/\/www.nettali.com\/2025\/09\/03\/prediction-de-ahmed-khalifa-niasse-un-jour-ousmane-sonko-fera-du-gueum-door\/\" \/>\n<meta property=\"og:site_name\" content=\"Nettali.com\" \/>\n<meta property=\"article:publisher\" content=\"https:\/\/www.facebook.com\/nettalicom\" \/>\n<meta property=\"article:published_time\" content=\"2025-09-03T07:52:52+00:00\" \/>\n<meta property=\"og:image\" content=\"https:\/\/www.nettali.com\/wp-content\/uploads\/2019\/05\/AHMED-KHALIFA-NIASSE.png\" \/>\n\t<meta property=\"og:image:width\" content=\"957\" \/>\n\t<meta property=\"og:image:height\" content=\"602\" \/>\n<meta name=\"twitter:card\" content=\"summary_large_image\" \/>\n<meta name=\"twitter:label1\" content=\"\u00c9crit par\" \/>\n\t<meta name=\"twitter:data1\" content=\"Daouda\" \/>\n\t<meta name=\"twitter:label2\" content=\"Dur\u00e9e de lecture estim\u00e9e\" \/>\n\t<meta name=\"twitter:data2\" content=\"1 minute\" \/>\n<script type=\"application\/ld+json\" class=\"yoast-schema-graph\">{\"@context\":\"https:\/\/schema.org\",\"@graph\":[{\"@type\":\"WebSite\",\"@id\":\"https:\/\/www.nettali.com\/#website\",\"url\":\"https:\/\/www.nettali.com\/\",\"name\":\"Nettali.com\",\"description\":\"Le rendez-vous critique du Net\",\"potentialAction\":[{\"@type\":\"SearchAction\",\"target\":{\"@type\":\"EntryPoint\",\"urlTemplate\":\"https:\/\/www.nettali.com\/?s={search_term_string}\"},\"query-input\":\"required name=search_term_string\"}],\"inLanguage\":\"fr-FR\"},{\"@type\":\"ImageObject\",\"@id\":\"https:\/\/www.nettali.com\/2025\/09\/03\/prediction-de-ahmed-khalifa-niasse-un-jour-ousmane-sonko-fera-du-gueum-door\/#primaryimage\",\"inLanguage\":\"fr-FR\",\"url\":\"https:\/\/www.nettali.com\/wp-content\/uploads\/2019\/05\/AHMED-KHALIFA-NIASSE.png\",\"contentUrl\":\"https:\/\/www.nettali.com\/wp-content\/uploads\/2019\/05\/AHMED-KHALIFA-NIASSE.png\",\"width\":957,\"height\":602},{\"@type\":\"WebPage\",\"@id\":\"https:\/\/www.nettali.com\/2025\/09\/03\/prediction-de-ahmed-khalifa-niasse-un-jour-ousmane-sonko-fera-du-gueum-door\/#webpage\",\"url\":\"https:\/\/www.nettali.com\/2025\/09\/03\/prediction-de-ahmed-khalifa-niasse-un-jour-ousmane-sonko-fera-du-gueum-door\/\",\"name\":\"PREDICTION DE AHMED KHALIFA NIASSE - \\\"Un jour, Ousmane Sonko fera du \\u2018Gueum door\\\" | Nettali.com\",\"isPartOf\":{\"@id\":\"https:\/\/www.nettali.com\/#website\"},\"primaryImageOfPage\":{\"@id\":\"https:\/\/www.nettali.com\/2025\/09\/03\/prediction-de-ahmed-khalifa-niasse-un-jour-ousmane-sonko-fera-du-gueum-door\/#primaryimage\"},\"datePublished\":\"2025-09-03T07:52:52+00:00\",\"dateModified\":\"2025-09-03T07:52:52+00:00\",\"author\":{\"@id\":\"https:\/\/www.nettali.com\/#\/schema\/person\/3317e0bb3aa1da309fbf7b2780901bf4\"},\"breadcrumb\":{\"@id\":\"https:\/\/www.nettali.com\/2025\/09\/03\/prediction-de-ahmed-khalifa-niasse-un-jour-ousmane-sonko-fera-du-gueum-door\/#breadcrumb\"},\"inLanguage\":\"fr-FR\",\"potentialAction\":[{\"@type\":\"ReadAction\",\"target\":[\"https:\/\/www.nettali.com\/2025\/09\/03\/prediction-de-ahmed-khalifa-niasse-un-jour-ousmane-sonko-fera-du-gueum-door\/\"]}]},{\"@type\":\"BreadcrumbList\",\"@id\":\"https:\/\/www.nettali.com\/2025\/09\/03\/prediction-de-ahmed-khalifa-niasse-un-jour-ousmane-sonko-fera-du-gueum-door\/#breadcrumb\",\"itemListElement\":[{\"@type\":\"ListItem\",\"position\":1,\"name\":\"Accueil\",\"item\":\"https:\/\/www.nettali.com\/\"},{\"@type\":\"ListItem\",\"position\":2,\"name\":\"PREDICTION DE AHMED KHALIFA NIASSE - \\\"Un jour, Ousmane Sonko fera du \\u2018Gueum door\\\"\"}]},{\"@type\":\"Person\",\"@id\":\"https:\/\/www.nettali.com\/#\/schema\/person\/3317e0bb3aa1da309fbf7b2780901bf4\",\"name\":\"Daouda\",\"image\":{\"@type\":\"ImageObject\",\"@id\":\"https:\/\/www.nettali.com\/#personlogo\",\"inLanguage\":\"fr-FR\",\"url\":\"https:\/\/secure.gravatar.com\/avatar\/8d143b5a49345098ddcfee1c49c2f47c?s=96&d=mm&r=g\",\"contentUrl\":\"https:\/\/secure.gravatar.com\/avatar\/8d143b5a49345098ddcfee1c49c2f47c?s=96&d=mm&r=g\",\"caption\":\"Daouda\"},\"sameAs\":[\"https:\/\/www.nettali.com\"]}]}<\/script>\n<!-- \/ Yoast SEO Premium plugin. -->","yoast_head_json":{"title":"PREDICTION DE AHMED KHALIFA NIASSE - \"Un jour, Ousmane Sonko fera du \u2018Gueum door\" | Nettali.com","robots":{"index":"index","follow":"follow","max-snippet":"max-snippet:-1","max-image-preview":"max-image-preview:large","max-video-preview":"max-video-preview:-1"},"canonical":"https:\/\/www.nettali.com\/2025\/09\/03\/prediction-de-ahmed-khalifa-niasse-un-jour-ousmane-sonko-fera-du-gueum-door\/","og_locale":"fr_FR","og_type":"article","og_title":"PREDICTION DE AHMED KHALIFA NIASSE - \"Un jour, Ousmane Sonko fera du \u2018Gueum door\"","og_description":"NETTALI.COM - Ahmed Khalifa Niasse, guide religieux et homme politique, a tenu \u00e0 pr\u00e9ciser sa position concernant sa relation avec Ousmane Sonko, leader du Pastef et actuel Premier ministre, alors que des rumeurs \u00e9voquaient un rapprochement opportuniste. \u00ab Je l\u2019ai soutenu et je l\u2019ai re\u00e7u chez moi alors qu\u2019il \u00e9tait consid\u00e9r\u00e9 comme un pestif\u00e9r\u00e9. Je [&hellip;]","og_url":"https:\/\/www.nettali.com\/2025\/09\/03\/prediction-de-ahmed-khalifa-niasse-un-jour-ousmane-sonko-fera-du-gueum-door\/","og_site_name":"Nettali.com","article_publisher":"https:\/\/www.facebook.com\/nettalicom","article_published_time":"2025-09-03T07:52:52+00:00","og_image":[{"width":957,"height":602,"url":"https:\/\/www.nettali.com\/wp-content\/uploads\/2019\/05\/AHMED-KHALIFA-NIASSE.png","type":"image\/png"}],"twitter_card":"summary_large_image","twitter_misc":{"\u00c9crit par":"Daouda","Dur\u00e9e de lecture estim\u00e9e":"1 minute"},"schema":{"@context":"https:\/\/schema.org","@graph":[{"@type":"WebSite","@id":"https:\/\/www.nettali.com\/#website","url":"https:\/\/www.nettali.com\/","name":"Nettali.com","description":"Le rendez-vous critique du Net","potentialAction":[{"@type":"SearchAction","target":{"@type":"EntryPoint","urlTemplate":"https:\/\/www.nettali.com\/?s={search_term_string}"},"query-input":"required name=search_term_string"}],"inLanguage":"fr-FR"},{"@type":"ImageObject","@id":"https:\/\/www.nettali.com\/2025\/09\/03\/prediction-de-ahmed-khalifa-niasse-un-jour-ousmane-sonko-fera-du-gueum-door\/#primaryimage","inLanguage":"fr-FR","url":"https:\/\/www.nettali.com\/wp-content\/uploads\/2019\/05\/AHMED-KHALIFA-NIASSE.png","contentUrl":"https:\/\/www.nettali.com\/wp-content\/uploads\/2019\/05\/AHMED-KHALIFA-NIASSE.png","width":957,"height":602},{"@type":"WebPage","@id":"https:\/\/www.nettali.com\/2025\/09\/03\/prediction-de-ahmed-khalifa-niasse-un-jour-ousmane-sonko-fera-du-gueum-door\/#webpage","url":"https:\/\/www.nettali.com\/2025\/09\/03\/prediction-de-ahmed-khalifa-niasse-un-jour-ousmane-sonko-fera-du-gueum-door\/","name":"PREDICTION DE AHMED KHALIFA NIASSE - \"Un jour, Ousmane Sonko fera du \u2018Gueum door\" | Nettali.com","isPartOf":{"@id":"https:\/\/www.nettali.com\/#website"},"primaryImageOfPage":{"@id":"https:\/\/www.nettali.com\/2025\/09\/03\/prediction-de-ahmed-khalifa-niasse-un-jour-ousmane-sonko-fera-du-gueum-door\/#primaryimage"},"datePublished":"2025-09-03T07:52:52+00:00","dateModified":"2025-09-03T07:52:52+00:00","author":{"@id":"https:\/\/www.nettali.com\/#\/schema\/person\/3317e0bb3aa1da309fbf7b2780901bf4"},"breadcrumb":{"@id":"https:\/\/www.nettali.com\/2025\/09\/03\/prediction-de-ahmed-khalifa-niasse-un-jour-ousmane-sonko-fera-du-gueum-door\/#breadcrumb"},"inLanguage":"fr-FR","potentialAction":[{"@type":"ReadAction","target":["https:\/\/www.nettali.com\/2025\/09\/03\/prediction-de-ahmed-khalifa-niasse-un-jour-ousmane-sonko-fera-du-gueum-door\/"]}]},{"@type":"BreadcrumbList","@id":"https:\/\/www.nettali.com\/2025\/09\/03\/prediction-de-ahmed-khalifa-niasse-un-jour-ousmane-sonko-fera-du-gueum-door\/#breadcrumb","itemListElement":[{"@type":"ListItem","position":1,"name":"Accueil","item":"https:\/\/www.nettali.com\/"},{"@type":"ListItem","position":2,"name":"PREDICTION DE AHMED KHALIFA NIASSE - \"Un jour, Ousmane Sonko fera du \u2018Gueum door\""}]},{"@type":"Person","@id":"https:\/\/www.nettali.com\/#\/schema\/person\/3317e0bb3aa1da309fbf7b2780901bf4","name":"Daouda","image":{"@type":"ImageObject","@id":"https:\/\/www.nettali.com\/#personlogo","inLanguage":"fr-FR","url":"https:\/\/secure.gravatar.com\/avatar\/8d143b5a49345098ddcfee1c49c2f47c?s=96&d=mm&r=g","contentUrl":"https:\/\/secure.gravatar.com\/avatar\/8d143b5a49345098ddcfee1c49c2f47c?s=96&d=mm&r=g","caption":"Daouda"},"sameAs":["https:\/\/www.nettali.com"]}]}},"_links":{"self":[{"href":"https:\/\/www.nettali.com\/rest\/wp\/v2\/posts\/160581"}],"collection":[{"href":"https:\/\/www.nettali.com\/rest\/wp\/v2\/posts"}],"about":[{"href":"https:\/\/www.nettali.com\/rest\/wp\/v2\/types\/post"}],"author":[{"embeddable":true,"href":"https:\/\/www.nettali.com\/rest\/wp\/v2\/users\/4"}],"replies":[{"embeddable":true,"href":"https:\/\/www.nettali.com\/rest\/wp\/v2\/comments?post=160581"}],"version-history":[{"count":1,"href":"https:\/\/www.nettali.com\/rest\/wp\/v2\/posts\/160581\/revisions"}],"predecessor-version":[{"id":160582,"href":"https:\/\/www.nettali.com\/rest\/wp\/v2\/posts\/160581\/revisions\/160582"}],"wp:featuredmedia":[{"embeddable":true,"href":"https:\/\/www.nettali.com\/rest\/wp\/v2\/media\/8901"}],"wp:attachment":[{"href":"https:\/\/www.nettali.com\/rest\/wp\/v2\/media?parent=160581"}],"wp:term":[{"taxonomy":"category","embeddable":true,"href":"https:\/\/www.nettali.com\/rest\/wp\/v2\/categories?post=160581"},{"taxonomy":"post_tag","embeddable":true,"href":"https:\/\/www.nettali.com\/rest\/wp\/v2\/tags?post=160581"}],"curies":[{"name":"wp","href":"https:\/\/api.w.org\/{rel}","templated":true}]}}