{"id":160567,"date":"2025-09-03T00:07:45","date_gmt":"2025-09-03T00:07:45","guid":{"rendered":"https:\/\/www.nettali.com\/?p=160567"},"modified":"2025-09-03T00:07:45","modified_gmt":"2025-09-03T00:07:45","slug":"deuxieme-galop-des-lions-abdou-diallo-vers-le-forfait","status":"publish","type":"post","link":"https:\/\/www.nettali.com\/2025\/09\/03\/deuxieme-galop-des-lions-abdou-diallo-vers-le-forfait\/","title":{"rendered":"DEUXI\u00c8ME GALOP DES LIONS - Abdou Diallo vers le forfait"},"content":{"rendered":"<p><strong>NETTALI.COM - En vue du match face au Soudan, ce vendredi 5 septembre, les Lions du S\u00e9n\u00e9gal ont effectu\u00e9 ce mardi, leur deuxi\u00e8me s\u00e9ance d\u2019entra\u00eenement, au terrain annexe du stade Abdoulaye Wade. Parmi les 26 joueurs convoqu\u00e9s, 23 se sont entra\u00een\u00e9, Abdou Diallo a \u00e9t\u00e9 laiss\u00e9 au repos.<\/strong><\/p>\n<p>Abdou Diallo sera-t-il apte avant cette affiche de la septi\u00e8me journ\u00e9e du Mondial 2026 ? La r\u00e9ponse est non pour le moment d\u2019autant qu\u2019il a \u00e9t\u00e9 m\u00e9nag\u00e9 par le staff. Sur le terrain, il y avait 22 joueurs dont deux gardiens Yehvann Diouf et Mory Diaw.<\/p>\n<p>Apr\u00e8s des exercices sp\u00e9cifiques, ils ont particip\u00e9 aux ateliers. Trois joueurs sont absents, il s'agit de Pape Matar Sarr qui a pourtant \u00e9t\u00e9 de la s\u00e9ance d\u2019hier, mais aussi Nicolas Jackson (Bayern Munich) et \u00c9douard Mendy (Al Ahli).<\/p>\n<div class='share-to-whatsapp-wrapper'><div class='share-on-whsp'>PARTAGER SUR : <\/div><a data-text='DEUXI\u00c8ME GALOP DES LIONS - Abdou Diallo vers le forfait' data-link='https:\/\/www.nettali.com\/2025\/09\/03\/deuxieme-galop-des-lions-abdou-diallo-vers-le-forfait\/' class='whatsapp-button whatsapp-share'>WhatsApp<\/a><div class='clear '><\/div><\/div>","protected":false},"excerpt":{"rendered":"<p>NETTALI.COM - En vue du match face au Soudan, ce vendredi 5 septembre, les Lions du S\u00e9n\u00e9gal ont effectu\u00e9 ce mardi, leur deuxi\u00e8me s\u00e9ance d\u2019entra\u00eenement, au terrain annexe du stade Abdoulaye Wade. Parmi les 26 joueurs convoqu\u00e9s, 23 se sont entra\u00een\u00e9, Abdou Diallo a \u00e9t\u00e9 laiss\u00e9 au repos. Abdou Diallo sera-t-il apte avant cette affiche [&hellip;]<\/p>\n","protected":false},"author":5,"featured_media":160569,"comment_status":"open","ping_status":"open","sticky":false,"template":"","format":"standard","meta":{"_et_pb_use_builder":"","_et_pb_old_content":""},"categories":[6],"tags":[],"yoast_head":"<!-- This site is optimized with the Yoast SEO Premium plugin v17.8 (Yoast SEO v17.8) - https:\/\/yoast.com\/wordpress\/plugins\/seo\/ -->\n<title>DEUXI\u00c8ME GALOP DES LIONS - Abdou Diallo vers le forfait | Nettali.com<\/title>\n<meta name=\"robots\" content=\"index, follow, max-snippet:-1, max-image-preview:large, max-video-preview:-1\" \/>\n<link rel=\"canonical\" href=\"https:\/\/www.nettali.com\/2025\/09\/03\/deuxieme-galop-des-lions-abdou-diallo-vers-le-forfait\/\" \/>\n<meta property=\"og:locale\" content=\"fr_FR\" \/>\n<meta property=\"og:type\" content=\"article\" \/>\n<meta property=\"og:title\" content=\"DEUXI\u00c8ME GALOP DES LIONS - Abdou Diallo vers le forfait\" \/>\n<meta property=\"og:description\" content=\"NETTALI.COM - En vue du match face au Soudan, ce vendredi 5 septembre, les Lions du S\u00e9n\u00e9gal ont effectu\u00e9 ce mardi, leur deuxi\u00e8me s\u00e9ance d\u2019entra\u00eenement, au terrain annexe du stade Abdoulaye Wade. Parmi les 26 joueurs convoqu\u00e9s, 23 se sont entra\u00een\u00e9, Abdou Diallo a \u00e9t\u00e9 laiss\u00e9 au repos. Abdou Diallo sera-t-il apte avant cette affiche [&hellip;]\" \/>\n<meta property=\"og:url\" content=\"https:\/\/www.nettali.com\/2025\/09\/03\/deuxieme-galop-des-lions-abdou-diallo-vers-le-forfait\/\" \/>\n<meta property=\"og:site_name\" content=\"Nettali.com\" \/>\n<meta property=\"article:publisher\" content=\"https:\/\/www.facebook.com\/nettalicom\" \/>\n<meta property=\"article:published_time\" content=\"2025-09-03T00:07:45+00:00\" \/>\n<meta property=\"og:image\" content=\"https:\/\/www.nettali.com\/wp-content\/uploads\/2025\/09\/Screenshot_20250902_215511_Samsung-Internet.jpg\" \/>\n\t<meta property=\"og:image:width\" content=\"1080\" \/>\n\t<meta property=\"og:image:height\" content=\"735\" \/>\n<meta name=\"twitter:card\" content=\"summary_large_image\" \/>\n<meta name=\"twitter:label1\" content=\"\u00c9crit par\" \/>\n\t<meta name=\"twitter:data1\" content=\"Ibrahima\" \/>\n\t<meta name=\"twitter:label2\" content=\"Dur\u00e9e de lecture estim\u00e9e\" \/>\n\t<meta name=\"twitter:data2\" content=\"1 minute\" \/>\n<script type=\"application\/ld+json\" class=\"yoast-schema-graph\">{\"@context\":\"https:\/\/schema.org\",\"@graph\":[{\"@type\":\"WebSite\",\"@id\":\"https:\/\/www.nettali.com\/#website\",\"url\":\"https:\/\/www.nettali.com\/\",\"name\":\"Nettali.com\",\"description\":\"Le rendez-vous critique du Net\",\"potentialAction\":[{\"@type\":\"SearchAction\",\"target\":{\"@type\":\"EntryPoint\",\"urlTemplate\":\"https:\/\/www.nettali.com\/?s={search_term_string}\"},\"query-input\":\"required name=search_term_string\"}],\"inLanguage\":\"fr-FR\"},{\"@type\":\"ImageObject\",\"@id\":\"https:\/\/www.nettali.com\/2025\/09\/03\/deuxieme-galop-des-lions-abdou-diallo-vers-le-forfait\/#primaryimage\",\"inLanguage\":\"fr-FR\",\"url\":\"https:\/\/www.nettali.com\/wp-content\/uploads\/2025\/09\/Screenshot_20250902_215511_Samsung-Internet.jpg\",\"contentUrl\":\"https:\/\/www.nettali.com\/wp-content\/uploads\/2025\/09\/Screenshot_20250902_215511_Samsung-Internet.jpg\",\"width\":1080,\"height\":735},{\"@type\":\"WebPage\",\"@id\":\"https:\/\/www.nettali.com\/2025\/09\/03\/deuxieme-galop-des-lions-abdou-diallo-vers-le-forfait\/#webpage\",\"url\":\"https:\/\/www.nettali.com\/2025\/09\/03\/deuxieme-galop-des-lions-abdou-diallo-vers-le-forfait\/\",\"name\":\"DEUXI\\u00c8ME GALOP DES LIONS - Abdou Diallo vers le forfait | Nettali.com\",\"isPartOf\":{\"@id\":\"https:\/\/www.nettali.com\/#website\"},\"primaryImageOfPage\":{\"@id\":\"https:\/\/www.nettali.com\/2025\/09\/03\/deuxieme-galop-des-lions-abdou-diallo-vers-le-forfait\/#primaryimage\"},\"datePublished\":\"2025-09-03T00:07:45+00:00\",\"dateModified\":\"2025-09-03T00:07:45+00:00\",\"author\":{\"@id\":\"https:\/\/www.nettali.com\/#\/schema\/person\/bb147657c2986240405a608162b9bb23\"},\"breadcrumb\":{\"@id\":\"https:\/\/www.nettali.com\/2025\/09\/03\/deuxieme-galop-des-lions-abdou-diallo-vers-le-forfait\/#breadcrumb\"},\"inLanguage\":\"fr-FR\",\"potentialAction\":[{\"@type\":\"ReadAction\",\"target\":[\"https:\/\/www.nettali.com\/2025\/09\/03\/deuxieme-galop-des-lions-abdou-diallo-vers-le-forfait\/\"]}]},{\"@type\":\"BreadcrumbList\",\"@id\":\"https:\/\/www.nettali.com\/2025\/09\/03\/deuxieme-galop-des-lions-abdou-diallo-vers-le-forfait\/#breadcrumb\",\"itemListElement\":[{\"@type\":\"ListItem\",\"position\":1,\"name\":\"Accueil\",\"item\":\"https:\/\/www.nettali.com\/\"},{\"@type\":\"ListItem\",\"position\":2,\"name\":\"DEUXI\\u00c8ME GALOP DES LIONS - Abdou Diallo vers le forfait\"}]},{\"@type\":\"Person\",\"@id\":\"https:\/\/www.nettali.com\/#\/schema\/person\/bb147657c2986240405a608162b9bb23\",\"name\":\"Ibrahima\",\"image\":{\"@type\":\"ImageObject\",\"@id\":\"https:\/\/www.nettali.com\/#personlogo\",\"inLanguage\":\"fr-FR\",\"url\":\"https:\/\/secure.gravatar.com\/avatar\/26a8a81f09f0dd7624c9d5c36c9ba3a2?s=96&d=mm&r=g\",\"contentUrl\":\"https:\/\/secure.gravatar.com\/avatar\/26a8a81f09f0dd7624c9d5c36c9ba3a2?s=96&d=mm&r=g\",\"caption\":\"Ibrahima\"},\"sameAs\":[\"https:\/\/www.nettali.com\"]}]}<\/script>\n<!-- \/ Yoast SEO Premium plugin. -->","yoast_head_json":{"title":"DEUXI\u00c8ME GALOP DES LIONS - Abdou Diallo vers le forfait | Nettali.com","robots":{"index":"index","follow":"follow","max-snippet":"max-snippet:-1","max-image-preview":"max-image-preview:large","max-video-preview":"max-video-preview:-1"},"canonical":"https:\/\/www.nettali.com\/2025\/09\/03\/deuxieme-galop-des-lions-abdou-diallo-vers-le-forfait\/","og_locale":"fr_FR","og_type":"article","og_title":"DEUXI\u00c8ME GALOP DES LIONS - Abdou Diallo vers le forfait","og_description":"NETTALI.COM - En vue du match face au Soudan, ce vendredi 5 septembre, les Lions du S\u00e9n\u00e9gal ont effectu\u00e9 ce mardi, leur deuxi\u00e8me s\u00e9ance d\u2019entra\u00eenement, au terrain annexe du stade Abdoulaye Wade. Parmi les 26 joueurs convoqu\u00e9s, 23 se sont entra\u00een\u00e9, Abdou Diallo a \u00e9t\u00e9 laiss\u00e9 au repos. Abdou Diallo sera-t-il apte avant cette affiche [&hellip;]","og_url":"https:\/\/www.nettali.com\/2025\/09\/03\/deuxieme-galop-des-lions-abdou-diallo-vers-le-forfait\/","og_site_name":"Nettali.com","article_publisher":"https:\/\/www.facebook.com\/nettalicom","article_published_time":"2025-09-03T00:07:45+00:00","og_image":[{"width":1080,"height":735,"url":"https:\/\/www.nettali.com\/wp-content\/uploads\/2025\/09\/Screenshot_20250902_215511_Samsung-Internet.jpg","type":"image\/jpeg"}],"twitter_card":"summary_large_image","twitter_misc":{"\u00c9crit par":"Ibrahima","Dur\u00e9e de lecture estim\u00e9e":"1 minute"},"schema":{"@context":"https:\/\/schema.org","@graph":[{"@type":"WebSite","@id":"https:\/\/www.nettali.com\/#website","url":"https:\/\/www.nettali.com\/","name":"Nettali.com","description":"Le rendez-vous critique du Net","potentialAction":[{"@type":"SearchAction","target":{"@type":"EntryPoint","urlTemplate":"https:\/\/www.nettali.com\/?s={search_term_string}"},"query-input":"required name=search_term_string"}],"inLanguage":"fr-FR"},{"@type":"ImageObject","@id":"https:\/\/www.nettali.com\/2025\/09\/03\/deuxieme-galop-des-lions-abdou-diallo-vers-le-forfait\/#primaryimage","inLanguage":"fr-FR","url":"https:\/\/www.nettali.com\/wp-content\/uploads\/2025\/09\/Screenshot_20250902_215511_Samsung-Internet.jpg","contentUrl":"https:\/\/www.nettali.com\/wp-content\/uploads\/2025\/09\/Screenshot_20250902_215511_Samsung-Internet.jpg","width":1080,"height":735},{"@type":"WebPage","@id":"https:\/\/www.nettali.com\/2025\/09\/03\/deuxieme-galop-des-lions-abdou-diallo-vers-le-forfait\/#webpage","url":"https:\/\/www.nettali.com\/2025\/09\/03\/deuxieme-galop-des-lions-abdou-diallo-vers-le-forfait\/","name":"DEUXI\u00c8ME GALOP DES LIONS - Abdou Diallo vers le forfait | Nettali.com","isPartOf":{"@id":"https:\/\/www.nettali.com\/#website"},"primaryImageOfPage":{"@id":"https:\/\/www.nettali.com\/2025\/09\/03\/deuxieme-galop-des-lions-abdou-diallo-vers-le-forfait\/#primaryimage"},"datePublished":"2025-09-03T00:07:45+00:00","dateModified":"2025-09-03T00:07:45+00:00","author":{"@id":"https:\/\/www.nettali.com\/#\/schema\/person\/bb147657c2986240405a608162b9bb23"},"breadcrumb":{"@id":"https:\/\/www.nettali.com\/2025\/09\/03\/deuxieme-galop-des-lions-abdou-diallo-vers-le-forfait\/#breadcrumb"},"inLanguage":"fr-FR","potentialAction":[{"@type":"ReadAction","target":["https:\/\/www.nettali.com\/2025\/09\/03\/deuxieme-galop-des-lions-abdou-diallo-vers-le-forfait\/"]}]},{"@type":"BreadcrumbList","@id":"https:\/\/www.nettali.com\/2025\/09\/03\/deuxieme-galop-des-lions-abdou-diallo-vers-le-forfait\/#breadcrumb","itemListElement":[{"@type":"ListItem","position":1,"name":"Accueil","item":"https:\/\/www.nettali.com\/"},{"@type":"ListItem","position":2,"name":"DEUXI\u00c8ME GALOP DES LIONS - Abdou Diallo vers le forfait"}]},{"@type":"Person","@id":"https:\/\/www.nettali.com\/#\/schema\/person\/bb147657c2986240405a608162b9bb23","name":"Ibrahima","image":{"@type":"ImageObject","@id":"https:\/\/www.nettali.com\/#personlogo","inLanguage":"fr-FR","url":"https:\/\/secure.gravatar.com\/avatar\/26a8a81f09f0dd7624c9d5c36c9ba3a2?s=96&d=mm&r=g","contentUrl":"https:\/\/secure.gravatar.com\/avatar\/26a8a81f09f0dd7624c9d5c36c9ba3a2?s=96&d=mm&r=g","caption":"Ibrahima"},"sameAs":["https:\/\/www.nettali.com"]}]}},"_links":{"self":[{"href":"https:\/\/www.nettali.com\/rest\/wp\/v2\/posts\/160567"}],"collection":[{"href":"https:\/\/www.nettali.com\/rest\/wp\/v2\/posts"}],"about":[{"href":"https:\/\/www.nettali.com\/rest\/wp\/v2\/types\/post"}],"author":[{"embeddable":true,"href":"https:\/\/www.nettali.com\/rest\/wp\/v2\/users\/5"}],"replies":[{"embeddable":true,"href":"https:\/\/www.nettali.com\/rest\/wp\/v2\/comments?post=160567"}],"version-history":[{"count":3,"href":"https:\/\/www.nettali.com\/rest\/wp\/v2\/posts\/160567\/revisions"}],"predecessor-version":[{"id":160577,"href":"https:\/\/www.nettali.com\/rest\/wp\/v2\/posts\/160567\/revisions\/160577"}],"wp:featuredmedia":[{"embeddable":true,"href":"https:\/\/www.nettali.com\/rest\/wp\/v2\/media\/160569"}],"wp:attachment":[{"href":"https:\/\/www.nettali.com\/rest\/wp\/v2\/media?parent=160567"}],"wp:term":[{"taxonomy":"category","embeddable":true,"href":"https:\/\/www.nettali.com\/rest\/wp\/v2\/categories?post=160567"},{"taxonomy":"post_tag","embeddable":true,"href":"https:\/\/www.nettali.com\/rest\/wp\/v2\/tags?post=160567"}],"curies":[{"name":"wp","href":"https:\/\/api.w.org\/{rel}","templated":true}]}}