{"id":160563,"date":"2025-09-02T22:08:42","date_gmt":"2025-09-02T22:08:42","guid":{"rendered":"https:\/\/www.nettali.com\/?p=160563"},"modified":"2025-09-03T23:40:44","modified_gmt":"2025-09-03T23:40:44","slug":"ousmane-sonko-nous-avons-decide-de-mettre-en-terme-a-la-situation-anarchique-a-dakar","status":"publish","type":"post","link":"https:\/\/www.nettali.com\/2025\/09\/02\/ousmane-sonko-nous-avons-decide-de-mettre-en-terme-a-la-situation-anarchique-a-dakar\/","title":{"rendered":"OUSMANE SONKO : \"Nous avons d\u00e9cid\u00e9 de mettre un terme \u00e0 la situation anarchique \u00e0 Dakar\""},"content":{"rendered":"<p><strong>NETTALI.COM - Dakar doit \u00eatre repens\u00e9 pour \u00eatre digne de la capitale du S\u00e9n\u00e9gal. Propos tenus ce mardi par Ousmane Sonko. Le Premier ministre pr\u00e9sidait la c\u00e9r\u00e9monie de lancement du projet \"Dakar m\u00e9tropole 2025\".\u00a0<\/strong><\/p>\n<p>Ousmane Sonko est formel. Selon lui, le lancement de \"Dakar m\u00e9tropole 2050\" est \"<em>un moment important pour l'avenir de nos territoires et de notre pays<\/em>\". \"<em>L'agenda de transformation que porte le Pr\u00e9sident Bassirou Diomaye Faye repose sur une innovation majeure qui est la territorialisation des politiques publiques. Ce choix strat\u00e9gique signifie que le d\u00e9veloppement national ne peut plus \u00eatre pens\u00e9 de mani\u00e8re uniforme et centralis\u00e9e. Chaque territoire doit devenir acteur de son destin, valoriser ses forces, exploiter ses potentialit\u00e9s et contribuer \u00e0 la souverainet\u00e9 de notre pays<\/em>\", a dit le chef du gouvernement \u00e0 l'occasion de la c\u00e9r\u00e9monie tenue ce mardi au Grand Th\u00e9\u00e2tre national. A l'en croire, les concertations ouvertes ce mardi marquent une \u00e9tape d'un long processus d\u00e9marr\u00e9 dans les 7 autres p\u00f4les avant de terminer par Dakar pour d\u00e9finir les axes du d\u00e9veloppement autonome et durable.<\/p>\n<p>Et pour cause, explique Ousmane Sonko, \"<em>Dakar est la capitale, le moteur \u00e9conomique et le carrefour international du S\u00e9n\u00e9gal<\/em>\". \"<em>Son d\u00e9veloppement exige vision et engagement collectif car il impacte la dynamique de l'ensemble des autres p\u00f4les. Notre option, c'est d'arr\u00eater de penser les autres p\u00f4les \u00e0 partir de Dakar. De 1960 \u00e0 nos jours, le S\u00e9n\u00e9gal a \u00e9t\u00e9 pens\u00e9 \u00e0 partir de Dakar, autour de Dakar et peut-\u00eatre m\u00eame pour Dakar. Mais \u00e7a a \u00e9t\u00e9 mal pens\u00e9 et Dakar a \u00e9t\u00e9 le premier \u00e0 en souffrir. Il faut sortir de cette logique<\/em>\", laisse-t-il entendre. De l'avis du Premier ministre, la capitale s\u00e9n\u00e9galaise est victime de sa congestion qui paralyse la productivit\u00e9, cr\u00e9\u00e9 une p\u00e9nurie de logements et provoque les inondations caus\u00e9es par l'urbanisation sauvage. \"<em>Nous avons d\u00e9cid\u00e9 de mettre un terme \u00e0 cette situation anarchique. Dakar doit \u00eatre digne d'une capitale. Dakar a besoin d'un choc d'organisation, d'un acte de refondation<\/em>\", dit-il. Avant de poursuivre : \"<em>Dakar m\u00e9tropole n'est pas une projection futuriste d'immeubles. C'est plut\u00f4t l'ambition de restructuration de quartiers et de territoires, de l'offre de logements neufs et r\u00e9habilit\u00e9s conformes aux standards minimaux, avec des \u00e9quipements publics structurants<\/em>.\" Ousmane Sonko souhaite dont que Dakar devienne une ville avec de la r\u00e9silience \u00e9cologique et environnemental, gr\u00e2ce notamment \u00e0 des transports propres comme les bateaux taxis.<\/p>\n<div class='share-to-whatsapp-wrapper'><div class='share-on-whsp'>PARTAGER SUR : <\/div><a data-text='OUSMANE SONKO : \"Nous avons d\u00e9cid\u00e9 de mettre un terme \u00e0 la situation anarchique \u00e0 Dakar\"' data-link='https:\/\/www.nettali.com\/2025\/09\/02\/ousmane-sonko-nous-avons-decide-de-mettre-en-terme-a-la-situation-anarchique-a-dakar\/' class='whatsapp-button whatsapp-share'>WhatsApp<\/a><div class='clear '><\/div><\/div>","protected":false},"excerpt":{"rendered":"<p>NETTALI.COM - Dakar doit \u00eatre repens\u00e9 pour \u00eatre digne de la capitale du S\u00e9n\u00e9gal. Propos tenus ce mardi par Ousmane Sonko. Le Premier ministre pr\u00e9sidait la c\u00e9r\u00e9monie de lancement du projet \"Dakar m\u00e9tropole 2025\".\u00a0 Ousmane Sonko est formel. Selon lui, le lancement de \"Dakar m\u00e9tropole 2050\" est \"un moment important pour l'avenir de nos territoires [&hellip;]<\/p>\n","protected":false},"author":3,"featured_media":160564,"comment_status":"open","ping_status":"open","sticky":false,"template":"","format":"standard","meta":{"_et_pb_use_builder":"","_et_pb_old_content":""},"categories":[2],"tags":[],"yoast_head":"<!-- This site is optimized with the Yoast SEO Premium plugin v17.8 (Yoast SEO v17.8) - https:\/\/yoast.com\/wordpress\/plugins\/seo\/ -->\n<title>OUSMANE SONKO : &quot;Nous avons d\u00e9cid\u00e9 de mettre un terme \u00e0 la situation anarchique \u00e0 Dakar&quot; | Nettali.com<\/title>\n<meta name=\"robots\" content=\"index, follow, max-snippet:-1, max-image-preview:large, max-video-preview:-1\" \/>\n<link rel=\"canonical\" href=\"https:\/\/www.nettali.com\/2025\/09\/02\/ousmane-sonko-nous-avons-decide-de-mettre-en-terme-a-la-situation-anarchique-a-dakar\/\" \/>\n<meta property=\"og:locale\" content=\"fr_FR\" \/>\n<meta property=\"og:type\" content=\"article\" \/>\n<meta property=\"og:title\" content=\"OUSMANE SONKO : &quot;Nous avons d\u00e9cid\u00e9 de mettre un terme \u00e0 la situation anarchique \u00e0 Dakar&quot;\" \/>\n<meta property=\"og:description\" content=\"NETTALI.COM - Dakar doit \u00eatre repens\u00e9 pour \u00eatre digne de la capitale du S\u00e9n\u00e9gal. Propos tenus ce mardi par Ousmane Sonko. Le Premier ministre pr\u00e9sidait la c\u00e9r\u00e9monie de lancement du projet &quot;Dakar m\u00e9tropole 2025&quot;.\u00a0 Ousmane Sonko est formel. Selon lui, le lancement de &quot;Dakar m\u00e9tropole 2050&quot; est &quot;un moment important pour l&#039;avenir de nos territoires [&hellip;]\" \/>\n<meta property=\"og:url\" content=\"https:\/\/www.nettali.com\/2025\/09\/02\/ousmane-sonko-nous-avons-decide-de-mettre-en-terme-a-la-situation-anarchique-a-dakar\/\" \/>\n<meta property=\"og:site_name\" content=\"Nettali.com\" \/>\n<meta property=\"article:publisher\" content=\"https:\/\/www.facebook.com\/nettalicom\" \/>\n<meta property=\"article:published_time\" content=\"2025-09-02T22:08:42+00:00\" \/>\n<meta property=\"article:modified_time\" content=\"2025-09-03T23:40:44+00:00\" \/>\n<meta property=\"og:image\" content=\"https:\/\/www.nettali.com\/wp-content\/uploads\/2025\/09\/Ousmane-Sonko-Plan-de-redressement-economique-du-Senegal.jpg\" \/>\n\t<meta property=\"og:image:width\" content=\"2048\" \/>\n\t<meta property=\"og:image:height\" content=\"1364\" \/>\n<meta name=\"twitter:card\" content=\"summary_large_image\" \/>\n<meta name=\"twitter:label1\" content=\"\u00c9crit par\" \/>\n\t<meta name=\"twitter:data1\" content=\"Moustapha\" \/>\n\t<meta name=\"twitter:label2\" content=\"Dur\u00e9e de lecture estim\u00e9e\" \/>\n\t<meta name=\"twitter:data2\" content=\"2 minutes\" \/>\n<script type=\"application\/ld+json\" class=\"yoast-schema-graph\">{\"@context\":\"https:\/\/schema.org\",\"@graph\":[{\"@type\":\"WebSite\",\"@id\":\"https:\/\/www.nettali.com\/#website\",\"url\":\"https:\/\/www.nettali.com\/\",\"name\":\"Nettali.com\",\"description\":\"Le rendez-vous critique du Net\",\"potentialAction\":[{\"@type\":\"SearchAction\",\"target\":{\"@type\":\"EntryPoint\",\"urlTemplate\":\"https:\/\/www.nettali.com\/?s={search_term_string}\"},\"query-input\":\"required name=search_term_string\"}],\"inLanguage\":\"fr-FR\"},{\"@type\":\"ImageObject\",\"@id\":\"https:\/\/www.nettali.com\/2025\/09\/02\/ousmane-sonko-nous-avons-decide-de-mettre-en-terme-a-la-situation-anarchique-a-dakar\/#primaryimage\",\"inLanguage\":\"fr-FR\",\"url\":\"https:\/\/www.nettali.com\/wp-content\/uploads\/2025\/09\/Ousmane-Sonko-Plan-de-redressement-economique-du-Senegal.jpg\",\"contentUrl\":\"https:\/\/www.nettali.com\/wp-content\/uploads\/2025\/09\/Ousmane-Sonko-Plan-de-redressement-economique-du-Senegal.jpg\",\"width\":2048,\"height\":1364},{\"@type\":\"WebPage\",\"@id\":\"https:\/\/www.nettali.com\/2025\/09\/02\/ousmane-sonko-nous-avons-decide-de-mettre-en-terme-a-la-situation-anarchique-a-dakar\/#webpage\",\"url\":\"https:\/\/www.nettali.com\/2025\/09\/02\/ousmane-sonko-nous-avons-decide-de-mettre-en-terme-a-la-situation-anarchique-a-dakar\/\",\"name\":\"OUSMANE SONKO : \\\"Nous avons d\\u00e9cid\\u00e9 de mettre un terme \\u00e0 la situation anarchique \\u00e0 Dakar\\\" | Nettali.com\",\"isPartOf\":{\"@id\":\"https:\/\/www.nettali.com\/#website\"},\"primaryImageOfPage\":{\"@id\":\"https:\/\/www.nettali.com\/2025\/09\/02\/ousmane-sonko-nous-avons-decide-de-mettre-en-terme-a-la-situation-anarchique-a-dakar\/#primaryimage\"},\"datePublished\":\"2025-09-02T22:08:42+00:00\",\"dateModified\":\"2025-09-03T23:40:44+00:00\",\"author\":{\"@id\":\"https:\/\/www.nettali.com\/#\/schema\/person\/7962a12a6e0267f88f0ffa544c36469a\"},\"breadcrumb\":{\"@id\":\"https:\/\/www.nettali.com\/2025\/09\/02\/ousmane-sonko-nous-avons-decide-de-mettre-en-terme-a-la-situation-anarchique-a-dakar\/#breadcrumb\"},\"inLanguage\":\"fr-FR\",\"potentialAction\":[{\"@type\":\"ReadAction\",\"target\":[\"https:\/\/www.nettali.com\/2025\/09\/02\/ousmane-sonko-nous-avons-decide-de-mettre-en-terme-a-la-situation-anarchique-a-dakar\/\"]}]},{\"@type\":\"BreadcrumbList\",\"@id\":\"https:\/\/www.nettali.com\/2025\/09\/02\/ousmane-sonko-nous-avons-decide-de-mettre-en-terme-a-la-situation-anarchique-a-dakar\/#breadcrumb\",\"itemListElement\":[{\"@type\":\"ListItem\",\"position\":1,\"name\":\"Accueil\",\"item\":\"https:\/\/www.nettali.com\/\"},{\"@type\":\"ListItem\",\"position\":2,\"name\":\"OUSMANE SONKO : \\\"Nous avons d\\u00e9cid\\u00e9 de mettre un terme \\u00e0 la situation anarchique \\u00e0 Dakar\\\"\"}]},{\"@type\":\"Person\",\"@id\":\"https:\/\/www.nettali.com\/#\/schema\/person\/7962a12a6e0267f88f0ffa544c36469a\",\"name\":\"Moustapha\",\"image\":{\"@type\":\"ImageObject\",\"@id\":\"https:\/\/www.nettali.com\/#personlogo\",\"inLanguage\":\"fr-FR\",\"url\":\"https:\/\/secure.gravatar.com\/avatar\/10fdf6a071cccdcf374e3dbe45159590?s=96&d=mm&r=g\",\"contentUrl\":\"https:\/\/secure.gravatar.com\/avatar\/10fdf6a071cccdcf374e3dbe45159590?s=96&d=mm&r=g\",\"caption\":\"Moustapha\"},\"sameAs\":[\"https:\/\/www.nettali.com\"]}]}<\/script>\n<!-- \/ Yoast SEO Premium plugin. -->","yoast_head_json":{"title":"OUSMANE SONKO : \"Nous avons d\u00e9cid\u00e9 de mettre un terme \u00e0 la situation anarchique \u00e0 Dakar\" | Nettali.com","robots":{"index":"index","follow":"follow","max-snippet":"max-snippet:-1","max-image-preview":"max-image-preview:large","max-video-preview":"max-video-preview:-1"},"canonical":"https:\/\/www.nettali.com\/2025\/09\/02\/ousmane-sonko-nous-avons-decide-de-mettre-en-terme-a-la-situation-anarchique-a-dakar\/","og_locale":"fr_FR","og_type":"article","og_title":"OUSMANE SONKO : \"Nous avons d\u00e9cid\u00e9 de mettre un terme \u00e0 la situation anarchique \u00e0 Dakar\"","og_description":"NETTALI.COM - Dakar doit \u00eatre repens\u00e9 pour \u00eatre digne de la capitale du S\u00e9n\u00e9gal. Propos tenus ce mardi par Ousmane Sonko. Le Premier ministre pr\u00e9sidait la c\u00e9r\u00e9monie de lancement du projet \"Dakar m\u00e9tropole 2025\".\u00a0 Ousmane Sonko est formel. Selon lui, le lancement de \"Dakar m\u00e9tropole 2050\" est \"un moment important pour l'avenir de nos territoires [&hellip;]","og_url":"https:\/\/www.nettali.com\/2025\/09\/02\/ousmane-sonko-nous-avons-decide-de-mettre-en-terme-a-la-situation-anarchique-a-dakar\/","og_site_name":"Nettali.com","article_publisher":"https:\/\/www.facebook.com\/nettalicom","article_published_time":"2025-09-02T22:08:42+00:00","article_modified_time":"2025-09-03T23:40:44+00:00","og_image":[{"width":2048,"height":1364,"url":"https:\/\/www.nettali.com\/wp-content\/uploads\/2025\/09\/Ousmane-Sonko-Plan-de-redressement-economique-du-Senegal.jpg","type":"image\/jpeg"}],"twitter_card":"summary_large_image","twitter_misc":{"\u00c9crit par":"Moustapha","Dur\u00e9e de lecture estim\u00e9e":"2 minutes"},"schema":{"@context":"https:\/\/schema.org","@graph":[{"@type":"WebSite","@id":"https:\/\/www.nettali.com\/#website","url":"https:\/\/www.nettali.com\/","name":"Nettali.com","description":"Le rendez-vous critique du Net","potentialAction":[{"@type":"SearchAction","target":{"@type":"EntryPoint","urlTemplate":"https:\/\/www.nettali.com\/?s={search_term_string}"},"query-input":"required name=search_term_string"}],"inLanguage":"fr-FR"},{"@type":"ImageObject","@id":"https:\/\/www.nettali.com\/2025\/09\/02\/ousmane-sonko-nous-avons-decide-de-mettre-en-terme-a-la-situation-anarchique-a-dakar\/#primaryimage","inLanguage":"fr-FR","url":"https:\/\/www.nettali.com\/wp-content\/uploads\/2025\/09\/Ousmane-Sonko-Plan-de-redressement-economique-du-Senegal.jpg","contentUrl":"https:\/\/www.nettali.com\/wp-content\/uploads\/2025\/09\/Ousmane-Sonko-Plan-de-redressement-economique-du-Senegal.jpg","width":2048,"height":1364},{"@type":"WebPage","@id":"https:\/\/www.nettali.com\/2025\/09\/02\/ousmane-sonko-nous-avons-decide-de-mettre-en-terme-a-la-situation-anarchique-a-dakar\/#webpage","url":"https:\/\/www.nettali.com\/2025\/09\/02\/ousmane-sonko-nous-avons-decide-de-mettre-en-terme-a-la-situation-anarchique-a-dakar\/","name":"OUSMANE SONKO : \"Nous avons d\u00e9cid\u00e9 de mettre un terme \u00e0 la situation anarchique \u00e0 Dakar\" | Nettali.com","isPartOf":{"@id":"https:\/\/www.nettali.com\/#website"},"primaryImageOfPage":{"@id":"https:\/\/www.nettali.com\/2025\/09\/02\/ousmane-sonko-nous-avons-decide-de-mettre-en-terme-a-la-situation-anarchique-a-dakar\/#primaryimage"},"datePublished":"2025-09-02T22:08:42+00:00","dateModified":"2025-09-03T23:40:44+00:00","author":{"@id":"https:\/\/www.nettali.com\/#\/schema\/person\/7962a12a6e0267f88f0ffa544c36469a"},"breadcrumb":{"@id":"https:\/\/www.nettali.com\/2025\/09\/02\/ousmane-sonko-nous-avons-decide-de-mettre-en-terme-a-la-situation-anarchique-a-dakar\/#breadcrumb"},"inLanguage":"fr-FR","potentialAction":[{"@type":"ReadAction","target":["https:\/\/www.nettali.com\/2025\/09\/02\/ousmane-sonko-nous-avons-decide-de-mettre-en-terme-a-la-situation-anarchique-a-dakar\/"]}]},{"@type":"BreadcrumbList","@id":"https:\/\/www.nettali.com\/2025\/09\/02\/ousmane-sonko-nous-avons-decide-de-mettre-en-terme-a-la-situation-anarchique-a-dakar\/#breadcrumb","itemListElement":[{"@type":"ListItem","position":1,"name":"Accueil","item":"https:\/\/www.nettali.com\/"},{"@type":"ListItem","position":2,"name":"OUSMANE SONKO : \"Nous avons d\u00e9cid\u00e9 de mettre un terme \u00e0 la situation anarchique \u00e0 Dakar\""}]},{"@type":"Person","@id":"https:\/\/www.nettali.com\/#\/schema\/person\/7962a12a6e0267f88f0ffa544c36469a","name":"Moustapha","image":{"@type":"ImageObject","@id":"https:\/\/www.nettali.com\/#personlogo","inLanguage":"fr-FR","url":"https:\/\/secure.gravatar.com\/avatar\/10fdf6a071cccdcf374e3dbe45159590?s=96&d=mm&r=g","contentUrl":"https:\/\/secure.gravatar.com\/avatar\/10fdf6a071cccdcf374e3dbe45159590?s=96&d=mm&r=g","caption":"Moustapha"},"sameAs":["https:\/\/www.nettali.com"]}]}},"_links":{"self":[{"href":"https:\/\/www.nettali.com\/rest\/wp\/v2\/posts\/160563"}],"collection":[{"href":"https:\/\/www.nettali.com\/rest\/wp\/v2\/posts"}],"about":[{"href":"https:\/\/www.nettali.com\/rest\/wp\/v2\/types\/post"}],"author":[{"embeddable":true,"href":"https:\/\/www.nettali.com\/rest\/wp\/v2\/users\/3"}],"replies":[{"embeddable":true,"href":"https:\/\/www.nettali.com\/rest\/wp\/v2\/comments?post=160563"}],"version-history":[{"count":2,"href":"https:\/\/www.nettali.com\/rest\/wp\/v2\/posts\/160563\/revisions"}],"predecessor-version":[{"id":160566,"href":"https:\/\/www.nettali.com\/rest\/wp\/v2\/posts\/160563\/revisions\/160566"}],"wp:featuredmedia":[{"embeddable":true,"href":"https:\/\/www.nettali.com\/rest\/wp\/v2\/media\/160564"}],"wp:attachment":[{"href":"https:\/\/www.nettali.com\/rest\/wp\/v2\/media?parent=160563"}],"wp:term":[{"taxonomy":"category","embeddable":true,"href":"https:\/\/www.nettali.com\/rest\/wp\/v2\/categories?post=160563"},{"taxonomy":"post_tag","embeddable":true,"href":"https:\/\/www.nettali.com\/rest\/wp\/v2\/tags?post=160563"}],"curies":[{"name":"wp","href":"https:\/\/api.w.org\/{rel}","templated":true}]}}