{"id":160553,"date":"2025-09-02T19:28:06","date_gmt":"2025-09-02T19:28:06","guid":{"rendered":"https:\/\/www.nettali.com\/?p=160553"},"modified":"2025-09-02T19:28:06","modified_gmt":"2025-09-02T19:28:06","slug":"greve-des-travailleurs-du-radisson-diamniadio-le-petit-dej-des-lions-retarde","status":"publish","type":"post","link":"https:\/\/www.nettali.com\/2025\/09\/02\/greve-des-travailleurs-du-radisson-diamniadio-le-petit-dej-des-lions-retarde\/","title":{"rendered":"GR\u00c8VE DES TRAVAILLEURS DU RADISSON DIAMNIADIO - Le petit-d\u00e9j des Lions retard\u00e9"},"content":{"rendered":"<p><strong>NETTALI.COM - La pluie et le vent ont perturb\u00e9 leur premi\u00e8re s\u00e9ance d\u2019entra\u00eenement, ce lundi 2 septembre, au terrain annexe du stade Abdoulaye Wade. Mais ce n\u2019est rien par rapport \u00e0 ce qui les attendait le lendemain. Les Lions du S\u00e9n\u00e9gal ont vu leur petit-d\u00e9jeuner retarder en raison d\u2019un mouvement d\u2019humeur du syndicat des travailleurs du Radisson de Diamniadio.<\/strong><\/p>\n<p>La tension est loin de s\u2019estomper \u00e0 l\u2019h\u00f4tel Radisson de Diamniadio, suite au licenciement de 26 travailleurs pour \"<em>motif \u00e9conomique<\/em>\".<br \/>\nLe syndicat qui se regroupe par moments \u00e0 la devanture du r\u00e9ceptif, portant des brassards rouges, pour marquer son d\u00e9saccord, est pass\u00e9 \u00e0 la vitesse sup\u00e9rieure en perturbant le regroupement des Lions qui y sont depuis ce lundi, pour les besoins du match contre le Soudan (5 septembre) en direction de la septi\u00e8me journ\u00e9e des \u00e9liminatoires du Mondial 2026 de football.<\/p>\n<p>Oumar Ba et ses coll\u00e8gues s\u2019insurgent contre ces licenciements jug\u00e9s abusifs alors que l\u2019Etat avait invit\u00e9 \u00e0 une d\u00e9cision contraire.<\/p>\n<p>Cons\u00e9quence, Sadio Man\u00e9 et ses partenaires n\u2019ont pu prendre leur petit-d\u00e9jeuner \u00e0 temps. Il a fallu que la direction se d\u00e9brouille pour leur trouver de quoi se servir quelques heures plus tard. Et ce sera pareil pour le d\u00e9jeuner, en attendant que la situation se r\u00e9tablisse.<\/p>\n<p>Deuxi\u00e8me du groupe D avec 12 points, le S\u00e9n\u00e9gal joue un match d\u00e9cisif face au Soudan (3e, 12pts) avant s\u2019envoler pour affronter le leader, RDC (13pts) le 9 septembre.<\/p>\n<div class='share-to-whatsapp-wrapper'><div class='share-on-whsp'>PARTAGER SUR : <\/div><a data-text='GR\u00c8VE DES TRAVAILLEURS DU RADISSON DIAMNIADIO - Le petit-d\u00e9j des Lions retard\u00e9' data-link='https:\/\/www.nettali.com\/2025\/09\/02\/greve-des-travailleurs-du-radisson-diamniadio-le-petit-dej-des-lions-retarde\/' class='whatsapp-button whatsapp-share'>WhatsApp<\/a><div class='clear '><\/div><\/div>","protected":false},"excerpt":{"rendered":"<p>NETTALI.COM - La pluie et le vent ont perturb\u00e9 leur premi\u00e8re s\u00e9ance d\u2019entra\u00eenement, ce lundi 2 septembre, au terrain annexe du stade Abdoulaye Wade. Mais ce n\u2019est rien par rapport \u00e0 ce qui les attendait le lendemain. Les Lions du S\u00e9n\u00e9gal ont vu leur petit-d\u00e9jeuner retarder en raison d\u2019un mouvement d\u2019humeur du syndicat des travailleurs [&hellip;]<\/p>\n","protected":false},"author":5,"featured_media":160554,"comment_status":"open","ping_status":"open","sticky":false,"template":"","format":"standard","meta":{"_et_pb_use_builder":"","_et_pb_old_content":""},"categories":[6],"tags":[],"yoast_head":"<!-- This site is optimized with the Yoast SEO Premium plugin v17.8 (Yoast SEO v17.8) - https:\/\/yoast.com\/wordpress\/plugins\/seo\/ -->\n<title>GR\u00c8VE DES TRAVAILLEURS DU RADISSON DIAMNIADIO - Le petit-d\u00e9j des Lions retard\u00e9 | Nettali.com<\/title>\n<meta name=\"robots\" content=\"index, follow, max-snippet:-1, max-image-preview:large, max-video-preview:-1\" \/>\n<link rel=\"canonical\" href=\"https:\/\/www.nettali.com\/2025\/09\/02\/greve-des-travailleurs-du-radisson-diamniadio-le-petit-dej-des-lions-retarde\/\" \/>\n<meta property=\"og:locale\" content=\"fr_FR\" \/>\n<meta property=\"og:type\" content=\"article\" \/>\n<meta property=\"og:title\" content=\"GR\u00c8VE DES TRAVAILLEURS DU RADISSON DIAMNIADIO - Le petit-d\u00e9j des Lions retard\u00e9\" \/>\n<meta property=\"og:description\" content=\"NETTALI.COM - La pluie et le vent ont perturb\u00e9 leur premi\u00e8re s\u00e9ance d\u2019entra\u00eenement, ce lundi 2 septembre, au terrain annexe du stade Abdoulaye Wade. Mais ce n\u2019est rien par rapport \u00e0 ce qui les attendait le lendemain. Les Lions du S\u00e9n\u00e9gal ont vu leur petit-d\u00e9jeuner retarder en raison d\u2019un mouvement d\u2019humeur du syndicat des travailleurs [&hellip;]\" \/>\n<meta property=\"og:url\" content=\"https:\/\/www.nettali.com\/2025\/09\/02\/greve-des-travailleurs-du-radisson-diamniadio-le-petit-dej-des-lions-retarde\/\" \/>\n<meta property=\"og:site_name\" content=\"Nettali.com\" \/>\n<meta property=\"article:publisher\" content=\"https:\/\/www.facebook.com\/nettalicom\" \/>\n<meta property=\"article:published_time\" content=\"2025-09-02T19:28:06+00:00\" \/>\n<meta property=\"og:image\" content=\"https:\/\/www.nettali.com\/wp-content\/uploads\/2025\/09\/FIJ9MbjWYAE7Q0e.jpg_large.jpg\" \/>\n\t<meta property=\"og:image:width\" content=\"1494\" \/>\n\t<meta property=\"og:image:height\" content=\"931\" \/>\n<meta name=\"twitter:card\" content=\"summary_large_image\" \/>\n<meta name=\"twitter:label1\" content=\"\u00c9crit par\" \/>\n\t<meta name=\"twitter:data1\" content=\"Ibrahima\" \/>\n\t<meta name=\"twitter:label2\" content=\"Dur\u00e9e de lecture estim\u00e9e\" \/>\n\t<meta name=\"twitter:data2\" content=\"2 minutes\" \/>\n<script type=\"application\/ld+json\" class=\"yoast-schema-graph\">{\"@context\":\"https:\/\/schema.org\",\"@graph\":[{\"@type\":\"WebSite\",\"@id\":\"https:\/\/www.nettali.com\/#website\",\"url\":\"https:\/\/www.nettali.com\/\",\"name\":\"Nettali.com\",\"description\":\"Le rendez-vous critique du Net\",\"potentialAction\":[{\"@type\":\"SearchAction\",\"target\":{\"@type\":\"EntryPoint\",\"urlTemplate\":\"https:\/\/www.nettali.com\/?s={search_term_string}\"},\"query-input\":\"required name=search_term_string\"}],\"inLanguage\":\"fr-FR\"},{\"@type\":\"ImageObject\",\"@id\":\"https:\/\/www.nettali.com\/2025\/09\/02\/greve-des-travailleurs-du-radisson-diamniadio-le-petit-dej-des-lions-retarde\/#primaryimage\",\"inLanguage\":\"fr-FR\",\"url\":\"https:\/\/www.nettali.com\/wp-content\/uploads\/2025\/09\/FIJ9MbjWYAE7Q0e.jpg_large.jpg\",\"contentUrl\":\"https:\/\/www.nettali.com\/wp-content\/uploads\/2025\/09\/FIJ9MbjWYAE7Q0e.jpg_large.jpg\",\"width\":1494,\"height\":931},{\"@type\":\"WebPage\",\"@id\":\"https:\/\/www.nettali.com\/2025\/09\/02\/greve-des-travailleurs-du-radisson-diamniadio-le-petit-dej-des-lions-retarde\/#webpage\",\"url\":\"https:\/\/www.nettali.com\/2025\/09\/02\/greve-des-travailleurs-du-radisson-diamniadio-le-petit-dej-des-lions-retarde\/\",\"name\":\"GR\\u00c8VE DES TRAVAILLEURS DU RADISSON DIAMNIADIO - Le petit-d\\u00e9j des Lions retard\\u00e9 | Nettali.com\",\"isPartOf\":{\"@id\":\"https:\/\/www.nettali.com\/#website\"},\"primaryImageOfPage\":{\"@id\":\"https:\/\/www.nettali.com\/2025\/09\/02\/greve-des-travailleurs-du-radisson-diamniadio-le-petit-dej-des-lions-retarde\/#primaryimage\"},\"datePublished\":\"2025-09-02T19:28:06+00:00\",\"dateModified\":\"2025-09-02T19:28:06+00:00\",\"author\":{\"@id\":\"https:\/\/www.nettali.com\/#\/schema\/person\/bb147657c2986240405a608162b9bb23\"},\"breadcrumb\":{\"@id\":\"https:\/\/www.nettali.com\/2025\/09\/02\/greve-des-travailleurs-du-radisson-diamniadio-le-petit-dej-des-lions-retarde\/#breadcrumb\"},\"inLanguage\":\"fr-FR\",\"potentialAction\":[{\"@type\":\"ReadAction\",\"target\":[\"https:\/\/www.nettali.com\/2025\/09\/02\/greve-des-travailleurs-du-radisson-diamniadio-le-petit-dej-des-lions-retarde\/\"]}]},{\"@type\":\"BreadcrumbList\",\"@id\":\"https:\/\/www.nettali.com\/2025\/09\/02\/greve-des-travailleurs-du-radisson-diamniadio-le-petit-dej-des-lions-retarde\/#breadcrumb\",\"itemListElement\":[{\"@type\":\"ListItem\",\"position\":1,\"name\":\"Accueil\",\"item\":\"https:\/\/www.nettali.com\/\"},{\"@type\":\"ListItem\",\"position\":2,\"name\":\"GR\\u00c8VE DES TRAVAILLEURS DU RADISSON DIAMNIADIO - Le petit-d\\u00e9j des Lions retard\\u00e9\"}]},{\"@type\":\"Person\",\"@id\":\"https:\/\/www.nettali.com\/#\/schema\/person\/bb147657c2986240405a608162b9bb23\",\"name\":\"Ibrahima\",\"image\":{\"@type\":\"ImageObject\",\"@id\":\"https:\/\/www.nettali.com\/#personlogo\",\"inLanguage\":\"fr-FR\",\"url\":\"https:\/\/secure.gravatar.com\/avatar\/26a8a81f09f0dd7624c9d5c36c9ba3a2?s=96&d=mm&r=g\",\"contentUrl\":\"https:\/\/secure.gravatar.com\/avatar\/26a8a81f09f0dd7624c9d5c36c9ba3a2?s=96&d=mm&r=g\",\"caption\":\"Ibrahima\"},\"sameAs\":[\"https:\/\/www.nettali.com\"]}]}<\/script>\n<!-- \/ Yoast SEO Premium plugin. -->","yoast_head_json":{"title":"GR\u00c8VE DES TRAVAILLEURS DU RADISSON DIAMNIADIO - Le petit-d\u00e9j des Lions retard\u00e9 | Nettali.com","robots":{"index":"index","follow":"follow","max-snippet":"max-snippet:-1","max-image-preview":"max-image-preview:large","max-video-preview":"max-video-preview:-1"},"canonical":"https:\/\/www.nettali.com\/2025\/09\/02\/greve-des-travailleurs-du-radisson-diamniadio-le-petit-dej-des-lions-retarde\/","og_locale":"fr_FR","og_type":"article","og_title":"GR\u00c8VE DES TRAVAILLEURS DU RADISSON DIAMNIADIO - Le petit-d\u00e9j des Lions retard\u00e9","og_description":"NETTALI.COM - La pluie et le vent ont perturb\u00e9 leur premi\u00e8re s\u00e9ance d\u2019entra\u00eenement, ce lundi 2 septembre, au terrain annexe du stade Abdoulaye Wade. Mais ce n\u2019est rien par rapport \u00e0 ce qui les attendait le lendemain. Les Lions du S\u00e9n\u00e9gal ont vu leur petit-d\u00e9jeuner retarder en raison d\u2019un mouvement d\u2019humeur du syndicat des travailleurs [&hellip;]","og_url":"https:\/\/www.nettali.com\/2025\/09\/02\/greve-des-travailleurs-du-radisson-diamniadio-le-petit-dej-des-lions-retarde\/","og_site_name":"Nettali.com","article_publisher":"https:\/\/www.facebook.com\/nettalicom","article_published_time":"2025-09-02T19:28:06+00:00","og_image":[{"width":1494,"height":931,"url":"https:\/\/www.nettali.com\/wp-content\/uploads\/2025\/09\/FIJ9MbjWYAE7Q0e.jpg_large.jpg","type":"image\/jpeg"}],"twitter_card":"summary_large_image","twitter_misc":{"\u00c9crit par":"Ibrahima","Dur\u00e9e de lecture estim\u00e9e":"2 minutes"},"schema":{"@context":"https:\/\/schema.org","@graph":[{"@type":"WebSite","@id":"https:\/\/www.nettali.com\/#website","url":"https:\/\/www.nettali.com\/","name":"Nettali.com","description":"Le rendez-vous critique du Net","potentialAction":[{"@type":"SearchAction","target":{"@type":"EntryPoint","urlTemplate":"https:\/\/www.nettali.com\/?s={search_term_string}"},"query-input":"required name=search_term_string"}],"inLanguage":"fr-FR"},{"@type":"ImageObject","@id":"https:\/\/www.nettali.com\/2025\/09\/02\/greve-des-travailleurs-du-radisson-diamniadio-le-petit-dej-des-lions-retarde\/#primaryimage","inLanguage":"fr-FR","url":"https:\/\/www.nettali.com\/wp-content\/uploads\/2025\/09\/FIJ9MbjWYAE7Q0e.jpg_large.jpg","contentUrl":"https:\/\/www.nettali.com\/wp-content\/uploads\/2025\/09\/FIJ9MbjWYAE7Q0e.jpg_large.jpg","width":1494,"height":931},{"@type":"WebPage","@id":"https:\/\/www.nettali.com\/2025\/09\/02\/greve-des-travailleurs-du-radisson-diamniadio-le-petit-dej-des-lions-retarde\/#webpage","url":"https:\/\/www.nettali.com\/2025\/09\/02\/greve-des-travailleurs-du-radisson-diamniadio-le-petit-dej-des-lions-retarde\/","name":"GR\u00c8VE DES TRAVAILLEURS DU RADISSON DIAMNIADIO - Le petit-d\u00e9j des Lions retard\u00e9 | Nettali.com","isPartOf":{"@id":"https:\/\/www.nettali.com\/#website"},"primaryImageOfPage":{"@id":"https:\/\/www.nettali.com\/2025\/09\/02\/greve-des-travailleurs-du-radisson-diamniadio-le-petit-dej-des-lions-retarde\/#primaryimage"},"datePublished":"2025-09-02T19:28:06+00:00","dateModified":"2025-09-02T19:28:06+00:00","author":{"@id":"https:\/\/www.nettali.com\/#\/schema\/person\/bb147657c2986240405a608162b9bb23"},"breadcrumb":{"@id":"https:\/\/www.nettali.com\/2025\/09\/02\/greve-des-travailleurs-du-radisson-diamniadio-le-petit-dej-des-lions-retarde\/#breadcrumb"},"inLanguage":"fr-FR","potentialAction":[{"@type":"ReadAction","target":["https:\/\/www.nettali.com\/2025\/09\/02\/greve-des-travailleurs-du-radisson-diamniadio-le-petit-dej-des-lions-retarde\/"]}]},{"@type":"BreadcrumbList","@id":"https:\/\/www.nettali.com\/2025\/09\/02\/greve-des-travailleurs-du-radisson-diamniadio-le-petit-dej-des-lions-retarde\/#breadcrumb","itemListElement":[{"@type":"ListItem","position":1,"name":"Accueil","item":"https:\/\/www.nettali.com\/"},{"@type":"ListItem","position":2,"name":"GR\u00c8VE DES TRAVAILLEURS DU RADISSON DIAMNIADIO - Le petit-d\u00e9j des Lions retard\u00e9"}]},{"@type":"Person","@id":"https:\/\/www.nettali.com\/#\/schema\/person\/bb147657c2986240405a608162b9bb23","name":"Ibrahima","image":{"@type":"ImageObject","@id":"https:\/\/www.nettali.com\/#personlogo","inLanguage":"fr-FR","url":"https:\/\/secure.gravatar.com\/avatar\/26a8a81f09f0dd7624c9d5c36c9ba3a2?s=96&d=mm&r=g","contentUrl":"https:\/\/secure.gravatar.com\/avatar\/26a8a81f09f0dd7624c9d5c36c9ba3a2?s=96&d=mm&r=g","caption":"Ibrahima"},"sameAs":["https:\/\/www.nettali.com"]}]}},"_links":{"self":[{"href":"https:\/\/www.nettali.com\/rest\/wp\/v2\/posts\/160553"}],"collection":[{"href":"https:\/\/www.nettali.com\/rest\/wp\/v2\/posts"}],"about":[{"href":"https:\/\/www.nettali.com\/rest\/wp\/v2\/types\/post"}],"author":[{"embeddable":true,"href":"https:\/\/www.nettali.com\/rest\/wp\/v2\/users\/5"}],"replies":[{"embeddable":true,"href":"https:\/\/www.nettali.com\/rest\/wp\/v2\/comments?post=160553"}],"version-history":[{"count":3,"href":"https:\/\/www.nettali.com\/rest\/wp\/v2\/posts\/160553\/revisions"}],"predecessor-version":[{"id":160557,"href":"https:\/\/www.nettali.com\/rest\/wp\/v2\/posts\/160553\/revisions\/160557"}],"wp:featuredmedia":[{"embeddable":true,"href":"https:\/\/www.nettali.com\/rest\/wp\/v2\/media\/160554"}],"wp:attachment":[{"href":"https:\/\/www.nettali.com\/rest\/wp\/v2\/media?parent=160553"}],"wp:term":[{"taxonomy":"category","embeddable":true,"href":"https:\/\/www.nettali.com\/rest\/wp\/v2\/categories?post=160553"},{"taxonomy":"post_tag","embeddable":true,"href":"https:\/\/www.nettali.com\/rest\/wp\/v2\/tags?post=160553"}],"curies":[{"name":"wp","href":"https:\/\/api.w.org\/{rel}","templated":true}]}}