{"id":160550,"date":"2025-09-02T14:23:24","date_gmt":"2025-09-02T14:23:24","guid":{"rendered":"https:\/\/www.nettali.com\/?p=160550"},"modified":"2025-09-02T12:23:37","modified_gmt":"2025-09-02T12:23:37","slug":"equipe-nationale-ismaila-sarr-forfait-ousseynou-niang-vient-en-renfort","status":"publish","type":"post","link":"https:\/\/www.nettali.com\/2025\/09\/02\/equipe-nationale-ismaila-sarr-forfait-ousseynou-niang-vient-en-renfort\/","title":{"rendered":"\u00c9QUIPE NATIONALE - Isma\u00efla Sarr forfait, Ousseynou Niang vient en renfort"},"content":{"rendered":"<p><strong>NETTALI.COM - Tonitruant en ce d\u00e9but de saison avec les Eagles de Crystal Palace, Isma\u00efla Sarr va rater le rassemblement de septembre. L'ailier des Lions est forfait pour les matchs face au Soudan et \u00e0 la RD Congo. Il est remplac\u00e9 par le jeune Ousseynou Niang de l\u2019Union Saint-Gilloise.<\/strong><\/p>\n<p>Buteur contre Aston Villa ce weekend, Isma\u00efla Sarr s'est bless\u00e9 et sera out pour ces deux matchs (Soudan et RD Congo) importants de l\u2019\u00e9quipe nationale pour la qualification \u00e0 la Coupe du Monde 2026.<\/p>\n<p>Apr\u00e8s ce forfait d\u2019Izo, Pape Thiaw a fait appel au jeune virevoltant Ousseynou Niang dont la convocation est attendue depuis la fin de saison derni\u00e8re. L\u2019ailier de l\u2019Union Saint-Gilloise est en train de r\u00e9ussir son passage en Belgique et offre de belles performances depuis la saison \u00e9coul\u00e9e.<br \/>\nUne belle r\u00e9compense pour l\u2019ancien de Diambars qui f\u00eatera ainsi sa premi\u00e8re s\u00e9lection chez les A.<\/p>\n<div class='share-to-whatsapp-wrapper'><div class='share-on-whsp'>PARTAGER SUR : <\/div><a data-text='\u00c9QUIPE NATIONALE - Isma\u00efla Sarr forfait, Ousseynou Niang vient en renfort' data-link='https:\/\/www.nettali.com\/2025\/09\/02\/equipe-nationale-ismaila-sarr-forfait-ousseynou-niang-vient-en-renfort\/' class='whatsapp-button whatsapp-share'>WhatsApp<\/a><div class='clear '><\/div><\/div>","protected":false},"excerpt":{"rendered":"<p>NETTALI.COM - Tonitruant en ce d\u00e9but de saison avec les Eagles de Crystal Palace, Isma\u00efla Sarr va rater le rassemblement de septembre. L'ailier des Lions est forfait pour les matchs face au Soudan et \u00e0 la RD Congo. Il est remplac\u00e9 par le jeune Ousseynou Niang de l\u2019Union Saint-Gilloise. Buteur contre Aston Villa ce weekend, [&hellip;]<\/p>\n","protected":false},"author":5,"featured_media":160548,"comment_status":"open","ping_status":"open","sticky":false,"template":"","format":"standard","meta":{"_et_pb_use_builder":"","_et_pb_old_content":""},"categories":[6],"tags":[],"yoast_head":"<!-- This site is optimized with the Yoast SEO Premium plugin v17.8 (Yoast SEO v17.8) - https:\/\/yoast.com\/wordpress\/plugins\/seo\/ -->\n<title>\u00c9QUIPE NATIONALE - Isma\u00efla Sarr forfait, Ousseynou Niang vient en renfort | Nettali.com<\/title>\n<meta name=\"robots\" content=\"index, follow, max-snippet:-1, max-image-preview:large, max-video-preview:-1\" \/>\n<link rel=\"canonical\" href=\"https:\/\/www.nettali.com\/2025\/09\/02\/equipe-nationale-ismaila-sarr-forfait-ousseynou-niang-vient-en-renfort\/\" \/>\n<meta property=\"og:locale\" content=\"fr_FR\" \/>\n<meta property=\"og:type\" content=\"article\" \/>\n<meta property=\"og:title\" content=\"\u00c9QUIPE NATIONALE - Isma\u00efla Sarr forfait, Ousseynou Niang vient en renfort\" \/>\n<meta property=\"og:description\" content=\"NETTALI.COM - Tonitruant en ce d\u00e9but de saison avec les Eagles de Crystal Palace, Isma\u00efla Sarr va rater le rassemblement de septembre. L&#039;ailier des Lions est forfait pour les matchs face au Soudan et \u00e0 la RD Congo. Il est remplac\u00e9 par le jeune Ousseynou Niang de l\u2019Union Saint-Gilloise. Buteur contre Aston Villa ce weekend, [&hellip;]\" \/>\n<meta property=\"og:url\" content=\"https:\/\/www.nettali.com\/2025\/09\/02\/equipe-nationale-ismaila-sarr-forfait-ousseynou-niang-vient-en-renfort\/\" \/>\n<meta property=\"og:site_name\" content=\"Nettali.com\" \/>\n<meta property=\"article:publisher\" content=\"https:\/\/www.facebook.com\/nettalicom\" \/>\n<meta property=\"article:published_time\" content=\"2025-09-02T14:23:24+00:00\" \/>\n<meta property=\"article:modified_time\" content=\"2025-09-02T12:23:37+00:00\" \/>\n<meta property=\"og:image\" content=\"https:\/\/www.nettali.com\/wp-content\/uploads\/2025\/09\/Screenshot_20250902_092931_WhatsApp.jpg\" \/>\n\t<meta property=\"og:image:width\" content=\"1080\" \/>\n\t<meta property=\"og:image:height\" content=\"625\" \/>\n<meta name=\"twitter:card\" content=\"summary_large_image\" \/>\n<meta name=\"twitter:label1\" content=\"\u00c9crit par\" \/>\n\t<meta name=\"twitter:data1\" content=\"Ibrahima\" \/>\n\t<meta name=\"twitter:label2\" content=\"Dur\u00e9e de lecture estim\u00e9e\" \/>\n\t<meta name=\"twitter:data2\" content=\"1 minute\" \/>\n<script type=\"application\/ld+json\" class=\"yoast-schema-graph\">{\"@context\":\"https:\/\/schema.org\",\"@graph\":[{\"@type\":\"WebSite\",\"@id\":\"https:\/\/www.nettali.com\/#website\",\"url\":\"https:\/\/www.nettali.com\/\",\"name\":\"Nettali.com\",\"description\":\"Le rendez-vous critique du Net\",\"potentialAction\":[{\"@type\":\"SearchAction\",\"target\":{\"@type\":\"EntryPoint\",\"urlTemplate\":\"https:\/\/www.nettali.com\/?s={search_term_string}\"},\"query-input\":\"required name=search_term_string\"}],\"inLanguage\":\"fr-FR\"},{\"@type\":\"ImageObject\",\"@id\":\"https:\/\/www.nettali.com\/2025\/09\/02\/equipe-nationale-ismaila-sarr-forfait-ousseynou-niang-vient-en-renfort\/#primaryimage\",\"inLanguage\":\"fr-FR\",\"url\":\"https:\/\/www.nettali.com\/wp-content\/uploads\/2025\/09\/Screenshot_20250902_092931_WhatsApp.jpg\",\"contentUrl\":\"https:\/\/www.nettali.com\/wp-content\/uploads\/2025\/09\/Screenshot_20250902_092931_WhatsApp.jpg\",\"width\":1080,\"height\":625},{\"@type\":\"WebPage\",\"@id\":\"https:\/\/www.nettali.com\/2025\/09\/02\/equipe-nationale-ismaila-sarr-forfait-ousseynou-niang-vient-en-renfort\/#webpage\",\"url\":\"https:\/\/www.nettali.com\/2025\/09\/02\/equipe-nationale-ismaila-sarr-forfait-ousseynou-niang-vient-en-renfort\/\",\"name\":\"\\u00c9QUIPE NATIONALE - Isma\\u00efla Sarr forfait, Ousseynou Niang vient en renfort | Nettali.com\",\"isPartOf\":{\"@id\":\"https:\/\/www.nettali.com\/#website\"},\"primaryImageOfPage\":{\"@id\":\"https:\/\/www.nettali.com\/2025\/09\/02\/equipe-nationale-ismaila-sarr-forfait-ousseynou-niang-vient-en-renfort\/#primaryimage\"},\"datePublished\":\"2025-09-02T14:23:24+00:00\",\"dateModified\":\"2025-09-02T12:23:37+00:00\",\"author\":{\"@id\":\"https:\/\/www.nettali.com\/#\/schema\/person\/bb147657c2986240405a608162b9bb23\"},\"breadcrumb\":{\"@id\":\"https:\/\/www.nettali.com\/2025\/09\/02\/equipe-nationale-ismaila-sarr-forfait-ousseynou-niang-vient-en-renfort\/#breadcrumb\"},\"inLanguage\":\"fr-FR\",\"potentialAction\":[{\"@type\":\"ReadAction\",\"target\":[\"https:\/\/www.nettali.com\/2025\/09\/02\/equipe-nationale-ismaila-sarr-forfait-ousseynou-niang-vient-en-renfort\/\"]}]},{\"@type\":\"BreadcrumbList\",\"@id\":\"https:\/\/www.nettali.com\/2025\/09\/02\/equipe-nationale-ismaila-sarr-forfait-ousseynou-niang-vient-en-renfort\/#breadcrumb\",\"itemListElement\":[{\"@type\":\"ListItem\",\"position\":1,\"name\":\"Accueil\",\"item\":\"https:\/\/www.nettali.com\/\"},{\"@type\":\"ListItem\",\"position\":2,\"name\":\"\\u00c9QUIPE NATIONALE - Isma\\u00efla Sarr forfait, Ousseynou Niang vient en renfort\"}]},{\"@type\":\"Person\",\"@id\":\"https:\/\/www.nettali.com\/#\/schema\/person\/bb147657c2986240405a608162b9bb23\",\"name\":\"Ibrahima\",\"image\":{\"@type\":\"ImageObject\",\"@id\":\"https:\/\/www.nettali.com\/#personlogo\",\"inLanguage\":\"fr-FR\",\"url\":\"https:\/\/secure.gravatar.com\/avatar\/26a8a81f09f0dd7624c9d5c36c9ba3a2?s=96&d=mm&r=g\",\"contentUrl\":\"https:\/\/secure.gravatar.com\/avatar\/26a8a81f09f0dd7624c9d5c36c9ba3a2?s=96&d=mm&r=g\",\"caption\":\"Ibrahima\"},\"sameAs\":[\"https:\/\/www.nettali.com\"]}]}<\/script>\n<!-- \/ Yoast SEO Premium plugin. -->","yoast_head_json":{"title":"\u00c9QUIPE NATIONALE - Isma\u00efla Sarr forfait, Ousseynou Niang vient en renfort | Nettali.com","robots":{"index":"index","follow":"follow","max-snippet":"max-snippet:-1","max-image-preview":"max-image-preview:large","max-video-preview":"max-video-preview:-1"},"canonical":"https:\/\/www.nettali.com\/2025\/09\/02\/equipe-nationale-ismaila-sarr-forfait-ousseynou-niang-vient-en-renfort\/","og_locale":"fr_FR","og_type":"article","og_title":"\u00c9QUIPE NATIONALE - Isma\u00efla Sarr forfait, Ousseynou Niang vient en renfort","og_description":"NETTALI.COM - Tonitruant en ce d\u00e9but de saison avec les Eagles de Crystal Palace, Isma\u00efla Sarr va rater le rassemblement de septembre. L'ailier des Lions est forfait pour les matchs face au Soudan et \u00e0 la RD Congo. Il est remplac\u00e9 par le jeune Ousseynou Niang de l\u2019Union Saint-Gilloise. Buteur contre Aston Villa ce weekend, [&hellip;]","og_url":"https:\/\/www.nettali.com\/2025\/09\/02\/equipe-nationale-ismaila-sarr-forfait-ousseynou-niang-vient-en-renfort\/","og_site_name":"Nettali.com","article_publisher":"https:\/\/www.facebook.com\/nettalicom","article_published_time":"2025-09-02T14:23:24+00:00","article_modified_time":"2025-09-02T12:23:37+00:00","og_image":[{"width":1080,"height":625,"url":"https:\/\/www.nettali.com\/wp-content\/uploads\/2025\/09\/Screenshot_20250902_092931_WhatsApp.jpg","type":"image\/jpeg"}],"twitter_card":"summary_large_image","twitter_misc":{"\u00c9crit par":"Ibrahima","Dur\u00e9e de lecture estim\u00e9e":"1 minute"},"schema":{"@context":"https:\/\/schema.org","@graph":[{"@type":"WebSite","@id":"https:\/\/www.nettali.com\/#website","url":"https:\/\/www.nettali.com\/","name":"Nettali.com","description":"Le rendez-vous critique du Net","potentialAction":[{"@type":"SearchAction","target":{"@type":"EntryPoint","urlTemplate":"https:\/\/www.nettali.com\/?s={search_term_string}"},"query-input":"required name=search_term_string"}],"inLanguage":"fr-FR"},{"@type":"ImageObject","@id":"https:\/\/www.nettali.com\/2025\/09\/02\/equipe-nationale-ismaila-sarr-forfait-ousseynou-niang-vient-en-renfort\/#primaryimage","inLanguage":"fr-FR","url":"https:\/\/www.nettali.com\/wp-content\/uploads\/2025\/09\/Screenshot_20250902_092931_WhatsApp.jpg","contentUrl":"https:\/\/www.nettali.com\/wp-content\/uploads\/2025\/09\/Screenshot_20250902_092931_WhatsApp.jpg","width":1080,"height":625},{"@type":"WebPage","@id":"https:\/\/www.nettali.com\/2025\/09\/02\/equipe-nationale-ismaila-sarr-forfait-ousseynou-niang-vient-en-renfort\/#webpage","url":"https:\/\/www.nettali.com\/2025\/09\/02\/equipe-nationale-ismaila-sarr-forfait-ousseynou-niang-vient-en-renfort\/","name":"\u00c9QUIPE NATIONALE - Isma\u00efla Sarr forfait, Ousseynou Niang vient en renfort | Nettali.com","isPartOf":{"@id":"https:\/\/www.nettali.com\/#website"},"primaryImageOfPage":{"@id":"https:\/\/www.nettali.com\/2025\/09\/02\/equipe-nationale-ismaila-sarr-forfait-ousseynou-niang-vient-en-renfort\/#primaryimage"},"datePublished":"2025-09-02T14:23:24+00:00","dateModified":"2025-09-02T12:23:37+00:00","author":{"@id":"https:\/\/www.nettali.com\/#\/schema\/person\/bb147657c2986240405a608162b9bb23"},"breadcrumb":{"@id":"https:\/\/www.nettali.com\/2025\/09\/02\/equipe-nationale-ismaila-sarr-forfait-ousseynou-niang-vient-en-renfort\/#breadcrumb"},"inLanguage":"fr-FR","potentialAction":[{"@type":"ReadAction","target":["https:\/\/www.nettali.com\/2025\/09\/02\/equipe-nationale-ismaila-sarr-forfait-ousseynou-niang-vient-en-renfort\/"]}]},{"@type":"BreadcrumbList","@id":"https:\/\/www.nettali.com\/2025\/09\/02\/equipe-nationale-ismaila-sarr-forfait-ousseynou-niang-vient-en-renfort\/#breadcrumb","itemListElement":[{"@type":"ListItem","position":1,"name":"Accueil","item":"https:\/\/www.nettali.com\/"},{"@type":"ListItem","position":2,"name":"\u00c9QUIPE NATIONALE - Isma\u00efla Sarr forfait, Ousseynou Niang vient en renfort"}]},{"@type":"Person","@id":"https:\/\/www.nettali.com\/#\/schema\/person\/bb147657c2986240405a608162b9bb23","name":"Ibrahima","image":{"@type":"ImageObject","@id":"https:\/\/www.nettali.com\/#personlogo","inLanguage":"fr-FR","url":"https:\/\/secure.gravatar.com\/avatar\/26a8a81f09f0dd7624c9d5c36c9ba3a2?s=96&d=mm&r=g","contentUrl":"https:\/\/secure.gravatar.com\/avatar\/26a8a81f09f0dd7624c9d5c36c9ba3a2?s=96&d=mm&r=g","caption":"Ibrahima"},"sameAs":["https:\/\/www.nettali.com"]}]}},"_links":{"self":[{"href":"https:\/\/www.nettali.com\/rest\/wp\/v2\/posts\/160550"}],"collection":[{"href":"https:\/\/www.nettali.com\/rest\/wp\/v2\/posts"}],"about":[{"href":"https:\/\/www.nettali.com\/rest\/wp\/v2\/types\/post"}],"author":[{"embeddable":true,"href":"https:\/\/www.nettali.com\/rest\/wp\/v2\/users\/5"}],"replies":[{"embeddable":true,"href":"https:\/\/www.nettali.com\/rest\/wp\/v2\/comments?post=160550"}],"version-history":[{"count":1,"href":"https:\/\/www.nettali.com\/rest\/wp\/v2\/posts\/160550\/revisions"}],"predecessor-version":[{"id":160551,"href":"https:\/\/www.nettali.com\/rest\/wp\/v2\/posts\/160550\/revisions\/160551"}],"wp:featuredmedia":[{"embeddable":true,"href":"https:\/\/www.nettali.com\/rest\/wp\/v2\/media\/160548"}],"wp:attachment":[{"href":"https:\/\/www.nettali.com\/rest\/wp\/v2\/media?parent=160550"}],"wp:term":[{"taxonomy":"category","embeddable":true,"href":"https:\/\/www.nettali.com\/rest\/wp\/v2\/categories?post=160550"},{"taxonomy":"post_tag","embeddable":true,"href":"https:\/\/www.nettali.com\/rest\/wp\/v2\/tags?post=160550"}],"curies":[{"name":"wp","href":"https:\/\/api.w.org\/{rel}","templated":true}]}}