{"id":160543,"date":"2025-09-02T12:37:23","date_gmt":"2025-09-02T12:37:23","guid":{"rendered":"https:\/\/www.nettali.com\/?p=160543"},"modified":"2025-09-02T01:39:39","modified_gmt":"2025-09-02T01:39:39","slug":"liga-le-fils-de-samuel-etoo-rebondit-en-d2-espagnole","status":"publish","type":"post","link":"https:\/\/www.nettali.com\/2025\/09\/02\/liga-le-fils-de-samuel-etoo-rebondit-en-d2-espagnole\/","title":{"rendered":"LIGA - Le fils de Samuel Eto\u2019o rebondit en D2 espagnole"},"content":{"rendered":"<p><strong>NETTALI.COM -<\/strong> Fils de la l\u00e9gende camerounaise Samuel Eto\u2019o, \u00c9tienne Eto\u2019o (23 ans) s\u2019est r\u00e9v\u00e9l\u00e9 cette saison du c\u00f4t\u00e9 du Rayo Vallecano. Le buteur qui a disput\u00e9 3 matches pour 1 but vient d\u2019\u00eatre pr\u00eat\u00e9 jusqu\u2019\u00e0 la fin de la saison du c\u00f4t\u00e9 de Mirand\u00e9s, en D2 espagnole.<\/p>\n<p>\u201cL<em>e Club Deportivo Mirand\u00e9s et le Rayo Vallecano ont trouv\u00e9 un accord pour le pr\u00eat de l\u2019attaquant camerounais \u00c9tienne Eto\u2019o. Le joueur rejoindra imm\u00e9diatement le stage d\u2019entra\u00eenement des Rouge et Blanc sous la direction de Fran Justo, \u00e0 compter de ce mardi 2 septembre<\/em>\u201d, peut-on lire dans un communiqu\u00e9.<\/p>\n<div class='share-to-whatsapp-wrapper'><div class='share-on-whsp'>PARTAGER SUR : <\/div><a data-text='LIGA - Le fils de Samuel Eto\u2019o rebondit en D2 espagnole' data-link='https:\/\/www.nettali.com\/2025\/09\/02\/liga-le-fils-de-samuel-etoo-rebondit-en-d2-espagnole\/' class='whatsapp-button whatsapp-share'>WhatsApp<\/a><div class='clear '><\/div><\/div>","protected":false},"excerpt":{"rendered":"<p>NETTALI.COM - Fils de la l\u00e9gende camerounaise Samuel Eto\u2019o, \u00c9tienne Eto\u2019o (23 ans) s\u2019est r\u00e9v\u00e9l\u00e9 cette saison du c\u00f4t\u00e9 du Rayo Vallecano. Le buteur qui a disput\u00e9 3 matches pour 1 but vient d\u2019\u00eatre pr\u00eat\u00e9 jusqu\u2019\u00e0 la fin de la saison du c\u00f4t\u00e9 de Mirand\u00e9s, en D2 espagnole. \u201cLe Club Deportivo Mirand\u00e9s et le Rayo [&hellip;]<\/p>\n","protected":false},"author":2,"featured_media":160544,"comment_status":"open","ping_status":"open","sticky":false,"template":"","format":"standard","meta":{"_et_pb_use_builder":"","_et_pb_old_content":""},"categories":[6],"tags":[],"yoast_head":"<!-- This site is optimized with the Yoast SEO Premium plugin v17.8 (Yoast SEO v17.8) - https:\/\/yoast.com\/wordpress\/plugins\/seo\/ -->\n<title>LIGA - Le fils de Samuel Eto\u2019o rebondit en D2 espagnole | Nettali.com<\/title>\n<meta name=\"robots\" content=\"index, follow, max-snippet:-1, max-image-preview:large, max-video-preview:-1\" \/>\n<link rel=\"canonical\" href=\"https:\/\/www.nettali.com\/2025\/09\/02\/liga-le-fils-de-samuel-etoo-rebondit-en-d2-espagnole\/\" \/>\n<meta property=\"og:locale\" content=\"fr_FR\" \/>\n<meta property=\"og:type\" content=\"article\" \/>\n<meta property=\"og:title\" content=\"LIGA - Le fils de Samuel Eto\u2019o rebondit en D2 espagnole\" \/>\n<meta property=\"og:description\" content=\"NETTALI.COM - Fils de la l\u00e9gende camerounaise Samuel Eto\u2019o, \u00c9tienne Eto\u2019o (23 ans) s\u2019est r\u00e9v\u00e9l\u00e9 cette saison du c\u00f4t\u00e9 du Rayo Vallecano. Le buteur qui a disput\u00e9 3 matches pour 1 but vient d\u2019\u00eatre pr\u00eat\u00e9 jusqu\u2019\u00e0 la fin de la saison du c\u00f4t\u00e9 de Mirand\u00e9s, en D2 espagnole. \u201cLe Club Deportivo Mirand\u00e9s et le Rayo [&hellip;]\" \/>\n<meta property=\"og:url\" content=\"https:\/\/www.nettali.com\/2025\/09\/02\/liga-le-fils-de-samuel-etoo-rebondit-en-d2-espagnole\/\" \/>\n<meta property=\"og:site_name\" content=\"Nettali.com\" \/>\n<meta property=\"article:publisher\" content=\"https:\/\/www.facebook.com\/nettalicom\" \/>\n<meta property=\"article:published_time\" content=\"2025-09-02T12:37:23+00:00\" \/>\n<meta property=\"article:modified_time\" content=\"2025-09-02T01:39:39+00:00\" \/>\n<meta property=\"og:image\" content=\"https:\/\/www.nettali.com\/wp-content\/uploads\/2025\/09\/eto-o-fils.jpg\" \/>\n\t<meta property=\"og:image:width\" content=\"642\" \/>\n\t<meta property=\"og:image:height\" content=\"382\" \/>\n<meta name=\"twitter:card\" content=\"summary_large_image\" \/>\n<meta name=\"twitter:label1\" content=\"\u00c9crit par\" \/>\n\t<meta name=\"twitter:data1\" content=\"CK\" \/>\n\t<meta name=\"twitter:label2\" content=\"Dur\u00e9e de lecture estim\u00e9e\" \/>\n\t<meta name=\"twitter:data2\" content=\"1 minute\" \/>\n<script type=\"application\/ld+json\" class=\"yoast-schema-graph\">{\"@context\":\"https:\/\/schema.org\",\"@graph\":[{\"@type\":\"WebSite\",\"@id\":\"https:\/\/www.nettali.com\/#website\",\"url\":\"https:\/\/www.nettali.com\/\",\"name\":\"Nettali.com\",\"description\":\"Le rendez-vous critique du Net\",\"potentialAction\":[{\"@type\":\"SearchAction\",\"target\":{\"@type\":\"EntryPoint\",\"urlTemplate\":\"https:\/\/www.nettali.com\/?s={search_term_string}\"},\"query-input\":\"required name=search_term_string\"}],\"inLanguage\":\"fr-FR\"},{\"@type\":\"ImageObject\",\"@id\":\"https:\/\/www.nettali.com\/2025\/09\/02\/liga-le-fils-de-samuel-etoo-rebondit-en-d2-espagnole\/#primaryimage\",\"inLanguage\":\"fr-FR\",\"url\":\"https:\/\/www.nettali.com\/wp-content\/uploads\/2025\/09\/eto-o-fils.jpg\",\"contentUrl\":\"https:\/\/www.nettali.com\/wp-content\/uploads\/2025\/09\/eto-o-fils.jpg\",\"width\":642,\"height\":382},{\"@type\":\"WebPage\",\"@id\":\"https:\/\/www.nettali.com\/2025\/09\/02\/liga-le-fils-de-samuel-etoo-rebondit-en-d2-espagnole\/#webpage\",\"url\":\"https:\/\/www.nettali.com\/2025\/09\/02\/liga-le-fils-de-samuel-etoo-rebondit-en-d2-espagnole\/\",\"name\":\"LIGA - Le fils de Samuel Eto\\u2019o rebondit en D2 espagnole | Nettali.com\",\"isPartOf\":{\"@id\":\"https:\/\/www.nettali.com\/#website\"},\"primaryImageOfPage\":{\"@id\":\"https:\/\/www.nettali.com\/2025\/09\/02\/liga-le-fils-de-samuel-etoo-rebondit-en-d2-espagnole\/#primaryimage\"},\"datePublished\":\"2025-09-02T12:37:23+00:00\",\"dateModified\":\"2025-09-02T01:39:39+00:00\",\"author\":{\"@id\":\"https:\/\/www.nettali.com\/#\/schema\/person\/d8ac7b7e27ddad43f1c0d2ef090d7f71\"},\"breadcrumb\":{\"@id\":\"https:\/\/www.nettali.com\/2025\/09\/02\/liga-le-fils-de-samuel-etoo-rebondit-en-d2-espagnole\/#breadcrumb\"},\"inLanguage\":\"fr-FR\",\"potentialAction\":[{\"@type\":\"ReadAction\",\"target\":[\"https:\/\/www.nettali.com\/2025\/09\/02\/liga-le-fils-de-samuel-etoo-rebondit-en-d2-espagnole\/\"]}]},{\"@type\":\"BreadcrumbList\",\"@id\":\"https:\/\/www.nettali.com\/2025\/09\/02\/liga-le-fils-de-samuel-etoo-rebondit-en-d2-espagnole\/#breadcrumb\",\"itemListElement\":[{\"@type\":\"ListItem\",\"position\":1,\"name\":\"Accueil\",\"item\":\"https:\/\/www.nettali.com\/\"},{\"@type\":\"ListItem\",\"position\":2,\"name\":\"LIGA - Le fils de Samuel Eto\\u2019o rebondit en D2 espagnole\"}]},{\"@type\":\"Person\",\"@id\":\"https:\/\/www.nettali.com\/#\/schema\/person\/d8ac7b7e27ddad43f1c0d2ef090d7f71\",\"name\":\"CK\",\"image\":{\"@type\":\"ImageObject\",\"@id\":\"https:\/\/www.nettali.com\/#personlogo\",\"inLanguage\":\"fr-FR\",\"url\":\"https:\/\/secure.gravatar.com\/avatar\/1d8d5118b9327d94da7cd4ce7f17fec2?s=96&d=mm&r=g\",\"contentUrl\":\"https:\/\/secure.gravatar.com\/avatar\/1d8d5118b9327d94da7cd4ce7f17fec2?s=96&d=mm&r=g\",\"caption\":\"CK\"},\"sameAs\":[\"https:\/\/www.nettali.com\"]}]}<\/script>\n<!-- \/ Yoast SEO Premium plugin. -->","yoast_head_json":{"title":"LIGA - Le fils de Samuel Eto\u2019o rebondit en D2 espagnole | Nettali.com","robots":{"index":"index","follow":"follow","max-snippet":"max-snippet:-1","max-image-preview":"max-image-preview:large","max-video-preview":"max-video-preview:-1"},"canonical":"https:\/\/www.nettali.com\/2025\/09\/02\/liga-le-fils-de-samuel-etoo-rebondit-en-d2-espagnole\/","og_locale":"fr_FR","og_type":"article","og_title":"LIGA - Le fils de Samuel Eto\u2019o rebondit en D2 espagnole","og_description":"NETTALI.COM - Fils de la l\u00e9gende camerounaise Samuel Eto\u2019o, \u00c9tienne Eto\u2019o (23 ans) s\u2019est r\u00e9v\u00e9l\u00e9 cette saison du c\u00f4t\u00e9 du Rayo Vallecano. Le buteur qui a disput\u00e9 3 matches pour 1 but vient d\u2019\u00eatre pr\u00eat\u00e9 jusqu\u2019\u00e0 la fin de la saison du c\u00f4t\u00e9 de Mirand\u00e9s, en D2 espagnole. \u201cLe Club Deportivo Mirand\u00e9s et le Rayo [&hellip;]","og_url":"https:\/\/www.nettali.com\/2025\/09\/02\/liga-le-fils-de-samuel-etoo-rebondit-en-d2-espagnole\/","og_site_name":"Nettali.com","article_publisher":"https:\/\/www.facebook.com\/nettalicom","article_published_time":"2025-09-02T12:37:23+00:00","article_modified_time":"2025-09-02T01:39:39+00:00","og_image":[{"width":642,"height":382,"url":"https:\/\/www.nettali.com\/wp-content\/uploads\/2025\/09\/eto-o-fils.jpg","type":"image\/jpeg"}],"twitter_card":"summary_large_image","twitter_misc":{"\u00c9crit par":"CK","Dur\u00e9e de lecture estim\u00e9e":"1 minute"},"schema":{"@context":"https:\/\/schema.org","@graph":[{"@type":"WebSite","@id":"https:\/\/www.nettali.com\/#website","url":"https:\/\/www.nettali.com\/","name":"Nettali.com","description":"Le rendez-vous critique du Net","potentialAction":[{"@type":"SearchAction","target":{"@type":"EntryPoint","urlTemplate":"https:\/\/www.nettali.com\/?s={search_term_string}"},"query-input":"required name=search_term_string"}],"inLanguage":"fr-FR"},{"@type":"ImageObject","@id":"https:\/\/www.nettali.com\/2025\/09\/02\/liga-le-fils-de-samuel-etoo-rebondit-en-d2-espagnole\/#primaryimage","inLanguage":"fr-FR","url":"https:\/\/www.nettali.com\/wp-content\/uploads\/2025\/09\/eto-o-fils.jpg","contentUrl":"https:\/\/www.nettali.com\/wp-content\/uploads\/2025\/09\/eto-o-fils.jpg","width":642,"height":382},{"@type":"WebPage","@id":"https:\/\/www.nettali.com\/2025\/09\/02\/liga-le-fils-de-samuel-etoo-rebondit-en-d2-espagnole\/#webpage","url":"https:\/\/www.nettali.com\/2025\/09\/02\/liga-le-fils-de-samuel-etoo-rebondit-en-d2-espagnole\/","name":"LIGA - Le fils de Samuel Eto\u2019o rebondit en D2 espagnole | Nettali.com","isPartOf":{"@id":"https:\/\/www.nettali.com\/#website"},"primaryImageOfPage":{"@id":"https:\/\/www.nettali.com\/2025\/09\/02\/liga-le-fils-de-samuel-etoo-rebondit-en-d2-espagnole\/#primaryimage"},"datePublished":"2025-09-02T12:37:23+00:00","dateModified":"2025-09-02T01:39:39+00:00","author":{"@id":"https:\/\/www.nettali.com\/#\/schema\/person\/d8ac7b7e27ddad43f1c0d2ef090d7f71"},"breadcrumb":{"@id":"https:\/\/www.nettali.com\/2025\/09\/02\/liga-le-fils-de-samuel-etoo-rebondit-en-d2-espagnole\/#breadcrumb"},"inLanguage":"fr-FR","potentialAction":[{"@type":"ReadAction","target":["https:\/\/www.nettali.com\/2025\/09\/02\/liga-le-fils-de-samuel-etoo-rebondit-en-d2-espagnole\/"]}]},{"@type":"BreadcrumbList","@id":"https:\/\/www.nettali.com\/2025\/09\/02\/liga-le-fils-de-samuel-etoo-rebondit-en-d2-espagnole\/#breadcrumb","itemListElement":[{"@type":"ListItem","position":1,"name":"Accueil","item":"https:\/\/www.nettali.com\/"},{"@type":"ListItem","position":2,"name":"LIGA - Le fils de Samuel Eto\u2019o rebondit en D2 espagnole"}]},{"@type":"Person","@id":"https:\/\/www.nettali.com\/#\/schema\/person\/d8ac7b7e27ddad43f1c0d2ef090d7f71","name":"CK","image":{"@type":"ImageObject","@id":"https:\/\/www.nettali.com\/#personlogo","inLanguage":"fr-FR","url":"https:\/\/secure.gravatar.com\/avatar\/1d8d5118b9327d94da7cd4ce7f17fec2?s=96&d=mm&r=g","contentUrl":"https:\/\/secure.gravatar.com\/avatar\/1d8d5118b9327d94da7cd4ce7f17fec2?s=96&d=mm&r=g","caption":"CK"},"sameAs":["https:\/\/www.nettali.com"]}]}},"_links":{"self":[{"href":"https:\/\/www.nettali.com\/rest\/wp\/v2\/posts\/160543"}],"collection":[{"href":"https:\/\/www.nettali.com\/rest\/wp\/v2\/posts"}],"about":[{"href":"https:\/\/www.nettali.com\/rest\/wp\/v2\/types\/post"}],"author":[{"embeddable":true,"href":"https:\/\/www.nettali.com\/rest\/wp\/v2\/users\/2"}],"replies":[{"embeddable":true,"href":"https:\/\/www.nettali.com\/rest\/wp\/v2\/comments?post=160543"}],"version-history":[{"count":1,"href":"https:\/\/www.nettali.com\/rest\/wp\/v2\/posts\/160543\/revisions"}],"predecessor-version":[{"id":160545,"href":"https:\/\/www.nettali.com\/rest\/wp\/v2\/posts\/160543\/revisions\/160545"}],"wp:featuredmedia":[{"embeddable":true,"href":"https:\/\/www.nettali.com\/rest\/wp\/v2\/media\/160544"}],"wp:attachment":[{"href":"https:\/\/www.nettali.com\/rest\/wp\/v2\/media?parent=160543"}],"wp:term":[{"taxonomy":"category","embeddable":true,"href":"https:\/\/www.nettali.com\/rest\/wp\/v2\/categories?post=160543"},{"taxonomy":"post_tag","embeddable":true,"href":"https:\/\/www.nettali.com\/rest\/wp\/v2\/tags?post=160543"}],"curies":[{"name":"wp","href":"https:\/\/api.w.org\/{rel}","templated":true}]}}