{"id":160525,"date":"2025-09-02T01:01:40","date_gmt":"2025-09-02T01:01:40","guid":{"rendered":"https:\/\/www.nettali.com\/?p=160525"},"modified":"2025-09-02T01:01:40","modified_gmt":"2025-09-02T01:01:40","slug":"mercato-idrissa-gueye-rejoint-ludinese-formose-mendy-file-a-watford-isak-donnarumma-mbemba","status":"publish","type":"post","link":"https:\/\/www.nettali.com\/2025\/09\/02\/mercato-idrissa-gueye-rejoint-ludinese-formose-mendy-file-a-watford-isak-donnarumma-mbemba\/","title":{"rendered":"MERCATO - Idrissa Gu\u00e8ye rejoint l'Udinese, Formose Mendy file \u00e0 Watford, Isak, Donnarumma, Mbemba..."},"content":{"rendered":"<p><strong>NETTALI.COM - Comme chaque ann\u00e9e, les derni\u00e8res heures du mercato d'\u00e9t\u00e9 ont \u00e9t\u00e9 tr\u00e8s mouvement\u00e9es. Les internationaux s\u00e9n\u00e9galais comme Idrissa Gu\u00e8ye, Formose Mendy ont chang\u00e9 d'air. En Angleterre, Alexander Isak a rejoint les Reds de Liverpool avec un transfert record estim\u00e9 \u00e0 150 millions d'euros.\u00a0<\/strong><\/p>\n<p><strong>Idrissa Gu\u00e8ye file \u00e0 l'Udinese\u00a0<\/strong><\/p>\n<p>Tr\u00e8s convoit\u00e9 en Europe, le Messin Idrissa Gu\u00e8ye va finalement atterrir \u00e0 l\u2019Udinese. Le club italien a officiellement conclu l\u2019arriv\u00e9e de l\u2019attaquant en pr\u00eat avec obligation d\u2019achat. D\u2019apr\u00e8s les derni\u00e8res informations, il s\u2019agirait d\u2019une option \u00e0 10 M\u20ac, plus 5 M\u20ac de bonus. Le jeune S\u00e9n\u00e9galais \u00e9tait \u00e9galement annonc\u00e9 dans le viseur de formations comme Manchester City et West Ham.<\/p>\n<p><strong>Formose Mendy pr\u00eat\u00e9 \u00e0 Watford<\/strong><\/p>\n<p>Formose Mendy (24 ans), le d\u00e9fenseur central du FC Lorient, rejoint aujourd\u2019hui Watford FC, club de Championship, sous la forme d\u2019un pr\u00eat payant avec option d\u2019achat. Arriv\u00e9 chez les Merlus \u00e0 l\u2019\u00e9t\u00e9 2023 en provenance d\u2019Amiens, l\u2019international s\u00e9n\u00e9galais (10 s\u00e9lections) aura port\u00e9 le maillot lorientais \u00e0 42 reprises (1 but).<\/p>\n<p><strong>Alexander Isak rejoint Liverpool pour 150 M\u20ac !\u00a0<\/strong><\/p>\n<p>Le plus gros transfert de l\u2019histoire de la Premier League ! Au terme d\u2019un long feuilleton, Liverpool a finalement r\u00e9ussi \u00e0 boucler l\u2019arriv\u00e9e de l\u2019avant-centre Alexander Isak (25 ans) en provenance de Newcastle sur ce mercato d\u2019\u00e9t\u00e9. Pour s\u2019offrir les services de l\u2019international su\u00e9dois, les Reds ont sorti le ch\u00e9quier avec une op\u00e9ration estim\u00e9e \u00e0 150 millions d\u2019euros ! D\u00e9termin\u00e9 \u00e0 rejoindre le champion d\u2019Angleterre en titre, l\u2019ex-buteur de la Real Sociedad a sign\u00e9 un contrat jusqu\u2019en juin 2031.<\/p>\n<p><strong>Rabiot part \u00e0 l'AC Milan<\/strong><\/p>\n<p>Ecart\u00e9 et plac\u00e9 sur la liste des transferts apr\u00e8s son altercation avec Jonathan Rowe \u00e0 Rennes (0-1) en Ligue 1 le 15 ao\u00fbt dernier, le milieu de terrain Adrien Rabiot (30 ans, 1 match en L1 cette saison) quitte officiellement l'Olympique de Marseille pour l'AC Milan sur ce mercato d'\u00e9t\u00e9. Vendu pour 10 millions d'euros (bonus compris) par le club phoc\u00e9en, l'international fran\u00e7ais s'est engag\u00e9 jusqu'en juin 2028 en faveur de la formation italienne.<\/p>\n<p><strong>Kolo Muani pr\u00eat\u00e9 \u00e0 Tottenham<\/strong><\/p>\n<p>Comme attendu apr\u00e8s l'\u00e9chec des n\u00e9gociations avec la Juventus Turin, l'attaquant Randal Kolo Muani (26 ans) quitte temporairement le Paris Saint-Germain pour Tottenham sur ce mercato d'\u00e9t\u00e9. Ce lundi, les Spurs ont officialis\u00e9 l'arriv\u00e9e en pr\u00eat, sans option d'achat, de l'international fran\u00e7ais. Cette cession temporaire a \u00e9t\u00e9 estim\u00e9e \u00e0 5 millions d'euros.<\/p>\n<p><strong>Donnarumma est Citizen<\/strong><\/p>\n<p>Le transfert entre le PSG et City est d\u00e9sormais officiel : 30 millions d\u2019euros assortis de bonus. Gianluigi Donnarumma, qui arrive en provenance du PSG, a sign\u00e9 un contrat de cinq ans avec option pour une sixi\u00e8me saison. Il rejoindra Manchester City apr\u00e8s la tr\u00eave internationale pour succ\u00e9der \u00e0 Ederson.<\/p>\n<p><strong>Mbemba rebondit \u00e0 Lille<\/strong><\/p>\n<p>Libre depuis la fin de son contrat \u00e0 Marseille cet \u00e9t\u00e9, le d\u00e9fenseur central Chancel Mbemba (31 ans) s'offre un rebond \u00e0 Lille ! Ce lundi, les Dogues ont officialis\u00e9 la signature de l'international congolais jusqu'en juin 2026. Un renfort exp\u00e9riment\u00e9 pour le LOSC afin d'\u00e9pauler Alexsandro et Nathan Ngoy en d\u00e9fense centrale.<\/p>\n<div class='share-to-whatsapp-wrapper'><div class='share-on-whsp'>PARTAGER SUR : <\/div><a data-text='MERCATO - Idrissa Gu\u00e8ye rejoint l'Udinese, Formose Mendy file \u00e0 Watford, Isak, Donnarumma, Mbemba...' data-link='https:\/\/www.nettali.com\/2025\/09\/02\/mercato-idrissa-gueye-rejoint-ludinese-formose-mendy-file-a-watford-isak-donnarumma-mbemba\/' class='whatsapp-button whatsapp-share'>WhatsApp<\/a><div class='clear '><\/div><\/div>","protected":false},"excerpt":{"rendered":"<p>NETTALI.COM - Comme chaque ann\u00e9e, les derni\u00e8res heures du mercato d'\u00e9t\u00e9 ont \u00e9t\u00e9 tr\u00e8s mouvement\u00e9es. Les internationaux s\u00e9n\u00e9galais comme Idrissa Gu\u00e8ye, Formose Mendy ont chang\u00e9 d'air. En Angleterre, Alexander Isak a rejoint les Reds de Liverpool avec un transfert record estim\u00e9 \u00e0 150 millions d'euros.\u00a0 Idrissa Gu\u00e8ye file \u00e0 l'Udinese\u00a0 Tr\u00e8s convoit\u00e9 en Europe, le [&hellip;]<\/p>\n","protected":false},"author":5,"featured_media":160526,"comment_status":"open","ping_status":"open","sticky":false,"template":"","format":"standard","meta":{"_et_pb_use_builder":"","_et_pb_old_content":""},"categories":[6],"tags":[],"yoast_head":"<!-- This site is optimized with the Yoast SEO Premium plugin v17.8 (Yoast SEO v17.8) - https:\/\/yoast.com\/wordpress\/plugins\/seo\/ -->\n<title>MERCATO - Idrissa Gu\u00e8ye rejoint l&#039;Udinese, Formose Mendy file \u00e0 Watford, Isak, Donnarumma, Mbemba... | Nettali.com<\/title>\n<meta name=\"robots\" content=\"index, follow, max-snippet:-1, max-image-preview:large, max-video-preview:-1\" \/>\n<link rel=\"canonical\" href=\"https:\/\/www.nettali.com\/2025\/09\/02\/mercato-idrissa-gueye-rejoint-ludinese-formose-mendy-file-a-watford-isak-donnarumma-mbemba\/\" \/>\n<meta property=\"og:locale\" content=\"fr_FR\" \/>\n<meta property=\"og:type\" content=\"article\" \/>\n<meta property=\"og:title\" content=\"MERCATO - Idrissa Gu\u00e8ye rejoint l&#039;Udinese, Formose Mendy file \u00e0 Watford, Isak, Donnarumma, Mbemba...\" \/>\n<meta property=\"og:description\" content=\"NETTALI.COM - Comme chaque ann\u00e9e, les derni\u00e8res heures du mercato d&#039;\u00e9t\u00e9 ont \u00e9t\u00e9 tr\u00e8s mouvement\u00e9es. Les internationaux s\u00e9n\u00e9galais comme Idrissa Gu\u00e8ye, Formose Mendy ont chang\u00e9 d&#039;air. En Angleterre, Alexander Isak a rejoint les Reds de Liverpool avec un transfert record estim\u00e9 \u00e0 150 millions d&#039;euros.\u00a0 Idrissa Gu\u00e8ye file \u00e0 l&#039;Udinese\u00a0 Tr\u00e8s convoit\u00e9 en Europe, le [&hellip;]\" \/>\n<meta property=\"og:url\" content=\"https:\/\/www.nettali.com\/2025\/09\/02\/mercato-idrissa-gueye-rejoint-ludinese-formose-mendy-file-a-watford-isak-donnarumma-mbemba\/\" \/>\n<meta property=\"og:site_name\" content=\"Nettali.com\" \/>\n<meta property=\"article:publisher\" content=\"https:\/\/www.facebook.com\/nettalicom\" \/>\n<meta property=\"article:published_time\" content=\"2025-09-02T01:01:40+00:00\" \/>\n<meta property=\"og:image\" content=\"https:\/\/www.nettali.com\/wp-content\/uploads\/2025\/09\/InCollage_20250901_220118026-scaled.jpg\" \/>\n\t<meta property=\"og:image:width\" content=\"2560\" \/>\n\t<meta property=\"og:image:height\" content=\"1717\" \/>\n<meta name=\"twitter:card\" content=\"summary_large_image\" \/>\n<meta name=\"twitter:label1\" content=\"\u00c9crit par\" \/>\n\t<meta name=\"twitter:data1\" content=\"Ibrahima\" \/>\n\t<meta name=\"twitter:label2\" content=\"Dur\u00e9e de lecture estim\u00e9e\" \/>\n\t<meta name=\"twitter:data2\" content=\"3 minutes\" \/>\n<script type=\"application\/ld+json\" class=\"yoast-schema-graph\">{\"@context\":\"https:\/\/schema.org\",\"@graph\":[{\"@type\":\"WebSite\",\"@id\":\"https:\/\/www.nettali.com\/#website\",\"url\":\"https:\/\/www.nettali.com\/\",\"name\":\"Nettali.com\",\"description\":\"Le rendez-vous critique du Net\",\"potentialAction\":[{\"@type\":\"SearchAction\",\"target\":{\"@type\":\"EntryPoint\",\"urlTemplate\":\"https:\/\/www.nettali.com\/?s={search_term_string}\"},\"query-input\":\"required name=search_term_string\"}],\"inLanguage\":\"fr-FR\"},{\"@type\":\"ImageObject\",\"@id\":\"https:\/\/www.nettali.com\/2025\/09\/02\/mercato-idrissa-gueye-rejoint-ludinese-formose-mendy-file-a-watford-isak-donnarumma-mbemba\/#primaryimage\",\"inLanguage\":\"fr-FR\",\"url\":\"https:\/\/www.nettali.com\/wp-content\/uploads\/2025\/09\/InCollage_20250901_220118026-scaled.jpg\",\"contentUrl\":\"https:\/\/www.nettali.com\/wp-content\/uploads\/2025\/09\/InCollage_20250901_220118026-scaled.jpg\",\"width\":2560,\"height\":1717},{\"@type\":\"WebPage\",\"@id\":\"https:\/\/www.nettali.com\/2025\/09\/02\/mercato-idrissa-gueye-rejoint-ludinese-formose-mendy-file-a-watford-isak-donnarumma-mbemba\/#webpage\",\"url\":\"https:\/\/www.nettali.com\/2025\/09\/02\/mercato-idrissa-gueye-rejoint-ludinese-formose-mendy-file-a-watford-isak-donnarumma-mbemba\/\",\"name\":\"MERCATO - Idrissa Gu\\u00e8ye rejoint l'Udinese, Formose Mendy file \\u00e0 Watford, Isak, Donnarumma, Mbemba... | Nettali.com\",\"isPartOf\":{\"@id\":\"https:\/\/www.nettali.com\/#website\"},\"primaryImageOfPage\":{\"@id\":\"https:\/\/www.nettali.com\/2025\/09\/02\/mercato-idrissa-gueye-rejoint-ludinese-formose-mendy-file-a-watford-isak-donnarumma-mbemba\/#primaryimage\"},\"datePublished\":\"2025-09-02T01:01:40+00:00\",\"dateModified\":\"2025-09-02T01:01:40+00:00\",\"author\":{\"@id\":\"https:\/\/www.nettali.com\/#\/schema\/person\/bb147657c2986240405a608162b9bb23\"},\"breadcrumb\":{\"@id\":\"https:\/\/www.nettali.com\/2025\/09\/02\/mercato-idrissa-gueye-rejoint-ludinese-formose-mendy-file-a-watford-isak-donnarumma-mbemba\/#breadcrumb\"},\"inLanguage\":\"fr-FR\",\"potentialAction\":[{\"@type\":\"ReadAction\",\"target\":[\"https:\/\/www.nettali.com\/2025\/09\/02\/mercato-idrissa-gueye-rejoint-ludinese-formose-mendy-file-a-watford-isak-donnarumma-mbemba\/\"]}]},{\"@type\":\"BreadcrumbList\",\"@id\":\"https:\/\/www.nettali.com\/2025\/09\/02\/mercato-idrissa-gueye-rejoint-ludinese-formose-mendy-file-a-watford-isak-donnarumma-mbemba\/#breadcrumb\",\"itemListElement\":[{\"@type\":\"ListItem\",\"position\":1,\"name\":\"Accueil\",\"item\":\"https:\/\/www.nettali.com\/\"},{\"@type\":\"ListItem\",\"position\":2,\"name\":\"MERCATO - Idrissa Gu\\u00e8ye rejoint l'Udinese, Formose Mendy file \\u00e0 Watford, Isak, Donnarumma, Mbemba...\"}]},{\"@type\":\"Person\",\"@id\":\"https:\/\/www.nettali.com\/#\/schema\/person\/bb147657c2986240405a608162b9bb23\",\"name\":\"Ibrahima\",\"image\":{\"@type\":\"ImageObject\",\"@id\":\"https:\/\/www.nettali.com\/#personlogo\",\"inLanguage\":\"fr-FR\",\"url\":\"https:\/\/secure.gravatar.com\/avatar\/26a8a81f09f0dd7624c9d5c36c9ba3a2?s=96&d=mm&r=g\",\"contentUrl\":\"https:\/\/secure.gravatar.com\/avatar\/26a8a81f09f0dd7624c9d5c36c9ba3a2?s=96&d=mm&r=g\",\"caption\":\"Ibrahima\"},\"sameAs\":[\"https:\/\/www.nettali.com\"]}]}<\/script>\n<!-- \/ Yoast SEO Premium plugin. -->","yoast_head_json":{"title":"MERCATO - Idrissa Gu\u00e8ye rejoint l'Udinese, Formose Mendy file \u00e0 Watford, Isak, Donnarumma, Mbemba... | Nettali.com","robots":{"index":"index","follow":"follow","max-snippet":"max-snippet:-1","max-image-preview":"max-image-preview:large","max-video-preview":"max-video-preview:-1"},"canonical":"https:\/\/www.nettali.com\/2025\/09\/02\/mercato-idrissa-gueye-rejoint-ludinese-formose-mendy-file-a-watford-isak-donnarumma-mbemba\/","og_locale":"fr_FR","og_type":"article","og_title":"MERCATO - Idrissa Gu\u00e8ye rejoint l'Udinese, Formose Mendy file \u00e0 Watford, Isak, Donnarumma, Mbemba...","og_description":"NETTALI.COM - Comme chaque ann\u00e9e, les derni\u00e8res heures du mercato d'\u00e9t\u00e9 ont \u00e9t\u00e9 tr\u00e8s mouvement\u00e9es. Les internationaux s\u00e9n\u00e9galais comme Idrissa Gu\u00e8ye, Formose Mendy ont chang\u00e9 d'air. En Angleterre, Alexander Isak a rejoint les Reds de Liverpool avec un transfert record estim\u00e9 \u00e0 150 millions d'euros.\u00a0 Idrissa Gu\u00e8ye file \u00e0 l'Udinese\u00a0 Tr\u00e8s convoit\u00e9 en Europe, le [&hellip;]","og_url":"https:\/\/www.nettali.com\/2025\/09\/02\/mercato-idrissa-gueye-rejoint-ludinese-formose-mendy-file-a-watford-isak-donnarumma-mbemba\/","og_site_name":"Nettali.com","article_publisher":"https:\/\/www.facebook.com\/nettalicom","article_published_time":"2025-09-02T01:01:40+00:00","og_image":[{"width":2560,"height":1717,"url":"https:\/\/www.nettali.com\/wp-content\/uploads\/2025\/09\/InCollage_20250901_220118026-scaled.jpg","type":"image\/jpeg"}],"twitter_card":"summary_large_image","twitter_misc":{"\u00c9crit par":"Ibrahima","Dur\u00e9e de lecture estim\u00e9e":"3 minutes"},"schema":{"@context":"https:\/\/schema.org","@graph":[{"@type":"WebSite","@id":"https:\/\/www.nettali.com\/#website","url":"https:\/\/www.nettali.com\/","name":"Nettali.com","description":"Le rendez-vous critique du Net","potentialAction":[{"@type":"SearchAction","target":{"@type":"EntryPoint","urlTemplate":"https:\/\/www.nettali.com\/?s={search_term_string}"},"query-input":"required name=search_term_string"}],"inLanguage":"fr-FR"},{"@type":"ImageObject","@id":"https:\/\/www.nettali.com\/2025\/09\/02\/mercato-idrissa-gueye-rejoint-ludinese-formose-mendy-file-a-watford-isak-donnarumma-mbemba\/#primaryimage","inLanguage":"fr-FR","url":"https:\/\/www.nettali.com\/wp-content\/uploads\/2025\/09\/InCollage_20250901_220118026-scaled.jpg","contentUrl":"https:\/\/www.nettali.com\/wp-content\/uploads\/2025\/09\/InCollage_20250901_220118026-scaled.jpg","width":2560,"height":1717},{"@type":"WebPage","@id":"https:\/\/www.nettali.com\/2025\/09\/02\/mercato-idrissa-gueye-rejoint-ludinese-formose-mendy-file-a-watford-isak-donnarumma-mbemba\/#webpage","url":"https:\/\/www.nettali.com\/2025\/09\/02\/mercato-idrissa-gueye-rejoint-ludinese-formose-mendy-file-a-watford-isak-donnarumma-mbemba\/","name":"MERCATO - Idrissa Gu\u00e8ye rejoint l'Udinese, Formose Mendy file \u00e0 Watford, Isak, Donnarumma, Mbemba... | Nettali.com","isPartOf":{"@id":"https:\/\/www.nettali.com\/#website"},"primaryImageOfPage":{"@id":"https:\/\/www.nettali.com\/2025\/09\/02\/mercato-idrissa-gueye-rejoint-ludinese-formose-mendy-file-a-watford-isak-donnarumma-mbemba\/#primaryimage"},"datePublished":"2025-09-02T01:01:40+00:00","dateModified":"2025-09-02T01:01:40+00:00","author":{"@id":"https:\/\/www.nettali.com\/#\/schema\/person\/bb147657c2986240405a608162b9bb23"},"breadcrumb":{"@id":"https:\/\/www.nettali.com\/2025\/09\/02\/mercato-idrissa-gueye-rejoint-ludinese-formose-mendy-file-a-watford-isak-donnarumma-mbemba\/#breadcrumb"},"inLanguage":"fr-FR","potentialAction":[{"@type":"ReadAction","target":["https:\/\/www.nettali.com\/2025\/09\/02\/mercato-idrissa-gueye-rejoint-ludinese-formose-mendy-file-a-watford-isak-donnarumma-mbemba\/"]}]},{"@type":"BreadcrumbList","@id":"https:\/\/www.nettali.com\/2025\/09\/02\/mercato-idrissa-gueye-rejoint-ludinese-formose-mendy-file-a-watford-isak-donnarumma-mbemba\/#breadcrumb","itemListElement":[{"@type":"ListItem","position":1,"name":"Accueil","item":"https:\/\/www.nettali.com\/"},{"@type":"ListItem","position":2,"name":"MERCATO - Idrissa Gu\u00e8ye rejoint l'Udinese, Formose Mendy file \u00e0 Watford, Isak, Donnarumma, Mbemba..."}]},{"@type":"Person","@id":"https:\/\/www.nettali.com\/#\/schema\/person\/bb147657c2986240405a608162b9bb23","name":"Ibrahima","image":{"@type":"ImageObject","@id":"https:\/\/www.nettali.com\/#personlogo","inLanguage":"fr-FR","url":"https:\/\/secure.gravatar.com\/avatar\/26a8a81f09f0dd7624c9d5c36c9ba3a2?s=96&d=mm&r=g","contentUrl":"https:\/\/secure.gravatar.com\/avatar\/26a8a81f09f0dd7624c9d5c36c9ba3a2?s=96&d=mm&r=g","caption":"Ibrahima"},"sameAs":["https:\/\/www.nettali.com"]}]}},"_links":{"self":[{"href":"https:\/\/www.nettali.com\/rest\/wp\/v2\/posts\/160525"}],"collection":[{"href":"https:\/\/www.nettali.com\/rest\/wp\/v2\/posts"}],"about":[{"href":"https:\/\/www.nettali.com\/rest\/wp\/v2\/types\/post"}],"author":[{"embeddable":true,"href":"https:\/\/www.nettali.com\/rest\/wp\/v2\/users\/5"}],"replies":[{"embeddable":true,"href":"https:\/\/www.nettali.com\/rest\/wp\/v2\/comments?post=160525"}],"version-history":[{"count":3,"href":"https:\/\/www.nettali.com\/rest\/wp\/v2\/posts\/160525\/revisions"}],"predecessor-version":[{"id":160529,"href":"https:\/\/www.nettali.com\/rest\/wp\/v2\/posts\/160525\/revisions\/160529"}],"wp:featuredmedia":[{"embeddable":true,"href":"https:\/\/www.nettali.com\/rest\/wp\/v2\/media\/160526"}],"wp:attachment":[{"href":"https:\/\/www.nettali.com\/rest\/wp\/v2\/media?parent=160525"}],"wp:term":[{"taxonomy":"category","embeddable":true,"href":"https:\/\/www.nettali.com\/rest\/wp\/v2\/categories?post=160525"},{"taxonomy":"post_tag","embeddable":true,"href":"https:\/\/www.nettali.com\/rest\/wp\/v2\/tags?post=160525"}],"curies":[{"name":"wp","href":"https:\/\/api.w.org\/{rel}","templated":true}]}}