{"id":160514,"date":"2025-09-01T21:10:03","date_gmt":"2025-09-01T21:10:03","guid":{"rendered":"https:\/\/www.nettali.com\/?p=160514"},"modified":"2025-09-01T21:37:33","modified_gmt":"2025-09-01T21:37:33","slug":"dette-africaine-et-dependance-exterieure-sortir-du-piege-de-la-vulnerabilite","status":"publish","type":"post","link":"https:\/\/www.nettali.com\/2025\/09\/01\/dette-africaine-et-dependance-exterieure-sortir-du-piege-de-la-vulnerabilite\/","title":{"rendered":"DETTE AFRICAINE ET D\u00c9PENDANCE EXT\u00c9RIEURE - Sortir du pi\u00e8ge de la vuln\u00e9rabilit\u00e9"},"content":{"rendered":"<p><strong>CONTRIBUTION -<\/strong> La question de la dette africaine est devenue l\u2019un des enjeux les plus strat\u00e9giques pour l\u2019avenir du continent. \u00c0 la fin de 2023, le stock de dette ext\u00e9rieure africaine d\u00e9passait 1 150 milliards de dollars, et devrait atteindre 1 200 milliards en 2025. En moyenne, le ratio dette publique\/PIB en Afrique subsaharienne avoisine les 60 %, tandis que plusieurs pays comme le Mozambique, le Rwanda ou le Cabo Verde affichent des niveaux d\u00e9passant 65 \u00e0 90 % du PIB.<\/p>\n<p>Au-del\u00e0 des chiffres, c\u2019est le service de la dette qui illustre le mieux l\u2019\u00e9tau financier dans lequel se trouvent nos \u00c9tats. En 2023, l\u2019Afrique consacre en moyenne 16,7 % de ses recettes fiscales au remboursement de la dette, contre seulement 6,5 % en 2010. Dans certains pays, cette charge d\u00e9passe m\u00eame les budgets de la sant\u00e9 ou de l\u2019\u00e9ducation : plus de 750 millions d\u2019Africains vivent aujourd\u2019hui dans des pays o\u00f9 l\u2019\u00c9tat d\u00e9pense davantage pour ses cr\u00e9anciers que pour ses populations.<\/p>\n<p>Cette situation traduit une d\u00e9pendance ext\u00e9rieure structurelle. La dette africaine est d\u00e9sormais d\u00e9tenue \u00e0 plus de 40 % par des cr\u00e9anciers priv\u00e9s, souvent sous forme d\u2019euro-obligations co\u00fbteuses. Cela renforce l\u2019influence des bailleurs internationaux sur les choix budg\u00e9taires et politiques des gouvernements africains. Le cas de l\u2019Angola est r\u00e9v\u00e9lateur : plus de la moiti\u00e9 du budget national est consacr\u00e9e au remboursement, tandis que les d\u00e9penses sociales ont chut\u00e9 de 55 % depuis 2015.<\/p>\n<p>Le probl\u00e8me n\u2019est donc pas seulement la dette, mais le cercle vicieux dette-d\u00e9pendance. Plus la dette s\u2019alourdit, plus l\u2019autonomie politique et \u00e9conomique se r\u00e9duit. Plus l\u2019\u00c9tat est contraint, plus il doit recourir \u00e0 de nouveaux emprunts, souvent dans des conditions d\u00e9favorables.<\/p>\n<p>Pour sortir progressivement de cette vuln\u00e9rabilit\u00e9, plusieurs leviers existent. Le financement endog\u00e8ne, pr\u00f4n\u00e9 r\u00e9cemment dans certains plans de redressement, est une piste cr\u00e9dible : il s\u2019agit de mobiliser davantage l\u2019\u00e9pargne locale, de renforcer les march\u00e9s financiers domestiques et de d\u00e9velopper des instruments de financement innovants. Mais ce levier ne saurait suffire. Il doit s\u2019accompagner d\u2019une valorisation des ressources naturelles, d\u2019une industrialisation acc\u00e9l\u00e9r\u00e9e et d\u2019une int\u00e9gration r\u00e9gionale permettant de cr\u00e9er des march\u00e9s int\u00e9rieurs plus solides.<\/p>\n<p>L\u2019Afrique ne pourra pas \u00e9ternellement rester d\u00e9pendante de financements ext\u00e9rieurs conditionn\u00e9s, qui hypoth\u00e8quent sa souverainet\u00e9. L\u2019urgence est de b\u00e2tir un mod\u00e8le de croissance r\u00e9silient, capable de financer son propre d\u00e9veloppement sans s\u2019enfermer dans le pi\u00e8ge de la dette.<\/p>\n<p>Car au fond, la v\u00e9ritable ind\u00e9pendance du continent ne se joue pas seulement dans les urnes ou sur les symboles politiques, mais dans la capacit\u00e9 de nos \u00c9tats \u00e0 ma\u00eetriser leurs ressources, financer leurs ambitions et r\u00e9sister aux pressions ext\u00e9rieures.<\/p>\n<p><strong>PAR CHEIKH MBACK\u00c9 SENE, Expert en intelligence \u00e9conomique et analyste \u00e9conomique<\/strong><\/p>\n<div class='share-to-whatsapp-wrapper'><div class='share-on-whsp'>PARTAGER SUR : <\/div><a data-text='DETTE AFRICAINE ET D\u00c9PENDANCE EXT\u00c9RIEURE - Sortir du pi\u00e8ge de la vuln\u00e9rabilit\u00e9' data-link='https:\/\/www.nettali.com\/2025\/09\/01\/dette-africaine-et-dependance-exterieure-sortir-du-piege-de-la-vulnerabilite\/' class='whatsapp-button whatsapp-share'>WhatsApp<\/a><div class='clear '><\/div><\/div>","protected":false},"excerpt":{"rendered":"<p>CONTRIBUTION - La question de la dette africaine est devenue l\u2019un des enjeux les plus strat\u00e9giques pour l\u2019avenir du continent. \u00c0 la fin de 2023, le stock de dette ext\u00e9rieure africaine d\u00e9passait 1 150 milliards de dollars, et devrait atteindre 1 200 milliards en 2025. En moyenne, le ratio dette publique\/PIB en Afrique subsaharienne avoisine [&hellip;]<\/p>\n","protected":false},"author":2,"featured_media":160515,"comment_status":"open","ping_status":"open","sticky":false,"template":"","format":"standard","meta":{"_et_pb_use_builder":"","_et_pb_old_content":""},"categories":[4],"tags":[],"yoast_head":"<!-- This site is optimized with the Yoast SEO Premium plugin v17.8 (Yoast SEO v17.8) - https:\/\/yoast.com\/wordpress\/plugins\/seo\/ -->\n<title>DETTE AFRICAINE ET D\u00c9PENDANCE EXT\u00c9RIEURE - Sortir du pi\u00e8ge de la vuln\u00e9rabilit\u00e9 | Nettali.com<\/title>\n<meta name=\"robots\" content=\"index, follow, max-snippet:-1, max-image-preview:large, max-video-preview:-1\" \/>\n<link rel=\"canonical\" href=\"https:\/\/www.nettali.com\/2025\/09\/01\/dette-africaine-et-dependance-exterieure-sortir-du-piege-de-la-vulnerabilite\/\" \/>\n<meta property=\"og:locale\" content=\"fr_FR\" \/>\n<meta property=\"og:type\" content=\"article\" \/>\n<meta property=\"og:title\" content=\"DETTE AFRICAINE ET D\u00c9PENDANCE EXT\u00c9RIEURE - Sortir du pi\u00e8ge de la vuln\u00e9rabilit\u00e9\" \/>\n<meta property=\"og:description\" content=\"CONTRIBUTION - La question de la dette africaine est devenue l\u2019un des enjeux les plus strat\u00e9giques pour l\u2019avenir du continent. \u00c0 la fin de 2023, le stock de dette ext\u00e9rieure africaine d\u00e9passait 1 150 milliards de dollars, et devrait atteindre 1 200 milliards en 2025. En moyenne, le ratio dette publique\/PIB en Afrique subsaharienne avoisine [&hellip;]\" \/>\n<meta property=\"og:url\" content=\"https:\/\/www.nettali.com\/2025\/09\/01\/dette-africaine-et-dependance-exterieure-sortir-du-piege-de-la-vulnerabilite\/\" \/>\n<meta property=\"og:site_name\" content=\"Nettali.com\" \/>\n<meta property=\"article:publisher\" content=\"https:\/\/www.facebook.com\/nettalicom\" \/>\n<meta property=\"article:published_time\" content=\"2025-09-01T21:10:03+00:00\" \/>\n<meta property=\"article:modified_time\" content=\"2025-09-01T21:37:33+00:00\" \/>\n<meta property=\"og:image\" content=\"https:\/\/www.nettali.com\/wp-content\/uploads\/2025\/09\/cheikh-mbacke-sene.jpg\" \/>\n\t<meta property=\"og:image:width\" content=\"713\" \/>\n\t<meta property=\"og:image:height\" content=\"481\" \/>\n<meta name=\"twitter:card\" content=\"summary_large_image\" \/>\n<meta name=\"twitter:label1\" content=\"\u00c9crit par\" \/>\n\t<meta name=\"twitter:data1\" content=\"CK\" \/>\n\t<meta name=\"twitter:label2\" content=\"Dur\u00e9e de lecture estim\u00e9e\" \/>\n\t<meta name=\"twitter:data2\" content=\"3 minutes\" \/>\n<script type=\"application\/ld+json\" class=\"yoast-schema-graph\">{\"@context\":\"https:\/\/schema.org\",\"@graph\":[{\"@type\":\"WebSite\",\"@id\":\"https:\/\/www.nettali.com\/#website\",\"url\":\"https:\/\/www.nettali.com\/\",\"name\":\"Nettali.com\",\"description\":\"Le rendez-vous critique du Net\",\"potentialAction\":[{\"@type\":\"SearchAction\",\"target\":{\"@type\":\"EntryPoint\",\"urlTemplate\":\"https:\/\/www.nettali.com\/?s={search_term_string}\"},\"query-input\":\"required name=search_term_string\"}],\"inLanguage\":\"fr-FR\"},{\"@type\":\"ImageObject\",\"@id\":\"https:\/\/www.nettali.com\/2025\/09\/01\/dette-africaine-et-dependance-exterieure-sortir-du-piege-de-la-vulnerabilite\/#primaryimage\",\"inLanguage\":\"fr-FR\",\"url\":\"https:\/\/www.nettali.com\/wp-content\/uploads\/2025\/09\/cheikh-mbacke-sene.jpg\",\"contentUrl\":\"https:\/\/www.nettali.com\/wp-content\/uploads\/2025\/09\/cheikh-mbacke-sene.jpg\",\"width\":713,\"height\":481},{\"@type\":\"WebPage\",\"@id\":\"https:\/\/www.nettali.com\/2025\/09\/01\/dette-africaine-et-dependance-exterieure-sortir-du-piege-de-la-vulnerabilite\/#webpage\",\"url\":\"https:\/\/www.nettali.com\/2025\/09\/01\/dette-africaine-et-dependance-exterieure-sortir-du-piege-de-la-vulnerabilite\/\",\"name\":\"DETTE AFRICAINE ET D\\u00c9PENDANCE EXT\\u00c9RIEURE - Sortir du pi\\u00e8ge de la vuln\\u00e9rabilit\\u00e9 | Nettali.com\",\"isPartOf\":{\"@id\":\"https:\/\/www.nettali.com\/#website\"},\"primaryImageOfPage\":{\"@id\":\"https:\/\/www.nettali.com\/2025\/09\/01\/dette-africaine-et-dependance-exterieure-sortir-du-piege-de-la-vulnerabilite\/#primaryimage\"},\"datePublished\":\"2025-09-01T21:10:03+00:00\",\"dateModified\":\"2025-09-01T21:37:33+00:00\",\"author\":{\"@id\":\"https:\/\/www.nettali.com\/#\/schema\/person\/d8ac7b7e27ddad43f1c0d2ef090d7f71\"},\"breadcrumb\":{\"@id\":\"https:\/\/www.nettali.com\/2025\/09\/01\/dette-africaine-et-dependance-exterieure-sortir-du-piege-de-la-vulnerabilite\/#breadcrumb\"},\"inLanguage\":\"fr-FR\",\"potentialAction\":[{\"@type\":\"ReadAction\",\"target\":[\"https:\/\/www.nettali.com\/2025\/09\/01\/dette-africaine-et-dependance-exterieure-sortir-du-piege-de-la-vulnerabilite\/\"]}]},{\"@type\":\"BreadcrumbList\",\"@id\":\"https:\/\/www.nettali.com\/2025\/09\/01\/dette-africaine-et-dependance-exterieure-sortir-du-piege-de-la-vulnerabilite\/#breadcrumb\",\"itemListElement\":[{\"@type\":\"ListItem\",\"position\":1,\"name\":\"Accueil\",\"item\":\"https:\/\/www.nettali.com\/\"},{\"@type\":\"ListItem\",\"position\":2,\"name\":\"DETTE AFRICAINE ET D\\u00c9PENDANCE EXT\\u00c9RIEURE - Sortir du pi\\u00e8ge de la vuln\\u00e9rabilit\\u00e9\"}]},{\"@type\":\"Person\",\"@id\":\"https:\/\/www.nettali.com\/#\/schema\/person\/d8ac7b7e27ddad43f1c0d2ef090d7f71\",\"name\":\"CK\",\"image\":{\"@type\":\"ImageObject\",\"@id\":\"https:\/\/www.nettali.com\/#personlogo\",\"inLanguage\":\"fr-FR\",\"url\":\"https:\/\/secure.gravatar.com\/avatar\/1d8d5118b9327d94da7cd4ce7f17fec2?s=96&d=mm&r=g\",\"contentUrl\":\"https:\/\/secure.gravatar.com\/avatar\/1d8d5118b9327d94da7cd4ce7f17fec2?s=96&d=mm&r=g\",\"caption\":\"CK\"},\"sameAs\":[\"https:\/\/www.nettali.com\"]}]}<\/script>\n<!-- \/ Yoast SEO Premium plugin. -->","yoast_head_json":{"title":"DETTE AFRICAINE ET D\u00c9PENDANCE EXT\u00c9RIEURE - Sortir du pi\u00e8ge de la vuln\u00e9rabilit\u00e9 | Nettali.com","robots":{"index":"index","follow":"follow","max-snippet":"max-snippet:-1","max-image-preview":"max-image-preview:large","max-video-preview":"max-video-preview:-1"},"canonical":"https:\/\/www.nettali.com\/2025\/09\/01\/dette-africaine-et-dependance-exterieure-sortir-du-piege-de-la-vulnerabilite\/","og_locale":"fr_FR","og_type":"article","og_title":"DETTE AFRICAINE ET D\u00c9PENDANCE EXT\u00c9RIEURE - Sortir du pi\u00e8ge de la vuln\u00e9rabilit\u00e9","og_description":"CONTRIBUTION - La question de la dette africaine est devenue l\u2019un des enjeux les plus strat\u00e9giques pour l\u2019avenir du continent. \u00c0 la fin de 2023, le stock de dette ext\u00e9rieure africaine d\u00e9passait 1 150 milliards de dollars, et devrait atteindre 1 200 milliards en 2025. En moyenne, le ratio dette publique\/PIB en Afrique subsaharienne avoisine [&hellip;]","og_url":"https:\/\/www.nettali.com\/2025\/09\/01\/dette-africaine-et-dependance-exterieure-sortir-du-piege-de-la-vulnerabilite\/","og_site_name":"Nettali.com","article_publisher":"https:\/\/www.facebook.com\/nettalicom","article_published_time":"2025-09-01T21:10:03+00:00","article_modified_time":"2025-09-01T21:37:33+00:00","og_image":[{"width":713,"height":481,"url":"https:\/\/www.nettali.com\/wp-content\/uploads\/2025\/09\/cheikh-mbacke-sene.jpg","type":"image\/jpeg"}],"twitter_card":"summary_large_image","twitter_misc":{"\u00c9crit par":"CK","Dur\u00e9e de lecture estim\u00e9e":"3 minutes"},"schema":{"@context":"https:\/\/schema.org","@graph":[{"@type":"WebSite","@id":"https:\/\/www.nettali.com\/#website","url":"https:\/\/www.nettali.com\/","name":"Nettali.com","description":"Le rendez-vous critique du Net","potentialAction":[{"@type":"SearchAction","target":{"@type":"EntryPoint","urlTemplate":"https:\/\/www.nettali.com\/?s={search_term_string}"},"query-input":"required name=search_term_string"}],"inLanguage":"fr-FR"},{"@type":"ImageObject","@id":"https:\/\/www.nettali.com\/2025\/09\/01\/dette-africaine-et-dependance-exterieure-sortir-du-piege-de-la-vulnerabilite\/#primaryimage","inLanguage":"fr-FR","url":"https:\/\/www.nettali.com\/wp-content\/uploads\/2025\/09\/cheikh-mbacke-sene.jpg","contentUrl":"https:\/\/www.nettali.com\/wp-content\/uploads\/2025\/09\/cheikh-mbacke-sene.jpg","width":713,"height":481},{"@type":"WebPage","@id":"https:\/\/www.nettali.com\/2025\/09\/01\/dette-africaine-et-dependance-exterieure-sortir-du-piege-de-la-vulnerabilite\/#webpage","url":"https:\/\/www.nettali.com\/2025\/09\/01\/dette-africaine-et-dependance-exterieure-sortir-du-piege-de-la-vulnerabilite\/","name":"DETTE AFRICAINE ET D\u00c9PENDANCE EXT\u00c9RIEURE - Sortir du pi\u00e8ge de la vuln\u00e9rabilit\u00e9 | Nettali.com","isPartOf":{"@id":"https:\/\/www.nettali.com\/#website"},"primaryImageOfPage":{"@id":"https:\/\/www.nettali.com\/2025\/09\/01\/dette-africaine-et-dependance-exterieure-sortir-du-piege-de-la-vulnerabilite\/#primaryimage"},"datePublished":"2025-09-01T21:10:03+00:00","dateModified":"2025-09-01T21:37:33+00:00","author":{"@id":"https:\/\/www.nettali.com\/#\/schema\/person\/d8ac7b7e27ddad43f1c0d2ef090d7f71"},"breadcrumb":{"@id":"https:\/\/www.nettali.com\/2025\/09\/01\/dette-africaine-et-dependance-exterieure-sortir-du-piege-de-la-vulnerabilite\/#breadcrumb"},"inLanguage":"fr-FR","potentialAction":[{"@type":"ReadAction","target":["https:\/\/www.nettali.com\/2025\/09\/01\/dette-africaine-et-dependance-exterieure-sortir-du-piege-de-la-vulnerabilite\/"]}]},{"@type":"BreadcrumbList","@id":"https:\/\/www.nettali.com\/2025\/09\/01\/dette-africaine-et-dependance-exterieure-sortir-du-piege-de-la-vulnerabilite\/#breadcrumb","itemListElement":[{"@type":"ListItem","position":1,"name":"Accueil","item":"https:\/\/www.nettali.com\/"},{"@type":"ListItem","position":2,"name":"DETTE AFRICAINE ET D\u00c9PENDANCE EXT\u00c9RIEURE - Sortir du pi\u00e8ge de la vuln\u00e9rabilit\u00e9"}]},{"@type":"Person","@id":"https:\/\/www.nettali.com\/#\/schema\/person\/d8ac7b7e27ddad43f1c0d2ef090d7f71","name":"CK","image":{"@type":"ImageObject","@id":"https:\/\/www.nettali.com\/#personlogo","inLanguage":"fr-FR","url":"https:\/\/secure.gravatar.com\/avatar\/1d8d5118b9327d94da7cd4ce7f17fec2?s=96&d=mm&r=g","contentUrl":"https:\/\/secure.gravatar.com\/avatar\/1d8d5118b9327d94da7cd4ce7f17fec2?s=96&d=mm&r=g","caption":"CK"},"sameAs":["https:\/\/www.nettali.com"]}]}},"_links":{"self":[{"href":"https:\/\/www.nettali.com\/rest\/wp\/v2\/posts\/160514"}],"collection":[{"href":"https:\/\/www.nettali.com\/rest\/wp\/v2\/posts"}],"about":[{"href":"https:\/\/www.nettali.com\/rest\/wp\/v2\/types\/post"}],"author":[{"embeddable":true,"href":"https:\/\/www.nettali.com\/rest\/wp\/v2\/users\/2"}],"replies":[{"embeddable":true,"href":"https:\/\/www.nettali.com\/rest\/wp\/v2\/comments?post=160514"}],"version-history":[{"count":2,"href":"https:\/\/www.nettali.com\/rest\/wp\/v2\/posts\/160514\/revisions"}],"predecessor-version":[{"id":160517,"href":"https:\/\/www.nettali.com\/rest\/wp\/v2\/posts\/160514\/revisions\/160517"}],"wp:featuredmedia":[{"embeddable":true,"href":"https:\/\/www.nettali.com\/rest\/wp\/v2\/media\/160515"}],"wp:attachment":[{"href":"https:\/\/www.nettali.com\/rest\/wp\/v2\/media?parent=160514"}],"wp:term":[{"taxonomy":"category","embeddable":true,"href":"https:\/\/www.nettali.com\/rest\/wp\/v2\/categories?post=160514"},{"taxonomy":"post_tag","embeddable":true,"href":"https:\/\/www.nettali.com\/rest\/wp\/v2\/tags?post=160514"}],"curies":[{"name":"wp","href":"https:\/\/api.w.org\/{rel}","templated":true}]}}