{"id":160511,"date":"2025-09-01T20:00:48","date_gmt":"2025-09-01T20:00:48","guid":{"rendered":"https:\/\/www.nettali.com\/?p=160511"},"modified":"2025-09-01T19:03:37","modified_gmt":"2025-09-01T19:03:37","slug":"om-rabiot-a-milan-cest-fait","status":"publish","type":"post","link":"https:\/\/www.nettali.com\/2025\/09\/01\/om-rabiot-a-milan-cest-fait\/","title":{"rendered":"OM - Rabiot \u00e0 Milan, c\u2019est fait !"},"content":{"rendered":"<p><strong>NETTALI.COM -<\/strong> Ecart\u00e9 et plac\u00e9 sur la liste des transferts apr\u00e8s son altercation avec Jonathan Rowe \u00e0 Rennes (0-1) en Ligue 1 le 15 ao\u00fbt dernier, le milieu de terrain Adrien Rabiot (30 ans, 1 match en L1 cette saison) va bien quitter l'Olympique de Marseille sur ce mercato d'\u00e9t\u00e9 !<\/p>\n<p>Comme pressenti, les deux formations ont trouv\u00e9 un accord pour le transfert de l'international fran\u00e7ais contre un ch\u00e8que estim\u00e9 \u00e0 10 millions d'euros (bonus compris), selon le journaliste Fabrizio Romano ce dimanche. D<\/p>\n<p>e son c\u00f4t\u00e9, l'ancien Turinois s'est entendu avec le club lombard concernant un futur contrat jusqu'en juin 2029.<\/p>\n<p>D\u00e9sormais, Rabiot se retrouve attendu \u00e0 Milan lundi pour passer sa visite m\u00e9dicale et boucler cette op\u00e9ration. L'OM va pouvoir tourner la page apr\u00e8s un feuilleton totalement inattendu.<\/p>\n<div class='share-to-whatsapp-wrapper'><div class='share-on-whsp'>PARTAGER SUR : <\/div><a data-text='OM - Rabiot \u00e0 Milan, c\u2019est fait !' data-link='https:\/\/www.nettali.com\/2025\/09\/01\/om-rabiot-a-milan-cest-fait\/' class='whatsapp-button whatsapp-share'>WhatsApp<\/a><div class='clear '><\/div><\/div>","protected":false},"excerpt":{"rendered":"<p>NETTALI.COM - Ecart\u00e9 et plac\u00e9 sur la liste des transferts apr\u00e8s son altercation avec Jonathan Rowe \u00e0 Rennes (0-1) en Ligue 1 le 15 ao\u00fbt dernier, le milieu de terrain Adrien Rabiot (30 ans, 1 match en L1 cette saison) va bien quitter l'Olympique de Marseille sur ce mercato d'\u00e9t\u00e9 ! Comme pressenti, les deux [&hellip;]<\/p>\n","protected":false},"author":2,"featured_media":160512,"comment_status":"open","ping_status":"open","sticky":false,"template":"","format":"standard","meta":{"_et_pb_use_builder":"","_et_pb_old_content":""},"categories":[6],"tags":[],"yoast_head":"<!-- This site is optimized with the Yoast SEO Premium plugin v17.8 (Yoast SEO v17.8) - https:\/\/yoast.com\/wordpress\/plugins\/seo\/ -->\n<title>OM - Rabiot \u00e0 Milan, c\u2019est fait ! | Nettali.com<\/title>\n<meta name=\"robots\" content=\"index, follow, max-snippet:-1, max-image-preview:large, max-video-preview:-1\" \/>\n<link rel=\"canonical\" href=\"https:\/\/www.nettali.com\/2025\/09\/01\/om-rabiot-a-milan-cest-fait\/\" \/>\n<meta property=\"og:locale\" content=\"fr_FR\" \/>\n<meta property=\"og:type\" content=\"article\" \/>\n<meta property=\"og:title\" content=\"OM - Rabiot \u00e0 Milan, c\u2019est fait !\" \/>\n<meta property=\"og:description\" content=\"NETTALI.COM - Ecart\u00e9 et plac\u00e9 sur la liste des transferts apr\u00e8s son altercation avec Jonathan Rowe \u00e0 Rennes (0-1) en Ligue 1 le 15 ao\u00fbt dernier, le milieu de terrain Adrien Rabiot (30 ans, 1 match en L1 cette saison) va bien quitter l&#039;Olympique de Marseille sur ce mercato d&#039;\u00e9t\u00e9 ! Comme pressenti, les deux [&hellip;]\" \/>\n<meta property=\"og:url\" content=\"https:\/\/www.nettali.com\/2025\/09\/01\/om-rabiot-a-milan-cest-fait\/\" \/>\n<meta property=\"og:site_name\" content=\"Nettali.com\" \/>\n<meta property=\"article:publisher\" content=\"https:\/\/www.facebook.com\/nettalicom\" \/>\n<meta property=\"article:published_time\" content=\"2025-09-01T20:00:48+00:00\" \/>\n<meta property=\"article:modified_time\" content=\"2025-09-01T19:03:37+00:00\" \/>\n<meta property=\"og:image\" content=\"https:\/\/www.nettali.com\/wp-content\/uploads\/2025\/09\/1b44b.jpg\" \/>\n\t<meta property=\"og:image:width\" content=\"828\" \/>\n\t<meta property=\"og:image:height\" content=\"552\" \/>\n<meta name=\"twitter:card\" content=\"summary_large_image\" \/>\n<meta name=\"twitter:label1\" content=\"\u00c9crit par\" \/>\n\t<meta name=\"twitter:data1\" content=\"CK\" \/>\n\t<meta name=\"twitter:label2\" content=\"Dur\u00e9e de lecture estim\u00e9e\" \/>\n\t<meta name=\"twitter:data2\" content=\"1 minute\" \/>\n<script type=\"application\/ld+json\" class=\"yoast-schema-graph\">{\"@context\":\"https:\/\/schema.org\",\"@graph\":[{\"@type\":\"WebSite\",\"@id\":\"https:\/\/www.nettali.com\/#website\",\"url\":\"https:\/\/www.nettali.com\/\",\"name\":\"Nettali.com\",\"description\":\"Le rendez-vous critique du Net\",\"potentialAction\":[{\"@type\":\"SearchAction\",\"target\":{\"@type\":\"EntryPoint\",\"urlTemplate\":\"https:\/\/www.nettali.com\/?s={search_term_string}\"},\"query-input\":\"required name=search_term_string\"}],\"inLanguage\":\"fr-FR\"},{\"@type\":\"ImageObject\",\"@id\":\"https:\/\/www.nettali.com\/2025\/09\/01\/om-rabiot-a-milan-cest-fait\/#primaryimage\",\"inLanguage\":\"fr-FR\",\"url\":\"https:\/\/www.nettali.com\/wp-content\/uploads\/2025\/09\/1b44b.jpg\",\"contentUrl\":\"https:\/\/www.nettali.com\/wp-content\/uploads\/2025\/09\/1b44b.jpg\",\"width\":828,\"height\":552},{\"@type\":\"WebPage\",\"@id\":\"https:\/\/www.nettali.com\/2025\/09\/01\/om-rabiot-a-milan-cest-fait\/#webpage\",\"url\":\"https:\/\/www.nettali.com\/2025\/09\/01\/om-rabiot-a-milan-cest-fait\/\",\"name\":\"OM - Rabiot \\u00e0 Milan, c\\u2019est fait ! | Nettali.com\",\"isPartOf\":{\"@id\":\"https:\/\/www.nettali.com\/#website\"},\"primaryImageOfPage\":{\"@id\":\"https:\/\/www.nettali.com\/2025\/09\/01\/om-rabiot-a-milan-cest-fait\/#primaryimage\"},\"datePublished\":\"2025-09-01T20:00:48+00:00\",\"dateModified\":\"2025-09-01T19:03:37+00:00\",\"author\":{\"@id\":\"https:\/\/www.nettali.com\/#\/schema\/person\/d8ac7b7e27ddad43f1c0d2ef090d7f71\"},\"breadcrumb\":{\"@id\":\"https:\/\/www.nettali.com\/2025\/09\/01\/om-rabiot-a-milan-cest-fait\/#breadcrumb\"},\"inLanguage\":\"fr-FR\",\"potentialAction\":[{\"@type\":\"ReadAction\",\"target\":[\"https:\/\/www.nettali.com\/2025\/09\/01\/om-rabiot-a-milan-cest-fait\/\"]}]},{\"@type\":\"BreadcrumbList\",\"@id\":\"https:\/\/www.nettali.com\/2025\/09\/01\/om-rabiot-a-milan-cest-fait\/#breadcrumb\",\"itemListElement\":[{\"@type\":\"ListItem\",\"position\":1,\"name\":\"Accueil\",\"item\":\"https:\/\/www.nettali.com\/\"},{\"@type\":\"ListItem\",\"position\":2,\"name\":\"OM - Rabiot \\u00e0 Milan, c\\u2019est fait !\"}]},{\"@type\":\"Person\",\"@id\":\"https:\/\/www.nettali.com\/#\/schema\/person\/d8ac7b7e27ddad43f1c0d2ef090d7f71\",\"name\":\"CK\",\"image\":{\"@type\":\"ImageObject\",\"@id\":\"https:\/\/www.nettali.com\/#personlogo\",\"inLanguage\":\"fr-FR\",\"url\":\"https:\/\/secure.gravatar.com\/avatar\/1d8d5118b9327d94da7cd4ce7f17fec2?s=96&d=mm&r=g\",\"contentUrl\":\"https:\/\/secure.gravatar.com\/avatar\/1d8d5118b9327d94da7cd4ce7f17fec2?s=96&d=mm&r=g\",\"caption\":\"CK\"},\"sameAs\":[\"https:\/\/www.nettali.com\"]}]}<\/script>\n<!-- \/ Yoast SEO Premium plugin. -->","yoast_head_json":{"title":"OM - Rabiot \u00e0 Milan, c\u2019est fait ! | Nettali.com","robots":{"index":"index","follow":"follow","max-snippet":"max-snippet:-1","max-image-preview":"max-image-preview:large","max-video-preview":"max-video-preview:-1"},"canonical":"https:\/\/www.nettali.com\/2025\/09\/01\/om-rabiot-a-milan-cest-fait\/","og_locale":"fr_FR","og_type":"article","og_title":"OM - Rabiot \u00e0 Milan, c\u2019est fait !","og_description":"NETTALI.COM - Ecart\u00e9 et plac\u00e9 sur la liste des transferts apr\u00e8s son altercation avec Jonathan Rowe \u00e0 Rennes (0-1) en Ligue 1 le 15 ao\u00fbt dernier, le milieu de terrain Adrien Rabiot (30 ans, 1 match en L1 cette saison) va bien quitter l'Olympique de Marseille sur ce mercato d'\u00e9t\u00e9 ! Comme pressenti, les deux [&hellip;]","og_url":"https:\/\/www.nettali.com\/2025\/09\/01\/om-rabiot-a-milan-cest-fait\/","og_site_name":"Nettali.com","article_publisher":"https:\/\/www.facebook.com\/nettalicom","article_published_time":"2025-09-01T20:00:48+00:00","article_modified_time":"2025-09-01T19:03:37+00:00","og_image":[{"width":828,"height":552,"url":"https:\/\/www.nettali.com\/wp-content\/uploads\/2025\/09\/1b44b.jpg","type":"image\/jpeg"}],"twitter_card":"summary_large_image","twitter_misc":{"\u00c9crit par":"CK","Dur\u00e9e de lecture estim\u00e9e":"1 minute"},"schema":{"@context":"https:\/\/schema.org","@graph":[{"@type":"WebSite","@id":"https:\/\/www.nettali.com\/#website","url":"https:\/\/www.nettali.com\/","name":"Nettali.com","description":"Le rendez-vous critique du Net","potentialAction":[{"@type":"SearchAction","target":{"@type":"EntryPoint","urlTemplate":"https:\/\/www.nettali.com\/?s={search_term_string}"},"query-input":"required name=search_term_string"}],"inLanguage":"fr-FR"},{"@type":"ImageObject","@id":"https:\/\/www.nettali.com\/2025\/09\/01\/om-rabiot-a-milan-cest-fait\/#primaryimage","inLanguage":"fr-FR","url":"https:\/\/www.nettali.com\/wp-content\/uploads\/2025\/09\/1b44b.jpg","contentUrl":"https:\/\/www.nettali.com\/wp-content\/uploads\/2025\/09\/1b44b.jpg","width":828,"height":552},{"@type":"WebPage","@id":"https:\/\/www.nettali.com\/2025\/09\/01\/om-rabiot-a-milan-cest-fait\/#webpage","url":"https:\/\/www.nettali.com\/2025\/09\/01\/om-rabiot-a-milan-cest-fait\/","name":"OM - Rabiot \u00e0 Milan, c\u2019est fait ! | Nettali.com","isPartOf":{"@id":"https:\/\/www.nettali.com\/#website"},"primaryImageOfPage":{"@id":"https:\/\/www.nettali.com\/2025\/09\/01\/om-rabiot-a-milan-cest-fait\/#primaryimage"},"datePublished":"2025-09-01T20:00:48+00:00","dateModified":"2025-09-01T19:03:37+00:00","author":{"@id":"https:\/\/www.nettali.com\/#\/schema\/person\/d8ac7b7e27ddad43f1c0d2ef090d7f71"},"breadcrumb":{"@id":"https:\/\/www.nettali.com\/2025\/09\/01\/om-rabiot-a-milan-cest-fait\/#breadcrumb"},"inLanguage":"fr-FR","potentialAction":[{"@type":"ReadAction","target":["https:\/\/www.nettali.com\/2025\/09\/01\/om-rabiot-a-milan-cest-fait\/"]}]},{"@type":"BreadcrumbList","@id":"https:\/\/www.nettali.com\/2025\/09\/01\/om-rabiot-a-milan-cest-fait\/#breadcrumb","itemListElement":[{"@type":"ListItem","position":1,"name":"Accueil","item":"https:\/\/www.nettali.com\/"},{"@type":"ListItem","position":2,"name":"OM - Rabiot \u00e0 Milan, c\u2019est fait !"}]},{"@type":"Person","@id":"https:\/\/www.nettali.com\/#\/schema\/person\/d8ac7b7e27ddad43f1c0d2ef090d7f71","name":"CK","image":{"@type":"ImageObject","@id":"https:\/\/www.nettali.com\/#personlogo","inLanguage":"fr-FR","url":"https:\/\/secure.gravatar.com\/avatar\/1d8d5118b9327d94da7cd4ce7f17fec2?s=96&d=mm&r=g","contentUrl":"https:\/\/secure.gravatar.com\/avatar\/1d8d5118b9327d94da7cd4ce7f17fec2?s=96&d=mm&r=g","caption":"CK"},"sameAs":["https:\/\/www.nettali.com"]}]}},"_links":{"self":[{"href":"https:\/\/www.nettali.com\/rest\/wp\/v2\/posts\/160511"}],"collection":[{"href":"https:\/\/www.nettali.com\/rest\/wp\/v2\/posts"}],"about":[{"href":"https:\/\/www.nettali.com\/rest\/wp\/v2\/types\/post"}],"author":[{"embeddable":true,"href":"https:\/\/www.nettali.com\/rest\/wp\/v2\/users\/2"}],"replies":[{"embeddable":true,"href":"https:\/\/www.nettali.com\/rest\/wp\/v2\/comments?post=160511"}],"version-history":[{"count":1,"href":"https:\/\/www.nettali.com\/rest\/wp\/v2\/posts\/160511\/revisions"}],"predecessor-version":[{"id":160513,"href":"https:\/\/www.nettali.com\/rest\/wp\/v2\/posts\/160511\/revisions\/160513"}],"wp:featuredmedia":[{"embeddable":true,"href":"https:\/\/www.nettali.com\/rest\/wp\/v2\/media\/160512"}],"wp:attachment":[{"href":"https:\/\/www.nettali.com\/rest\/wp\/v2\/media?parent=160511"}],"wp:term":[{"taxonomy":"category","embeddable":true,"href":"https:\/\/www.nettali.com\/rest\/wp\/v2\/categories?post=160511"},{"taxonomy":"post_tag","embeddable":true,"href":"https:\/\/www.nettali.com\/rest\/wp\/v2\/tags?post=160511"}],"curies":[{"name":"wp","href":"https:\/\/api.w.org\/{rel}","templated":true}]}}