{"id":160499,"date":"2025-09-01T18:37:16","date_gmt":"2025-09-01T18:37:16","guid":{"rendered":"https:\/\/www.nettali.com\/?p=160499"},"modified":"2025-09-02T08:44:42","modified_gmt":"2025-09-02T08:44:42","slug":"bassirou-diomaye-faye-pour-se-nourrir-lafrique-devra-compter-dabord-sur-elle-meme","status":"publish","type":"post","link":"https:\/\/www.nettali.com\/2025\/09\/01\/bassirou-diomaye-faye-pour-se-nourrir-lafrique-devra-compter-dabord-sur-elle-meme\/","title":{"rendered":"BASSIROU DIOMAYE FAYE : \"Pour se nourrir, l\u2019Afrique devra compter d\u2019abord sur elle-m\u00eame\""},"content":{"rendered":"<p><strong>NETTALI.COM - Le pr\u00e9sident de la R\u00e9publique a pris part, ce lundi 1er septembre 2025, \u00e0 la 19\u1d49 \u00e9dition du Forum africain des syst\u00e8mes alimentaires. Bassirou Diomaye Faye a r\u00e9affirm\u00e9 l\u2019engagement du S\u00e9n\u00e9gal et du continent \u00e0 investir dans des mod\u00e8les de production inclusifs et durables arguant que \"pour se nourrir, l\u2019Afrique devra compter d\u2019abord sur elle-m\u00eame\".\u00a0<\/strong><\/p>\n<p>Le chef de l\u2019Etat a pr\u00e9sid\u00e9, ce lundi 1er septembre 2025, la c\u00e9r\u00e9monie d\u2019ouverture du Forum africain sur les syst\u00e8mes alimentaires 2025. Dans son discours, Bassirou Diomaye Faye a appel\u00e9 les Africains \u00e0 investir dans des mod\u00e8les de production comme les coop\u00e9ratives agricoles communautaires, afin de r\u00e9duire la d\u00e9pendance aux importations des denr\u00e9es de base. Pour le Pr\u00e9sident s\u00e9n\u00e9galais, \"<em>pour se nourrir, l\u2019Afrique devra compter d\u2019abord sur elle-m\u00eame, en s\u2019inscrivant dans une dynamique de solutions endog\u00e8nes\"<\/em>. \"<em>Nous devons investir dans des mod\u00e8les de production comme les coop\u00e9ratives agricoles communautaires, afin de r\u00e9duire notre d\u00e9pendance aux importations des denr\u00e9es de base<\/em>\", a-t-il ajout\u00e9.<\/p>\n<p>Bassirou Diomaye a \u00e9galement exhort\u00e9 \u00e0 briser \"<em>le vieux mythe<\/em>\" selon lequel l\u2019agriculture est un secteur de survie, r\u00e9serv\u00e9 aux adultes sans perspectives. \"<em>Rendons les campagnes plus attractives par le d\u00e9senclavement, l\u2019acc\u00e8s aux services sociaux de base et des investissements mettant en valeur le potentiel \u00e9conomique de chacune d\u2019elles<\/em>\", a-t-il sugg\u00e9r\u00e9. Avant d'appeler \u00e0\u00a0\u0153uvrer pour la promotion du commerce intra-africain, en saisissant les opportunit\u00e9s de la ZLECLAF, la zone de libre-\u00e9change continentale africaine, pour faciliter un acc\u00e8s rapide aux produits et leur \u00e9coulement.<\/p>\n<p>Par ailleurs, le Chef de l\u2019Etat a plaid\u00e9 pour l\u2019\u00e9mergence \"<em>d\u2019un secteur priv\u00e9 fort capable d\u2019investir dans l\u2019agrobusiness et d\u2019approvisionner les march\u00e9s domestiques et de vendre le surplus de production \u00e0 l\u2019ext\u00e9rieur<\/em>\". \"<em>Unissons nos volont\u00e9s, mobilisons nos ressources et faisons de la cr\u00e9ation de syst\u00e8mes alimentaires robustes le moteur de la renaissance africaine, fond\u00e9e sur la souverainet\u00e9 et le d\u00e9veloppement partag\u00e9<\/em>\", ajoute-t-il.<\/p>\n<p>Cependant, le Pr\u00e9sident Faye soulign\u00e9 que \"<em>cela ne suffira pas<\/em>\". Car, \u00e0 son avis, pour transformer durablement l\u2019agriculture, il faut aussi \"<em>investir massivement dans la modernisation des outils et m\u00e9thodes de production, le d\u00e9veloppement des semences et des sp\u00e9culations adapt\u00e9es au changement climatique, la ma\u00eetrise de l\u2019eau, le d\u00e9veloppement des cha\u00eenes de valeur agricoles<\/em>\". Il fait savoir \u00e0 ses h\u00f4tes que le S\u00e9n\u00e9gal travaille dans ce sens, avec la mise en \u0153uvre de l\u2019Agenda national de transformation, dont l\u2019agriculture est un des grands piliers.<\/p>\n<div class='share-to-whatsapp-wrapper'><div class='share-on-whsp'>PARTAGER SUR : <\/div><a data-text='BASSIROU DIOMAYE FAYE : \"Pour se nourrir, l\u2019Afrique devra compter d\u2019abord sur elle-m\u00eame\"' data-link='https:\/\/www.nettali.com\/2025\/09\/01\/bassirou-diomaye-faye-pour-se-nourrir-lafrique-devra-compter-dabord-sur-elle-meme\/' class='whatsapp-button whatsapp-share'>WhatsApp<\/a><div class='clear '><\/div><\/div>","protected":false},"excerpt":{"rendered":"<p>NETTALI.COM - Le pr\u00e9sident de la R\u00e9publique a pris part, ce lundi 1er septembre 2025, \u00e0 la 19\u1d49 \u00e9dition du Forum africain des syst\u00e8mes alimentaires. Bassirou Diomaye Faye a r\u00e9affirm\u00e9 l\u2019engagement du S\u00e9n\u00e9gal et du continent \u00e0 investir dans des mod\u00e8les de production inclusifs et durables arguant que \"pour se nourrir, l\u2019Afrique devra compter d\u2019abord [&hellip;]<\/p>\n","protected":false},"author":6,"featured_media":159746,"comment_status":"open","ping_status":"open","sticky":false,"template":"","format":"standard","meta":{"_et_pb_use_builder":"","_et_pb_old_content":""},"categories":[3],"tags":[],"yoast_head":"<!-- This site is optimized with the Yoast SEO Premium plugin v17.8 (Yoast SEO v17.8) - https:\/\/yoast.com\/wordpress\/plugins\/seo\/ -->\n<title>BASSIROU DIOMAYE FAYE : &quot;Pour se nourrir, l\u2019Afrique devra compter d\u2019abord sur elle-m\u00eame&quot; | Nettali.com<\/title>\n<meta name=\"robots\" content=\"index, follow, max-snippet:-1, max-image-preview:large, max-video-preview:-1\" \/>\n<link rel=\"canonical\" href=\"https:\/\/www.nettali.com\/2025\/09\/01\/bassirou-diomaye-faye-pour-se-nourrir-lafrique-devra-compter-dabord-sur-elle-meme\/\" \/>\n<meta property=\"og:locale\" content=\"fr_FR\" \/>\n<meta property=\"og:type\" content=\"article\" \/>\n<meta property=\"og:title\" content=\"BASSIROU DIOMAYE FAYE : &quot;Pour se nourrir, l\u2019Afrique devra compter d\u2019abord sur elle-m\u00eame&quot;\" \/>\n<meta property=\"og:description\" content=\"NETTALI.COM - Le pr\u00e9sident de la R\u00e9publique a pris part, ce lundi 1er septembre 2025, \u00e0 la 19\u1d49 \u00e9dition du Forum africain des syst\u00e8mes alimentaires. Bassirou Diomaye Faye a r\u00e9affirm\u00e9 l\u2019engagement du S\u00e9n\u00e9gal et du continent \u00e0 investir dans des mod\u00e8les de production inclusifs et durables arguant que &quot;pour se nourrir, l\u2019Afrique devra compter d\u2019abord [&hellip;]\" \/>\n<meta property=\"og:url\" content=\"https:\/\/www.nettali.com\/2025\/09\/01\/bassirou-diomaye-faye-pour-se-nourrir-lafrique-devra-compter-dabord-sur-elle-meme\/\" \/>\n<meta property=\"og:site_name\" content=\"Nettali.com\" \/>\n<meta property=\"article:publisher\" content=\"https:\/\/www.facebook.com\/nettalicom\" \/>\n<meta property=\"article:published_time\" content=\"2025-09-01T18:37:16+00:00\" \/>\n<meta property=\"article:modified_time\" content=\"2025-09-02T08:44:42+00:00\" \/>\n<meta property=\"og:image\" content=\"https:\/\/www.nettali.com\/wp-content\/uploads\/2025\/08\/jad20250715-ass-senegal-politique-diomaye-faye-sonko.jpg\" \/>\n\t<meta property=\"og:image:width\" content=\"1280\" \/>\n\t<meta property=\"og:image:height\" content=\"720\" \/>\n<meta name=\"twitter:card\" content=\"summary_large_image\" \/>\n<meta name=\"twitter:label1\" content=\"\u00c9crit par\" \/>\n\t<meta name=\"twitter:data1\" content=\"Fatou\" \/>\n\t<meta name=\"twitter:label2\" content=\"Dur\u00e9e de lecture estim\u00e9e\" \/>\n\t<meta name=\"twitter:data2\" content=\"2 minutes\" \/>\n<script type=\"application\/ld+json\" class=\"yoast-schema-graph\">{\"@context\":\"https:\/\/schema.org\",\"@graph\":[{\"@type\":\"WebSite\",\"@id\":\"https:\/\/www.nettali.com\/#website\",\"url\":\"https:\/\/www.nettali.com\/\",\"name\":\"Nettali.com\",\"description\":\"Le rendez-vous critique du Net\",\"potentialAction\":[{\"@type\":\"SearchAction\",\"target\":{\"@type\":\"EntryPoint\",\"urlTemplate\":\"https:\/\/www.nettali.com\/?s={search_term_string}\"},\"query-input\":\"required name=search_term_string\"}],\"inLanguage\":\"fr-FR\"},{\"@type\":\"ImageObject\",\"@id\":\"https:\/\/www.nettali.com\/2025\/09\/01\/bassirou-diomaye-faye-pour-se-nourrir-lafrique-devra-compter-dabord-sur-elle-meme\/#primaryimage\",\"inLanguage\":\"fr-FR\",\"url\":\"https:\/\/www.nettali.com\/wp-content\/uploads\/2025\/08\/jad20250715-ass-senegal-politique-diomaye-faye-sonko.jpg\",\"contentUrl\":\"https:\/\/www.nettali.com\/wp-content\/uploads\/2025\/08\/jad20250715-ass-senegal-politique-diomaye-faye-sonko.jpg\",\"width\":1280,\"height\":720},{\"@type\":\"WebPage\",\"@id\":\"https:\/\/www.nettali.com\/2025\/09\/01\/bassirou-diomaye-faye-pour-se-nourrir-lafrique-devra-compter-dabord-sur-elle-meme\/#webpage\",\"url\":\"https:\/\/www.nettali.com\/2025\/09\/01\/bassirou-diomaye-faye-pour-se-nourrir-lafrique-devra-compter-dabord-sur-elle-meme\/\",\"name\":\"BASSIROU DIOMAYE FAYE : \\\"Pour se nourrir, l\\u2019Afrique devra compter d\\u2019abord sur elle-m\\u00eame\\\" | Nettali.com\",\"isPartOf\":{\"@id\":\"https:\/\/www.nettali.com\/#website\"},\"primaryImageOfPage\":{\"@id\":\"https:\/\/www.nettali.com\/2025\/09\/01\/bassirou-diomaye-faye-pour-se-nourrir-lafrique-devra-compter-dabord-sur-elle-meme\/#primaryimage\"},\"datePublished\":\"2025-09-01T18:37:16+00:00\",\"dateModified\":\"2025-09-02T08:44:42+00:00\",\"author\":{\"@id\":\"https:\/\/www.nettali.com\/#\/schema\/person\/418274a86bdf87caff7a3ef476bd0bbf\"},\"breadcrumb\":{\"@id\":\"https:\/\/www.nettali.com\/2025\/09\/01\/bassirou-diomaye-faye-pour-se-nourrir-lafrique-devra-compter-dabord-sur-elle-meme\/#breadcrumb\"},\"inLanguage\":\"fr-FR\",\"potentialAction\":[{\"@type\":\"ReadAction\",\"target\":[\"https:\/\/www.nettali.com\/2025\/09\/01\/bassirou-diomaye-faye-pour-se-nourrir-lafrique-devra-compter-dabord-sur-elle-meme\/\"]}]},{\"@type\":\"BreadcrumbList\",\"@id\":\"https:\/\/www.nettali.com\/2025\/09\/01\/bassirou-diomaye-faye-pour-se-nourrir-lafrique-devra-compter-dabord-sur-elle-meme\/#breadcrumb\",\"itemListElement\":[{\"@type\":\"ListItem\",\"position\":1,\"name\":\"Accueil\",\"item\":\"https:\/\/www.nettali.com\/\"},{\"@type\":\"ListItem\",\"position\":2,\"name\":\"BASSIROU DIOMAYE FAYE : \\\"Pour se nourrir, l\\u2019Afrique devra compter d\\u2019abord sur elle-m\\u00eame\\\"\"}]},{\"@type\":\"Person\",\"@id\":\"https:\/\/www.nettali.com\/#\/schema\/person\/418274a86bdf87caff7a3ef476bd0bbf\",\"name\":\"Fatou\",\"image\":{\"@type\":\"ImageObject\",\"@id\":\"https:\/\/www.nettali.com\/#personlogo\",\"inLanguage\":\"fr-FR\",\"url\":\"https:\/\/secure.gravatar.com\/avatar\/5a9442a2bee7b4dcf167cab035858e9a?s=96&d=mm&r=g\",\"contentUrl\":\"https:\/\/secure.gravatar.com\/avatar\/5a9442a2bee7b4dcf167cab035858e9a?s=96&d=mm&r=g\",\"caption\":\"Fatou\"},\"sameAs\":[\"https:\/\/www.nettali.com\"]}]}<\/script>\n<!-- \/ Yoast SEO Premium plugin. -->","yoast_head_json":{"title":"BASSIROU DIOMAYE FAYE : \"Pour se nourrir, l\u2019Afrique devra compter d\u2019abord sur elle-m\u00eame\" | Nettali.com","robots":{"index":"index","follow":"follow","max-snippet":"max-snippet:-1","max-image-preview":"max-image-preview:large","max-video-preview":"max-video-preview:-1"},"canonical":"https:\/\/www.nettali.com\/2025\/09\/01\/bassirou-diomaye-faye-pour-se-nourrir-lafrique-devra-compter-dabord-sur-elle-meme\/","og_locale":"fr_FR","og_type":"article","og_title":"BASSIROU DIOMAYE FAYE : \"Pour se nourrir, l\u2019Afrique devra compter d\u2019abord sur elle-m\u00eame\"","og_description":"NETTALI.COM - Le pr\u00e9sident de la R\u00e9publique a pris part, ce lundi 1er septembre 2025, \u00e0 la 19\u1d49 \u00e9dition du Forum africain des syst\u00e8mes alimentaires. Bassirou Diomaye Faye a r\u00e9affirm\u00e9 l\u2019engagement du S\u00e9n\u00e9gal et du continent \u00e0 investir dans des mod\u00e8les de production inclusifs et durables arguant que \"pour se nourrir, l\u2019Afrique devra compter d\u2019abord [&hellip;]","og_url":"https:\/\/www.nettali.com\/2025\/09\/01\/bassirou-diomaye-faye-pour-se-nourrir-lafrique-devra-compter-dabord-sur-elle-meme\/","og_site_name":"Nettali.com","article_publisher":"https:\/\/www.facebook.com\/nettalicom","article_published_time":"2025-09-01T18:37:16+00:00","article_modified_time":"2025-09-02T08:44:42+00:00","og_image":[{"width":1280,"height":720,"url":"https:\/\/www.nettali.com\/wp-content\/uploads\/2025\/08\/jad20250715-ass-senegal-politique-diomaye-faye-sonko.jpg","type":"image\/jpeg"}],"twitter_card":"summary_large_image","twitter_misc":{"\u00c9crit par":"Fatou","Dur\u00e9e de lecture estim\u00e9e":"2 minutes"},"schema":{"@context":"https:\/\/schema.org","@graph":[{"@type":"WebSite","@id":"https:\/\/www.nettali.com\/#website","url":"https:\/\/www.nettali.com\/","name":"Nettali.com","description":"Le rendez-vous critique du Net","potentialAction":[{"@type":"SearchAction","target":{"@type":"EntryPoint","urlTemplate":"https:\/\/www.nettali.com\/?s={search_term_string}"},"query-input":"required name=search_term_string"}],"inLanguage":"fr-FR"},{"@type":"ImageObject","@id":"https:\/\/www.nettali.com\/2025\/09\/01\/bassirou-diomaye-faye-pour-se-nourrir-lafrique-devra-compter-dabord-sur-elle-meme\/#primaryimage","inLanguage":"fr-FR","url":"https:\/\/www.nettali.com\/wp-content\/uploads\/2025\/08\/jad20250715-ass-senegal-politique-diomaye-faye-sonko.jpg","contentUrl":"https:\/\/www.nettali.com\/wp-content\/uploads\/2025\/08\/jad20250715-ass-senegal-politique-diomaye-faye-sonko.jpg","width":1280,"height":720},{"@type":"WebPage","@id":"https:\/\/www.nettali.com\/2025\/09\/01\/bassirou-diomaye-faye-pour-se-nourrir-lafrique-devra-compter-dabord-sur-elle-meme\/#webpage","url":"https:\/\/www.nettali.com\/2025\/09\/01\/bassirou-diomaye-faye-pour-se-nourrir-lafrique-devra-compter-dabord-sur-elle-meme\/","name":"BASSIROU DIOMAYE FAYE : \"Pour se nourrir, l\u2019Afrique devra compter d\u2019abord sur elle-m\u00eame\" | Nettali.com","isPartOf":{"@id":"https:\/\/www.nettali.com\/#website"},"primaryImageOfPage":{"@id":"https:\/\/www.nettali.com\/2025\/09\/01\/bassirou-diomaye-faye-pour-se-nourrir-lafrique-devra-compter-dabord-sur-elle-meme\/#primaryimage"},"datePublished":"2025-09-01T18:37:16+00:00","dateModified":"2025-09-02T08:44:42+00:00","author":{"@id":"https:\/\/www.nettali.com\/#\/schema\/person\/418274a86bdf87caff7a3ef476bd0bbf"},"breadcrumb":{"@id":"https:\/\/www.nettali.com\/2025\/09\/01\/bassirou-diomaye-faye-pour-se-nourrir-lafrique-devra-compter-dabord-sur-elle-meme\/#breadcrumb"},"inLanguage":"fr-FR","potentialAction":[{"@type":"ReadAction","target":["https:\/\/www.nettali.com\/2025\/09\/01\/bassirou-diomaye-faye-pour-se-nourrir-lafrique-devra-compter-dabord-sur-elle-meme\/"]}]},{"@type":"BreadcrumbList","@id":"https:\/\/www.nettali.com\/2025\/09\/01\/bassirou-diomaye-faye-pour-se-nourrir-lafrique-devra-compter-dabord-sur-elle-meme\/#breadcrumb","itemListElement":[{"@type":"ListItem","position":1,"name":"Accueil","item":"https:\/\/www.nettali.com\/"},{"@type":"ListItem","position":2,"name":"BASSIROU DIOMAYE FAYE : \"Pour se nourrir, l\u2019Afrique devra compter d\u2019abord sur elle-m\u00eame\""}]},{"@type":"Person","@id":"https:\/\/www.nettali.com\/#\/schema\/person\/418274a86bdf87caff7a3ef476bd0bbf","name":"Fatou","image":{"@type":"ImageObject","@id":"https:\/\/www.nettali.com\/#personlogo","inLanguage":"fr-FR","url":"https:\/\/secure.gravatar.com\/avatar\/5a9442a2bee7b4dcf167cab035858e9a?s=96&d=mm&r=g","contentUrl":"https:\/\/secure.gravatar.com\/avatar\/5a9442a2bee7b4dcf167cab035858e9a?s=96&d=mm&r=g","caption":"Fatou"},"sameAs":["https:\/\/www.nettali.com"]}]}},"_links":{"self":[{"href":"https:\/\/www.nettali.com\/rest\/wp\/v2\/posts\/160499"}],"collection":[{"href":"https:\/\/www.nettali.com\/rest\/wp\/v2\/posts"}],"about":[{"href":"https:\/\/www.nettali.com\/rest\/wp\/v2\/types\/post"}],"author":[{"embeddable":true,"href":"https:\/\/www.nettali.com\/rest\/wp\/v2\/users\/6"}],"replies":[{"embeddable":true,"href":"https:\/\/www.nettali.com\/rest\/wp\/v2\/comments?post=160499"}],"version-history":[{"count":3,"href":"https:\/\/www.nettali.com\/rest\/wp\/v2\/posts\/160499\/revisions"}],"predecessor-version":[{"id":160507,"href":"https:\/\/www.nettali.com\/rest\/wp\/v2\/posts\/160499\/revisions\/160507"}],"wp:featuredmedia":[{"embeddable":true,"href":"https:\/\/www.nettali.com\/rest\/wp\/v2\/media\/159746"}],"wp:attachment":[{"href":"https:\/\/www.nettali.com\/rest\/wp\/v2\/media?parent=160499"}],"wp:term":[{"taxonomy":"category","embeddable":true,"href":"https:\/\/www.nettali.com\/rest\/wp\/v2\/categories?post=160499"},{"taxonomy":"post_tag","embeddable":true,"href":"https:\/\/www.nettali.com\/rest\/wp\/v2\/tags?post=160499"}],"curies":[{"name":"wp","href":"https:\/\/api.w.org\/{rel}","templated":true}]}}