{"id":160493,"date":"2025-09-01T16:55:06","date_gmt":"2025-09-01T16:55:06","guid":{"rendered":"https:\/\/www.nettali.com\/?p=160493"},"modified":"2025-09-01T14:03:43","modified_gmt":"2025-09-01T14:03:43","slug":"bayer-leverkusen-erik-ten-hag-limoge","status":"publish","type":"post","link":"https:\/\/www.nettali.com\/2025\/09\/01\/bayer-leverkusen-erik-ten-hag-limoge\/","title":{"rendered":"BAYER LEVERKUSEN - \u00c9rik ten Hag limog\u00e9"},"content":{"rendered":"<p><strong>NETTALI.COM - Incroyable mais vrai. Le Bayer Leverkusen a d\u00e9cid\u00e9 de se s\u00e9parer du coach n\u00e9erlandais Erik ten Hag (55 ans) ce lundi 1er septembre, deux mois \u00e0 peine apr\u00e8s son arriv\u00e9e en Allemagne.<\/strong><\/p>\n<p>Trois matches et puis s'en va. Recrut\u00e9 par le Bayer Leverkusen le 1er juillet, Erik ten Hag (55 ans) a \u00e9t\u00e9 licenci\u00e9 ce lundi par le club allemand apr\u00e8s un d\u00e9but de Championnat rat\u00e9. Ambitieux pour cette saison, avec pr\u00e8s de 200 M\u20ac investis au mercato, le champion d'Allemagne 2024 a choisi de tr\u00e8s rapidement se s\u00e9parer de l'entraineur n\u00e9erlandais, qui avait d\u00e9j\u00e0 \u00e9t\u00e9 remerci\u00e9 par Manchester United le 28 octobre 2024, et confie les r\u00eanes de l'\u00e9quipe \u00e0 ses entra\u00eeneurs adjoints.<\/p>\n<p>Battu par Hoffenheim (1-2), lors de la premi\u00e8re journ\u00e9e, Leverkusen a \u00e9t\u00e9 accroch\u00e9 par le Werder Br\u00eame (3-3), samedi. Ce d\u00e9but de saison manqu\u00e9 a donc repr\u00e9sent\u00e9 un nouveau coup dur pour le successeur de Xabi Alonso, parti au Real Madrid.<\/p>\n<p>Ten Hag \u00e9tait pourtant l'entra\u00eeneur \u00e0 la mode apr\u00e8s son passage sur le banc de l'Ajax Amsterdam (2017-2022).<\/p>\n<div class='share-to-whatsapp-wrapper'><div class='share-on-whsp'>PARTAGER SUR : <\/div><a data-text='BAYER LEVERKUSEN - \u00c9rik ten Hag limog\u00e9' data-link='https:\/\/www.nettali.com\/2025\/09\/01\/bayer-leverkusen-erik-ten-hag-limoge\/' class='whatsapp-button whatsapp-share'>WhatsApp<\/a><div class='clear '><\/div><\/div>","protected":false},"excerpt":{"rendered":"<p>NETTALI.COM - Incroyable mais vrai. Le Bayer Leverkusen a d\u00e9cid\u00e9 de se s\u00e9parer du coach n\u00e9erlandais Erik ten Hag (55 ans) ce lundi 1er septembre, deux mois \u00e0 peine apr\u00e8s son arriv\u00e9e en Allemagne. Trois matches et puis s'en va. Recrut\u00e9 par le Bayer Leverkusen le 1er juillet, Erik ten Hag (55 ans) a \u00e9t\u00e9 [&hellip;]<\/p>\n","protected":false},"author":5,"featured_media":160495,"comment_status":"open","ping_status":"open","sticky":false,"template":"","format":"standard","meta":{"_et_pb_use_builder":"","_et_pb_old_content":""},"categories":[6],"tags":[],"yoast_head":"<!-- This site is optimized with the Yoast SEO Premium plugin v17.8 (Yoast SEO v17.8) - https:\/\/yoast.com\/wordpress\/plugins\/seo\/ -->\n<title>BAYER LEVERKUSEN - \u00c9rik ten Hag limog\u00e9 | Nettali.com<\/title>\n<meta name=\"robots\" content=\"index, follow, max-snippet:-1, max-image-preview:large, max-video-preview:-1\" \/>\n<link rel=\"canonical\" href=\"https:\/\/www.nettali.com\/2025\/09\/01\/bayer-leverkusen-erik-ten-hag-limoge\/\" \/>\n<meta property=\"og:locale\" content=\"fr_FR\" \/>\n<meta property=\"og:type\" content=\"article\" \/>\n<meta property=\"og:title\" content=\"BAYER LEVERKUSEN - \u00c9rik ten Hag limog\u00e9\" \/>\n<meta property=\"og:description\" content=\"NETTALI.COM - Incroyable mais vrai. Le Bayer Leverkusen a d\u00e9cid\u00e9 de se s\u00e9parer du coach n\u00e9erlandais Erik ten Hag (55 ans) ce lundi 1er septembre, deux mois \u00e0 peine apr\u00e8s son arriv\u00e9e en Allemagne. Trois matches et puis s&#039;en va. Recrut\u00e9 par le Bayer Leverkusen le 1er juillet, Erik ten Hag (55 ans) a \u00e9t\u00e9 [&hellip;]\" \/>\n<meta property=\"og:url\" content=\"https:\/\/www.nettali.com\/2025\/09\/01\/bayer-leverkusen-erik-ten-hag-limoge\/\" \/>\n<meta property=\"og:site_name\" content=\"Nettali.com\" \/>\n<meta property=\"article:publisher\" content=\"https:\/\/www.facebook.com\/nettalicom\" \/>\n<meta property=\"article:published_time\" content=\"2025-09-01T16:55:06+00:00\" \/>\n<meta property=\"article:modified_time\" content=\"2025-09-01T14:03:43+00:00\" \/>\n<meta property=\"og:image\" content=\"https:\/\/www.nettali.com\/wp-content\/uploads\/2025\/09\/541760.jpeg\" \/>\n\t<meta property=\"og:image:width\" content=\"960\" \/>\n\t<meta property=\"og:image:height\" content=\"538\" \/>\n<meta name=\"twitter:card\" content=\"summary_large_image\" \/>\n<meta name=\"twitter:label1\" content=\"\u00c9crit par\" \/>\n\t<meta name=\"twitter:data1\" content=\"Ibrahima\" \/>\n\t<meta name=\"twitter:label2\" content=\"Dur\u00e9e de lecture estim\u00e9e\" \/>\n\t<meta name=\"twitter:data2\" content=\"1 minute\" \/>\n<script type=\"application\/ld+json\" class=\"yoast-schema-graph\">{\"@context\":\"https:\/\/schema.org\",\"@graph\":[{\"@type\":\"WebSite\",\"@id\":\"https:\/\/www.nettali.com\/#website\",\"url\":\"https:\/\/www.nettali.com\/\",\"name\":\"Nettali.com\",\"description\":\"Le rendez-vous critique du Net\",\"potentialAction\":[{\"@type\":\"SearchAction\",\"target\":{\"@type\":\"EntryPoint\",\"urlTemplate\":\"https:\/\/www.nettali.com\/?s={search_term_string}\"},\"query-input\":\"required name=search_term_string\"}],\"inLanguage\":\"fr-FR\"},{\"@type\":\"ImageObject\",\"@id\":\"https:\/\/www.nettali.com\/2025\/09\/01\/bayer-leverkusen-erik-ten-hag-limoge\/#primaryimage\",\"inLanguage\":\"fr-FR\",\"url\":\"https:\/\/www.nettali.com\/wp-content\/uploads\/2025\/09\/541760.jpeg\",\"contentUrl\":\"https:\/\/www.nettali.com\/wp-content\/uploads\/2025\/09\/541760.jpeg\",\"width\":960,\"height\":538},{\"@type\":\"WebPage\",\"@id\":\"https:\/\/www.nettali.com\/2025\/09\/01\/bayer-leverkusen-erik-ten-hag-limoge\/#webpage\",\"url\":\"https:\/\/www.nettali.com\/2025\/09\/01\/bayer-leverkusen-erik-ten-hag-limoge\/\",\"name\":\"BAYER LEVERKUSEN - \\u00c9rik ten Hag limog\\u00e9 | Nettali.com\",\"isPartOf\":{\"@id\":\"https:\/\/www.nettali.com\/#website\"},\"primaryImageOfPage\":{\"@id\":\"https:\/\/www.nettali.com\/2025\/09\/01\/bayer-leverkusen-erik-ten-hag-limoge\/#primaryimage\"},\"datePublished\":\"2025-09-01T16:55:06+00:00\",\"dateModified\":\"2025-09-01T14:03:43+00:00\",\"author\":{\"@id\":\"https:\/\/www.nettali.com\/#\/schema\/person\/bb147657c2986240405a608162b9bb23\"},\"breadcrumb\":{\"@id\":\"https:\/\/www.nettali.com\/2025\/09\/01\/bayer-leverkusen-erik-ten-hag-limoge\/#breadcrumb\"},\"inLanguage\":\"fr-FR\",\"potentialAction\":[{\"@type\":\"ReadAction\",\"target\":[\"https:\/\/www.nettali.com\/2025\/09\/01\/bayer-leverkusen-erik-ten-hag-limoge\/\"]}]},{\"@type\":\"BreadcrumbList\",\"@id\":\"https:\/\/www.nettali.com\/2025\/09\/01\/bayer-leverkusen-erik-ten-hag-limoge\/#breadcrumb\",\"itemListElement\":[{\"@type\":\"ListItem\",\"position\":1,\"name\":\"Accueil\",\"item\":\"https:\/\/www.nettali.com\/\"},{\"@type\":\"ListItem\",\"position\":2,\"name\":\"BAYER LEVERKUSEN - \\u00c9rik ten Hag limog\\u00e9\"}]},{\"@type\":\"Person\",\"@id\":\"https:\/\/www.nettali.com\/#\/schema\/person\/bb147657c2986240405a608162b9bb23\",\"name\":\"Ibrahima\",\"image\":{\"@type\":\"ImageObject\",\"@id\":\"https:\/\/www.nettali.com\/#personlogo\",\"inLanguage\":\"fr-FR\",\"url\":\"https:\/\/secure.gravatar.com\/avatar\/26a8a81f09f0dd7624c9d5c36c9ba3a2?s=96&d=mm&r=g\",\"contentUrl\":\"https:\/\/secure.gravatar.com\/avatar\/26a8a81f09f0dd7624c9d5c36c9ba3a2?s=96&d=mm&r=g\",\"caption\":\"Ibrahima\"},\"sameAs\":[\"https:\/\/www.nettali.com\"]}]}<\/script>\n<!-- \/ Yoast SEO Premium plugin. -->","yoast_head_json":{"title":"BAYER LEVERKUSEN - \u00c9rik ten Hag limog\u00e9 | Nettali.com","robots":{"index":"index","follow":"follow","max-snippet":"max-snippet:-1","max-image-preview":"max-image-preview:large","max-video-preview":"max-video-preview:-1"},"canonical":"https:\/\/www.nettali.com\/2025\/09\/01\/bayer-leverkusen-erik-ten-hag-limoge\/","og_locale":"fr_FR","og_type":"article","og_title":"BAYER LEVERKUSEN - \u00c9rik ten Hag limog\u00e9","og_description":"NETTALI.COM - Incroyable mais vrai. Le Bayer Leverkusen a d\u00e9cid\u00e9 de se s\u00e9parer du coach n\u00e9erlandais Erik ten Hag (55 ans) ce lundi 1er septembre, deux mois \u00e0 peine apr\u00e8s son arriv\u00e9e en Allemagne. Trois matches et puis s'en va. Recrut\u00e9 par le Bayer Leverkusen le 1er juillet, Erik ten Hag (55 ans) a \u00e9t\u00e9 [&hellip;]","og_url":"https:\/\/www.nettali.com\/2025\/09\/01\/bayer-leverkusen-erik-ten-hag-limoge\/","og_site_name":"Nettali.com","article_publisher":"https:\/\/www.facebook.com\/nettalicom","article_published_time":"2025-09-01T16:55:06+00:00","article_modified_time":"2025-09-01T14:03:43+00:00","og_image":[{"width":960,"height":538,"url":"https:\/\/www.nettali.com\/wp-content\/uploads\/2025\/09\/541760.jpeg","type":"image\/jpeg"}],"twitter_card":"summary_large_image","twitter_misc":{"\u00c9crit par":"Ibrahima","Dur\u00e9e de lecture estim\u00e9e":"1 minute"},"schema":{"@context":"https:\/\/schema.org","@graph":[{"@type":"WebSite","@id":"https:\/\/www.nettali.com\/#website","url":"https:\/\/www.nettali.com\/","name":"Nettali.com","description":"Le rendez-vous critique du Net","potentialAction":[{"@type":"SearchAction","target":{"@type":"EntryPoint","urlTemplate":"https:\/\/www.nettali.com\/?s={search_term_string}"},"query-input":"required name=search_term_string"}],"inLanguage":"fr-FR"},{"@type":"ImageObject","@id":"https:\/\/www.nettali.com\/2025\/09\/01\/bayer-leverkusen-erik-ten-hag-limoge\/#primaryimage","inLanguage":"fr-FR","url":"https:\/\/www.nettali.com\/wp-content\/uploads\/2025\/09\/541760.jpeg","contentUrl":"https:\/\/www.nettali.com\/wp-content\/uploads\/2025\/09\/541760.jpeg","width":960,"height":538},{"@type":"WebPage","@id":"https:\/\/www.nettali.com\/2025\/09\/01\/bayer-leverkusen-erik-ten-hag-limoge\/#webpage","url":"https:\/\/www.nettali.com\/2025\/09\/01\/bayer-leverkusen-erik-ten-hag-limoge\/","name":"BAYER LEVERKUSEN - \u00c9rik ten Hag limog\u00e9 | Nettali.com","isPartOf":{"@id":"https:\/\/www.nettali.com\/#website"},"primaryImageOfPage":{"@id":"https:\/\/www.nettali.com\/2025\/09\/01\/bayer-leverkusen-erik-ten-hag-limoge\/#primaryimage"},"datePublished":"2025-09-01T16:55:06+00:00","dateModified":"2025-09-01T14:03:43+00:00","author":{"@id":"https:\/\/www.nettali.com\/#\/schema\/person\/bb147657c2986240405a608162b9bb23"},"breadcrumb":{"@id":"https:\/\/www.nettali.com\/2025\/09\/01\/bayer-leverkusen-erik-ten-hag-limoge\/#breadcrumb"},"inLanguage":"fr-FR","potentialAction":[{"@type":"ReadAction","target":["https:\/\/www.nettali.com\/2025\/09\/01\/bayer-leverkusen-erik-ten-hag-limoge\/"]}]},{"@type":"BreadcrumbList","@id":"https:\/\/www.nettali.com\/2025\/09\/01\/bayer-leverkusen-erik-ten-hag-limoge\/#breadcrumb","itemListElement":[{"@type":"ListItem","position":1,"name":"Accueil","item":"https:\/\/www.nettali.com\/"},{"@type":"ListItem","position":2,"name":"BAYER LEVERKUSEN - \u00c9rik ten Hag limog\u00e9"}]},{"@type":"Person","@id":"https:\/\/www.nettali.com\/#\/schema\/person\/bb147657c2986240405a608162b9bb23","name":"Ibrahima","image":{"@type":"ImageObject","@id":"https:\/\/www.nettali.com\/#personlogo","inLanguage":"fr-FR","url":"https:\/\/secure.gravatar.com\/avatar\/26a8a81f09f0dd7624c9d5c36c9ba3a2?s=96&d=mm&r=g","contentUrl":"https:\/\/secure.gravatar.com\/avatar\/26a8a81f09f0dd7624c9d5c36c9ba3a2?s=96&d=mm&r=g","caption":"Ibrahima"},"sameAs":["https:\/\/www.nettali.com"]}]}},"_links":{"self":[{"href":"https:\/\/www.nettali.com\/rest\/wp\/v2\/posts\/160493"}],"collection":[{"href":"https:\/\/www.nettali.com\/rest\/wp\/v2\/posts"}],"about":[{"href":"https:\/\/www.nettali.com\/rest\/wp\/v2\/types\/post"}],"author":[{"embeddable":true,"href":"https:\/\/www.nettali.com\/rest\/wp\/v2\/users\/5"}],"replies":[{"embeddable":true,"href":"https:\/\/www.nettali.com\/rest\/wp\/v2\/comments?post=160493"}],"version-history":[{"count":2,"href":"https:\/\/www.nettali.com\/rest\/wp\/v2\/posts\/160493\/revisions"}],"predecessor-version":[{"id":160497,"href":"https:\/\/www.nettali.com\/rest\/wp\/v2\/posts\/160493\/revisions\/160497"}],"wp:featuredmedia":[{"embeddable":true,"href":"https:\/\/www.nettali.com\/rest\/wp\/v2\/media\/160495"}],"wp:attachment":[{"href":"https:\/\/www.nettali.com\/rest\/wp\/v2\/media?parent=160493"}],"wp:term":[{"taxonomy":"category","embeddable":true,"href":"https:\/\/www.nettali.com\/rest\/wp\/v2\/categories?post=160493"},{"taxonomy":"post_tag","embeddable":true,"href":"https:\/\/www.nettali.com\/rest\/wp\/v2\/tags?post=160493"}],"curies":[{"name":"wp","href":"https:\/\/api.w.org\/{rel}","templated":true}]}}