{"id":160490,"date":"2025-09-01T14:02:59","date_gmt":"2025-09-01T14:02:59","guid":{"rendered":"https:\/\/www.nettali.com\/?p=160490"},"modified":"2025-09-01T14:02:59","modified_gmt":"2025-09-01T14:02:59","slug":"cite-mixta-le-lutteur-pokola-chute-du-3e-etage","status":"publish","type":"post","link":"https:\/\/www.nettali.com\/2025\/09\/01\/cite-mixta-le-lutteur-pokola-chute-du-3e-etage\/","title":{"rendered":"CIT\u00c9 MIXTA - Le lutteur Pokola chute du 3e \u00e9tage"},"content":{"rendered":"<p><strong>NETTALI.COM - Membre de l'\u00e9curie Falaye Bald\u00e9, le lutteur Pokola a \u00e9t\u00e9 victime d\u2019une chute du troisi\u00e8me \u00e9tage d\u2019un immeuble situ\u00e9 \u00e0 la Cit\u00e9 Mixta de Dakar.<\/strong><\/p>\n<p><em>\"Oui, c\u2019est vrai. Pokola a fait une chute. Il est tomb\u00e9 du troisi\u00e8me \u00e9tage. Il est actuellement \u00e0 l\u2019h\u00f4pital Principal\", a d\u00e9clar\u00e9 son coach, Cod\u00e9.<\/em><\/p>\n<p>Dans sa d\u00e9claration, le coach indique ne pas conna\u00eetre l\u2019heure exacte de l\u2019incident, de m\u00eame que les circonstances dans lesquelles il s'est produit. \"<em>Je ne peux pas dire les circonstances dans lesquelles cet incident s\u2019est produit parce que je n'\u00e9tais pas sur les lieux. On m'a juste appel\u00e9 au t\u00e9l\u00e9phone pour m'en informer<\/em>\", a-t-il pr\u00e9cis\u00e9.<\/p>\n<p>Nous y reviendrons avec plus de d\u00e9tails.<\/p>\n<div class='share-to-whatsapp-wrapper'><div class='share-on-whsp'>PARTAGER SUR : <\/div><a data-text='CIT\u00c9 MIXTA - Le lutteur Pokola chute du 3e \u00e9tage' data-link='https:\/\/www.nettali.com\/2025\/09\/01\/cite-mixta-le-lutteur-pokola-chute-du-3e-etage\/' class='whatsapp-button whatsapp-share'>WhatsApp<\/a><div class='clear '><\/div><\/div>","protected":false},"excerpt":{"rendered":"<p>NETTALI.COM - Membre de l'\u00e9curie Falaye Bald\u00e9, le lutteur Pokola a \u00e9t\u00e9 victime d\u2019une chute du troisi\u00e8me \u00e9tage d\u2019un immeuble situ\u00e9 \u00e0 la Cit\u00e9 Mixta de Dakar. \"Oui, c\u2019est vrai. Pokola a fait une chute. Il est tomb\u00e9 du troisi\u00e8me \u00e9tage. Il est actuellement \u00e0 l\u2019h\u00f4pital Principal\", a d\u00e9clar\u00e9 son coach, Cod\u00e9. Dans sa d\u00e9claration, [&hellip;]<\/p>\n","protected":false},"author":5,"featured_media":160491,"comment_status":"open","ping_status":"open","sticky":false,"template":"","format":"standard","meta":{"_et_pb_use_builder":"","_et_pb_old_content":""},"categories":[3],"tags":[],"yoast_head":"<!-- This site is optimized with the Yoast SEO Premium plugin v17.8 (Yoast SEO v17.8) - https:\/\/yoast.com\/wordpress\/plugins\/seo\/ -->\n<title>CIT\u00c9 MIXTA - Le lutteur Pokola chute du 3e \u00e9tage | Nettali.com<\/title>\n<meta name=\"robots\" content=\"index, follow, max-snippet:-1, max-image-preview:large, max-video-preview:-1\" \/>\n<link rel=\"canonical\" href=\"https:\/\/www.nettali.com\/2025\/09\/01\/cite-mixta-le-lutteur-pokola-chute-du-3e-etage\/\" \/>\n<meta property=\"og:locale\" content=\"fr_FR\" \/>\n<meta property=\"og:type\" content=\"article\" \/>\n<meta property=\"og:title\" content=\"CIT\u00c9 MIXTA - Le lutteur Pokola chute du 3e \u00e9tage\" \/>\n<meta property=\"og:description\" content=\"NETTALI.COM - Membre de l&#039;\u00e9curie Falaye Bald\u00e9, le lutteur Pokola a \u00e9t\u00e9 victime d\u2019une chute du troisi\u00e8me \u00e9tage d\u2019un immeuble situ\u00e9 \u00e0 la Cit\u00e9 Mixta de Dakar. &quot;Oui, c\u2019est vrai. Pokola a fait une chute. Il est tomb\u00e9 du troisi\u00e8me \u00e9tage. Il est actuellement \u00e0 l\u2019h\u00f4pital Principal&quot;, a d\u00e9clar\u00e9 son coach, Cod\u00e9. Dans sa d\u00e9claration, [&hellip;]\" \/>\n<meta property=\"og:url\" content=\"https:\/\/www.nettali.com\/2025\/09\/01\/cite-mixta-le-lutteur-pokola-chute-du-3e-etage\/\" \/>\n<meta property=\"og:site_name\" content=\"Nettali.com\" \/>\n<meta property=\"article:publisher\" content=\"https:\/\/www.facebook.com\/nettalicom\" \/>\n<meta property=\"article:published_time\" content=\"2025-09-01T14:02:59+00:00\" \/>\n<meta property=\"og:image\" content=\"https:\/\/www.nettali.com\/wp-content\/uploads\/2025\/09\/FB_IMG_1756732780572.jpg\" \/>\n\t<meta property=\"og:image:width\" content=\"1440\" \/>\n\t<meta property=\"og:image:height\" content=\"1010\" \/>\n<meta name=\"twitter:card\" content=\"summary_large_image\" \/>\n<meta name=\"twitter:label1\" content=\"\u00c9crit par\" \/>\n\t<meta name=\"twitter:data1\" content=\"Ibrahima\" \/>\n\t<meta name=\"twitter:label2\" content=\"Dur\u00e9e de lecture estim\u00e9e\" \/>\n\t<meta name=\"twitter:data2\" content=\"1 minute\" \/>\n<script type=\"application\/ld+json\" class=\"yoast-schema-graph\">{\"@context\":\"https:\/\/schema.org\",\"@graph\":[{\"@type\":\"WebSite\",\"@id\":\"https:\/\/www.nettali.com\/#website\",\"url\":\"https:\/\/www.nettali.com\/\",\"name\":\"Nettali.com\",\"description\":\"Le rendez-vous critique du Net\",\"potentialAction\":[{\"@type\":\"SearchAction\",\"target\":{\"@type\":\"EntryPoint\",\"urlTemplate\":\"https:\/\/www.nettali.com\/?s={search_term_string}\"},\"query-input\":\"required name=search_term_string\"}],\"inLanguage\":\"fr-FR\"},{\"@type\":\"ImageObject\",\"@id\":\"https:\/\/www.nettali.com\/2025\/09\/01\/cite-mixta-le-lutteur-pokola-chute-du-3e-etage\/#primaryimage\",\"inLanguage\":\"fr-FR\",\"url\":\"https:\/\/www.nettali.com\/wp-content\/uploads\/2025\/09\/FB_IMG_1756732780572.jpg\",\"contentUrl\":\"https:\/\/www.nettali.com\/wp-content\/uploads\/2025\/09\/FB_IMG_1756732780572.jpg\",\"width\":1440,\"height\":1010},{\"@type\":\"WebPage\",\"@id\":\"https:\/\/www.nettali.com\/2025\/09\/01\/cite-mixta-le-lutteur-pokola-chute-du-3e-etage\/#webpage\",\"url\":\"https:\/\/www.nettali.com\/2025\/09\/01\/cite-mixta-le-lutteur-pokola-chute-du-3e-etage\/\",\"name\":\"CIT\\u00c9 MIXTA - Le lutteur Pokola chute du 3e \\u00e9tage | Nettali.com\",\"isPartOf\":{\"@id\":\"https:\/\/www.nettali.com\/#website\"},\"primaryImageOfPage\":{\"@id\":\"https:\/\/www.nettali.com\/2025\/09\/01\/cite-mixta-le-lutteur-pokola-chute-du-3e-etage\/#primaryimage\"},\"datePublished\":\"2025-09-01T14:02:59+00:00\",\"dateModified\":\"2025-09-01T14:02:59+00:00\",\"author\":{\"@id\":\"https:\/\/www.nettali.com\/#\/schema\/person\/bb147657c2986240405a608162b9bb23\"},\"breadcrumb\":{\"@id\":\"https:\/\/www.nettali.com\/2025\/09\/01\/cite-mixta-le-lutteur-pokola-chute-du-3e-etage\/#breadcrumb\"},\"inLanguage\":\"fr-FR\",\"potentialAction\":[{\"@type\":\"ReadAction\",\"target\":[\"https:\/\/www.nettali.com\/2025\/09\/01\/cite-mixta-le-lutteur-pokola-chute-du-3e-etage\/\"]}]},{\"@type\":\"BreadcrumbList\",\"@id\":\"https:\/\/www.nettali.com\/2025\/09\/01\/cite-mixta-le-lutteur-pokola-chute-du-3e-etage\/#breadcrumb\",\"itemListElement\":[{\"@type\":\"ListItem\",\"position\":1,\"name\":\"Accueil\",\"item\":\"https:\/\/www.nettali.com\/\"},{\"@type\":\"ListItem\",\"position\":2,\"name\":\"CIT\\u00c9 MIXTA - Le lutteur Pokola chute du 3e \\u00e9tage\"}]},{\"@type\":\"Person\",\"@id\":\"https:\/\/www.nettali.com\/#\/schema\/person\/bb147657c2986240405a608162b9bb23\",\"name\":\"Ibrahima\",\"image\":{\"@type\":\"ImageObject\",\"@id\":\"https:\/\/www.nettali.com\/#personlogo\",\"inLanguage\":\"fr-FR\",\"url\":\"https:\/\/secure.gravatar.com\/avatar\/26a8a81f09f0dd7624c9d5c36c9ba3a2?s=96&d=mm&r=g\",\"contentUrl\":\"https:\/\/secure.gravatar.com\/avatar\/26a8a81f09f0dd7624c9d5c36c9ba3a2?s=96&d=mm&r=g\",\"caption\":\"Ibrahima\"},\"sameAs\":[\"https:\/\/www.nettali.com\"]}]}<\/script>\n<!-- \/ Yoast SEO Premium plugin. -->","yoast_head_json":{"title":"CIT\u00c9 MIXTA - Le lutteur Pokola chute du 3e \u00e9tage | Nettali.com","robots":{"index":"index","follow":"follow","max-snippet":"max-snippet:-1","max-image-preview":"max-image-preview:large","max-video-preview":"max-video-preview:-1"},"canonical":"https:\/\/www.nettali.com\/2025\/09\/01\/cite-mixta-le-lutteur-pokola-chute-du-3e-etage\/","og_locale":"fr_FR","og_type":"article","og_title":"CIT\u00c9 MIXTA - Le lutteur Pokola chute du 3e \u00e9tage","og_description":"NETTALI.COM - Membre de l'\u00e9curie Falaye Bald\u00e9, le lutteur Pokola a \u00e9t\u00e9 victime d\u2019une chute du troisi\u00e8me \u00e9tage d\u2019un immeuble situ\u00e9 \u00e0 la Cit\u00e9 Mixta de Dakar. \"Oui, c\u2019est vrai. Pokola a fait une chute. Il est tomb\u00e9 du troisi\u00e8me \u00e9tage. Il est actuellement \u00e0 l\u2019h\u00f4pital Principal\", a d\u00e9clar\u00e9 son coach, Cod\u00e9. Dans sa d\u00e9claration, [&hellip;]","og_url":"https:\/\/www.nettali.com\/2025\/09\/01\/cite-mixta-le-lutteur-pokola-chute-du-3e-etage\/","og_site_name":"Nettali.com","article_publisher":"https:\/\/www.facebook.com\/nettalicom","article_published_time":"2025-09-01T14:02:59+00:00","og_image":[{"width":1440,"height":1010,"url":"https:\/\/www.nettali.com\/wp-content\/uploads\/2025\/09\/FB_IMG_1756732780572.jpg","type":"image\/jpeg"}],"twitter_card":"summary_large_image","twitter_misc":{"\u00c9crit par":"Ibrahima","Dur\u00e9e de lecture estim\u00e9e":"1 minute"},"schema":{"@context":"https:\/\/schema.org","@graph":[{"@type":"WebSite","@id":"https:\/\/www.nettali.com\/#website","url":"https:\/\/www.nettali.com\/","name":"Nettali.com","description":"Le rendez-vous critique du Net","potentialAction":[{"@type":"SearchAction","target":{"@type":"EntryPoint","urlTemplate":"https:\/\/www.nettali.com\/?s={search_term_string}"},"query-input":"required name=search_term_string"}],"inLanguage":"fr-FR"},{"@type":"ImageObject","@id":"https:\/\/www.nettali.com\/2025\/09\/01\/cite-mixta-le-lutteur-pokola-chute-du-3e-etage\/#primaryimage","inLanguage":"fr-FR","url":"https:\/\/www.nettali.com\/wp-content\/uploads\/2025\/09\/FB_IMG_1756732780572.jpg","contentUrl":"https:\/\/www.nettali.com\/wp-content\/uploads\/2025\/09\/FB_IMG_1756732780572.jpg","width":1440,"height":1010},{"@type":"WebPage","@id":"https:\/\/www.nettali.com\/2025\/09\/01\/cite-mixta-le-lutteur-pokola-chute-du-3e-etage\/#webpage","url":"https:\/\/www.nettali.com\/2025\/09\/01\/cite-mixta-le-lutteur-pokola-chute-du-3e-etage\/","name":"CIT\u00c9 MIXTA - Le lutteur Pokola chute du 3e \u00e9tage | Nettali.com","isPartOf":{"@id":"https:\/\/www.nettali.com\/#website"},"primaryImageOfPage":{"@id":"https:\/\/www.nettali.com\/2025\/09\/01\/cite-mixta-le-lutteur-pokola-chute-du-3e-etage\/#primaryimage"},"datePublished":"2025-09-01T14:02:59+00:00","dateModified":"2025-09-01T14:02:59+00:00","author":{"@id":"https:\/\/www.nettali.com\/#\/schema\/person\/bb147657c2986240405a608162b9bb23"},"breadcrumb":{"@id":"https:\/\/www.nettali.com\/2025\/09\/01\/cite-mixta-le-lutteur-pokola-chute-du-3e-etage\/#breadcrumb"},"inLanguage":"fr-FR","potentialAction":[{"@type":"ReadAction","target":["https:\/\/www.nettali.com\/2025\/09\/01\/cite-mixta-le-lutteur-pokola-chute-du-3e-etage\/"]}]},{"@type":"BreadcrumbList","@id":"https:\/\/www.nettali.com\/2025\/09\/01\/cite-mixta-le-lutteur-pokola-chute-du-3e-etage\/#breadcrumb","itemListElement":[{"@type":"ListItem","position":1,"name":"Accueil","item":"https:\/\/www.nettali.com\/"},{"@type":"ListItem","position":2,"name":"CIT\u00c9 MIXTA - Le lutteur Pokola chute du 3e \u00e9tage"}]},{"@type":"Person","@id":"https:\/\/www.nettali.com\/#\/schema\/person\/bb147657c2986240405a608162b9bb23","name":"Ibrahima","image":{"@type":"ImageObject","@id":"https:\/\/www.nettali.com\/#personlogo","inLanguage":"fr-FR","url":"https:\/\/secure.gravatar.com\/avatar\/26a8a81f09f0dd7624c9d5c36c9ba3a2?s=96&d=mm&r=g","contentUrl":"https:\/\/secure.gravatar.com\/avatar\/26a8a81f09f0dd7624c9d5c36c9ba3a2?s=96&d=mm&r=g","caption":"Ibrahima"},"sameAs":["https:\/\/www.nettali.com"]}]}},"_links":{"self":[{"href":"https:\/\/www.nettali.com\/rest\/wp\/v2\/posts\/160490"}],"collection":[{"href":"https:\/\/www.nettali.com\/rest\/wp\/v2\/posts"}],"about":[{"href":"https:\/\/www.nettali.com\/rest\/wp\/v2\/types\/post"}],"author":[{"embeddable":true,"href":"https:\/\/www.nettali.com\/rest\/wp\/v2\/users\/5"}],"replies":[{"embeddable":true,"href":"https:\/\/www.nettali.com\/rest\/wp\/v2\/comments?post=160490"}],"version-history":[{"count":1,"href":"https:\/\/www.nettali.com\/rest\/wp\/v2\/posts\/160490\/revisions"}],"predecessor-version":[{"id":160492,"href":"https:\/\/www.nettali.com\/rest\/wp\/v2\/posts\/160490\/revisions\/160492"}],"wp:featuredmedia":[{"embeddable":true,"href":"https:\/\/www.nettali.com\/rest\/wp\/v2\/media\/160491"}],"wp:attachment":[{"href":"https:\/\/www.nettali.com\/rest\/wp\/v2\/media?parent=160490"}],"wp:term":[{"taxonomy":"category","embeddable":true,"href":"https:\/\/www.nettali.com\/rest\/wp\/v2\/categories?post=160490"},{"taxonomy":"post_tag","embeddable":true,"href":"https:\/\/www.nettali.com\/rest\/wp\/v2\/tags?post=160490"}],"curies":[{"name":"wp","href":"https:\/\/api.w.org\/{rel}","templated":true}]}}