{"id":160486,"date":"2025-09-01T15:37:10","date_gmt":"2025-09-01T15:37:10","guid":{"rendered":"https:\/\/www.nettali.com\/?p=160486"},"modified":"2025-09-01T18:10:16","modified_gmt":"2025-09-01T18:10:16","slug":"seydi-gassama-le-senegal-pietine-toujours-le-droit-a-un-environnement-sain","status":"publish","type":"post","link":"https:\/\/www.nettali.com\/2025\/09\/01\/seydi-gassama-le-senegal-pietine-toujours-le-droit-a-un-environnement-sain\/","title":{"rendered":"SEYDI GASSAMA : \"Le S\u00e9n\u00e9gal pi\u00e9tine toujours le droit \u00e0 un environnement sain\""},"content":{"rendered":"<p data-start=\"172\" data-end=\"437\"><strong>NETTALI.COM - Le directeur ex\u00e9cutif d\u2019Amnesty International S\u00e9n\u00e9gal, Seydi Gassama, a s\u00e9v\u00e8rement critiqu\u00e9 la politique environnementale du pays, estimant que le r\u00e9gime actuel ne fait pas mieux que ses pr\u00e9d\u00e9cesseurs en mati\u00e8re de protection du droit \u00e0 un environnement sain.<\/strong><\/p>\n<p data-start=\"439\" data-end=\"757\">Il d\u00e9nonce notamment la prolif\u00e9ration de cimenteries, carri\u00e8res polluantes et d\u00e9charges \u00e0 ciel ouvert, souvent implant\u00e9es \u00e0 proximit\u00e9 des zones habit\u00e9es. Des projets industriels mis en \u0153uvre, selon lui, sans consultation des populations concern\u00e9es, lesquelles subissent les impacts sanitaires et \u00e9cologiques.<\/p>\n<p data-start=\"759\" data-end=\"1064\">Seydi Gassama pointe \u00e9galement du doigt des pratiques inqui\u00e9tantes : menaces, r\u00e9pression, division, exclusion et forcing pour imposer certains projets. Il met en cause la fiabilit\u00e9 des \u00e9tudes d\u2019impact environnemental, souvent financ\u00e9es par les promoteurs eux-m\u00eames, et donc jug\u00e9es peu cr\u00e9dibles.<\/p>\n<div class='share-to-whatsapp-wrapper'><div class='share-on-whsp'>PARTAGER SUR : <\/div><a data-text='SEYDI GASSAMA : \"Le S\u00e9n\u00e9gal pi\u00e9tine toujours le droit \u00e0 un environnement sain\"' data-link='https:\/\/www.nettali.com\/2025\/09\/01\/seydi-gassama-le-senegal-pietine-toujours-le-droit-a-un-environnement-sain\/' class='whatsapp-button whatsapp-share'>WhatsApp<\/a><div class='clear '><\/div><\/div>","protected":false},"excerpt":{"rendered":"<p>NETTALI.COM - Le directeur ex\u00e9cutif d\u2019Amnesty International S\u00e9n\u00e9gal, Seydi Gassama, a s\u00e9v\u00e8rement critiqu\u00e9 la politique environnementale du pays, estimant que le r\u00e9gime actuel ne fait pas mieux que ses pr\u00e9d\u00e9cesseurs en mati\u00e8re de protection du droit \u00e0 un environnement sain. Il d\u00e9nonce notamment la prolif\u00e9ration de cimenteries, carri\u00e8res polluantes et d\u00e9charges \u00e0 ciel ouvert, souvent [&hellip;]<\/p>\n","protected":false},"author":4,"featured_media":155695,"comment_status":"open","ping_status":"open","sticky":false,"template":"","format":"standard","meta":{"_et_pb_use_builder":"","_et_pb_old_content":""},"categories":[3],"tags":[],"yoast_head":"<!-- This site is optimized with the Yoast SEO Premium plugin v17.8 (Yoast SEO v17.8) - https:\/\/yoast.com\/wordpress\/plugins\/seo\/ -->\n<title>SEYDI GASSAMA : &quot;Le S\u00e9n\u00e9gal pi\u00e9tine toujours le droit \u00e0 un environnement sain&quot; | Nettali.com<\/title>\n<meta name=\"robots\" content=\"index, follow, max-snippet:-1, max-image-preview:large, max-video-preview:-1\" \/>\n<link rel=\"canonical\" href=\"https:\/\/www.nettali.com\/2025\/09\/01\/seydi-gassama-le-senegal-pietine-toujours-le-droit-a-un-environnement-sain\/\" \/>\n<meta property=\"og:locale\" content=\"fr_FR\" \/>\n<meta property=\"og:type\" content=\"article\" \/>\n<meta property=\"og:title\" content=\"SEYDI GASSAMA : &quot;Le S\u00e9n\u00e9gal pi\u00e9tine toujours le droit \u00e0 un environnement sain&quot;\" \/>\n<meta property=\"og:description\" content=\"NETTALI.COM - Le directeur ex\u00e9cutif d\u2019Amnesty International S\u00e9n\u00e9gal, Seydi Gassama, a s\u00e9v\u00e8rement critiqu\u00e9 la politique environnementale du pays, estimant que le r\u00e9gime actuel ne fait pas mieux que ses pr\u00e9d\u00e9cesseurs en mati\u00e8re de protection du droit \u00e0 un environnement sain. Il d\u00e9nonce notamment la prolif\u00e9ration de cimenteries, carri\u00e8res polluantes et d\u00e9charges \u00e0 ciel ouvert, souvent [&hellip;]\" \/>\n<meta property=\"og:url\" content=\"https:\/\/www.nettali.com\/2025\/09\/01\/seydi-gassama-le-senegal-pietine-toujours-le-droit-a-un-environnement-sain\/\" \/>\n<meta property=\"og:site_name\" content=\"Nettali.com\" \/>\n<meta property=\"article:publisher\" content=\"https:\/\/www.facebook.com\/nettalicom\" \/>\n<meta property=\"article:published_time\" content=\"2025-09-01T15:37:10+00:00\" \/>\n<meta property=\"article:modified_time\" content=\"2025-09-01T18:10:16+00:00\" \/>\n<meta property=\"og:image\" content=\"https:\/\/www.nettali.com\/wp-content\/uploads\/2025\/06\/seydi-gassama.jpg\" \/>\n\t<meta property=\"og:image:width\" content=\"600\" \/>\n\t<meta property=\"og:image:height\" content=\"330\" \/>\n<meta name=\"twitter:card\" content=\"summary_large_image\" \/>\n<meta name=\"twitter:label1\" content=\"\u00c9crit par\" \/>\n\t<meta name=\"twitter:data1\" content=\"Daouda\" \/>\n\t<meta name=\"twitter:label2\" content=\"Dur\u00e9e de lecture estim\u00e9e\" \/>\n\t<meta name=\"twitter:data2\" content=\"1 minute\" \/>\n<script type=\"application\/ld+json\" class=\"yoast-schema-graph\">{\"@context\":\"https:\/\/schema.org\",\"@graph\":[{\"@type\":\"WebSite\",\"@id\":\"https:\/\/www.nettali.com\/#website\",\"url\":\"https:\/\/www.nettali.com\/\",\"name\":\"Nettali.com\",\"description\":\"Le rendez-vous critique du Net\",\"potentialAction\":[{\"@type\":\"SearchAction\",\"target\":{\"@type\":\"EntryPoint\",\"urlTemplate\":\"https:\/\/www.nettali.com\/?s={search_term_string}\"},\"query-input\":\"required name=search_term_string\"}],\"inLanguage\":\"fr-FR\"},{\"@type\":\"ImageObject\",\"@id\":\"https:\/\/www.nettali.com\/2025\/09\/01\/seydi-gassama-le-senegal-pietine-toujours-le-droit-a-un-environnement-sain\/#primaryimage\",\"inLanguage\":\"fr-FR\",\"url\":\"https:\/\/www.nettali.com\/wp-content\/uploads\/2025\/06\/seydi-gassama.jpg\",\"contentUrl\":\"https:\/\/www.nettali.com\/wp-content\/uploads\/2025\/06\/seydi-gassama.jpg\",\"width\":600,\"height\":330},{\"@type\":\"WebPage\",\"@id\":\"https:\/\/www.nettali.com\/2025\/09\/01\/seydi-gassama-le-senegal-pietine-toujours-le-droit-a-un-environnement-sain\/#webpage\",\"url\":\"https:\/\/www.nettali.com\/2025\/09\/01\/seydi-gassama-le-senegal-pietine-toujours-le-droit-a-un-environnement-sain\/\",\"name\":\"SEYDI GASSAMA : \\\"Le S\\u00e9n\\u00e9gal pi\\u00e9tine toujours le droit \\u00e0 un environnement sain\\\" | Nettali.com\",\"isPartOf\":{\"@id\":\"https:\/\/www.nettali.com\/#website\"},\"primaryImageOfPage\":{\"@id\":\"https:\/\/www.nettali.com\/2025\/09\/01\/seydi-gassama-le-senegal-pietine-toujours-le-droit-a-un-environnement-sain\/#primaryimage\"},\"datePublished\":\"2025-09-01T15:37:10+00:00\",\"dateModified\":\"2025-09-01T18:10:16+00:00\",\"author\":{\"@id\":\"https:\/\/www.nettali.com\/#\/schema\/person\/3317e0bb3aa1da309fbf7b2780901bf4\"},\"breadcrumb\":{\"@id\":\"https:\/\/www.nettali.com\/2025\/09\/01\/seydi-gassama-le-senegal-pietine-toujours-le-droit-a-un-environnement-sain\/#breadcrumb\"},\"inLanguage\":\"fr-FR\",\"potentialAction\":[{\"@type\":\"ReadAction\",\"target\":[\"https:\/\/www.nettali.com\/2025\/09\/01\/seydi-gassama-le-senegal-pietine-toujours-le-droit-a-un-environnement-sain\/\"]}]},{\"@type\":\"BreadcrumbList\",\"@id\":\"https:\/\/www.nettali.com\/2025\/09\/01\/seydi-gassama-le-senegal-pietine-toujours-le-droit-a-un-environnement-sain\/#breadcrumb\",\"itemListElement\":[{\"@type\":\"ListItem\",\"position\":1,\"name\":\"Accueil\",\"item\":\"https:\/\/www.nettali.com\/\"},{\"@type\":\"ListItem\",\"position\":2,\"name\":\"SEYDI GASSAMA : \\\"Le S\\u00e9n\\u00e9gal pi\\u00e9tine toujours le droit \\u00e0 un environnement sain\\\"\"}]},{\"@type\":\"Person\",\"@id\":\"https:\/\/www.nettali.com\/#\/schema\/person\/3317e0bb3aa1da309fbf7b2780901bf4\",\"name\":\"Daouda\",\"image\":{\"@type\":\"ImageObject\",\"@id\":\"https:\/\/www.nettali.com\/#personlogo\",\"inLanguage\":\"fr-FR\",\"url\":\"https:\/\/secure.gravatar.com\/avatar\/8d143b5a49345098ddcfee1c49c2f47c?s=96&d=mm&r=g\",\"contentUrl\":\"https:\/\/secure.gravatar.com\/avatar\/8d143b5a49345098ddcfee1c49c2f47c?s=96&d=mm&r=g\",\"caption\":\"Daouda\"},\"sameAs\":[\"https:\/\/www.nettali.com\"]}]}<\/script>\n<!-- \/ Yoast SEO Premium plugin. -->","yoast_head_json":{"title":"SEYDI GASSAMA : \"Le S\u00e9n\u00e9gal pi\u00e9tine toujours le droit \u00e0 un environnement sain\" | Nettali.com","robots":{"index":"index","follow":"follow","max-snippet":"max-snippet:-1","max-image-preview":"max-image-preview:large","max-video-preview":"max-video-preview:-1"},"canonical":"https:\/\/www.nettali.com\/2025\/09\/01\/seydi-gassama-le-senegal-pietine-toujours-le-droit-a-un-environnement-sain\/","og_locale":"fr_FR","og_type":"article","og_title":"SEYDI GASSAMA : \"Le S\u00e9n\u00e9gal pi\u00e9tine toujours le droit \u00e0 un environnement sain\"","og_description":"NETTALI.COM - Le directeur ex\u00e9cutif d\u2019Amnesty International S\u00e9n\u00e9gal, Seydi Gassama, a s\u00e9v\u00e8rement critiqu\u00e9 la politique environnementale du pays, estimant que le r\u00e9gime actuel ne fait pas mieux que ses pr\u00e9d\u00e9cesseurs en mati\u00e8re de protection du droit \u00e0 un environnement sain. Il d\u00e9nonce notamment la prolif\u00e9ration de cimenteries, carri\u00e8res polluantes et d\u00e9charges \u00e0 ciel ouvert, souvent [&hellip;]","og_url":"https:\/\/www.nettali.com\/2025\/09\/01\/seydi-gassama-le-senegal-pietine-toujours-le-droit-a-un-environnement-sain\/","og_site_name":"Nettali.com","article_publisher":"https:\/\/www.facebook.com\/nettalicom","article_published_time":"2025-09-01T15:37:10+00:00","article_modified_time":"2025-09-01T18:10:16+00:00","og_image":[{"width":600,"height":330,"url":"https:\/\/www.nettali.com\/wp-content\/uploads\/2025\/06\/seydi-gassama.jpg","type":"image\/jpeg"}],"twitter_card":"summary_large_image","twitter_misc":{"\u00c9crit par":"Daouda","Dur\u00e9e de lecture estim\u00e9e":"1 minute"},"schema":{"@context":"https:\/\/schema.org","@graph":[{"@type":"WebSite","@id":"https:\/\/www.nettali.com\/#website","url":"https:\/\/www.nettali.com\/","name":"Nettali.com","description":"Le rendez-vous critique du Net","potentialAction":[{"@type":"SearchAction","target":{"@type":"EntryPoint","urlTemplate":"https:\/\/www.nettali.com\/?s={search_term_string}"},"query-input":"required name=search_term_string"}],"inLanguage":"fr-FR"},{"@type":"ImageObject","@id":"https:\/\/www.nettali.com\/2025\/09\/01\/seydi-gassama-le-senegal-pietine-toujours-le-droit-a-un-environnement-sain\/#primaryimage","inLanguage":"fr-FR","url":"https:\/\/www.nettali.com\/wp-content\/uploads\/2025\/06\/seydi-gassama.jpg","contentUrl":"https:\/\/www.nettali.com\/wp-content\/uploads\/2025\/06\/seydi-gassama.jpg","width":600,"height":330},{"@type":"WebPage","@id":"https:\/\/www.nettali.com\/2025\/09\/01\/seydi-gassama-le-senegal-pietine-toujours-le-droit-a-un-environnement-sain\/#webpage","url":"https:\/\/www.nettali.com\/2025\/09\/01\/seydi-gassama-le-senegal-pietine-toujours-le-droit-a-un-environnement-sain\/","name":"SEYDI GASSAMA : \"Le S\u00e9n\u00e9gal pi\u00e9tine toujours le droit \u00e0 un environnement sain\" | Nettali.com","isPartOf":{"@id":"https:\/\/www.nettali.com\/#website"},"primaryImageOfPage":{"@id":"https:\/\/www.nettali.com\/2025\/09\/01\/seydi-gassama-le-senegal-pietine-toujours-le-droit-a-un-environnement-sain\/#primaryimage"},"datePublished":"2025-09-01T15:37:10+00:00","dateModified":"2025-09-01T18:10:16+00:00","author":{"@id":"https:\/\/www.nettali.com\/#\/schema\/person\/3317e0bb3aa1da309fbf7b2780901bf4"},"breadcrumb":{"@id":"https:\/\/www.nettali.com\/2025\/09\/01\/seydi-gassama-le-senegal-pietine-toujours-le-droit-a-un-environnement-sain\/#breadcrumb"},"inLanguage":"fr-FR","potentialAction":[{"@type":"ReadAction","target":["https:\/\/www.nettali.com\/2025\/09\/01\/seydi-gassama-le-senegal-pietine-toujours-le-droit-a-un-environnement-sain\/"]}]},{"@type":"BreadcrumbList","@id":"https:\/\/www.nettali.com\/2025\/09\/01\/seydi-gassama-le-senegal-pietine-toujours-le-droit-a-un-environnement-sain\/#breadcrumb","itemListElement":[{"@type":"ListItem","position":1,"name":"Accueil","item":"https:\/\/www.nettali.com\/"},{"@type":"ListItem","position":2,"name":"SEYDI GASSAMA : \"Le S\u00e9n\u00e9gal pi\u00e9tine toujours le droit \u00e0 un environnement sain\""}]},{"@type":"Person","@id":"https:\/\/www.nettali.com\/#\/schema\/person\/3317e0bb3aa1da309fbf7b2780901bf4","name":"Daouda","image":{"@type":"ImageObject","@id":"https:\/\/www.nettali.com\/#personlogo","inLanguage":"fr-FR","url":"https:\/\/secure.gravatar.com\/avatar\/8d143b5a49345098ddcfee1c49c2f47c?s=96&d=mm&r=g","contentUrl":"https:\/\/secure.gravatar.com\/avatar\/8d143b5a49345098ddcfee1c49c2f47c?s=96&d=mm&r=g","caption":"Daouda"},"sameAs":["https:\/\/www.nettali.com"]}]}},"_links":{"self":[{"href":"https:\/\/www.nettali.com\/rest\/wp\/v2\/posts\/160486"}],"collection":[{"href":"https:\/\/www.nettali.com\/rest\/wp\/v2\/posts"}],"about":[{"href":"https:\/\/www.nettali.com\/rest\/wp\/v2\/types\/post"}],"author":[{"embeddable":true,"href":"https:\/\/www.nettali.com\/rest\/wp\/v2\/users\/4"}],"replies":[{"embeddable":true,"href":"https:\/\/www.nettali.com\/rest\/wp\/v2\/comments?post=160486"}],"version-history":[{"count":2,"href":"https:\/\/www.nettali.com\/rest\/wp\/v2\/posts\/160486\/revisions"}],"predecessor-version":[{"id":160502,"href":"https:\/\/www.nettali.com\/rest\/wp\/v2\/posts\/160486\/revisions\/160502"}],"wp:featuredmedia":[{"embeddable":true,"href":"https:\/\/www.nettali.com\/rest\/wp\/v2\/media\/155695"}],"wp:attachment":[{"href":"https:\/\/www.nettali.com\/rest\/wp\/v2\/media?parent=160486"}],"wp:term":[{"taxonomy":"category","embeddable":true,"href":"https:\/\/www.nettali.com\/rest\/wp\/v2\/categories?post=160486"},{"taxonomy":"post_tag","embeddable":true,"href":"https:\/\/www.nettali.com\/rest\/wp\/v2\/tags?post=160486"}],"curies":[{"name":"wp","href":"https:\/\/api.w.org\/{rel}","templated":true}]}}