{"id":160477,"date":"2025-09-01T07:23:59","date_gmt":"2025-09-01T07:23:59","guid":{"rendered":"https:\/\/www.nettali.com\/?p=160477"},"modified":"2025-09-01T07:23:59","modified_gmt":"2025-09-01T07:23:59","slug":"ofnac-loi-sur-les-lanceurs-dalerte-modou-diagne-fada-et-cie-taclent-le-regime","status":"publish","type":"post","link":"https:\/\/www.nettali.com\/2025\/09\/01\/ofnac-loi-sur-les-lanceurs-dalerte-modou-diagne-fada-et-cie-taclent-le-regime\/","title":{"rendered":"OFNAC, LOI SUR LES LANCEURS D'ALERTE - Modou Diagne Fada et Cie taclent le r\u00e9gime\u00a0"},"content":{"rendered":"<p data-start=\"178\" data-end=\"461\"><strong>NETTALI.COM - R\u00e9uni le 27 ao\u00fbt dernier en comit\u00e9 directeur, le parti Les Lib\u00e9raux D\u00e9mocrates R\u00e9formateurs (LDR\/YEESAL), dirig\u00e9 par Modou Diagne Fada, a publi\u00e9 un communiqu\u00e9 au ton tr\u00e8s critique envers les nouvelles autorit\u00e9s, tout en se pronon\u00e7ant sur plusieurs dossiers d\u2019actualit\u00e9.<\/strong><\/p>\n<p>Le parti a pr\u00e9sent\u00e9 ses condol\u00e9ances apr\u00e8s le d\u00e9c\u00e8s de l\u2019ancienne d\u00e9put\u00e9e Fanta Sall, de Pape Mamadou Seck de Daroul Mouhty et de El Hadj Diadia Mbaye de K\u00e9b\u00e9mer. LDR\/YEESAL a \u00e9galement salu\u00e9 l\u2019organisation r\u00e9ussie du 131e Magal de Touba, rendant hommage au khalife g\u00e9n\u00e9ral des Mourides, Serigne Mountakha Mback\u00e9.<\/p>\n<p>Concernant l\u2019\u00e9lection du nouveau maire de Dakar, le parti d\u00e9nonce un \u00ab contexte de confusion institutionnelle et de contestation juridique \u00bb, estimant que la situation menace les principes d\u00e9mocratiques. Il r\u00e9clame le respect strict des proc\u00e9dures l\u00e9gales et rejette tout \u00ab arrangement opaque \u00bb.<\/p>\n<p>Face aux pluies diluviennes et aux risques de d\u00e9bordement du fleuve S\u00e9n\u00e9gal \u00e0 Bakel et Matam, LDR\/YEESAL a salu\u00e9 les efforts de l\u2019ancien r\u00e9gime, mais accuse le gouvernement actuel de se limiter \u00e0 des \u00ab r\u00e9ponses cosm\u00e9tiques \u00bb. Le parti plaide pour des solutions structurelles et durables contre les inondations.<\/p>\n<p>S\u2019agissant du projet de loi sur les lanceurs d\u2019alerte, la formation politique \u00e9met de s\u00e9rieuses r\u00e9serves, critiquant notamment la prime de 10 % accord\u00e9e aux d\u00e9nonciateurs. Une disposition qui, selon elle, risque de \u00ab mercantiliser la citoyennet\u00e9 \u00bb.<\/p>\n<p>La d\u00e9cision du gouvernement de dissoudre l\u2019Office national de lutte contre la fraude et la corruption (OFNAC) est vivement condamn\u00e9e. Le parti parle d\u2019une \u00ab pratique moyen\u00e2geuse \u00bb visant \u00e0 \u00e9carter son pr\u00e9sident, Serigne Bassirou Gu\u00e8ye.<\/p>\n<p>LDR\/YEESAL a \u00e9galement mis en avant le passage de son leader \u00e0 la t\u00eate de la SONACOS, affirmant qu\u2019il a transform\u00e9 une soci\u00e9t\u00e9 d\u00e9ficitaire de 7 milliards en une entreprise exc\u00e9dentaire entre 2019 et 2022. Parmi les r\u00e9alisations cit\u00e9es figurent :<\/p>\n<ul>\n<li data-start=\"2498\" data-end=\"2585\">la relance des 5 unit\u00e9s industrielles (Dakar, Louga, Diourbel, Kaolack, Ziguinchor) ;<\/li>\n<li data-start=\"2588\" data-end=\"2683\">la r\u00e9ouverture d\u2019unit\u00e9s ferm\u00e9es depuis dix ans (javellerie, vinaigrerie, aliment de b\u00e9tail) ;<\/li>\n<li data-start=\"2686\" data-end=\"2732\">l\u2019extension \u00e0 Tambacounda et Kolda ;<\/li>\n<li data-start=\"2735\" data-end=\"2825\">le troph\u00e9e du \u00ab meilleur partenariat dans le financement de l\u2019agriculture \u00bb en 2021.<\/li>\n<\/ul>\n<p>Le parti accuse le nouveau r\u00e9gime d\u2019une \u00ab volte-face spectaculaire \u00bb : pr\u00f4nant publiquement une rupture radicale, tout en s\u2019alignant \u00ab silencieusement sur les diktats de Paris et du FMI \u00bb.<\/p>\n<p>Enfin, LDR\/YEESAL a annonc\u00e9 une r\u00e9organisation de ses structures nationales et internationales, avec la publication prochaine de la nouvelle composition du comit\u00e9 directeur et du secr\u00e9tariat ex\u00e9cutif national.<\/p>\n<p>&nbsp;<\/p>\n<div class='share-to-whatsapp-wrapper'><div class='share-on-whsp'>PARTAGER SUR : <\/div><a data-text='OFNAC, LOI SUR LES LANCEURS D'ALERTE - Modou Diagne Fada et Cie taclent le r\u00e9gime\u00a0' data-link='https:\/\/www.nettali.com\/2025\/09\/01\/ofnac-loi-sur-les-lanceurs-dalerte-modou-diagne-fada-et-cie-taclent-le-regime\/' class='whatsapp-button whatsapp-share'>WhatsApp<\/a><div class='clear '><\/div><\/div>","protected":false},"excerpt":{"rendered":"<p>NETTALI.COM - R\u00e9uni le 27 ao\u00fbt dernier en comit\u00e9 directeur, le parti Les Lib\u00e9raux D\u00e9mocrates R\u00e9formateurs (LDR\/YEESAL), dirig\u00e9 par Modou Diagne Fada, a publi\u00e9 un communiqu\u00e9 au ton tr\u00e8s critique envers les nouvelles autorit\u00e9s, tout en se pronon\u00e7ant sur plusieurs dossiers d\u2019actualit\u00e9. Le parti a pr\u00e9sent\u00e9 ses condol\u00e9ances apr\u00e8s le d\u00e9c\u00e8s de l\u2019ancienne d\u00e9put\u00e9e Fanta [&hellip;]<\/p>\n","protected":false},"author":4,"featured_media":55748,"comment_status":"open","ping_status":"open","sticky":false,"template":"","format":"standard","meta":{"_et_pb_use_builder":"","_et_pb_old_content":""},"categories":[2],"tags":[],"yoast_head":"<!-- This site is optimized with the Yoast SEO Premium plugin v17.8 (Yoast SEO v17.8) - https:\/\/yoast.com\/wordpress\/plugins\/seo\/ -->\n<title>OFNAC, LOI SUR LES LANCEURS D&#039;ALERTE - Modou Diagne Fada et Cie taclent le r\u00e9gime\u00a0 | Nettali.com<\/title>\n<meta name=\"robots\" content=\"index, follow, max-snippet:-1, max-image-preview:large, max-video-preview:-1\" \/>\n<link rel=\"canonical\" href=\"https:\/\/www.nettali.com\/2025\/09\/01\/ofnac-loi-sur-les-lanceurs-dalerte-modou-diagne-fada-et-cie-taclent-le-regime\/\" \/>\n<meta property=\"og:locale\" content=\"fr_FR\" \/>\n<meta property=\"og:type\" content=\"article\" \/>\n<meta property=\"og:title\" content=\"OFNAC, LOI SUR LES LANCEURS D&#039;ALERTE - Modou Diagne Fada et Cie taclent le r\u00e9gime\u00a0\" \/>\n<meta property=\"og:description\" content=\"NETTALI.COM - R\u00e9uni le 27 ao\u00fbt dernier en comit\u00e9 directeur, le parti Les Lib\u00e9raux D\u00e9mocrates R\u00e9formateurs (LDR\/YEESAL), dirig\u00e9 par Modou Diagne Fada, a publi\u00e9 un communiqu\u00e9 au ton tr\u00e8s critique envers les nouvelles autorit\u00e9s, tout en se pronon\u00e7ant sur plusieurs dossiers d\u2019actualit\u00e9. Le parti a pr\u00e9sent\u00e9 ses condol\u00e9ances apr\u00e8s le d\u00e9c\u00e8s de l\u2019ancienne d\u00e9put\u00e9e Fanta [&hellip;]\" \/>\n<meta property=\"og:url\" content=\"https:\/\/www.nettali.com\/2025\/09\/01\/ofnac-loi-sur-les-lanceurs-dalerte-modou-diagne-fada-et-cie-taclent-le-regime\/\" \/>\n<meta property=\"og:site_name\" content=\"Nettali.com\" \/>\n<meta property=\"article:publisher\" content=\"https:\/\/www.facebook.com\/nettalicom\" \/>\n<meta property=\"article:published_time\" content=\"2025-09-01T07:23:59+00:00\" \/>\n<meta property=\"og:image\" content=\"https:\/\/www.nettali.com\/wp-content\/uploads\/2021\/01\/Diagne-Fada-victoire.jpg\" \/>\n\t<meta property=\"og:image:width\" content=\"612\" \/>\n\t<meta property=\"og:image:height\" content=\"407\" \/>\n<meta name=\"twitter:card\" content=\"summary_large_image\" \/>\n<meta name=\"twitter:label1\" content=\"\u00c9crit par\" \/>\n\t<meta name=\"twitter:data1\" content=\"Daouda\" \/>\n\t<meta name=\"twitter:label2\" content=\"Dur\u00e9e de lecture estim\u00e9e\" \/>\n\t<meta name=\"twitter:data2\" content=\"2 minutes\" \/>\n<script type=\"application\/ld+json\" class=\"yoast-schema-graph\">{\"@context\":\"https:\/\/schema.org\",\"@graph\":[{\"@type\":\"WebSite\",\"@id\":\"https:\/\/www.nettali.com\/#website\",\"url\":\"https:\/\/www.nettali.com\/\",\"name\":\"Nettali.com\",\"description\":\"Le rendez-vous critique du Net\",\"potentialAction\":[{\"@type\":\"SearchAction\",\"target\":{\"@type\":\"EntryPoint\",\"urlTemplate\":\"https:\/\/www.nettali.com\/?s={search_term_string}\"},\"query-input\":\"required name=search_term_string\"}],\"inLanguage\":\"fr-FR\"},{\"@type\":\"ImageObject\",\"@id\":\"https:\/\/www.nettali.com\/2025\/09\/01\/ofnac-loi-sur-les-lanceurs-dalerte-modou-diagne-fada-et-cie-taclent-le-regime\/#primaryimage\",\"inLanguage\":\"fr-FR\",\"url\":\"https:\/\/www.nettali.com\/wp-content\/uploads\/2021\/01\/Diagne-Fada-victoire.jpg\",\"contentUrl\":\"https:\/\/www.nettali.com\/wp-content\/uploads\/2021\/01\/Diagne-Fada-victoire.jpg\",\"width\":612,\"height\":407},{\"@type\":\"WebPage\",\"@id\":\"https:\/\/www.nettali.com\/2025\/09\/01\/ofnac-loi-sur-les-lanceurs-dalerte-modou-diagne-fada-et-cie-taclent-le-regime\/#webpage\",\"url\":\"https:\/\/www.nettali.com\/2025\/09\/01\/ofnac-loi-sur-les-lanceurs-dalerte-modou-diagne-fada-et-cie-taclent-le-regime\/\",\"name\":\"OFNAC, LOI SUR LES LANCEURS D'ALERTE - Modou Diagne Fada et Cie taclent le r\\u00e9gime\\u00a0 | Nettali.com\",\"isPartOf\":{\"@id\":\"https:\/\/www.nettali.com\/#website\"},\"primaryImageOfPage\":{\"@id\":\"https:\/\/www.nettali.com\/2025\/09\/01\/ofnac-loi-sur-les-lanceurs-dalerte-modou-diagne-fada-et-cie-taclent-le-regime\/#primaryimage\"},\"datePublished\":\"2025-09-01T07:23:59+00:00\",\"dateModified\":\"2025-09-01T07:23:59+00:00\",\"author\":{\"@id\":\"https:\/\/www.nettali.com\/#\/schema\/person\/3317e0bb3aa1da309fbf7b2780901bf4\"},\"breadcrumb\":{\"@id\":\"https:\/\/www.nettali.com\/2025\/09\/01\/ofnac-loi-sur-les-lanceurs-dalerte-modou-diagne-fada-et-cie-taclent-le-regime\/#breadcrumb\"},\"inLanguage\":\"fr-FR\",\"potentialAction\":[{\"@type\":\"ReadAction\",\"target\":[\"https:\/\/www.nettali.com\/2025\/09\/01\/ofnac-loi-sur-les-lanceurs-dalerte-modou-diagne-fada-et-cie-taclent-le-regime\/\"]}]},{\"@type\":\"BreadcrumbList\",\"@id\":\"https:\/\/www.nettali.com\/2025\/09\/01\/ofnac-loi-sur-les-lanceurs-dalerte-modou-diagne-fada-et-cie-taclent-le-regime\/#breadcrumb\",\"itemListElement\":[{\"@type\":\"ListItem\",\"position\":1,\"name\":\"Accueil\",\"item\":\"https:\/\/www.nettali.com\/\"},{\"@type\":\"ListItem\",\"position\":2,\"name\":\"OFNAC, LOI SUR LES LANCEURS D'ALERTE - Modou Diagne Fada et Cie taclent le r\\u00e9gime\\u00a0\"}]},{\"@type\":\"Person\",\"@id\":\"https:\/\/www.nettali.com\/#\/schema\/person\/3317e0bb3aa1da309fbf7b2780901bf4\",\"name\":\"Daouda\",\"image\":{\"@type\":\"ImageObject\",\"@id\":\"https:\/\/www.nettali.com\/#personlogo\",\"inLanguage\":\"fr-FR\",\"url\":\"https:\/\/secure.gravatar.com\/avatar\/8d143b5a49345098ddcfee1c49c2f47c?s=96&d=mm&r=g\",\"contentUrl\":\"https:\/\/secure.gravatar.com\/avatar\/8d143b5a49345098ddcfee1c49c2f47c?s=96&d=mm&r=g\",\"caption\":\"Daouda\"},\"sameAs\":[\"https:\/\/www.nettali.com\"]}]}<\/script>\n<!-- \/ Yoast SEO Premium plugin. -->","yoast_head_json":{"title":"OFNAC, LOI SUR LES LANCEURS D'ALERTE - Modou Diagne Fada et Cie taclent le r\u00e9gime\u00a0 | Nettali.com","robots":{"index":"index","follow":"follow","max-snippet":"max-snippet:-1","max-image-preview":"max-image-preview:large","max-video-preview":"max-video-preview:-1"},"canonical":"https:\/\/www.nettali.com\/2025\/09\/01\/ofnac-loi-sur-les-lanceurs-dalerte-modou-diagne-fada-et-cie-taclent-le-regime\/","og_locale":"fr_FR","og_type":"article","og_title":"OFNAC, LOI SUR LES LANCEURS D'ALERTE - Modou Diagne Fada et Cie taclent le r\u00e9gime\u00a0","og_description":"NETTALI.COM - R\u00e9uni le 27 ao\u00fbt dernier en comit\u00e9 directeur, le parti Les Lib\u00e9raux D\u00e9mocrates R\u00e9formateurs (LDR\/YEESAL), dirig\u00e9 par Modou Diagne Fada, a publi\u00e9 un communiqu\u00e9 au ton tr\u00e8s critique envers les nouvelles autorit\u00e9s, tout en se pronon\u00e7ant sur plusieurs dossiers d\u2019actualit\u00e9. Le parti a pr\u00e9sent\u00e9 ses condol\u00e9ances apr\u00e8s le d\u00e9c\u00e8s de l\u2019ancienne d\u00e9put\u00e9e Fanta [&hellip;]","og_url":"https:\/\/www.nettali.com\/2025\/09\/01\/ofnac-loi-sur-les-lanceurs-dalerte-modou-diagne-fada-et-cie-taclent-le-regime\/","og_site_name":"Nettali.com","article_publisher":"https:\/\/www.facebook.com\/nettalicom","article_published_time":"2025-09-01T07:23:59+00:00","og_image":[{"width":612,"height":407,"url":"https:\/\/www.nettali.com\/wp-content\/uploads\/2021\/01\/Diagne-Fada-victoire.jpg","type":"image\/jpeg"}],"twitter_card":"summary_large_image","twitter_misc":{"\u00c9crit par":"Daouda","Dur\u00e9e de lecture estim\u00e9e":"2 minutes"},"schema":{"@context":"https:\/\/schema.org","@graph":[{"@type":"WebSite","@id":"https:\/\/www.nettali.com\/#website","url":"https:\/\/www.nettali.com\/","name":"Nettali.com","description":"Le rendez-vous critique du Net","potentialAction":[{"@type":"SearchAction","target":{"@type":"EntryPoint","urlTemplate":"https:\/\/www.nettali.com\/?s={search_term_string}"},"query-input":"required name=search_term_string"}],"inLanguage":"fr-FR"},{"@type":"ImageObject","@id":"https:\/\/www.nettali.com\/2025\/09\/01\/ofnac-loi-sur-les-lanceurs-dalerte-modou-diagne-fada-et-cie-taclent-le-regime\/#primaryimage","inLanguage":"fr-FR","url":"https:\/\/www.nettali.com\/wp-content\/uploads\/2021\/01\/Diagne-Fada-victoire.jpg","contentUrl":"https:\/\/www.nettali.com\/wp-content\/uploads\/2021\/01\/Diagne-Fada-victoire.jpg","width":612,"height":407},{"@type":"WebPage","@id":"https:\/\/www.nettali.com\/2025\/09\/01\/ofnac-loi-sur-les-lanceurs-dalerte-modou-diagne-fada-et-cie-taclent-le-regime\/#webpage","url":"https:\/\/www.nettali.com\/2025\/09\/01\/ofnac-loi-sur-les-lanceurs-dalerte-modou-diagne-fada-et-cie-taclent-le-regime\/","name":"OFNAC, LOI SUR LES LANCEURS D'ALERTE - Modou Diagne Fada et Cie taclent le r\u00e9gime\u00a0 | Nettali.com","isPartOf":{"@id":"https:\/\/www.nettali.com\/#website"},"primaryImageOfPage":{"@id":"https:\/\/www.nettali.com\/2025\/09\/01\/ofnac-loi-sur-les-lanceurs-dalerte-modou-diagne-fada-et-cie-taclent-le-regime\/#primaryimage"},"datePublished":"2025-09-01T07:23:59+00:00","dateModified":"2025-09-01T07:23:59+00:00","author":{"@id":"https:\/\/www.nettali.com\/#\/schema\/person\/3317e0bb3aa1da309fbf7b2780901bf4"},"breadcrumb":{"@id":"https:\/\/www.nettali.com\/2025\/09\/01\/ofnac-loi-sur-les-lanceurs-dalerte-modou-diagne-fada-et-cie-taclent-le-regime\/#breadcrumb"},"inLanguage":"fr-FR","potentialAction":[{"@type":"ReadAction","target":["https:\/\/www.nettali.com\/2025\/09\/01\/ofnac-loi-sur-les-lanceurs-dalerte-modou-diagne-fada-et-cie-taclent-le-regime\/"]}]},{"@type":"BreadcrumbList","@id":"https:\/\/www.nettali.com\/2025\/09\/01\/ofnac-loi-sur-les-lanceurs-dalerte-modou-diagne-fada-et-cie-taclent-le-regime\/#breadcrumb","itemListElement":[{"@type":"ListItem","position":1,"name":"Accueil","item":"https:\/\/www.nettali.com\/"},{"@type":"ListItem","position":2,"name":"OFNAC, LOI SUR LES LANCEURS D'ALERTE - Modou Diagne Fada et Cie taclent le r\u00e9gime\u00a0"}]},{"@type":"Person","@id":"https:\/\/www.nettali.com\/#\/schema\/person\/3317e0bb3aa1da309fbf7b2780901bf4","name":"Daouda","image":{"@type":"ImageObject","@id":"https:\/\/www.nettali.com\/#personlogo","inLanguage":"fr-FR","url":"https:\/\/secure.gravatar.com\/avatar\/8d143b5a49345098ddcfee1c49c2f47c?s=96&d=mm&r=g","contentUrl":"https:\/\/secure.gravatar.com\/avatar\/8d143b5a49345098ddcfee1c49c2f47c?s=96&d=mm&r=g","caption":"Daouda"},"sameAs":["https:\/\/www.nettali.com"]}]}},"_links":{"self":[{"href":"https:\/\/www.nettali.com\/rest\/wp\/v2\/posts\/160477"}],"collection":[{"href":"https:\/\/www.nettali.com\/rest\/wp\/v2\/posts"}],"about":[{"href":"https:\/\/www.nettali.com\/rest\/wp\/v2\/types\/post"}],"author":[{"embeddable":true,"href":"https:\/\/www.nettali.com\/rest\/wp\/v2\/users\/4"}],"replies":[{"embeddable":true,"href":"https:\/\/www.nettali.com\/rest\/wp\/v2\/comments?post=160477"}],"version-history":[{"count":1,"href":"https:\/\/www.nettali.com\/rest\/wp\/v2\/posts\/160477\/revisions"}],"predecessor-version":[{"id":160478,"href":"https:\/\/www.nettali.com\/rest\/wp\/v2\/posts\/160477\/revisions\/160478"}],"wp:featuredmedia":[{"embeddable":true,"href":"https:\/\/www.nettali.com\/rest\/wp\/v2\/media\/55748"}],"wp:attachment":[{"href":"https:\/\/www.nettali.com\/rest\/wp\/v2\/media?parent=160477"}],"wp:term":[{"taxonomy":"category","embeddable":true,"href":"https:\/\/www.nettali.com\/rest\/wp\/v2\/categories?post=160477"},{"taxonomy":"post_tag","embeddable":true,"href":"https:\/\/www.nettali.com\/rest\/wp\/v2\/tags?post=160477"}],"curies":[{"name":"wp","href":"https:\/\/api.w.org\/{rel}","templated":true}]}}