{"id":160474,"date":"2025-09-01T07:24:52","date_gmt":"2025-09-01T07:24:52","guid":{"rendered":"https:\/\/www.nettali.com\/?p=160474"},"modified":"2025-09-01T07:24:52","modified_gmt":"2025-09-01T07:24:52","slug":"marche-justice-pour-nos-martyrs-des-manifestants-appellent-au-boycott-des-prochaines-elections","status":"publish","type":"post","link":"https:\/\/www.nettali.com\/2025\/09\/01\/marche-justice-pour-nos-martyrs-des-manifestants-appellent-au-boycott-des-prochaines-elections\/","title":{"rendered":"MARCHE \"JUSTICE POUR NOS MARTYRS\" - Des manifestants appellent au boycott des prochaines \u00e9lections"},"content":{"rendered":"<p><strong>\u00a0NETTALI.COM - Ce samedi s\u2019est tenue une marche pour r\u00e9clamer justice pour les victimes des manifestations r\u00e9prim\u00e9es sous l\u2019ancien r\u00e9gime, entre 2021 et 2024. Ayant connu un succ\u00e8s, les manifestants.<\/strong><\/p>\n<p>La marche \u201c<em>Justice pour nos martyrs<\/em>\u201d, organis\u00e9e ce samedi, a vu la participation de nombreux S\u00e9n\u00e9galais. Tenue du rond-point \u00c9cole normale au rondpoint Jet d\u2019eau, elle avait pour objectif de r\u00e9clamer justice pour les victimes des manifestations r\u00e9prim\u00e9es sous l\u2019ancien r\u00e9gime, entre 2021 et 2024. \u201cNous refusons le silence. Nous refusons l\u2019oubli\u201d, pouvait-on lire sur certaines pancartes.<\/p>\n<p>Le d\u00e9put\u00e9 Guy Marius Sagna \u00e9tait pr\u00e9sent pour \u201c<em>exprimer la solidarit\u00e9 de l'Assembl\u00e9e nationale<\/em>\u201d au peuple s\u00e9n\u00e9galais qui s\u2019est mobilis\u00e9 pour cette cause. \u201cJe fais partie de ceux qui se mobilisaient pour lutter contre ce que voulaient Macky Sall et ses collaborateurs concernant la candidature d\u2019Ousmane Sonko. Dans ce combat, des gens ont \u00e9t\u00e9 tu\u00e9s. Aujourd'hui, quand des personnes r\u00e9clament justice, je dois \u00eatre pr\u00e9sent\u201d, a-t-il expliqu\u00e9. \u201cMacky Sall voulait repousser les \u00e9lections ; j\u2019\u00e9tais dans les rues pour dire \u2018\u00e9lections par la force\u2019. Aujourd'hui, puisqu\u2019il n\u2019y a rien de coh\u00e9rent ni de concret, de \u2018justice par la force\u2019, nous allons ensemble dire \u2018justice par la force\u2019, a ajout\u00e9 M. Sagna.<\/p>\n<p>Le d\u00e9put\u00e9 appelle \u00e0 maintenir la pression pour que justice soit rendue. \u201c<em>Le temps de la justice doit \u00eatre le temps des hommes et des femmes. Dieu a le droit de dire que le temps de la justice n\u2019est pas le temps des hommes. Sans justice, le gouvernement, l'ex\u00e9cutif n\u2019aura pas de paix<\/em>\u201d, a-t-il pr\u00e9venu. \u201c<em>Plus jamais au S\u00e9n\u00e9gal des bavures pour faire peur, pour installer la terreur<\/em>\u201d, a-t-il indiqu\u00e9, d\u00e9plorant les traitements inhumains et d\u00e9gradants.<\/p>\n<p>De son c\u00f4t\u00e9, Oustaz Assane Seck estime qu\u2019il faut poursuivre ce combat pour mieux instaurer la r\u00e9volution. Pour lui, cette situation montre que le combat pour la r\u00e9volution n\u2019est pas encore termin\u00e9.<\/p>\n<p>Dans la m\u00eame veine, Arobase d\u00e9clare : \u201c<em>Il y a des blessures qui ne disparaissent jamais. Elles restent grav\u00e9es dans nos coeurs<\/em>\u201d, soulignant l'importance de leurs revendications. \u201c<em>J'ai entendu Ousmane Diagne dire qu\u2019il ne mettra pas de pression sur les magistrats. Il doit savoir que la justice est rendue au nom du peuple. Et le peuple est press\u00e9. Il r\u00e9clame la justice<\/em>\u201d, a ajout\u00e9 le manifestant.<\/p>\n<p>Oumar Sakho du Coud, d\u00e9plorant lui aussi les lenteurs judiciaires, a mis en garde quant \u00e0 la suite \u00e0 donner : \u201c<em>Les victimes qui sont malades sont en train de mourir. On sait que le temps de la justice est lent, mais il faut que les choses aillent vite. Parce que la prochaine fois qu\u2019on sortira dans les rues, ce sera plus dense. Mais je pense qu'apr\u00e8s cette marche, il y aura un commencement de finition<\/em>\u201d, a-t-il pr\u00e9venu.<\/p>\n<p>Pour lui, ces dossiers doivent \u00eatre prioritaires pour ce r\u00e9gime. De m\u00eame, le d\u00e9put\u00e9 Ousmane Sonko invite le ministre Ousmane Diagne \u00e0 \u201c<em>huiler la machine judiciaire<\/em>\u201d pour qu\u2019elle soit rapide. Il met en cause Adji Sarr : \u201c<em>Tous ces morts, c\u2019est \u00e0 cause d\u2019Adji Sarr. Il faut la ramener et la juger pour le repos des morts. C\u2019est \u00e0 cause de ses mensonges que des jeunes ont perdu la vie, d\u2019autres ont \u00e9t\u00e9 envoy\u00e9s en prison et d\u2019autres tortur\u00e9s<\/em>\u201d, a-t-il soutenu.<\/p>\n<p>Badou Patriote Ryder regrette le manque de changement malgr\u00e9 le nouveau r\u00e9gime et les sacrifices consentis : \u201c<em>Il y a quelques ann\u00e9es, on a march\u00e9 sous une pluie de lacrymog\u00e8nes. On s\u2019est battus jusqu'\u00e0 donner le pouvoir \u00e0 celui qui nous a repr\u00e9sent\u00e9s. Aujourd'hui, on a march\u00e9 sous la pluie, m\u00eame si ce sont nos repr\u00e9sentants qui sont l\u00e0<\/em>\u201d, a-t-il d\u00e9clar\u00e9.<\/p>\n<p>Assane Dram\u00e9 rench\u00e9rit : \u201c<em>Hier, on se battait pour des questions de principe. Aujourd'hui, on se bat pour les m\u00eames raisons. On se rend compte qu\u2019on a seulement coup\u00e9 le tronc de l\u2019arbre, pas les racines. Il y a une machine judiciaire qui appartient toujours au syst\u00e8me. Les dossiers risquent d'\u00eatre class\u00e9s sans suite<\/em>\u201d, a-t-il regrett\u00e9. Il demande lui aussi la continuit\u00e9 de la lutte : \u201c<em>On croyait qu'apr\u00e8s les \u00e9lections pr\u00e9sidentielles, on ne sortirait plus dans la rue pour r\u00e9clamer quoi que ce soit. La justice est incontournable. Nous ne demandons pas beaucoup. Nous avons vu nos fr\u00e8res se faire torturer et tuer en direct. Les images sont l\u00e0. Ils ne faisaient que marcher. Le droit de manifester est inscrit dans la Constitution. Aujourd'hui, nous n'arr\u00eaterons pas de sortir dans les rues pour r\u00e9clamer justice pour les jeunes qui sont d\u00e9c\u00e9d\u00e9s.<\/em>\u201d<\/p>\n<p><strong>\u201cBoycotter les prochaines \u00e9lections\u201d <\/strong><\/p>\n<p>Alassane Bou Sonko, ex-d\u00e9tenu, estime que c\u2019est au pr\u00e9sident Diomaye de d\u00e9clencher le dossier. Casquette sur la t\u00eate et drapeau autour du cou, une femme en pleurs a \u00e9galement soulign\u00e9 la responsabilit\u00e9 de Diomaye Faye : \u201c<em>J\u2019ai de la peine pour mon leader Ousmane Sonko. Pr\u00e9sident Diomaye, ce n\u2019est pas pour \u00e7a que j\u2019ai vot\u00e9 pour toi.<\/em>\u201d<\/p>\n<p>Cheikh Mohamed Moyenga, membre de Pastef M\u00e9dina dirig\u00e9 par le ministre Ousseynou Ly, appelle au boycott des prochaines \u00e9lections, si rien n\u2019est fait : \u201cn<em>ous demandons justice. Nos fr\u00e8res ont \u00e9t\u00e9 tu\u00e9s. Apr\u00e8s plus de 17 mois, la justice n\u2019a pas fait son travail. Aujourd'hui, les gens sont sur les plateaux t\u00e9l\u00e9 pour accabler nos fr\u00e8res<\/em>\u201d, dit-il avant de pr\u00e9venir : \u201c<em>Nous pr\u00e9voyons de boycotter les prochaines \u00e9lections municipales. Je ne sortirai pas pour faire campagne avec le ministre Ousseynou Ly. Je n\u2019y songe m\u00eame pas.<\/em>\u201d Pour lui, les responsables des blocages sont toujours dans l\u2019Administration.<\/p>\n<p>Par ailleurs, il estime que les lenteurs du syst\u00e8me judiciaire entra\u00eenent la fuite des personnes qui pillent le pays : \u201c<em>\u00c0 cause des lenteurs judiciaires, Mbaye Niang a fui ; Bassirou Gu\u00e8ye est aussi parti avant la sortie du rapport Ofnac. C\u2019est \u00e0 cause de tout cela que nous sommes frustr\u00e9s.<\/em>\u201d<\/p>\n<p>Thioro Mandela a, de son c\u00f4t\u00e9, rappel\u00e9 que parmi les victimes figuraient Cheikh Diop (17 ans), Cheikh Coly (20 ans), Famara Diedhiou (20 ans) et Pape Sidy Mbaye (10 ans).<\/p>\n<p>Pour sa part, Domou S\u00e9n\u00e9gal se r\u00e9jouit de la tenue de la marche : \u201c<em>Les martyrs sont fiers de nous depuis l\u00e0 o\u00f9 ils sont. Ceux qui ont commis des homicides volontaires doivent \u00eatre traduits en justice.<\/em>\u201d<\/p>\n<p>EnQu\u00eate<\/p>\n<div class='share-to-whatsapp-wrapper'><div class='share-on-whsp'>PARTAGER SUR : <\/div><a data-text='MARCHE \"JUSTICE POUR NOS MARTYRS\" - Des manifestants appellent au boycott des prochaines \u00e9lections' data-link='https:\/\/www.nettali.com\/2025\/09\/01\/marche-justice-pour-nos-martyrs-des-manifestants-appellent-au-boycott-des-prochaines-elections\/' class='whatsapp-button whatsapp-share'>WhatsApp<\/a><div class='clear '><\/div><\/div>","protected":false},"excerpt":{"rendered":"<p>\u00a0NETTALI.COM - Ce samedi s\u2019est tenue une marche pour r\u00e9clamer justice pour les victimes des manifestations r\u00e9prim\u00e9es sous l\u2019ancien r\u00e9gime, entre 2021 et 2024. Ayant connu un succ\u00e8s, les manifestants. La marche \u201cJustice pour nos martyrs\u201d, organis\u00e9e ce samedi, a vu la participation de nombreux S\u00e9n\u00e9galais. Tenue du rond-point \u00c9cole normale au rondpoint Jet d\u2019eau, [&hellip;]<\/p>\n","protected":false},"author":2,"featured_media":160479,"comment_status":"open","ping_status":"open","sticky":false,"template":"","format":"standard","meta":{"_et_pb_use_builder":"","_et_pb_old_content":""},"categories":[3],"tags":[],"yoast_head":"<!-- This site is optimized with the Yoast SEO Premium plugin v17.8 (Yoast SEO v17.8) - https:\/\/yoast.com\/wordpress\/plugins\/seo\/ -->\n<title>MARCHE &quot;JUSTICE POUR NOS MARTYRS&quot; - Des manifestants appellent au boycott des prochaines \u00e9lections | Nettali.com<\/title>\n<meta name=\"robots\" content=\"index, follow, max-snippet:-1, max-image-preview:large, max-video-preview:-1\" \/>\n<link rel=\"canonical\" href=\"https:\/\/www.nettali.com\/2025\/09\/01\/marche-justice-pour-nos-martyrs-des-manifestants-appellent-au-boycott-des-prochaines-elections\/\" \/>\n<meta property=\"og:locale\" content=\"fr_FR\" \/>\n<meta property=\"og:type\" content=\"article\" \/>\n<meta property=\"og:title\" content=\"MARCHE &quot;JUSTICE POUR NOS MARTYRS&quot; - Des manifestants appellent au boycott des prochaines \u00e9lections\" \/>\n<meta property=\"og:description\" content=\"\u00a0NETTALI.COM - Ce samedi s\u2019est tenue une marche pour r\u00e9clamer justice pour les victimes des manifestations r\u00e9prim\u00e9es sous l\u2019ancien r\u00e9gime, entre 2021 et 2024. Ayant connu un succ\u00e8s, les manifestants. La marche \u201cJustice pour nos martyrs\u201d, organis\u00e9e ce samedi, a vu la participation de nombreux S\u00e9n\u00e9galais. Tenue du rond-point \u00c9cole normale au rondpoint Jet d\u2019eau, [&hellip;]\" \/>\n<meta property=\"og:url\" content=\"https:\/\/www.nettali.com\/2025\/09\/01\/marche-justice-pour-nos-martyrs-des-manifestants-appellent-au-boycott-des-prochaines-elections\/\" \/>\n<meta property=\"og:site_name\" content=\"Nettali.com\" \/>\n<meta property=\"article:publisher\" content=\"https:\/\/www.facebook.com\/nettalicom\" \/>\n<meta property=\"article:published_time\" content=\"2025-09-01T07:24:52+00:00\" \/>\n<meta property=\"og:image\" content=\"https:\/\/www.nettali.com\/wp-content\/uploads\/2025\/09\/field_media_tv5_jwplayer_field-2951622-6505435.jpg\" \/>\n\t<meta property=\"og:image:width\" content=\"1200\" \/>\n\t<meta property=\"og:image:height\" content=\"675\" \/>\n<meta name=\"twitter:card\" content=\"summary_large_image\" \/>\n<meta name=\"twitter:label1\" content=\"\u00c9crit par\" \/>\n\t<meta name=\"twitter:data1\" content=\"CK\" \/>\n\t<meta name=\"twitter:label2\" content=\"Dur\u00e9e de lecture estim\u00e9e\" \/>\n\t<meta name=\"twitter:data2\" content=\"6 minutes\" \/>\n<script type=\"application\/ld+json\" class=\"yoast-schema-graph\">{\"@context\":\"https:\/\/schema.org\",\"@graph\":[{\"@type\":\"WebSite\",\"@id\":\"https:\/\/www.nettali.com\/#website\",\"url\":\"https:\/\/www.nettali.com\/\",\"name\":\"Nettali.com\",\"description\":\"Le rendez-vous critique du Net\",\"potentialAction\":[{\"@type\":\"SearchAction\",\"target\":{\"@type\":\"EntryPoint\",\"urlTemplate\":\"https:\/\/www.nettali.com\/?s={search_term_string}\"},\"query-input\":\"required name=search_term_string\"}],\"inLanguage\":\"fr-FR\"},{\"@type\":\"ImageObject\",\"@id\":\"https:\/\/www.nettali.com\/2025\/09\/01\/marche-justice-pour-nos-martyrs-des-manifestants-appellent-au-boycott-des-prochaines-elections\/#primaryimage\",\"inLanguage\":\"fr-FR\",\"url\":\"https:\/\/www.nettali.com\/wp-content\/uploads\/2025\/09\/field_media_tv5_jwplayer_field-2951622-6505435.jpg\",\"contentUrl\":\"https:\/\/www.nettali.com\/wp-content\/uploads\/2025\/09\/field_media_tv5_jwplayer_field-2951622-6505435.jpg\",\"width\":1200,\"height\":675},{\"@type\":\"WebPage\",\"@id\":\"https:\/\/www.nettali.com\/2025\/09\/01\/marche-justice-pour-nos-martyrs-des-manifestants-appellent-au-boycott-des-prochaines-elections\/#webpage\",\"url\":\"https:\/\/www.nettali.com\/2025\/09\/01\/marche-justice-pour-nos-martyrs-des-manifestants-appellent-au-boycott-des-prochaines-elections\/\",\"name\":\"MARCHE \\\"JUSTICE POUR NOS MARTYRS\\\" - Des manifestants appellent au boycott des prochaines \\u00e9lections | Nettali.com\",\"isPartOf\":{\"@id\":\"https:\/\/www.nettali.com\/#website\"},\"primaryImageOfPage\":{\"@id\":\"https:\/\/www.nettali.com\/2025\/09\/01\/marche-justice-pour-nos-martyrs-des-manifestants-appellent-au-boycott-des-prochaines-elections\/#primaryimage\"},\"datePublished\":\"2025-09-01T07:24:52+00:00\",\"dateModified\":\"2025-09-01T07:24:52+00:00\",\"author\":{\"@id\":\"https:\/\/www.nettali.com\/#\/schema\/person\/d8ac7b7e27ddad43f1c0d2ef090d7f71\"},\"breadcrumb\":{\"@id\":\"https:\/\/www.nettali.com\/2025\/09\/01\/marche-justice-pour-nos-martyrs-des-manifestants-appellent-au-boycott-des-prochaines-elections\/#breadcrumb\"},\"inLanguage\":\"fr-FR\",\"potentialAction\":[{\"@type\":\"ReadAction\",\"target\":[\"https:\/\/www.nettali.com\/2025\/09\/01\/marche-justice-pour-nos-martyrs-des-manifestants-appellent-au-boycott-des-prochaines-elections\/\"]}]},{\"@type\":\"BreadcrumbList\",\"@id\":\"https:\/\/www.nettali.com\/2025\/09\/01\/marche-justice-pour-nos-martyrs-des-manifestants-appellent-au-boycott-des-prochaines-elections\/#breadcrumb\",\"itemListElement\":[{\"@type\":\"ListItem\",\"position\":1,\"name\":\"Accueil\",\"item\":\"https:\/\/www.nettali.com\/\"},{\"@type\":\"ListItem\",\"position\":2,\"name\":\"MARCHE \\\"JUSTICE POUR NOS MARTYRS\\\" - Des manifestants appellent au boycott des prochaines \\u00e9lections\"}]},{\"@type\":\"Person\",\"@id\":\"https:\/\/www.nettali.com\/#\/schema\/person\/d8ac7b7e27ddad43f1c0d2ef090d7f71\",\"name\":\"CK\",\"image\":{\"@type\":\"ImageObject\",\"@id\":\"https:\/\/www.nettali.com\/#personlogo\",\"inLanguage\":\"fr-FR\",\"url\":\"https:\/\/secure.gravatar.com\/avatar\/1d8d5118b9327d94da7cd4ce7f17fec2?s=96&d=mm&r=g\",\"contentUrl\":\"https:\/\/secure.gravatar.com\/avatar\/1d8d5118b9327d94da7cd4ce7f17fec2?s=96&d=mm&r=g\",\"caption\":\"CK\"},\"sameAs\":[\"https:\/\/www.nettali.com\"]}]}<\/script>\n<!-- \/ Yoast SEO Premium plugin. -->","yoast_head_json":{"title":"MARCHE \"JUSTICE POUR NOS MARTYRS\" - Des manifestants appellent au boycott des prochaines \u00e9lections | Nettali.com","robots":{"index":"index","follow":"follow","max-snippet":"max-snippet:-1","max-image-preview":"max-image-preview:large","max-video-preview":"max-video-preview:-1"},"canonical":"https:\/\/www.nettali.com\/2025\/09\/01\/marche-justice-pour-nos-martyrs-des-manifestants-appellent-au-boycott-des-prochaines-elections\/","og_locale":"fr_FR","og_type":"article","og_title":"MARCHE \"JUSTICE POUR NOS MARTYRS\" - Des manifestants appellent au boycott des prochaines \u00e9lections","og_description":"\u00a0NETTALI.COM - Ce samedi s\u2019est tenue une marche pour r\u00e9clamer justice pour les victimes des manifestations r\u00e9prim\u00e9es sous l\u2019ancien r\u00e9gime, entre 2021 et 2024. Ayant connu un succ\u00e8s, les manifestants. La marche \u201cJustice pour nos martyrs\u201d, organis\u00e9e ce samedi, a vu la participation de nombreux S\u00e9n\u00e9galais. Tenue du rond-point \u00c9cole normale au rondpoint Jet d\u2019eau, [&hellip;]","og_url":"https:\/\/www.nettali.com\/2025\/09\/01\/marche-justice-pour-nos-martyrs-des-manifestants-appellent-au-boycott-des-prochaines-elections\/","og_site_name":"Nettali.com","article_publisher":"https:\/\/www.facebook.com\/nettalicom","article_published_time":"2025-09-01T07:24:52+00:00","og_image":[{"width":1200,"height":675,"url":"https:\/\/www.nettali.com\/wp-content\/uploads\/2025\/09\/field_media_tv5_jwplayer_field-2951622-6505435.jpg","type":"image\/jpeg"}],"twitter_card":"summary_large_image","twitter_misc":{"\u00c9crit par":"CK","Dur\u00e9e de lecture estim\u00e9e":"6 minutes"},"schema":{"@context":"https:\/\/schema.org","@graph":[{"@type":"WebSite","@id":"https:\/\/www.nettali.com\/#website","url":"https:\/\/www.nettali.com\/","name":"Nettali.com","description":"Le rendez-vous critique du Net","potentialAction":[{"@type":"SearchAction","target":{"@type":"EntryPoint","urlTemplate":"https:\/\/www.nettali.com\/?s={search_term_string}"},"query-input":"required name=search_term_string"}],"inLanguage":"fr-FR"},{"@type":"ImageObject","@id":"https:\/\/www.nettali.com\/2025\/09\/01\/marche-justice-pour-nos-martyrs-des-manifestants-appellent-au-boycott-des-prochaines-elections\/#primaryimage","inLanguage":"fr-FR","url":"https:\/\/www.nettali.com\/wp-content\/uploads\/2025\/09\/field_media_tv5_jwplayer_field-2951622-6505435.jpg","contentUrl":"https:\/\/www.nettali.com\/wp-content\/uploads\/2025\/09\/field_media_tv5_jwplayer_field-2951622-6505435.jpg","width":1200,"height":675},{"@type":"WebPage","@id":"https:\/\/www.nettali.com\/2025\/09\/01\/marche-justice-pour-nos-martyrs-des-manifestants-appellent-au-boycott-des-prochaines-elections\/#webpage","url":"https:\/\/www.nettali.com\/2025\/09\/01\/marche-justice-pour-nos-martyrs-des-manifestants-appellent-au-boycott-des-prochaines-elections\/","name":"MARCHE \"JUSTICE POUR NOS MARTYRS\" - Des manifestants appellent au boycott des prochaines \u00e9lections | Nettali.com","isPartOf":{"@id":"https:\/\/www.nettali.com\/#website"},"primaryImageOfPage":{"@id":"https:\/\/www.nettali.com\/2025\/09\/01\/marche-justice-pour-nos-martyrs-des-manifestants-appellent-au-boycott-des-prochaines-elections\/#primaryimage"},"datePublished":"2025-09-01T07:24:52+00:00","dateModified":"2025-09-01T07:24:52+00:00","author":{"@id":"https:\/\/www.nettali.com\/#\/schema\/person\/d8ac7b7e27ddad43f1c0d2ef090d7f71"},"breadcrumb":{"@id":"https:\/\/www.nettali.com\/2025\/09\/01\/marche-justice-pour-nos-martyrs-des-manifestants-appellent-au-boycott-des-prochaines-elections\/#breadcrumb"},"inLanguage":"fr-FR","potentialAction":[{"@type":"ReadAction","target":["https:\/\/www.nettali.com\/2025\/09\/01\/marche-justice-pour-nos-martyrs-des-manifestants-appellent-au-boycott-des-prochaines-elections\/"]}]},{"@type":"BreadcrumbList","@id":"https:\/\/www.nettali.com\/2025\/09\/01\/marche-justice-pour-nos-martyrs-des-manifestants-appellent-au-boycott-des-prochaines-elections\/#breadcrumb","itemListElement":[{"@type":"ListItem","position":1,"name":"Accueil","item":"https:\/\/www.nettali.com\/"},{"@type":"ListItem","position":2,"name":"MARCHE \"JUSTICE POUR NOS MARTYRS\" - Des manifestants appellent au boycott des prochaines \u00e9lections"}]},{"@type":"Person","@id":"https:\/\/www.nettali.com\/#\/schema\/person\/d8ac7b7e27ddad43f1c0d2ef090d7f71","name":"CK","image":{"@type":"ImageObject","@id":"https:\/\/www.nettali.com\/#personlogo","inLanguage":"fr-FR","url":"https:\/\/secure.gravatar.com\/avatar\/1d8d5118b9327d94da7cd4ce7f17fec2?s=96&d=mm&r=g","contentUrl":"https:\/\/secure.gravatar.com\/avatar\/1d8d5118b9327d94da7cd4ce7f17fec2?s=96&d=mm&r=g","caption":"CK"},"sameAs":["https:\/\/www.nettali.com"]}]}},"_links":{"self":[{"href":"https:\/\/www.nettali.com\/rest\/wp\/v2\/posts\/160474"}],"collection":[{"href":"https:\/\/www.nettali.com\/rest\/wp\/v2\/posts"}],"about":[{"href":"https:\/\/www.nettali.com\/rest\/wp\/v2\/types\/post"}],"author":[{"embeddable":true,"href":"https:\/\/www.nettali.com\/rest\/wp\/v2\/users\/2"}],"replies":[{"embeddable":true,"href":"https:\/\/www.nettali.com\/rest\/wp\/v2\/comments?post=160474"}],"version-history":[{"count":1,"href":"https:\/\/www.nettali.com\/rest\/wp\/v2\/posts\/160474\/revisions"}],"predecessor-version":[{"id":160480,"href":"https:\/\/www.nettali.com\/rest\/wp\/v2\/posts\/160474\/revisions\/160480"}],"wp:featuredmedia":[{"embeddable":true,"href":"https:\/\/www.nettali.com\/rest\/wp\/v2\/media\/160479"}],"wp:attachment":[{"href":"https:\/\/www.nettali.com\/rest\/wp\/v2\/media?parent=160474"}],"wp:term":[{"taxonomy":"category","embeddable":true,"href":"https:\/\/www.nettali.com\/rest\/wp\/v2\/categories?post=160474"},{"taxonomy":"post_tag","embeddable":true,"href":"https:\/\/www.nettali.com\/rest\/wp\/v2\/tags?post=160474"}],"curies":[{"name":"wp","href":"https:\/\/api.w.org\/{rel}","templated":true}]}}