{"id":160470,"date":"2025-09-01T07:09:25","date_gmt":"2025-09-01T07:09:25","guid":{"rendered":"https:\/\/www.nettali.com\/?p=160470"},"modified":"2025-09-02T08:43:14","modified_gmt":"2025-09-02T08:43:14","slug":"a-tivaouane-diomaye-reaffirme-lengagement-de-letat-aux-cotes-des-foyers-religieux","status":"publish","type":"post","link":"https:\/\/www.nettali.com\/2025\/09\/01\/a-tivaouane-diomaye-reaffirme-lengagement-de-letat-aux-cotes-des-foyers-religieux\/","title":{"rendered":"\u00c0 TIVAOUANE - Diomaye r\u00e9affirme l\u2019engagement de l\u2019\u00c9tat aux c\u00f4t\u00e9s des foyers religieux"},"content":{"rendered":"<p><strong>NETTALI.COM - En pr\u00e9lude au Gamou, le chef de l\u2019\u00c9tat, Bassirou Diomaye Faye, a effectu\u00e9, ce week-end, une visite de courtoisie \u00e0 Tivaouane. Re\u00e7u par le khalife g\u00e9n\u00e9ral des tidianes, l\u2019entretien a \u00e9t\u00e9 marqu\u00e9 par une atmosph\u00e8re d\u2019affection et de respect mutuel.<\/strong><\/p>\n<p>\u00c0 Tivaouane, le pr\u00e9sident de la R\u00e9publique s\u2019est recueilli au mausol\u00e9e de Seydi El Hadj Malick Sy et de Serigne Babacar Sy, avant de se rendre \u00e0 la grande mosqu\u00e9e de Tivaouane. \u00c0 travers ce geste, il a voulu t\u00e9moigner de son attachement constant aux foyers religieux, qu\u2019il consid\u00e8re comme des piliers de la coh\u00e9sion sociale et de la stabilit\u00e9 du S\u00e9n\u00e9gal.<\/p>\n<p>\u201c<em>Je vous rends hommage et vous f\u00e9licite en pr\u00e9lude \u00e0 ce grand jour c\u00e9l\u00e9brant la naissance du sceau des proph\u00e8tes Mouhamed (PSL). L\u2019\u00c9tat fera tout pour la r\u00e9ussite de cet \u00e9v\u00e9nement, comme il l\u2019a toujours fait pour une organisation sans faille du Gamou<\/em>\u201d, a d\u00e9clar\u00e9 Bassirou Diomaye Faye, apr\u00e8s avoir effectu\u00e9 ces actes de pi\u00e9t\u00e9, en pr\u00e9sence du khalife g\u00e9n\u00e9ral des tidianes, Serigne Babacar Sy Mansour.<\/p>\n<p>Le chef religieux, \u00e0 la suite du pr\u00e9sident Diomaye Diakhar Faye, a livr\u00e9 un message empreint de sagesse et d\u2019humilit\u00e9. Tout en saluant les efforts entrepris par l\u2019\u00c9tat pour am\u00e9liorer les conditions de vie des populations, le guide religieux a rappel\u00e9 que \u201c<em>la construction de ce pays n\u2019est pas une t\u00e2che facile<\/em>\u201d et qu\u2019elle exige l\u2019assistance du Tout-Puissant. Dans son allocution, Serigne Babacar Sy Mansour a \u00e9galement attir\u00e9 l\u2019attention sur la mont\u00e9e des tensions et des querelles qui rythment le quotidien des S\u00e9n\u00e9galais. \u201c<em>Il est important que chacun sache garder raison. Donner son opinion est l\u00e9gitime, mais cela doit toujours s\u2019inscrire dans la v\u00e9rit\u00e9 et dans une dynamique de construction<\/em>\u201d, a-t-il insist\u00e9.<\/p>\n<p>Le khalife a, par ailleurs, soulign\u00e9 la place centrale de la justice dans l\u2019\u00e9dification de la paix sociale. \u201c<em>Rien ne peut se construire sans la justice. Point de paix sans justice<\/em>\u201d, a-t-il affirm\u00e9 avec force.<\/p>\n<p>\u00c9voquant le ph\u00e9nom\u00e8ne r\u00e9current des inondations qui affecte durement certaines r\u00e9gions, notamment Tambacounda et le Fouta (Dande Mayo), le khalife a exprim\u00e9 sa compassion aux sinistr\u00e9s. Selon lui, il s\u2019agit d\u2019un fl\u00e9au d\u2019ordre divin dont les cons\u00e9quences ne peuvent \u00eatre att\u00e9nu\u00e9es qu\u2019en se tournant vers Dieu. Il a pri\u00e9 pour les victimes et pour une r\u00e9ponse collective \u00e0 ce d\u00e9fi majeur.<\/p>\n<p>Le guide des tidianes a conclu ses propos en priant pour le S\u00e9n\u00e9gal et pour le chef de l\u2019\u00c9tat. Il n\u2019a pas manqu\u00e9 de prier pour les affect\u00e9s des inondations ainsi que pour une campagne agricole r\u00e9ussie avec des r\u00e9coltes abondantes<\/p>\n<div class='share-to-whatsapp-wrapper'><div class='share-on-whsp'>PARTAGER SUR : <\/div><a data-text='\u00c0 TIVAOUANE - Diomaye r\u00e9affirme l\u2019engagement de l\u2019\u00c9tat aux c\u00f4t\u00e9s des foyers religieux' data-link='https:\/\/www.nettali.com\/2025\/09\/01\/a-tivaouane-diomaye-reaffirme-lengagement-de-letat-aux-cotes-des-foyers-religieux\/' class='whatsapp-button whatsapp-share'>WhatsApp<\/a><div class='clear '><\/div><\/div>","protected":false},"excerpt":{"rendered":"<p>NETTALI.COM - En pr\u00e9lude au Gamou, le chef de l\u2019\u00c9tat, Bassirou Diomaye Faye, a effectu\u00e9, ce week-end, une visite de courtoisie \u00e0 Tivaouane. Re\u00e7u par le khalife g\u00e9n\u00e9ral des tidianes, l\u2019entretien a \u00e9t\u00e9 marqu\u00e9 par une atmosph\u00e8re d\u2019affection et de respect mutuel. \u00c0 Tivaouane, le pr\u00e9sident de la R\u00e9publique s\u2019est recueilli au mausol\u00e9e de Seydi [&hellip;]<\/p>\n","protected":false},"author":2,"featured_media":160471,"comment_status":"open","ping_status":"open","sticky":false,"template":"","format":"standard","meta":{"_et_pb_use_builder":"","_et_pb_old_content":""},"categories":[3],"tags":[],"yoast_head":"<!-- This site is optimized with the Yoast SEO Premium plugin v17.8 (Yoast SEO v17.8) - https:\/\/yoast.com\/wordpress\/plugins\/seo\/ -->\n<title>\u00c0 TIVAOUANE - Diomaye r\u00e9affirme l\u2019engagement de l\u2019\u00c9tat aux c\u00f4t\u00e9s des foyers religieux | Nettali.com<\/title>\n<meta name=\"robots\" content=\"index, follow, max-snippet:-1, max-image-preview:large, max-video-preview:-1\" \/>\n<link rel=\"canonical\" href=\"https:\/\/www.nettali.com\/2025\/09\/01\/a-tivaouane-diomaye-reaffirme-lengagement-de-letat-aux-cotes-des-foyers-religieux\/\" \/>\n<meta property=\"og:locale\" content=\"fr_FR\" \/>\n<meta property=\"og:type\" content=\"article\" \/>\n<meta property=\"og:title\" content=\"\u00c0 TIVAOUANE - Diomaye r\u00e9affirme l\u2019engagement de l\u2019\u00c9tat aux c\u00f4t\u00e9s des foyers religieux\" \/>\n<meta property=\"og:description\" content=\"NETTALI.COM - En pr\u00e9lude au Gamou, le chef de l\u2019\u00c9tat, Bassirou Diomaye Faye, a effectu\u00e9, ce week-end, une visite de courtoisie \u00e0 Tivaouane. Re\u00e7u par le khalife g\u00e9n\u00e9ral des tidianes, l\u2019entretien a \u00e9t\u00e9 marqu\u00e9 par une atmosph\u00e8re d\u2019affection et de respect mutuel. \u00c0 Tivaouane, le pr\u00e9sident de la R\u00e9publique s\u2019est recueilli au mausol\u00e9e de Seydi [&hellip;]\" \/>\n<meta property=\"og:url\" content=\"https:\/\/www.nettali.com\/2025\/09\/01\/a-tivaouane-diomaye-reaffirme-lengagement-de-letat-aux-cotes-des-foyers-religieux\/\" \/>\n<meta property=\"og:site_name\" content=\"Nettali.com\" \/>\n<meta property=\"article:publisher\" content=\"https:\/\/www.facebook.com\/nettalicom\" \/>\n<meta property=\"article:published_time\" content=\"2025-09-01T07:09:25+00:00\" \/>\n<meta property=\"article:modified_time\" content=\"2025-09-02T08:43:14+00:00\" \/>\n<meta property=\"og:image\" content=\"https:\/\/www.nettali.com\/wp-content\/uploads\/2025\/09\/IMG-20250830-WA0030.jpg\" \/>\n\t<meta property=\"og:image:width\" content=\"600\" \/>\n\t<meta property=\"og:image:height\" content=\"376\" \/>\n<meta name=\"twitter:card\" content=\"summary_large_image\" \/>\n<meta name=\"twitter:label1\" content=\"\u00c9crit par\" \/>\n\t<meta name=\"twitter:data1\" content=\"CK\" \/>\n\t<meta name=\"twitter:label2\" content=\"Dur\u00e9e de lecture estim\u00e9e\" \/>\n\t<meta name=\"twitter:data2\" content=\"3 minutes\" \/>\n<script type=\"application\/ld+json\" class=\"yoast-schema-graph\">{\"@context\":\"https:\/\/schema.org\",\"@graph\":[{\"@type\":\"WebSite\",\"@id\":\"https:\/\/www.nettali.com\/#website\",\"url\":\"https:\/\/www.nettali.com\/\",\"name\":\"Nettali.com\",\"description\":\"Le rendez-vous critique du Net\",\"potentialAction\":[{\"@type\":\"SearchAction\",\"target\":{\"@type\":\"EntryPoint\",\"urlTemplate\":\"https:\/\/www.nettali.com\/?s={search_term_string}\"},\"query-input\":\"required name=search_term_string\"}],\"inLanguage\":\"fr-FR\"},{\"@type\":\"ImageObject\",\"@id\":\"https:\/\/www.nettali.com\/2025\/09\/01\/a-tivaouane-diomaye-reaffirme-lengagement-de-letat-aux-cotes-des-foyers-religieux\/#primaryimage\",\"inLanguage\":\"fr-FR\",\"url\":\"https:\/\/www.nettali.com\/wp-content\/uploads\/2025\/09\/IMG-20250830-WA0030.jpg\",\"contentUrl\":\"https:\/\/www.nettali.com\/wp-content\/uploads\/2025\/09\/IMG-20250830-WA0030.jpg\",\"width\":600,\"height\":376},{\"@type\":\"WebPage\",\"@id\":\"https:\/\/www.nettali.com\/2025\/09\/01\/a-tivaouane-diomaye-reaffirme-lengagement-de-letat-aux-cotes-des-foyers-religieux\/#webpage\",\"url\":\"https:\/\/www.nettali.com\/2025\/09\/01\/a-tivaouane-diomaye-reaffirme-lengagement-de-letat-aux-cotes-des-foyers-religieux\/\",\"name\":\"\\u00c0 TIVAOUANE - Diomaye r\\u00e9affirme l\\u2019engagement de l\\u2019\\u00c9tat aux c\\u00f4t\\u00e9s des foyers religieux | Nettali.com\",\"isPartOf\":{\"@id\":\"https:\/\/www.nettali.com\/#website\"},\"primaryImageOfPage\":{\"@id\":\"https:\/\/www.nettali.com\/2025\/09\/01\/a-tivaouane-diomaye-reaffirme-lengagement-de-letat-aux-cotes-des-foyers-religieux\/#primaryimage\"},\"datePublished\":\"2025-09-01T07:09:25+00:00\",\"dateModified\":\"2025-09-02T08:43:14+00:00\",\"author\":{\"@id\":\"https:\/\/www.nettali.com\/#\/schema\/person\/d8ac7b7e27ddad43f1c0d2ef090d7f71\"},\"breadcrumb\":{\"@id\":\"https:\/\/www.nettali.com\/2025\/09\/01\/a-tivaouane-diomaye-reaffirme-lengagement-de-letat-aux-cotes-des-foyers-religieux\/#breadcrumb\"},\"inLanguage\":\"fr-FR\",\"potentialAction\":[{\"@type\":\"ReadAction\",\"target\":[\"https:\/\/www.nettali.com\/2025\/09\/01\/a-tivaouane-diomaye-reaffirme-lengagement-de-letat-aux-cotes-des-foyers-religieux\/\"]}]},{\"@type\":\"BreadcrumbList\",\"@id\":\"https:\/\/www.nettali.com\/2025\/09\/01\/a-tivaouane-diomaye-reaffirme-lengagement-de-letat-aux-cotes-des-foyers-religieux\/#breadcrumb\",\"itemListElement\":[{\"@type\":\"ListItem\",\"position\":1,\"name\":\"Accueil\",\"item\":\"https:\/\/www.nettali.com\/\"},{\"@type\":\"ListItem\",\"position\":2,\"name\":\"\\u00c0 TIVAOUANE - Diomaye r\\u00e9affirme l\\u2019engagement de l\\u2019\\u00c9tat aux c\\u00f4t\\u00e9s des foyers religieux\"}]},{\"@type\":\"Person\",\"@id\":\"https:\/\/www.nettali.com\/#\/schema\/person\/d8ac7b7e27ddad43f1c0d2ef090d7f71\",\"name\":\"CK\",\"image\":{\"@type\":\"ImageObject\",\"@id\":\"https:\/\/www.nettali.com\/#personlogo\",\"inLanguage\":\"fr-FR\",\"url\":\"https:\/\/secure.gravatar.com\/avatar\/1d8d5118b9327d94da7cd4ce7f17fec2?s=96&d=mm&r=g\",\"contentUrl\":\"https:\/\/secure.gravatar.com\/avatar\/1d8d5118b9327d94da7cd4ce7f17fec2?s=96&d=mm&r=g\",\"caption\":\"CK\"},\"sameAs\":[\"https:\/\/www.nettali.com\"]}]}<\/script>\n<!-- \/ Yoast SEO Premium plugin. -->","yoast_head_json":{"title":"\u00c0 TIVAOUANE - Diomaye r\u00e9affirme l\u2019engagement de l\u2019\u00c9tat aux c\u00f4t\u00e9s des foyers religieux | Nettali.com","robots":{"index":"index","follow":"follow","max-snippet":"max-snippet:-1","max-image-preview":"max-image-preview:large","max-video-preview":"max-video-preview:-1"},"canonical":"https:\/\/www.nettali.com\/2025\/09\/01\/a-tivaouane-diomaye-reaffirme-lengagement-de-letat-aux-cotes-des-foyers-religieux\/","og_locale":"fr_FR","og_type":"article","og_title":"\u00c0 TIVAOUANE - Diomaye r\u00e9affirme l\u2019engagement de l\u2019\u00c9tat aux c\u00f4t\u00e9s des foyers religieux","og_description":"NETTALI.COM - En pr\u00e9lude au Gamou, le chef de l\u2019\u00c9tat, Bassirou Diomaye Faye, a effectu\u00e9, ce week-end, une visite de courtoisie \u00e0 Tivaouane. Re\u00e7u par le khalife g\u00e9n\u00e9ral des tidianes, l\u2019entretien a \u00e9t\u00e9 marqu\u00e9 par une atmosph\u00e8re d\u2019affection et de respect mutuel. \u00c0 Tivaouane, le pr\u00e9sident de la R\u00e9publique s\u2019est recueilli au mausol\u00e9e de Seydi [&hellip;]","og_url":"https:\/\/www.nettali.com\/2025\/09\/01\/a-tivaouane-diomaye-reaffirme-lengagement-de-letat-aux-cotes-des-foyers-religieux\/","og_site_name":"Nettali.com","article_publisher":"https:\/\/www.facebook.com\/nettalicom","article_published_time":"2025-09-01T07:09:25+00:00","article_modified_time":"2025-09-02T08:43:14+00:00","og_image":[{"width":600,"height":376,"url":"https:\/\/www.nettali.com\/wp-content\/uploads\/2025\/09\/IMG-20250830-WA0030.jpg","type":"image\/jpeg"}],"twitter_card":"summary_large_image","twitter_misc":{"\u00c9crit par":"CK","Dur\u00e9e de lecture estim\u00e9e":"3 minutes"},"schema":{"@context":"https:\/\/schema.org","@graph":[{"@type":"WebSite","@id":"https:\/\/www.nettali.com\/#website","url":"https:\/\/www.nettali.com\/","name":"Nettali.com","description":"Le rendez-vous critique du Net","potentialAction":[{"@type":"SearchAction","target":{"@type":"EntryPoint","urlTemplate":"https:\/\/www.nettali.com\/?s={search_term_string}"},"query-input":"required name=search_term_string"}],"inLanguage":"fr-FR"},{"@type":"ImageObject","@id":"https:\/\/www.nettali.com\/2025\/09\/01\/a-tivaouane-diomaye-reaffirme-lengagement-de-letat-aux-cotes-des-foyers-religieux\/#primaryimage","inLanguage":"fr-FR","url":"https:\/\/www.nettali.com\/wp-content\/uploads\/2025\/09\/IMG-20250830-WA0030.jpg","contentUrl":"https:\/\/www.nettali.com\/wp-content\/uploads\/2025\/09\/IMG-20250830-WA0030.jpg","width":600,"height":376},{"@type":"WebPage","@id":"https:\/\/www.nettali.com\/2025\/09\/01\/a-tivaouane-diomaye-reaffirme-lengagement-de-letat-aux-cotes-des-foyers-religieux\/#webpage","url":"https:\/\/www.nettali.com\/2025\/09\/01\/a-tivaouane-diomaye-reaffirme-lengagement-de-letat-aux-cotes-des-foyers-religieux\/","name":"\u00c0 TIVAOUANE - Diomaye r\u00e9affirme l\u2019engagement de l\u2019\u00c9tat aux c\u00f4t\u00e9s des foyers religieux | Nettali.com","isPartOf":{"@id":"https:\/\/www.nettali.com\/#website"},"primaryImageOfPage":{"@id":"https:\/\/www.nettali.com\/2025\/09\/01\/a-tivaouane-diomaye-reaffirme-lengagement-de-letat-aux-cotes-des-foyers-religieux\/#primaryimage"},"datePublished":"2025-09-01T07:09:25+00:00","dateModified":"2025-09-02T08:43:14+00:00","author":{"@id":"https:\/\/www.nettali.com\/#\/schema\/person\/d8ac7b7e27ddad43f1c0d2ef090d7f71"},"breadcrumb":{"@id":"https:\/\/www.nettali.com\/2025\/09\/01\/a-tivaouane-diomaye-reaffirme-lengagement-de-letat-aux-cotes-des-foyers-religieux\/#breadcrumb"},"inLanguage":"fr-FR","potentialAction":[{"@type":"ReadAction","target":["https:\/\/www.nettali.com\/2025\/09\/01\/a-tivaouane-diomaye-reaffirme-lengagement-de-letat-aux-cotes-des-foyers-religieux\/"]}]},{"@type":"BreadcrumbList","@id":"https:\/\/www.nettali.com\/2025\/09\/01\/a-tivaouane-diomaye-reaffirme-lengagement-de-letat-aux-cotes-des-foyers-religieux\/#breadcrumb","itemListElement":[{"@type":"ListItem","position":1,"name":"Accueil","item":"https:\/\/www.nettali.com\/"},{"@type":"ListItem","position":2,"name":"\u00c0 TIVAOUANE - Diomaye r\u00e9affirme l\u2019engagement de l\u2019\u00c9tat aux c\u00f4t\u00e9s des foyers religieux"}]},{"@type":"Person","@id":"https:\/\/www.nettali.com\/#\/schema\/person\/d8ac7b7e27ddad43f1c0d2ef090d7f71","name":"CK","image":{"@type":"ImageObject","@id":"https:\/\/www.nettali.com\/#personlogo","inLanguage":"fr-FR","url":"https:\/\/secure.gravatar.com\/avatar\/1d8d5118b9327d94da7cd4ce7f17fec2?s=96&d=mm&r=g","contentUrl":"https:\/\/secure.gravatar.com\/avatar\/1d8d5118b9327d94da7cd4ce7f17fec2?s=96&d=mm&r=g","caption":"CK"},"sameAs":["https:\/\/www.nettali.com"]}]}},"_links":{"self":[{"href":"https:\/\/www.nettali.com\/rest\/wp\/v2\/posts\/160470"}],"collection":[{"href":"https:\/\/www.nettali.com\/rest\/wp\/v2\/posts"}],"about":[{"href":"https:\/\/www.nettali.com\/rest\/wp\/v2\/types\/post"}],"author":[{"embeddable":true,"href":"https:\/\/www.nettali.com\/rest\/wp\/v2\/users\/2"}],"replies":[{"embeddable":true,"href":"https:\/\/www.nettali.com\/rest\/wp\/v2\/comments?post=160470"}],"version-history":[{"count":1,"href":"https:\/\/www.nettali.com\/rest\/wp\/v2\/posts\/160470\/revisions"}],"predecessor-version":[{"id":160473,"href":"https:\/\/www.nettali.com\/rest\/wp\/v2\/posts\/160470\/revisions\/160473"}],"wp:featuredmedia":[{"embeddable":true,"href":"https:\/\/www.nettali.com\/rest\/wp\/v2\/media\/160471"}],"wp:attachment":[{"href":"https:\/\/www.nettali.com\/rest\/wp\/v2\/media?parent=160470"}],"wp:term":[{"taxonomy":"category","embeddable":true,"href":"https:\/\/www.nettali.com\/rest\/wp\/v2\/categories?post=160470"},{"taxonomy":"post_tag","embeddable":true,"href":"https:\/\/www.nettali.com\/rest\/wp\/v2\/tags?post=160470"}],"curies":[{"name":"wp","href":"https:\/\/api.w.org\/{rel}","templated":true}]}}