{"id":160466,"date":"2025-09-01T07:00:54","date_gmt":"2025-09-01T07:00:54","guid":{"rendered":"https:\/\/www.nettali.com\/?p=160466"},"modified":"2025-09-01T07:02:17","modified_gmt":"2025-09-01T07:02:17","slug":"apres-un-succes-cette-annee-air-senegal-international-se-tourne-deja-vers-le-hajj-2026","status":"publish","type":"post","link":"https:\/\/www.nettali.com\/2025\/09\/01\/apres-un-succes-cette-annee-air-senegal-international-se-tourne-deja-vers-le-hajj-2026\/","title":{"rendered":"APR\u00c8S UN SUCC\u00c8S CETTE ANN\u00c9E - Air S\u00e9n\u00e9gal se tourne d\u00e9j\u00e0 vers le hajj 2026"},"content":{"rendered":"<p><strong>NETTALI.COM -<\/strong> Apr\u00e8s la r\u00e9ussite de l\u2019\u00e9dition 2025 du p\u00e8lerinage \u00e0 La Mecque, la compagnie nationale Air S\u00e9n\u00e9gal se tourne d\u00e9j\u00e0 vers la prochaine \u00e9dition. Dans un communiqu\u00e9 parvenu \u00e0 notre r\u00e9daction, elle annonce avoir convoy\u00e9 11 014 p\u00e8lerins \u00e0 l\u2019aller et 11 013 au retour (un d\u00e9c\u00e8s ayant \u00e9t\u00e9 enregistr\u00e9), sur un quota national de 12 860 p\u00e8lerins. Ces op\u00e9rations, dit-on, ont \u00e9t\u00e9 r\u00e9alis\u00e9es \u00e0 travers 30 vols, certaines journ\u00e9es comptant trois, quatre voire cinq rotations, constituant ainsi une performance in\u00e9dite.<\/p>\n<p>La compagnie souligne aussi avoir assur\u00e9 le transport de tous les bagages dans la limite des deux valises r\u00e9glementaires par p\u00e8lerin. \u00c0 titre exceptionnel, elle a convoy\u00e9 les bagages exc\u00e9dentaires laiss\u00e9s en rade par certains voyageurs. \u201c<em>La compagnie a ainsi assur\u00e9 le transport de l\u2019ensemble des p\u00e8lerins de la Gambie et de la Guin\u00e9e-Bissau. Forte de ce bilan, le pavillon national a annonc\u00e9 le lancement des pr\u00e9paratifs pour le hajj 2026. Le calendrier des vols a \u00e9t\u00e9 fix\u00e9 comme suit : phase aller du 8 au 19 mai 2026 et celle du retour du 31 mai au 10 juin 2026. Pour cette \u00e9dition, Air S\u00e9n\u00e9gal a d\u00e9j\u00e0 finalis\u00e9 la location d\u2019appareils modernes de 410 si\u00e8ges, parfaitement adapt\u00e9s aux exigences du p\u00e8lerinage. Deux vols quotidiens seront programm\u00e9s, avec jusqu\u2019\u00e0 trois vols lors des journ\u00e9es de fortes affluences<\/em>\u201d renseigne la compagnie.<\/p>\n<p>Elle rappelle qu\u2019elle demeure le seul transporteur \u00e0 proposer un vol direct Dakar \u2013 M\u00e9dine et Djeddah \u2013 Dakar, r\u00e9duisant consid\u00e9rablement la fatigue, la dur\u00e9e du voyage et les contraintes li\u00e9es aux escales, particuli\u00e8rement \u00e9prouvantes pour les p\u00e8lerins.<\/p>\n<p><strong>Nouvelles dispositions <\/strong><\/p>\n<p>Ainsi, afin d\u2019\u00e9viter les r\u00e9servations fictives constat\u00e9es en 2025 ayant entra\u00een\u00e9 des annulations de vols ou des billets rest\u00e9s impay\u00e9s, de nouvelles dispositions seront mises en oeuvre pour le hajj 2026. Conformes \u00e0 la r\u00e9glementation de l\u2019IATA (International Air Transport Associa-tion), elles garantiront l\u2019effectivit\u00e9 des r\u00e9servations. \u201c<em>Le programme d\u00e9taill\u00e9 des vols sera publi\u00e9 tr\u00e8s prochainement afin de permettre aux voyagistes d\u2019effectuer leurs r\u00e9servations. \u00c0 ce titre, le plan de transport primera sur le plan d\u2019h\u00e9bergement<\/em>\u201d renseigne Air S\u00e9n\u00e9gal.<\/p>\n<div class='share-to-whatsapp-wrapper'><div class='share-on-whsp'>PARTAGER SUR : <\/div><a data-text='APR\u00c8S UN SUCC\u00c8S CETTE ANN\u00c9E - Air S\u00e9n\u00e9gal se tourne d\u00e9j\u00e0 vers le hajj 2026' data-link='https:\/\/www.nettali.com\/2025\/09\/01\/apres-un-succes-cette-annee-air-senegal-international-se-tourne-deja-vers-le-hajj-2026\/' class='whatsapp-button whatsapp-share'>WhatsApp<\/a><div class='clear '><\/div><\/div>","protected":false},"excerpt":{"rendered":"<p>NETTALI.COM - Apr\u00e8s la r\u00e9ussite de l\u2019\u00e9dition 2025 du p\u00e8lerinage \u00e0 La Mecque, la compagnie nationale Air S\u00e9n\u00e9gal se tourne d\u00e9j\u00e0 vers la prochaine \u00e9dition. Dans un communiqu\u00e9 parvenu \u00e0 notre r\u00e9daction, elle annonce avoir convoy\u00e9 11 014 p\u00e8lerins \u00e0 l\u2019aller et 11 013 au retour (un d\u00e9c\u00e8s ayant \u00e9t\u00e9 enregistr\u00e9), sur un quota national [&hellip;]<\/p>\n","protected":false},"author":2,"featured_media":160467,"comment_status":"open","ping_status":"open","sticky":false,"template":"","format":"standard","meta":{"_et_pb_use_builder":"","_et_pb_old_content":""},"categories":[34945],"tags":[],"yoast_head":"<!-- This site is optimized with the Yoast SEO Premium plugin v17.8 (Yoast SEO v17.8) - https:\/\/yoast.com\/wordpress\/plugins\/seo\/ -->\n<title>APR\u00c8S UN SUCC\u00c8S CETTE ANN\u00c9E - Air S\u00e9n\u00e9gal se tourne d\u00e9j\u00e0 vers le hajj 2026 | Nettali.com<\/title>\n<meta name=\"robots\" content=\"index, follow, max-snippet:-1, max-image-preview:large, max-video-preview:-1\" \/>\n<link rel=\"canonical\" href=\"https:\/\/www.nettali.com\/2025\/09\/01\/apres-un-succes-cette-annee-air-senegal-international-se-tourne-deja-vers-le-hajj-2026\/\" \/>\n<meta property=\"og:locale\" content=\"fr_FR\" \/>\n<meta property=\"og:type\" content=\"article\" \/>\n<meta property=\"og:title\" content=\"APR\u00c8S UN SUCC\u00c8S CETTE ANN\u00c9E - Air S\u00e9n\u00e9gal se tourne d\u00e9j\u00e0 vers le hajj 2026\" \/>\n<meta property=\"og:description\" content=\"NETTALI.COM - Apr\u00e8s la r\u00e9ussite de l\u2019\u00e9dition 2025 du p\u00e8lerinage \u00e0 La Mecque, la compagnie nationale Air S\u00e9n\u00e9gal se tourne d\u00e9j\u00e0 vers la prochaine \u00e9dition. Dans un communiqu\u00e9 parvenu \u00e0 notre r\u00e9daction, elle annonce avoir convoy\u00e9 11 014 p\u00e8lerins \u00e0 l\u2019aller et 11 013 au retour (un d\u00e9c\u00e8s ayant \u00e9t\u00e9 enregistr\u00e9), sur un quota national [&hellip;]\" \/>\n<meta property=\"og:url\" content=\"https:\/\/www.nettali.com\/2025\/09\/01\/apres-un-succes-cette-annee-air-senegal-international-se-tourne-deja-vers-le-hajj-2026\/\" \/>\n<meta property=\"og:site_name\" content=\"Nettali.com\" \/>\n<meta property=\"article:publisher\" content=\"https:\/\/www.facebook.com\/nettalicom\" \/>\n<meta property=\"article:published_time\" content=\"2025-09-01T07:00:54+00:00\" \/>\n<meta property=\"article:modified_time\" content=\"2025-09-01T07:02:17+00:00\" \/>\n<meta property=\"og:image\" content=\"https:\/\/www.nettali.com\/wp-content\/uploads\/2025\/09\/90357855-63735004.png\" \/>\n\t<meta property=\"og:image:width\" content=\"800\" \/>\n\t<meta property=\"og:image:height\" content=\"503\" \/>\n<meta name=\"twitter:card\" content=\"summary_large_image\" \/>\n<meta name=\"twitter:label1\" content=\"\u00c9crit par\" \/>\n\t<meta name=\"twitter:data1\" content=\"CK\" \/>\n\t<meta name=\"twitter:label2\" content=\"Dur\u00e9e de lecture estim\u00e9e\" \/>\n\t<meta name=\"twitter:data2\" content=\"2 minutes\" \/>\n<script type=\"application\/ld+json\" class=\"yoast-schema-graph\">{\"@context\":\"https:\/\/schema.org\",\"@graph\":[{\"@type\":\"WebSite\",\"@id\":\"https:\/\/www.nettali.com\/#website\",\"url\":\"https:\/\/www.nettali.com\/\",\"name\":\"Nettali.com\",\"description\":\"Le rendez-vous critique du Net\",\"potentialAction\":[{\"@type\":\"SearchAction\",\"target\":{\"@type\":\"EntryPoint\",\"urlTemplate\":\"https:\/\/www.nettali.com\/?s={search_term_string}\"},\"query-input\":\"required name=search_term_string\"}],\"inLanguage\":\"fr-FR\"},{\"@type\":\"ImageObject\",\"@id\":\"https:\/\/www.nettali.com\/2025\/09\/01\/apres-un-succes-cette-annee-air-senegal-international-se-tourne-deja-vers-le-hajj-2026\/#primaryimage\",\"inLanguage\":\"fr-FR\",\"url\":\"https:\/\/www.nettali.com\/wp-content\/uploads\/2025\/09\/90357855-63735004.png\",\"contentUrl\":\"https:\/\/www.nettali.com\/wp-content\/uploads\/2025\/09\/90357855-63735004.png\",\"width\":800,\"height\":503},{\"@type\":\"WebPage\",\"@id\":\"https:\/\/www.nettali.com\/2025\/09\/01\/apres-un-succes-cette-annee-air-senegal-international-se-tourne-deja-vers-le-hajj-2026\/#webpage\",\"url\":\"https:\/\/www.nettali.com\/2025\/09\/01\/apres-un-succes-cette-annee-air-senegal-international-se-tourne-deja-vers-le-hajj-2026\/\",\"name\":\"APR\\u00c8S UN SUCC\\u00c8S CETTE ANN\\u00c9E - Air S\\u00e9n\\u00e9gal se tourne d\\u00e9j\\u00e0 vers le hajj 2026 | Nettali.com\",\"isPartOf\":{\"@id\":\"https:\/\/www.nettali.com\/#website\"},\"primaryImageOfPage\":{\"@id\":\"https:\/\/www.nettali.com\/2025\/09\/01\/apres-un-succes-cette-annee-air-senegal-international-se-tourne-deja-vers-le-hajj-2026\/#primaryimage\"},\"datePublished\":\"2025-09-01T07:00:54+00:00\",\"dateModified\":\"2025-09-01T07:02:17+00:00\",\"author\":{\"@id\":\"https:\/\/www.nettali.com\/#\/schema\/person\/d8ac7b7e27ddad43f1c0d2ef090d7f71\"},\"breadcrumb\":{\"@id\":\"https:\/\/www.nettali.com\/2025\/09\/01\/apres-un-succes-cette-annee-air-senegal-international-se-tourne-deja-vers-le-hajj-2026\/#breadcrumb\"},\"inLanguage\":\"fr-FR\",\"potentialAction\":[{\"@type\":\"ReadAction\",\"target\":[\"https:\/\/www.nettali.com\/2025\/09\/01\/apres-un-succes-cette-annee-air-senegal-international-se-tourne-deja-vers-le-hajj-2026\/\"]}]},{\"@type\":\"BreadcrumbList\",\"@id\":\"https:\/\/www.nettali.com\/2025\/09\/01\/apres-un-succes-cette-annee-air-senegal-international-se-tourne-deja-vers-le-hajj-2026\/#breadcrumb\",\"itemListElement\":[{\"@type\":\"ListItem\",\"position\":1,\"name\":\"Accueil\",\"item\":\"https:\/\/www.nettali.com\/\"},{\"@type\":\"ListItem\",\"position\":2,\"name\":\"APR\\u00c8S UN SUCC\\u00c8S CETTE ANN\\u00c9E - Air S\\u00e9n\\u00e9gal se tourne d\\u00e9j\\u00e0 vers le hajj 2026\"}]},{\"@type\":\"Person\",\"@id\":\"https:\/\/www.nettali.com\/#\/schema\/person\/d8ac7b7e27ddad43f1c0d2ef090d7f71\",\"name\":\"CK\",\"image\":{\"@type\":\"ImageObject\",\"@id\":\"https:\/\/www.nettali.com\/#personlogo\",\"inLanguage\":\"fr-FR\",\"url\":\"https:\/\/secure.gravatar.com\/avatar\/1d8d5118b9327d94da7cd4ce7f17fec2?s=96&d=mm&r=g\",\"contentUrl\":\"https:\/\/secure.gravatar.com\/avatar\/1d8d5118b9327d94da7cd4ce7f17fec2?s=96&d=mm&r=g\",\"caption\":\"CK\"},\"sameAs\":[\"https:\/\/www.nettali.com\"]}]}<\/script>\n<!-- \/ Yoast SEO Premium plugin. -->","yoast_head_json":{"title":"APR\u00c8S UN SUCC\u00c8S CETTE ANN\u00c9E - Air S\u00e9n\u00e9gal se tourne d\u00e9j\u00e0 vers le hajj 2026 | Nettali.com","robots":{"index":"index","follow":"follow","max-snippet":"max-snippet:-1","max-image-preview":"max-image-preview:large","max-video-preview":"max-video-preview:-1"},"canonical":"https:\/\/www.nettali.com\/2025\/09\/01\/apres-un-succes-cette-annee-air-senegal-international-se-tourne-deja-vers-le-hajj-2026\/","og_locale":"fr_FR","og_type":"article","og_title":"APR\u00c8S UN SUCC\u00c8S CETTE ANN\u00c9E - Air S\u00e9n\u00e9gal se tourne d\u00e9j\u00e0 vers le hajj 2026","og_description":"NETTALI.COM - Apr\u00e8s la r\u00e9ussite de l\u2019\u00e9dition 2025 du p\u00e8lerinage \u00e0 La Mecque, la compagnie nationale Air S\u00e9n\u00e9gal se tourne d\u00e9j\u00e0 vers la prochaine \u00e9dition. Dans un communiqu\u00e9 parvenu \u00e0 notre r\u00e9daction, elle annonce avoir convoy\u00e9 11 014 p\u00e8lerins \u00e0 l\u2019aller et 11 013 au retour (un d\u00e9c\u00e8s ayant \u00e9t\u00e9 enregistr\u00e9), sur un quota national [&hellip;]","og_url":"https:\/\/www.nettali.com\/2025\/09\/01\/apres-un-succes-cette-annee-air-senegal-international-se-tourne-deja-vers-le-hajj-2026\/","og_site_name":"Nettali.com","article_publisher":"https:\/\/www.facebook.com\/nettalicom","article_published_time":"2025-09-01T07:00:54+00:00","article_modified_time":"2025-09-01T07:02:17+00:00","og_image":[{"width":800,"height":503,"url":"https:\/\/www.nettali.com\/wp-content\/uploads\/2025\/09\/90357855-63735004.png","type":"image\/png"}],"twitter_card":"summary_large_image","twitter_misc":{"\u00c9crit par":"CK","Dur\u00e9e de lecture estim\u00e9e":"2 minutes"},"schema":{"@context":"https:\/\/schema.org","@graph":[{"@type":"WebSite","@id":"https:\/\/www.nettali.com\/#website","url":"https:\/\/www.nettali.com\/","name":"Nettali.com","description":"Le rendez-vous critique du Net","potentialAction":[{"@type":"SearchAction","target":{"@type":"EntryPoint","urlTemplate":"https:\/\/www.nettali.com\/?s={search_term_string}"},"query-input":"required name=search_term_string"}],"inLanguage":"fr-FR"},{"@type":"ImageObject","@id":"https:\/\/www.nettali.com\/2025\/09\/01\/apres-un-succes-cette-annee-air-senegal-international-se-tourne-deja-vers-le-hajj-2026\/#primaryimage","inLanguage":"fr-FR","url":"https:\/\/www.nettali.com\/wp-content\/uploads\/2025\/09\/90357855-63735004.png","contentUrl":"https:\/\/www.nettali.com\/wp-content\/uploads\/2025\/09\/90357855-63735004.png","width":800,"height":503},{"@type":"WebPage","@id":"https:\/\/www.nettali.com\/2025\/09\/01\/apres-un-succes-cette-annee-air-senegal-international-se-tourne-deja-vers-le-hajj-2026\/#webpage","url":"https:\/\/www.nettali.com\/2025\/09\/01\/apres-un-succes-cette-annee-air-senegal-international-se-tourne-deja-vers-le-hajj-2026\/","name":"APR\u00c8S UN SUCC\u00c8S CETTE ANN\u00c9E - Air S\u00e9n\u00e9gal se tourne d\u00e9j\u00e0 vers le hajj 2026 | Nettali.com","isPartOf":{"@id":"https:\/\/www.nettali.com\/#website"},"primaryImageOfPage":{"@id":"https:\/\/www.nettali.com\/2025\/09\/01\/apres-un-succes-cette-annee-air-senegal-international-se-tourne-deja-vers-le-hajj-2026\/#primaryimage"},"datePublished":"2025-09-01T07:00:54+00:00","dateModified":"2025-09-01T07:02:17+00:00","author":{"@id":"https:\/\/www.nettali.com\/#\/schema\/person\/d8ac7b7e27ddad43f1c0d2ef090d7f71"},"breadcrumb":{"@id":"https:\/\/www.nettali.com\/2025\/09\/01\/apres-un-succes-cette-annee-air-senegal-international-se-tourne-deja-vers-le-hajj-2026\/#breadcrumb"},"inLanguage":"fr-FR","potentialAction":[{"@type":"ReadAction","target":["https:\/\/www.nettali.com\/2025\/09\/01\/apres-un-succes-cette-annee-air-senegal-international-se-tourne-deja-vers-le-hajj-2026\/"]}]},{"@type":"BreadcrumbList","@id":"https:\/\/www.nettali.com\/2025\/09\/01\/apres-un-succes-cette-annee-air-senegal-international-se-tourne-deja-vers-le-hajj-2026\/#breadcrumb","itemListElement":[{"@type":"ListItem","position":1,"name":"Accueil","item":"https:\/\/www.nettali.com\/"},{"@type":"ListItem","position":2,"name":"APR\u00c8S UN SUCC\u00c8S CETTE ANN\u00c9E - Air S\u00e9n\u00e9gal se tourne d\u00e9j\u00e0 vers le hajj 2026"}]},{"@type":"Person","@id":"https:\/\/www.nettali.com\/#\/schema\/person\/d8ac7b7e27ddad43f1c0d2ef090d7f71","name":"CK","image":{"@type":"ImageObject","@id":"https:\/\/www.nettali.com\/#personlogo","inLanguage":"fr-FR","url":"https:\/\/secure.gravatar.com\/avatar\/1d8d5118b9327d94da7cd4ce7f17fec2?s=96&d=mm&r=g","contentUrl":"https:\/\/secure.gravatar.com\/avatar\/1d8d5118b9327d94da7cd4ce7f17fec2?s=96&d=mm&r=g","caption":"CK"},"sameAs":["https:\/\/www.nettali.com"]}]}},"_links":{"self":[{"href":"https:\/\/www.nettali.com\/rest\/wp\/v2\/posts\/160466"}],"collection":[{"href":"https:\/\/www.nettali.com\/rest\/wp\/v2\/posts"}],"about":[{"href":"https:\/\/www.nettali.com\/rest\/wp\/v2\/types\/post"}],"author":[{"embeddable":true,"href":"https:\/\/www.nettali.com\/rest\/wp\/v2\/users\/2"}],"replies":[{"embeddable":true,"href":"https:\/\/www.nettali.com\/rest\/wp\/v2\/comments?post=160466"}],"version-history":[{"count":2,"href":"https:\/\/www.nettali.com\/rest\/wp\/v2\/posts\/160466\/revisions"}],"predecessor-version":[{"id":160469,"href":"https:\/\/www.nettali.com\/rest\/wp\/v2\/posts\/160466\/revisions\/160469"}],"wp:featuredmedia":[{"embeddable":true,"href":"https:\/\/www.nettali.com\/rest\/wp\/v2\/media\/160467"}],"wp:attachment":[{"href":"https:\/\/www.nettali.com\/rest\/wp\/v2\/media?parent=160466"}],"wp:term":[{"taxonomy":"category","embeddable":true,"href":"https:\/\/www.nettali.com\/rest\/wp\/v2\/categories?post=160466"},{"taxonomy":"post_tag","embeddable":true,"href":"https:\/\/www.nettali.com\/rest\/wp\/v2\/tags?post=160466"}],"curies":[{"name":"wp","href":"https:\/\/api.w.org\/{rel}","templated":true}]}}