{"id":160458,"date":"2025-09-01T11:00:09","date_gmt":"2025-09-01T11:00:09","guid":{"rendered":"https:\/\/www.nettali.com\/?p=160458"},"modified":"2025-09-01T06:56:25","modified_gmt":"2025-09-01T06:56:25","slug":"migration-reguliere-souleymane-diallo-deplore-labsence-de-structures-daccompagnement","status":"publish","type":"post","link":"https:\/\/www.nettali.com\/2025\/09\/01\/migration-reguliere-souleymane-diallo-deplore-labsence-de-structures-daccompagnement\/","title":{"rendered":"MIGRATION R\u00c9GULI\u00c8RE \u2013 Souleymane Diallo d\u00e9plore l\u2019absence de structures d\u2019accompagnement"},"content":{"rendered":"<p><strong>NETTALI.COM - \u200eLe pr\u00e9sident de l\u2019ONG Otra Africa, Souleymane Diallo, estime qu\u2019il est temps d\u2019encadrer la migration par une loi. Invit\u00e9 de l\u2019\u00e9mission \"Jury du dimanche\" ce 31 ao\u00fbt, il a regrett\u00e9 l\u2019absence de structures capables d\u2019accompagner les jeunes S\u00e9n\u00e9galais d\u00e9sireux de voyager.<\/strong><\/p>\n<p>Selon lui, si l\u2019\u00c9tat a mis en place des strat\u00e9gies pour lutter contre ce ph\u00e9nom\u00e8ne, il reste encore un vide \u00e0 combler.<\/p>\n<p>\u200e\"<em>L'\u00c9tat du S\u00e9n\u00e9gal, \u00e0 travers la Primature, a mis en place une strat\u00e9gie nationale de lutte contre la migration irr\u00e9guli\u00e8re, actuellement suivie par le Premier ministre. Il y a aussi tout un dispositif mis en place par le DNLT pour dissuader et poursuivre les trafiquants, mais cela ne suffit pas. D\u2019abord, il faut \u00eatre conscient et sensibiliser de fa\u00e7on vraie et juste sur les motivations qui poussent les jeunes \u00e0 partir<\/em>\", a d\u00e9clar\u00e9 Souleymane Diallo.<\/p>\n<p>Il insiste sur une r\u00e9alit\u00e9 souvent n\u00e9glig\u00e9e : \"<em>La premi\u00e8re chose que nous avons analys\u00e9e et mise sur la table, est que nos jeunes veulent voyager. Gouvernants, acteurs, journalistes, nous devons tous en \u00eatre conscients. Aujourd\u2019hui, je le dis et je le r\u00e9p\u00e8te : il n\u2019existe aucune structure au S\u00e9n\u00e9gal qui accompagne la migration de nos jeunes. Comment peut-on avoir 59 400 demandes de jeunes pr\u00eats \u00e0 partir, \u00e0 investir leurs propres moyens pour voyager, alors que l\u2019\u00c9tat ne les accompagne pas dans ce processus ?<\/em> \"<\/p>\n<p><strong>Encadrer par la loi<\/strong><\/p>\n<p>Souleymane Diallo reconna\u00eet l\u2019existence de dispositifs d\u2019accompagnement li\u00e9s au retour, \u00e0 l\u2019orientation ou \u00e0 la sensibilisation, mais souligne que rien n\u2019est pr\u00e9vu pour ceux qui souhaitent partir l\u00e9galement.<\/p>\n<p>Pour y rem\u00e9dier, il propose un changement de paradigme : \"<em>Dans un premier temps, il faut encadrer la migration par une loi. Au-del\u00e0 des strat\u00e9gies nationales de lutte contre la migration irr\u00e9guli\u00e8re, il est urgent de mettre en place un cadre l\u00e9gal ainsi que des structures capables d\u2019accompagner nos jeunes dans leur projet de voyage<\/em>\", a-t-il sugg\u00e9r\u00e9.<\/p>\n<div class='share-to-whatsapp-wrapper'><div class='share-on-whsp'>PARTAGER SUR : <\/div><a data-text='MIGRATION R\u00c9GULI\u00c8RE \u2013 Souleymane Diallo d\u00e9plore l\u2019absence de structures d\u2019accompagnement' data-link='https:\/\/www.nettali.com\/2025\/09\/01\/migration-reguliere-souleymane-diallo-deplore-labsence-de-structures-daccompagnement\/' class='whatsapp-button whatsapp-share'>WhatsApp<\/a><div class='clear '><\/div><\/div>","protected":false},"excerpt":{"rendered":"<p>NETTALI.COM - \u200eLe pr\u00e9sident de l\u2019ONG Otra Africa, Souleymane Diallo, estime qu\u2019il est temps d\u2019encadrer la migration par une loi. Invit\u00e9 de l\u2019\u00e9mission \"Jury du dimanche\" ce 31 ao\u00fbt, il a regrett\u00e9 l\u2019absence de structures capables d\u2019accompagner les jeunes S\u00e9n\u00e9galais d\u00e9sireux de voyager. Selon lui, si l\u2019\u00c9tat a mis en place des strat\u00e9gies pour lutter [&hellip;]<\/p>\n","protected":false},"author":5,"featured_media":160454,"comment_status":"open","ping_status":"open","sticky":false,"template":"","format":"standard","meta":{"_et_pb_use_builder":"","_et_pb_old_content":""},"categories":[3],"tags":[],"yoast_head":"<!-- This site is optimized with the Yoast SEO Premium plugin v17.8 (Yoast SEO v17.8) - https:\/\/yoast.com\/wordpress\/plugins\/seo\/ -->\n<title>MIGRATION R\u00c9GULI\u00c8RE \u2013 Souleymane Diallo d\u00e9plore l\u2019absence de structures d\u2019accompagnement | Nettali.com<\/title>\n<meta name=\"robots\" content=\"index, follow, max-snippet:-1, max-image-preview:large, max-video-preview:-1\" \/>\n<link rel=\"canonical\" href=\"https:\/\/www.nettali.com\/2025\/09\/01\/migration-reguliere-souleymane-diallo-deplore-labsence-de-structures-daccompagnement\/\" \/>\n<meta property=\"og:locale\" content=\"fr_FR\" \/>\n<meta property=\"og:type\" content=\"article\" \/>\n<meta property=\"og:title\" content=\"MIGRATION R\u00c9GULI\u00c8RE \u2013 Souleymane Diallo d\u00e9plore l\u2019absence de structures d\u2019accompagnement\" \/>\n<meta property=\"og:description\" content=\"NETTALI.COM - \u200eLe pr\u00e9sident de l\u2019ONG Otra Africa, Souleymane Diallo, estime qu\u2019il est temps d\u2019encadrer la migration par une loi. Invit\u00e9 de l\u2019\u00e9mission &quot;Jury du dimanche&quot; ce 31 ao\u00fbt, il a regrett\u00e9 l\u2019absence de structures capables d\u2019accompagner les jeunes S\u00e9n\u00e9galais d\u00e9sireux de voyager. Selon lui, si l\u2019\u00c9tat a mis en place des strat\u00e9gies pour lutter [&hellip;]\" \/>\n<meta property=\"og:url\" content=\"https:\/\/www.nettali.com\/2025\/09\/01\/migration-reguliere-souleymane-diallo-deplore-labsence-de-structures-daccompagnement\/\" \/>\n<meta property=\"og:site_name\" content=\"Nettali.com\" \/>\n<meta property=\"article:publisher\" content=\"https:\/\/www.facebook.com\/nettalicom\" \/>\n<meta property=\"article:published_time\" content=\"2025-09-01T11:00:09+00:00\" \/>\n<meta property=\"article:modified_time\" content=\"2025-09-01T06:56:25+00:00\" \/>\n<meta property=\"og:image\" content=\"https:\/\/www.nettali.com\/wp-content\/uploads\/2025\/08\/87643412-62147090.png\" \/>\n\t<meta property=\"og:image:width\" content=\"1154\" \/>\n\t<meta property=\"og:image:height\" content=\"722\" \/>\n<meta name=\"twitter:card\" content=\"summary_large_image\" \/>\n<meta name=\"twitter:label1\" content=\"\u00c9crit par\" \/>\n\t<meta name=\"twitter:data1\" content=\"Ibrahima\" \/>\n\t<meta name=\"twitter:label2\" content=\"Dur\u00e9e de lecture estim\u00e9e\" \/>\n\t<meta name=\"twitter:data2\" content=\"2 minutes\" \/>\n<script type=\"application\/ld+json\" class=\"yoast-schema-graph\">{\"@context\":\"https:\/\/schema.org\",\"@graph\":[{\"@type\":\"WebSite\",\"@id\":\"https:\/\/www.nettali.com\/#website\",\"url\":\"https:\/\/www.nettali.com\/\",\"name\":\"Nettali.com\",\"description\":\"Le rendez-vous critique du Net\",\"potentialAction\":[{\"@type\":\"SearchAction\",\"target\":{\"@type\":\"EntryPoint\",\"urlTemplate\":\"https:\/\/www.nettali.com\/?s={search_term_string}\"},\"query-input\":\"required name=search_term_string\"}],\"inLanguage\":\"fr-FR\"},{\"@type\":\"ImageObject\",\"@id\":\"https:\/\/www.nettali.com\/2025\/09\/01\/migration-reguliere-souleymane-diallo-deplore-labsence-de-structures-daccompagnement\/#primaryimage\",\"inLanguage\":\"fr-FR\",\"url\":\"https:\/\/www.nettali.com\/wp-content\/uploads\/2025\/08\/87643412-62147090.png\",\"contentUrl\":\"https:\/\/www.nettali.com\/wp-content\/uploads\/2025\/08\/87643412-62147090.png\",\"width\":1154,\"height\":722},{\"@type\":\"WebPage\",\"@id\":\"https:\/\/www.nettali.com\/2025\/09\/01\/migration-reguliere-souleymane-diallo-deplore-labsence-de-structures-daccompagnement\/#webpage\",\"url\":\"https:\/\/www.nettali.com\/2025\/09\/01\/migration-reguliere-souleymane-diallo-deplore-labsence-de-structures-daccompagnement\/\",\"name\":\"MIGRATION R\\u00c9GULI\\u00c8RE \\u2013 Souleymane Diallo d\\u00e9plore l\\u2019absence de structures d\\u2019accompagnement | Nettali.com\",\"isPartOf\":{\"@id\":\"https:\/\/www.nettali.com\/#website\"},\"primaryImageOfPage\":{\"@id\":\"https:\/\/www.nettali.com\/2025\/09\/01\/migration-reguliere-souleymane-diallo-deplore-labsence-de-structures-daccompagnement\/#primaryimage\"},\"datePublished\":\"2025-09-01T11:00:09+00:00\",\"dateModified\":\"2025-09-01T06:56:25+00:00\",\"author\":{\"@id\":\"https:\/\/www.nettali.com\/#\/schema\/person\/bb147657c2986240405a608162b9bb23\"},\"breadcrumb\":{\"@id\":\"https:\/\/www.nettali.com\/2025\/09\/01\/migration-reguliere-souleymane-diallo-deplore-labsence-de-structures-daccompagnement\/#breadcrumb\"},\"inLanguage\":\"fr-FR\",\"potentialAction\":[{\"@type\":\"ReadAction\",\"target\":[\"https:\/\/www.nettali.com\/2025\/09\/01\/migration-reguliere-souleymane-diallo-deplore-labsence-de-structures-daccompagnement\/\"]}]},{\"@type\":\"BreadcrumbList\",\"@id\":\"https:\/\/www.nettali.com\/2025\/09\/01\/migration-reguliere-souleymane-diallo-deplore-labsence-de-structures-daccompagnement\/#breadcrumb\",\"itemListElement\":[{\"@type\":\"ListItem\",\"position\":1,\"name\":\"Accueil\",\"item\":\"https:\/\/www.nettali.com\/\"},{\"@type\":\"ListItem\",\"position\":2,\"name\":\"MIGRATION R\\u00c9GULI\\u00c8RE \\u2013 Souleymane Diallo d\\u00e9plore l\\u2019absence de structures d\\u2019accompagnement\"}]},{\"@type\":\"Person\",\"@id\":\"https:\/\/www.nettali.com\/#\/schema\/person\/bb147657c2986240405a608162b9bb23\",\"name\":\"Ibrahima\",\"image\":{\"@type\":\"ImageObject\",\"@id\":\"https:\/\/www.nettali.com\/#personlogo\",\"inLanguage\":\"fr-FR\",\"url\":\"https:\/\/secure.gravatar.com\/avatar\/26a8a81f09f0dd7624c9d5c36c9ba3a2?s=96&d=mm&r=g\",\"contentUrl\":\"https:\/\/secure.gravatar.com\/avatar\/26a8a81f09f0dd7624c9d5c36c9ba3a2?s=96&d=mm&r=g\",\"caption\":\"Ibrahima\"},\"sameAs\":[\"https:\/\/www.nettali.com\"]}]}<\/script>\n<!-- \/ Yoast SEO Premium plugin. -->","yoast_head_json":{"title":"MIGRATION R\u00c9GULI\u00c8RE \u2013 Souleymane Diallo d\u00e9plore l\u2019absence de structures d\u2019accompagnement | Nettali.com","robots":{"index":"index","follow":"follow","max-snippet":"max-snippet:-1","max-image-preview":"max-image-preview:large","max-video-preview":"max-video-preview:-1"},"canonical":"https:\/\/www.nettali.com\/2025\/09\/01\/migration-reguliere-souleymane-diallo-deplore-labsence-de-structures-daccompagnement\/","og_locale":"fr_FR","og_type":"article","og_title":"MIGRATION R\u00c9GULI\u00c8RE \u2013 Souleymane Diallo d\u00e9plore l\u2019absence de structures d\u2019accompagnement","og_description":"NETTALI.COM - \u200eLe pr\u00e9sident de l\u2019ONG Otra Africa, Souleymane Diallo, estime qu\u2019il est temps d\u2019encadrer la migration par une loi. Invit\u00e9 de l\u2019\u00e9mission \"Jury du dimanche\" ce 31 ao\u00fbt, il a regrett\u00e9 l\u2019absence de structures capables d\u2019accompagner les jeunes S\u00e9n\u00e9galais d\u00e9sireux de voyager. Selon lui, si l\u2019\u00c9tat a mis en place des strat\u00e9gies pour lutter [&hellip;]","og_url":"https:\/\/www.nettali.com\/2025\/09\/01\/migration-reguliere-souleymane-diallo-deplore-labsence-de-structures-daccompagnement\/","og_site_name":"Nettali.com","article_publisher":"https:\/\/www.facebook.com\/nettalicom","article_published_time":"2025-09-01T11:00:09+00:00","article_modified_time":"2025-09-01T06:56:25+00:00","og_image":[{"width":1154,"height":722,"url":"https:\/\/www.nettali.com\/wp-content\/uploads\/2025\/08\/87643412-62147090.png","type":"image\/png"}],"twitter_card":"summary_large_image","twitter_misc":{"\u00c9crit par":"Ibrahima","Dur\u00e9e de lecture estim\u00e9e":"2 minutes"},"schema":{"@context":"https:\/\/schema.org","@graph":[{"@type":"WebSite","@id":"https:\/\/www.nettali.com\/#website","url":"https:\/\/www.nettali.com\/","name":"Nettali.com","description":"Le rendez-vous critique du Net","potentialAction":[{"@type":"SearchAction","target":{"@type":"EntryPoint","urlTemplate":"https:\/\/www.nettali.com\/?s={search_term_string}"},"query-input":"required name=search_term_string"}],"inLanguage":"fr-FR"},{"@type":"ImageObject","@id":"https:\/\/www.nettali.com\/2025\/09\/01\/migration-reguliere-souleymane-diallo-deplore-labsence-de-structures-daccompagnement\/#primaryimage","inLanguage":"fr-FR","url":"https:\/\/www.nettali.com\/wp-content\/uploads\/2025\/08\/87643412-62147090.png","contentUrl":"https:\/\/www.nettali.com\/wp-content\/uploads\/2025\/08\/87643412-62147090.png","width":1154,"height":722},{"@type":"WebPage","@id":"https:\/\/www.nettali.com\/2025\/09\/01\/migration-reguliere-souleymane-diallo-deplore-labsence-de-structures-daccompagnement\/#webpage","url":"https:\/\/www.nettali.com\/2025\/09\/01\/migration-reguliere-souleymane-diallo-deplore-labsence-de-structures-daccompagnement\/","name":"MIGRATION R\u00c9GULI\u00c8RE \u2013 Souleymane Diallo d\u00e9plore l\u2019absence de structures d\u2019accompagnement | Nettali.com","isPartOf":{"@id":"https:\/\/www.nettali.com\/#website"},"primaryImageOfPage":{"@id":"https:\/\/www.nettali.com\/2025\/09\/01\/migration-reguliere-souleymane-diallo-deplore-labsence-de-structures-daccompagnement\/#primaryimage"},"datePublished":"2025-09-01T11:00:09+00:00","dateModified":"2025-09-01T06:56:25+00:00","author":{"@id":"https:\/\/www.nettali.com\/#\/schema\/person\/bb147657c2986240405a608162b9bb23"},"breadcrumb":{"@id":"https:\/\/www.nettali.com\/2025\/09\/01\/migration-reguliere-souleymane-diallo-deplore-labsence-de-structures-daccompagnement\/#breadcrumb"},"inLanguage":"fr-FR","potentialAction":[{"@type":"ReadAction","target":["https:\/\/www.nettali.com\/2025\/09\/01\/migration-reguliere-souleymane-diallo-deplore-labsence-de-structures-daccompagnement\/"]}]},{"@type":"BreadcrumbList","@id":"https:\/\/www.nettali.com\/2025\/09\/01\/migration-reguliere-souleymane-diallo-deplore-labsence-de-structures-daccompagnement\/#breadcrumb","itemListElement":[{"@type":"ListItem","position":1,"name":"Accueil","item":"https:\/\/www.nettali.com\/"},{"@type":"ListItem","position":2,"name":"MIGRATION R\u00c9GULI\u00c8RE \u2013 Souleymane Diallo d\u00e9plore l\u2019absence de structures d\u2019accompagnement"}]},{"@type":"Person","@id":"https:\/\/www.nettali.com\/#\/schema\/person\/bb147657c2986240405a608162b9bb23","name":"Ibrahima","image":{"@type":"ImageObject","@id":"https:\/\/www.nettali.com\/#personlogo","inLanguage":"fr-FR","url":"https:\/\/secure.gravatar.com\/avatar\/26a8a81f09f0dd7624c9d5c36c9ba3a2?s=96&d=mm&r=g","contentUrl":"https:\/\/secure.gravatar.com\/avatar\/26a8a81f09f0dd7624c9d5c36c9ba3a2?s=96&d=mm&r=g","caption":"Ibrahima"},"sameAs":["https:\/\/www.nettali.com"]}]}},"_links":{"self":[{"href":"https:\/\/www.nettali.com\/rest\/wp\/v2\/posts\/160458"}],"collection":[{"href":"https:\/\/www.nettali.com\/rest\/wp\/v2\/posts"}],"about":[{"href":"https:\/\/www.nettali.com\/rest\/wp\/v2\/types\/post"}],"author":[{"embeddable":true,"href":"https:\/\/www.nettali.com\/rest\/wp\/v2\/users\/5"}],"replies":[{"embeddable":true,"href":"https:\/\/www.nettali.com\/rest\/wp\/v2\/comments?post=160458"}],"version-history":[{"count":3,"href":"https:\/\/www.nettali.com\/rest\/wp\/v2\/posts\/160458\/revisions"}],"predecessor-version":[{"id":160465,"href":"https:\/\/www.nettali.com\/rest\/wp\/v2\/posts\/160458\/revisions\/160465"}],"wp:featuredmedia":[{"embeddable":true,"href":"https:\/\/www.nettali.com\/rest\/wp\/v2\/media\/160454"}],"wp:attachment":[{"href":"https:\/\/www.nettali.com\/rest\/wp\/v2\/media?parent=160458"}],"wp:term":[{"taxonomy":"category","embeddable":true,"href":"https:\/\/www.nettali.com\/rest\/wp\/v2\/categories?post=160458"},{"taxonomy":"post_tag","embeddable":true,"href":"https:\/\/www.nettali.com\/rest\/wp\/v2\/tags?post=160458"}],"curies":[{"name":"wp","href":"https:\/\/api.w.org\/{rel}","templated":true}]}}