{"id":160445,"date":"2025-08-31T16:05:51","date_gmt":"2025-08-31T16:05:51","guid":{"rendered":"https:\/\/www.nettali.com\/?p=160445"},"modified":"2025-08-31T16:05:51","modified_gmt":"2025-08-31T16:05:51","slug":"plan-de-redressement-lex-patron-de-la-der-pape-amadou-sarr-met-en-garde-contre-les-nouvelles-taxes-annoncees","status":"publish","type":"post","link":"https:\/\/www.nettali.com\/2025\/08\/31\/plan-de-redressement-lex-patron-de-la-der-pape-amadou-sarr-met-en-garde-contre-les-nouvelles-taxes-annoncees\/","title":{"rendered":"PLAN DE REDRESSEMENT - L'ex-patron de la DER, Pape Amadou Sarr, met en garde contre les nouvelles taxes annonc\u00e9es"},"content":{"rendered":"<p data-start=\"215\" data-end=\"632\"><strong>NETTALI.COM - Invit\u00e9 de l\u2019\u00e9mission Grand Jury ce dimanche 31 ao\u00fbt 2025, Pape Amadou Sarr, ancien d\u00e9l\u00e9gu\u00e9 g\u00e9n\u00e9ral de la DER\/FJ et actuel directeur ex\u00e9cutif \u00e0 l\u2019Agence fran\u00e7aise de d\u00e9veloppement (AFD), s\u2019est prononc\u00e9 sur les nouvelles mesures fiscales envisag\u00e9es par le S\u00e9n\u00e9gal dans le cadre de son plan de redressement \u00e9conomique, alors que le pays n\u00e9gocie un nouveau programme avec le Fonds mon\u00e9taire international (FMI).<\/strong><\/p>\n<p data-start=\"686\" data-end=\"1004\">L\u2019\u00c9tat pr\u00e9voit d\u2019augmenter la fiscalit\u00e9 sur des secteurs comme les jeux de hasard, le tabac, les transferts \u00e9lectroniques et le foncier afin de mobiliser rapidement des ressources.<br data-start=\"870\" data-end=\"873\" \/>Si ces mesures pourraient donner des r\u00e9sultats imm\u00e9diats, Pape Amadou Sarr alerte sur leur faible soutenabilit\u00e9 \u00e0 long terme.<\/p>\n<p data-start=\"686\" data-end=\"1004\"><em>\u00ab On ne peut pas presser le citron ind\u00e9finiment. Ces taxes permettront de lever des fonds rapidement, mais elles risquent de d\u00e9courager la formalisation \u00bb<\/em>, a-t-il averti.<\/p>\n<p data-start=\"1228\" data-end=\"1324\">Selon lui, une fiscalit\u00e9 trop lourde, m\u00eame l\u00e9gitime, pourrait g\u00e9n\u00e9rer des effets pervers : augmentation de la fraude, expansion du secteur informel, d\u00e9localisation ou expatriation vers des pays \u00e0 fiscalit\u00e9 plus cl\u00e9mente. <em>\u00ab Une pression excessive trop rapide risque d\u2019encourager des comportements d\u2019\u00e9vitement \u00bb<\/em>, a-t-il expliqu\u00e9.<\/p>\n<p data-start=\"1617\" data-end=\"1957\">L\u2019ancien patron de la DER\/FJ plaide pour un \u00e9largissement graduel de l\u2019assiette fiscale et une int\u00e9gration progressive du secteur informel sur une p\u00e9riode de cinq \u00e0 six ans.<br data-start=\"1798\" data-end=\"1801\" \/>Il estime par ailleurs que l\u2019objectif gouvernemental de ramener le d\u00e9ficit budg\u00e9taire de 13 % \u00e0 3 % d\u2019ici 2027 est trop ambitieux et contraignant.<\/p>\n<p data-start=\"1959\" data-end=\"2161\">Pape Amadou Sarr appelle ainsi \u00e0 une strat\u00e9gie fiscale plus mesur\u00e9e et pragmatique, conciliant imp\u00e9ratifs de redressement budg\u00e9taire et n\u00e9cessit\u00e9 de pr\u00e9server l\u2019attractivit\u00e9 \u00e9conomique du S\u00e9n\u00e9gal.<\/p>\n<div class='share-to-whatsapp-wrapper'><div class='share-on-whsp'>PARTAGER SUR : <\/div><a data-text='PLAN DE REDRESSEMENT - L'ex-patron de la DER, Pape Amadou Sarr, met en garde contre les nouvelles taxes annonc\u00e9es' data-link='https:\/\/www.nettali.com\/2025\/08\/31\/plan-de-redressement-lex-patron-de-la-der-pape-amadou-sarr-met-en-garde-contre-les-nouvelles-taxes-annoncees\/' class='whatsapp-button whatsapp-share'>WhatsApp<\/a><div class='clear '><\/div><\/div>","protected":false},"excerpt":{"rendered":"<p>NETTALI.COM - Invit\u00e9 de l\u2019\u00e9mission Grand Jury ce dimanche 31 ao\u00fbt 2025, Pape Amadou Sarr, ancien d\u00e9l\u00e9gu\u00e9 g\u00e9n\u00e9ral de la DER\/FJ et actuel directeur ex\u00e9cutif \u00e0 l\u2019Agence fran\u00e7aise de d\u00e9veloppement (AFD), s\u2019est prononc\u00e9 sur les nouvelles mesures fiscales envisag\u00e9es par le S\u00e9n\u00e9gal dans le cadre de son plan de redressement \u00e9conomique, alors que le pays [&hellip;]<\/p>\n","protected":false},"author":4,"featured_media":160446,"comment_status":"open","ping_status":"open","sticky":false,"template":"","format":"standard","meta":{"_et_pb_use_builder":"","_et_pb_old_content":""},"categories":[4],"tags":[],"yoast_head":"<!-- This site is optimized with the Yoast SEO Premium plugin v17.8 (Yoast SEO v17.8) - https:\/\/yoast.com\/wordpress\/plugins\/seo\/ -->\n<title>PLAN DE REDRESSEMENT - L&#039;ex-patron de la DER, Pape Amadou Sarr, met en garde contre les nouvelles taxes annonc\u00e9es | Nettali.com<\/title>\n<meta name=\"robots\" content=\"index, follow, max-snippet:-1, max-image-preview:large, max-video-preview:-1\" \/>\n<link rel=\"canonical\" href=\"https:\/\/www.nettali.com\/2025\/08\/31\/plan-de-redressement-lex-patron-de-la-der-pape-amadou-sarr-met-en-garde-contre-les-nouvelles-taxes-annoncees\/\" \/>\n<meta property=\"og:locale\" content=\"fr_FR\" \/>\n<meta property=\"og:type\" content=\"article\" \/>\n<meta property=\"og:title\" content=\"PLAN DE REDRESSEMENT - L&#039;ex-patron de la DER, Pape Amadou Sarr, met en garde contre les nouvelles taxes annonc\u00e9es\" \/>\n<meta property=\"og:description\" content=\"NETTALI.COM - Invit\u00e9 de l\u2019\u00e9mission Grand Jury ce dimanche 31 ao\u00fbt 2025, Pape Amadou Sarr, ancien d\u00e9l\u00e9gu\u00e9 g\u00e9n\u00e9ral de la DER\/FJ et actuel directeur ex\u00e9cutif \u00e0 l\u2019Agence fran\u00e7aise de d\u00e9veloppement (AFD), s\u2019est prononc\u00e9 sur les nouvelles mesures fiscales envisag\u00e9es par le S\u00e9n\u00e9gal dans le cadre de son plan de redressement \u00e9conomique, alors que le pays [&hellip;]\" \/>\n<meta property=\"og:url\" content=\"https:\/\/www.nettali.com\/2025\/08\/31\/plan-de-redressement-lex-patron-de-la-der-pape-amadou-sarr-met-en-garde-contre-les-nouvelles-taxes-annoncees\/\" \/>\n<meta property=\"og:site_name\" content=\"Nettali.com\" \/>\n<meta property=\"article:publisher\" content=\"https:\/\/www.facebook.com\/nettalicom\" \/>\n<meta property=\"article:published_time\" content=\"2025-08-31T16:05:51+00:00\" \/>\n<meta property=\"og:image\" content=\"https:\/\/www.nettali.com\/wp-content\/uploads\/2025\/08\/Pape-Amadou-Sarr.jpg\" \/>\n\t<meta property=\"og:image:width\" content=\"755\" \/>\n\t<meta property=\"og:image:height\" content=\"449\" \/>\n<meta name=\"twitter:card\" content=\"summary_large_image\" \/>\n<meta name=\"twitter:label1\" content=\"\u00c9crit par\" \/>\n\t<meta name=\"twitter:data1\" content=\"Daouda\" \/>\n\t<meta name=\"twitter:label2\" content=\"Dur\u00e9e de lecture estim\u00e9e\" \/>\n\t<meta name=\"twitter:data2\" content=\"2 minutes\" \/>\n<script type=\"application\/ld+json\" class=\"yoast-schema-graph\">{\"@context\":\"https:\/\/schema.org\",\"@graph\":[{\"@type\":\"WebSite\",\"@id\":\"https:\/\/www.nettali.com\/#website\",\"url\":\"https:\/\/www.nettali.com\/\",\"name\":\"Nettali.com\",\"description\":\"Le rendez-vous critique du Net\",\"potentialAction\":[{\"@type\":\"SearchAction\",\"target\":{\"@type\":\"EntryPoint\",\"urlTemplate\":\"https:\/\/www.nettali.com\/?s={search_term_string}\"},\"query-input\":\"required name=search_term_string\"}],\"inLanguage\":\"fr-FR\"},{\"@type\":\"ImageObject\",\"@id\":\"https:\/\/www.nettali.com\/2025\/08\/31\/plan-de-redressement-lex-patron-de-la-der-pape-amadou-sarr-met-en-garde-contre-les-nouvelles-taxes-annoncees\/#primaryimage\",\"inLanguage\":\"fr-FR\",\"url\":\"https:\/\/www.nettali.com\/wp-content\/uploads\/2025\/08\/Pape-Amadou-Sarr.jpg\",\"contentUrl\":\"https:\/\/www.nettali.com\/wp-content\/uploads\/2025\/08\/Pape-Amadou-Sarr.jpg\",\"width\":755,\"height\":449},{\"@type\":\"WebPage\",\"@id\":\"https:\/\/www.nettali.com\/2025\/08\/31\/plan-de-redressement-lex-patron-de-la-der-pape-amadou-sarr-met-en-garde-contre-les-nouvelles-taxes-annoncees\/#webpage\",\"url\":\"https:\/\/www.nettali.com\/2025\/08\/31\/plan-de-redressement-lex-patron-de-la-der-pape-amadou-sarr-met-en-garde-contre-les-nouvelles-taxes-annoncees\/\",\"name\":\"PLAN DE REDRESSEMENT - L'ex-patron de la DER, Pape Amadou Sarr, met en garde contre les nouvelles taxes annonc\\u00e9es | Nettali.com\",\"isPartOf\":{\"@id\":\"https:\/\/www.nettali.com\/#website\"},\"primaryImageOfPage\":{\"@id\":\"https:\/\/www.nettali.com\/2025\/08\/31\/plan-de-redressement-lex-patron-de-la-der-pape-amadou-sarr-met-en-garde-contre-les-nouvelles-taxes-annoncees\/#primaryimage\"},\"datePublished\":\"2025-08-31T16:05:51+00:00\",\"dateModified\":\"2025-08-31T16:05:51+00:00\",\"author\":{\"@id\":\"https:\/\/www.nettali.com\/#\/schema\/person\/3317e0bb3aa1da309fbf7b2780901bf4\"},\"breadcrumb\":{\"@id\":\"https:\/\/www.nettali.com\/2025\/08\/31\/plan-de-redressement-lex-patron-de-la-der-pape-amadou-sarr-met-en-garde-contre-les-nouvelles-taxes-annoncees\/#breadcrumb\"},\"inLanguage\":\"fr-FR\",\"potentialAction\":[{\"@type\":\"ReadAction\",\"target\":[\"https:\/\/www.nettali.com\/2025\/08\/31\/plan-de-redressement-lex-patron-de-la-der-pape-amadou-sarr-met-en-garde-contre-les-nouvelles-taxes-annoncees\/\"]}]},{\"@type\":\"BreadcrumbList\",\"@id\":\"https:\/\/www.nettali.com\/2025\/08\/31\/plan-de-redressement-lex-patron-de-la-der-pape-amadou-sarr-met-en-garde-contre-les-nouvelles-taxes-annoncees\/#breadcrumb\",\"itemListElement\":[{\"@type\":\"ListItem\",\"position\":1,\"name\":\"Accueil\",\"item\":\"https:\/\/www.nettali.com\/\"},{\"@type\":\"ListItem\",\"position\":2,\"name\":\"PLAN DE REDRESSEMENT - L'ex-patron de la DER, Pape Amadou Sarr, met en garde contre les nouvelles taxes annonc\\u00e9es\"}]},{\"@type\":\"Person\",\"@id\":\"https:\/\/www.nettali.com\/#\/schema\/person\/3317e0bb3aa1da309fbf7b2780901bf4\",\"name\":\"Daouda\",\"image\":{\"@type\":\"ImageObject\",\"@id\":\"https:\/\/www.nettali.com\/#personlogo\",\"inLanguage\":\"fr-FR\",\"url\":\"https:\/\/secure.gravatar.com\/avatar\/8d143b5a49345098ddcfee1c49c2f47c?s=96&d=mm&r=g\",\"contentUrl\":\"https:\/\/secure.gravatar.com\/avatar\/8d143b5a49345098ddcfee1c49c2f47c?s=96&d=mm&r=g\",\"caption\":\"Daouda\"},\"sameAs\":[\"https:\/\/www.nettali.com\"]}]}<\/script>\n<!-- \/ Yoast SEO Premium plugin. -->","yoast_head_json":{"title":"PLAN DE REDRESSEMENT - L'ex-patron de la DER, Pape Amadou Sarr, met en garde contre les nouvelles taxes annonc\u00e9es | Nettali.com","robots":{"index":"index","follow":"follow","max-snippet":"max-snippet:-1","max-image-preview":"max-image-preview:large","max-video-preview":"max-video-preview:-1"},"canonical":"https:\/\/www.nettali.com\/2025\/08\/31\/plan-de-redressement-lex-patron-de-la-der-pape-amadou-sarr-met-en-garde-contre-les-nouvelles-taxes-annoncees\/","og_locale":"fr_FR","og_type":"article","og_title":"PLAN DE REDRESSEMENT - L'ex-patron de la DER, Pape Amadou Sarr, met en garde contre les nouvelles taxes annonc\u00e9es","og_description":"NETTALI.COM - Invit\u00e9 de l\u2019\u00e9mission Grand Jury ce dimanche 31 ao\u00fbt 2025, Pape Amadou Sarr, ancien d\u00e9l\u00e9gu\u00e9 g\u00e9n\u00e9ral de la DER\/FJ et actuel directeur ex\u00e9cutif \u00e0 l\u2019Agence fran\u00e7aise de d\u00e9veloppement (AFD), s\u2019est prononc\u00e9 sur les nouvelles mesures fiscales envisag\u00e9es par le S\u00e9n\u00e9gal dans le cadre de son plan de redressement \u00e9conomique, alors que le pays [&hellip;]","og_url":"https:\/\/www.nettali.com\/2025\/08\/31\/plan-de-redressement-lex-patron-de-la-der-pape-amadou-sarr-met-en-garde-contre-les-nouvelles-taxes-annoncees\/","og_site_name":"Nettali.com","article_publisher":"https:\/\/www.facebook.com\/nettalicom","article_published_time":"2025-08-31T16:05:51+00:00","og_image":[{"width":755,"height":449,"url":"https:\/\/www.nettali.com\/wp-content\/uploads\/2025\/08\/Pape-Amadou-Sarr.jpg","type":"image\/jpeg"}],"twitter_card":"summary_large_image","twitter_misc":{"\u00c9crit par":"Daouda","Dur\u00e9e de lecture estim\u00e9e":"2 minutes"},"schema":{"@context":"https:\/\/schema.org","@graph":[{"@type":"WebSite","@id":"https:\/\/www.nettali.com\/#website","url":"https:\/\/www.nettali.com\/","name":"Nettali.com","description":"Le rendez-vous critique du Net","potentialAction":[{"@type":"SearchAction","target":{"@type":"EntryPoint","urlTemplate":"https:\/\/www.nettali.com\/?s={search_term_string}"},"query-input":"required name=search_term_string"}],"inLanguage":"fr-FR"},{"@type":"ImageObject","@id":"https:\/\/www.nettali.com\/2025\/08\/31\/plan-de-redressement-lex-patron-de-la-der-pape-amadou-sarr-met-en-garde-contre-les-nouvelles-taxes-annoncees\/#primaryimage","inLanguage":"fr-FR","url":"https:\/\/www.nettali.com\/wp-content\/uploads\/2025\/08\/Pape-Amadou-Sarr.jpg","contentUrl":"https:\/\/www.nettali.com\/wp-content\/uploads\/2025\/08\/Pape-Amadou-Sarr.jpg","width":755,"height":449},{"@type":"WebPage","@id":"https:\/\/www.nettali.com\/2025\/08\/31\/plan-de-redressement-lex-patron-de-la-der-pape-amadou-sarr-met-en-garde-contre-les-nouvelles-taxes-annoncees\/#webpage","url":"https:\/\/www.nettali.com\/2025\/08\/31\/plan-de-redressement-lex-patron-de-la-der-pape-amadou-sarr-met-en-garde-contre-les-nouvelles-taxes-annoncees\/","name":"PLAN DE REDRESSEMENT - L'ex-patron de la DER, Pape Amadou Sarr, met en garde contre les nouvelles taxes annonc\u00e9es | Nettali.com","isPartOf":{"@id":"https:\/\/www.nettali.com\/#website"},"primaryImageOfPage":{"@id":"https:\/\/www.nettali.com\/2025\/08\/31\/plan-de-redressement-lex-patron-de-la-der-pape-amadou-sarr-met-en-garde-contre-les-nouvelles-taxes-annoncees\/#primaryimage"},"datePublished":"2025-08-31T16:05:51+00:00","dateModified":"2025-08-31T16:05:51+00:00","author":{"@id":"https:\/\/www.nettali.com\/#\/schema\/person\/3317e0bb3aa1da309fbf7b2780901bf4"},"breadcrumb":{"@id":"https:\/\/www.nettali.com\/2025\/08\/31\/plan-de-redressement-lex-patron-de-la-der-pape-amadou-sarr-met-en-garde-contre-les-nouvelles-taxes-annoncees\/#breadcrumb"},"inLanguage":"fr-FR","potentialAction":[{"@type":"ReadAction","target":["https:\/\/www.nettali.com\/2025\/08\/31\/plan-de-redressement-lex-patron-de-la-der-pape-amadou-sarr-met-en-garde-contre-les-nouvelles-taxes-annoncees\/"]}]},{"@type":"BreadcrumbList","@id":"https:\/\/www.nettali.com\/2025\/08\/31\/plan-de-redressement-lex-patron-de-la-der-pape-amadou-sarr-met-en-garde-contre-les-nouvelles-taxes-annoncees\/#breadcrumb","itemListElement":[{"@type":"ListItem","position":1,"name":"Accueil","item":"https:\/\/www.nettali.com\/"},{"@type":"ListItem","position":2,"name":"PLAN DE REDRESSEMENT - L'ex-patron de la DER, Pape Amadou Sarr, met en garde contre les nouvelles taxes annonc\u00e9es"}]},{"@type":"Person","@id":"https:\/\/www.nettali.com\/#\/schema\/person\/3317e0bb3aa1da309fbf7b2780901bf4","name":"Daouda","image":{"@type":"ImageObject","@id":"https:\/\/www.nettali.com\/#personlogo","inLanguage":"fr-FR","url":"https:\/\/secure.gravatar.com\/avatar\/8d143b5a49345098ddcfee1c49c2f47c?s=96&d=mm&r=g","contentUrl":"https:\/\/secure.gravatar.com\/avatar\/8d143b5a49345098ddcfee1c49c2f47c?s=96&d=mm&r=g","caption":"Daouda"},"sameAs":["https:\/\/www.nettali.com"]}]}},"_links":{"self":[{"href":"https:\/\/www.nettali.com\/rest\/wp\/v2\/posts\/160445"}],"collection":[{"href":"https:\/\/www.nettali.com\/rest\/wp\/v2\/posts"}],"about":[{"href":"https:\/\/www.nettali.com\/rest\/wp\/v2\/types\/post"}],"author":[{"embeddable":true,"href":"https:\/\/www.nettali.com\/rest\/wp\/v2\/users\/4"}],"replies":[{"embeddable":true,"href":"https:\/\/www.nettali.com\/rest\/wp\/v2\/comments?post=160445"}],"version-history":[{"count":1,"href":"https:\/\/www.nettali.com\/rest\/wp\/v2\/posts\/160445\/revisions"}],"predecessor-version":[{"id":160447,"href":"https:\/\/www.nettali.com\/rest\/wp\/v2\/posts\/160445\/revisions\/160447"}],"wp:featuredmedia":[{"embeddable":true,"href":"https:\/\/www.nettali.com\/rest\/wp\/v2\/media\/160446"}],"wp:attachment":[{"href":"https:\/\/www.nettali.com\/rest\/wp\/v2\/media?parent=160445"}],"wp:term":[{"taxonomy":"category","embeddable":true,"href":"https:\/\/www.nettali.com\/rest\/wp\/v2\/categories?post=160445"},{"taxonomy":"post_tag","embeddable":true,"href":"https:\/\/www.nettali.com\/rest\/wp\/v2\/tags?post=160445"}],"curies":[{"name":"wp","href":"https:\/\/api.w.org\/{rel}","templated":true}]}}