{"id":160442,"date":"2025-08-31T15:46:10","date_gmt":"2025-08-31T15:46:10","guid":{"rendered":"https:\/\/www.nettali.com\/?p=160442"},"modified":"2025-09-03T00:25:18","modified_gmt":"2025-09-03T00:25:18","slug":"souleymane-aliou-diallo-on-est-passe-de-france-degage-a-jinvite-la-france","status":"publish","type":"post","link":"https:\/\/www.nettali.com\/2025\/08\/31\/souleymane-aliou-diallo-on-est-passe-de-france-degage-a-jinvite-la-france\/","title":{"rendered":"SOULEYMANE ALIOU DIALLO : \"On est pass\u00e9 de France d\u00e9gage \u00e0 J\u2019invite la France\""},"content":{"rendered":"<p data-start=\"180\" data-end=\"445\"><strong>NETTALI.COM - Invit\u00e9 de l\u2019\u00e9mission \"Jury du dimanche\" sur iRadio, Souleymane Aliou Diallo, responsable de l\u2019ONG Autra-Afrique, a livr\u00e9 son analyse sur la r\u00e9cente visite du pr\u00e9sident de la R\u00e9publique en France et les enjeux diplomatiques et \u00e9conomiques qui en d\u00e9coulent.<\/strong><\/p>\n<p data-start=\"447\" data-end=\"835\">Selon lui, cette d\u00e9marche marque un tournant dans les relations entre Dakar et Paris. <em>\u00ab C\u2019est une bonne nouvelle, apr\u00e8s un an et huit mois d\u2019exercice, et m\u00eame apr\u00e8s le d\u00e9part des bases militaires fran\u00e7aises du S\u00e9n\u00e9gal. Aujourd\u2019hui, le pr\u00e9sident a tendu la main aux investisseurs fran\u00e7ais. Le S\u00e9n\u00e9gal est un pays stable, avec un climat favorable \u00e0 l\u2019investissement \u00bb<\/em>, a-t-il d\u00e9clar\u00e9.<\/p>\n<p data-start=\"863\" data-end=\"1244\">Pour l\u2019analyste, cette \u00e9volution traduit le pragmatisme de l\u2019\u00c9tat s\u00e9n\u00e9galais. <em>\u00ab Quand on disait France d\u00e9gage, cela a \u00e9volu\u00e9. Aujourd\u2019hui, nous invitons la France. On a fait quitter les bases militaires fran\u00e7aises pour n\u00e9gocier des partenariats de d\u00e9fense et autres. L\u2019\u00c9tat fait face \u00e0 la r\u00e9alit\u00e9 de la gestion d\u2019un pays. Et c\u2019est important de l\u2019accepter \u00bb<\/em>, a-t-il insist\u00e9.<\/p>\n<p data-start=\"1290\" data-end=\"1703\">Souleymane Aliou Diallo a \u00e9galement rappel\u00e9 la profondeur historique des relations s\u00e9n\u00e9galo-fran\u00e7aises : de l\u2019esclavage \u00e0 l\u2019occupation coloniale, en passant par l\u2019ind\u00e9pendance, un lien persistant a toujours exist\u00e9. <em>\u00ab M\u00eame sur le plan affectif, il y a un attachement. Ce lien doit \u00eatre embelli et am\u00e9lior\u00e9. La France doit rester un partenaire sur le plan \u00e9conomique, financier et mon\u00e9taire \u00bb<\/em>, a-t-il affirm\u00e9.<\/p>\n<p data-start=\"1735\" data-end=\"2084\">L\u2019invit\u00e9 a toutefois mis en avant certaines dol\u00e9ances concr\u00e8tes, notamment la question des visas. <em>\u00ab Il y a des probl\u00e8mes avec la soci\u00e9t\u00e9 prestataire et le consulat de France. Cela doit \u00eatre corrig\u00e9. Le gouvernement s\u00e9n\u00e9galais doit en discuter avec Paris, de mani\u00e8re diplomatique, lors du prochain s\u00e9minaire gouvernemental \u00bb<\/em>, a-t-il recommand\u00e9.<\/p>\n<p data-start=\"2120\" data-end=\"2347\">En conclusion, Souleymane Aliou Diallo a r\u00e9sum\u00e9 son propos par une formule forte : <em>\u00ab On est pass\u00e9 de France d\u00e9gage \u00e0 J\u2019invite la France. C\u2019est une \u00e9volution qui refl\u00e8te le r\u00e9alisme et la maturit\u00e9 politique du S\u00e9n\u00e9gal. \u00bb<\/em><\/p>\n<div class='share-to-whatsapp-wrapper'><div class='share-on-whsp'>PARTAGER SUR : <\/div><a data-text='SOULEYMANE ALIOU DIALLO : \"On est pass\u00e9 de France d\u00e9gage \u00e0 J\u2019invite la France\"' data-link='https:\/\/www.nettali.com\/2025\/08\/31\/souleymane-aliou-diallo-on-est-passe-de-france-degage-a-jinvite-la-france\/' class='whatsapp-button whatsapp-share'>WhatsApp<\/a><div class='clear '><\/div><\/div>","protected":false},"excerpt":{"rendered":"<p>NETTALI.COM - Invit\u00e9 de l\u2019\u00e9mission \"Jury du dimanche\" sur iRadio, Souleymane Aliou Diallo, responsable de l\u2019ONG Autra-Afrique, a livr\u00e9 son analyse sur la r\u00e9cente visite du pr\u00e9sident de la R\u00e9publique en France et les enjeux diplomatiques et \u00e9conomiques qui en d\u00e9coulent. Selon lui, cette d\u00e9marche marque un tournant dans les relations entre Dakar et Paris. [&hellip;]<\/p>\n","protected":false},"author":4,"featured_media":160443,"comment_status":"open","ping_status":"open","sticky":false,"template":"","format":"standard","meta":{"_et_pb_use_builder":"","_et_pb_old_content":""},"categories":[2],"tags":[],"yoast_head":"<!-- This site is optimized with the Yoast SEO Premium plugin v17.8 (Yoast SEO v17.8) - https:\/\/yoast.com\/wordpress\/plugins\/seo\/ -->\n<title>SOULEYMANE ALIOU DIALLO : &quot;On est pass\u00e9 de France d\u00e9gage \u00e0 J\u2019invite la France&quot; | Nettali.com<\/title>\n<meta name=\"robots\" content=\"index, follow, max-snippet:-1, max-image-preview:large, max-video-preview:-1\" \/>\n<link rel=\"canonical\" href=\"https:\/\/www.nettali.com\/2025\/08\/31\/souleymane-aliou-diallo-on-est-passe-de-france-degage-a-jinvite-la-france\/\" \/>\n<meta property=\"og:locale\" content=\"fr_FR\" \/>\n<meta property=\"og:type\" content=\"article\" \/>\n<meta property=\"og:title\" content=\"SOULEYMANE ALIOU DIALLO : &quot;On est pass\u00e9 de France d\u00e9gage \u00e0 J\u2019invite la France&quot;\" \/>\n<meta property=\"og:description\" content=\"NETTALI.COM - Invit\u00e9 de l\u2019\u00e9mission &quot;Jury du dimanche&quot; sur iRadio, Souleymane Aliou Diallo, responsable de l\u2019ONG Autra-Afrique, a livr\u00e9 son analyse sur la r\u00e9cente visite du pr\u00e9sident de la R\u00e9publique en France et les enjeux diplomatiques et \u00e9conomiques qui en d\u00e9coulent. Selon lui, cette d\u00e9marche marque un tournant dans les relations entre Dakar et Paris. [&hellip;]\" \/>\n<meta property=\"og:url\" content=\"https:\/\/www.nettali.com\/2025\/08\/31\/souleymane-aliou-diallo-on-est-passe-de-france-degage-a-jinvite-la-france\/\" \/>\n<meta property=\"og:site_name\" content=\"Nettali.com\" \/>\n<meta property=\"article:publisher\" content=\"https:\/\/www.facebook.com\/nettalicom\" \/>\n<meta property=\"article:published_time\" content=\"2025-08-31T15:46:10+00:00\" \/>\n<meta property=\"article:modified_time\" content=\"2025-09-03T00:25:18+00:00\" \/>\n<meta property=\"og:image\" content=\"https:\/\/www.nettali.com\/wp-content\/uploads\/2025\/08\/Capture-de\u0301cran-2025-08-31-a\u0300-15.40.08.png\" \/>\n\t<meta property=\"og:image:width\" content=\"872\" \/>\n\t<meta property=\"og:image:height\" content=\"503\" \/>\n<meta name=\"twitter:card\" content=\"summary_large_image\" \/>\n<meta name=\"twitter:label1\" content=\"\u00c9crit par\" \/>\n\t<meta name=\"twitter:data1\" content=\"Daouda\" \/>\n\t<meta name=\"twitter:label2\" content=\"Dur\u00e9e de lecture estim\u00e9e\" \/>\n\t<meta name=\"twitter:data2\" content=\"2 minutes\" \/>\n<script type=\"application\/ld+json\" class=\"yoast-schema-graph\">{\"@context\":\"https:\/\/schema.org\",\"@graph\":[{\"@type\":\"WebSite\",\"@id\":\"https:\/\/www.nettali.com\/#website\",\"url\":\"https:\/\/www.nettali.com\/\",\"name\":\"Nettali.com\",\"description\":\"Le rendez-vous critique du Net\",\"potentialAction\":[{\"@type\":\"SearchAction\",\"target\":{\"@type\":\"EntryPoint\",\"urlTemplate\":\"https:\/\/www.nettali.com\/?s={search_term_string}\"},\"query-input\":\"required name=search_term_string\"}],\"inLanguage\":\"fr-FR\"},{\"@type\":\"ImageObject\",\"@id\":\"https:\/\/www.nettali.com\/2025\/08\/31\/souleymane-aliou-diallo-on-est-passe-de-france-degage-a-jinvite-la-france\/#primaryimage\",\"inLanguage\":\"fr-FR\",\"url\":\"https:\/\/www.nettali.com\/wp-content\/uploads\/2025\/08\/Capture-de\\u0301cran-2025-08-31-a\\u0300-15.40.08.png\",\"contentUrl\":\"https:\/\/www.nettali.com\/wp-content\/uploads\/2025\/08\/Capture-de\\u0301cran-2025-08-31-a\\u0300-15.40.08.png\",\"width\":872,\"height\":503},{\"@type\":\"WebPage\",\"@id\":\"https:\/\/www.nettali.com\/2025\/08\/31\/souleymane-aliou-diallo-on-est-passe-de-france-degage-a-jinvite-la-france\/#webpage\",\"url\":\"https:\/\/www.nettali.com\/2025\/08\/31\/souleymane-aliou-diallo-on-est-passe-de-france-degage-a-jinvite-la-france\/\",\"name\":\"SOULEYMANE ALIOU DIALLO : \\\"On est pass\\u00e9 de France d\\u00e9gage \\u00e0 J\\u2019invite la France\\\" | Nettali.com\",\"isPartOf\":{\"@id\":\"https:\/\/www.nettali.com\/#website\"},\"primaryImageOfPage\":{\"@id\":\"https:\/\/www.nettali.com\/2025\/08\/31\/souleymane-aliou-diallo-on-est-passe-de-france-degage-a-jinvite-la-france\/#primaryimage\"},\"datePublished\":\"2025-08-31T15:46:10+00:00\",\"dateModified\":\"2025-09-03T00:25:18+00:00\",\"author\":{\"@id\":\"https:\/\/www.nettali.com\/#\/schema\/person\/3317e0bb3aa1da309fbf7b2780901bf4\"},\"breadcrumb\":{\"@id\":\"https:\/\/www.nettali.com\/2025\/08\/31\/souleymane-aliou-diallo-on-est-passe-de-france-degage-a-jinvite-la-france\/#breadcrumb\"},\"inLanguage\":\"fr-FR\",\"potentialAction\":[{\"@type\":\"ReadAction\",\"target\":[\"https:\/\/www.nettali.com\/2025\/08\/31\/souleymane-aliou-diallo-on-est-passe-de-france-degage-a-jinvite-la-france\/\"]}]},{\"@type\":\"BreadcrumbList\",\"@id\":\"https:\/\/www.nettali.com\/2025\/08\/31\/souleymane-aliou-diallo-on-est-passe-de-france-degage-a-jinvite-la-france\/#breadcrumb\",\"itemListElement\":[{\"@type\":\"ListItem\",\"position\":1,\"name\":\"Accueil\",\"item\":\"https:\/\/www.nettali.com\/\"},{\"@type\":\"ListItem\",\"position\":2,\"name\":\"SOULEYMANE ALIOU DIALLO : \\\"On est pass\\u00e9 de France d\\u00e9gage \\u00e0 J\\u2019invite la France\\\"\"}]},{\"@type\":\"Person\",\"@id\":\"https:\/\/www.nettali.com\/#\/schema\/person\/3317e0bb3aa1da309fbf7b2780901bf4\",\"name\":\"Daouda\",\"image\":{\"@type\":\"ImageObject\",\"@id\":\"https:\/\/www.nettali.com\/#personlogo\",\"inLanguage\":\"fr-FR\",\"url\":\"https:\/\/secure.gravatar.com\/avatar\/8d143b5a49345098ddcfee1c49c2f47c?s=96&d=mm&r=g\",\"contentUrl\":\"https:\/\/secure.gravatar.com\/avatar\/8d143b5a49345098ddcfee1c49c2f47c?s=96&d=mm&r=g\",\"caption\":\"Daouda\"},\"sameAs\":[\"https:\/\/www.nettali.com\"]}]}<\/script>\n<!-- \/ Yoast SEO Premium plugin. -->","yoast_head_json":{"title":"SOULEYMANE ALIOU DIALLO : \"On est pass\u00e9 de France d\u00e9gage \u00e0 J\u2019invite la France\" | Nettali.com","robots":{"index":"index","follow":"follow","max-snippet":"max-snippet:-1","max-image-preview":"max-image-preview:large","max-video-preview":"max-video-preview:-1"},"canonical":"https:\/\/www.nettali.com\/2025\/08\/31\/souleymane-aliou-diallo-on-est-passe-de-france-degage-a-jinvite-la-france\/","og_locale":"fr_FR","og_type":"article","og_title":"SOULEYMANE ALIOU DIALLO : \"On est pass\u00e9 de France d\u00e9gage \u00e0 J\u2019invite la France\"","og_description":"NETTALI.COM - Invit\u00e9 de l\u2019\u00e9mission \"Jury du dimanche\" sur iRadio, Souleymane Aliou Diallo, responsable de l\u2019ONG Autra-Afrique, a livr\u00e9 son analyse sur la r\u00e9cente visite du pr\u00e9sident de la R\u00e9publique en France et les enjeux diplomatiques et \u00e9conomiques qui en d\u00e9coulent. Selon lui, cette d\u00e9marche marque un tournant dans les relations entre Dakar et Paris. [&hellip;]","og_url":"https:\/\/www.nettali.com\/2025\/08\/31\/souleymane-aliou-diallo-on-est-passe-de-france-degage-a-jinvite-la-france\/","og_site_name":"Nettali.com","article_publisher":"https:\/\/www.facebook.com\/nettalicom","article_published_time":"2025-08-31T15:46:10+00:00","article_modified_time":"2025-09-03T00:25:18+00:00","og_image":[{"width":872,"height":503,"url":"https:\/\/www.nettali.com\/wp-content\/uploads\/2025\/08\/Capture-de\u0301cran-2025-08-31-a\u0300-15.40.08.png","type":"image\/png"}],"twitter_card":"summary_large_image","twitter_misc":{"\u00c9crit par":"Daouda","Dur\u00e9e de lecture estim\u00e9e":"2 minutes"},"schema":{"@context":"https:\/\/schema.org","@graph":[{"@type":"WebSite","@id":"https:\/\/www.nettali.com\/#website","url":"https:\/\/www.nettali.com\/","name":"Nettali.com","description":"Le rendez-vous critique du Net","potentialAction":[{"@type":"SearchAction","target":{"@type":"EntryPoint","urlTemplate":"https:\/\/www.nettali.com\/?s={search_term_string}"},"query-input":"required name=search_term_string"}],"inLanguage":"fr-FR"},{"@type":"ImageObject","@id":"https:\/\/www.nettali.com\/2025\/08\/31\/souleymane-aliou-diallo-on-est-passe-de-france-degage-a-jinvite-la-france\/#primaryimage","inLanguage":"fr-FR","url":"https:\/\/www.nettali.com\/wp-content\/uploads\/2025\/08\/Capture-de\u0301cran-2025-08-31-a\u0300-15.40.08.png","contentUrl":"https:\/\/www.nettali.com\/wp-content\/uploads\/2025\/08\/Capture-de\u0301cran-2025-08-31-a\u0300-15.40.08.png","width":872,"height":503},{"@type":"WebPage","@id":"https:\/\/www.nettali.com\/2025\/08\/31\/souleymane-aliou-diallo-on-est-passe-de-france-degage-a-jinvite-la-france\/#webpage","url":"https:\/\/www.nettali.com\/2025\/08\/31\/souleymane-aliou-diallo-on-est-passe-de-france-degage-a-jinvite-la-france\/","name":"SOULEYMANE ALIOU DIALLO : \"On est pass\u00e9 de France d\u00e9gage \u00e0 J\u2019invite la France\" | Nettali.com","isPartOf":{"@id":"https:\/\/www.nettali.com\/#website"},"primaryImageOfPage":{"@id":"https:\/\/www.nettali.com\/2025\/08\/31\/souleymane-aliou-diallo-on-est-passe-de-france-degage-a-jinvite-la-france\/#primaryimage"},"datePublished":"2025-08-31T15:46:10+00:00","dateModified":"2025-09-03T00:25:18+00:00","author":{"@id":"https:\/\/www.nettali.com\/#\/schema\/person\/3317e0bb3aa1da309fbf7b2780901bf4"},"breadcrumb":{"@id":"https:\/\/www.nettali.com\/2025\/08\/31\/souleymane-aliou-diallo-on-est-passe-de-france-degage-a-jinvite-la-france\/#breadcrumb"},"inLanguage":"fr-FR","potentialAction":[{"@type":"ReadAction","target":["https:\/\/www.nettali.com\/2025\/08\/31\/souleymane-aliou-diallo-on-est-passe-de-france-degage-a-jinvite-la-france\/"]}]},{"@type":"BreadcrumbList","@id":"https:\/\/www.nettali.com\/2025\/08\/31\/souleymane-aliou-diallo-on-est-passe-de-france-degage-a-jinvite-la-france\/#breadcrumb","itemListElement":[{"@type":"ListItem","position":1,"name":"Accueil","item":"https:\/\/www.nettali.com\/"},{"@type":"ListItem","position":2,"name":"SOULEYMANE ALIOU DIALLO : \"On est pass\u00e9 de France d\u00e9gage \u00e0 J\u2019invite la France\""}]},{"@type":"Person","@id":"https:\/\/www.nettali.com\/#\/schema\/person\/3317e0bb3aa1da309fbf7b2780901bf4","name":"Daouda","image":{"@type":"ImageObject","@id":"https:\/\/www.nettali.com\/#personlogo","inLanguage":"fr-FR","url":"https:\/\/secure.gravatar.com\/avatar\/8d143b5a49345098ddcfee1c49c2f47c?s=96&d=mm&r=g","contentUrl":"https:\/\/secure.gravatar.com\/avatar\/8d143b5a49345098ddcfee1c49c2f47c?s=96&d=mm&r=g","caption":"Daouda"},"sameAs":["https:\/\/www.nettali.com"]}]}},"_links":{"self":[{"href":"https:\/\/www.nettali.com\/rest\/wp\/v2\/posts\/160442"}],"collection":[{"href":"https:\/\/www.nettali.com\/rest\/wp\/v2\/posts"}],"about":[{"href":"https:\/\/www.nettali.com\/rest\/wp\/v2\/types\/post"}],"author":[{"embeddable":true,"href":"https:\/\/www.nettali.com\/rest\/wp\/v2\/users\/4"}],"replies":[{"embeddable":true,"href":"https:\/\/www.nettali.com\/rest\/wp\/v2\/comments?post=160442"}],"version-history":[{"count":2,"href":"https:\/\/www.nettali.com\/rest\/wp\/v2\/posts\/160442\/revisions"}],"predecessor-version":[{"id":160508,"href":"https:\/\/www.nettali.com\/rest\/wp\/v2\/posts\/160442\/revisions\/160508"}],"wp:featuredmedia":[{"embeddable":true,"href":"https:\/\/www.nettali.com\/rest\/wp\/v2\/media\/160443"}],"wp:attachment":[{"href":"https:\/\/www.nettali.com\/rest\/wp\/v2\/media?parent=160442"}],"wp:term":[{"taxonomy":"category","embeddable":true,"href":"https:\/\/www.nettali.com\/rest\/wp\/v2\/categories?post=160442"},{"taxonomy":"post_tag","embeddable":true,"href":"https:\/\/www.nettali.com\/rest\/wp\/v2\/tags?post=160442"}],"curies":[{"name":"wp","href":"https:\/\/api.w.org\/{rel}","templated":true}]}}